{"id":2544,"date":"2021-07-13T12:53:00","date_gmt":"2021-07-13T10:53:00","guid":{"rendered":"https:\/\/www.ondernemendvenlo.nl\/venlo-introduction-day-in-de-binnenstad\/"},"modified":"2021-07-13T12:53:00","modified_gmt":"2021-07-13T10:53:00","slug":"venlo-introduction-day-in-de-binnenstad","status":"publish","type":"post","link":"https:\/\/www.ondernemendvenlo.nl\/fr\/venlo-introduction-day-in-de-binnenstad\/","title":{"rendered":"Venlo Introduction Day in de binnenstad"},"content":{"rendered":"<p><strong>VENLO &#8211;\u00a0Op 25 augustus staat de jaarlijkse studentenintroductie weer op het programma. Er komen zo&#8217;n 1200 eerstejaars studenten van Has, Um en Fontys naar de Venlose binnenstad.<\/strong><\/p>\n<p>Het doel is nieuwe studenten op een spetterende manier kennis te laten maken met de stad Venlo. Er worden tal van activiteiten georganiseerd, zoals:<\/p>\n<p>Maasboulevard &#8211; Stormbaan &amp; Roeien;<br \/>\nFlujaspleinplein &#8211; Sjoelen &amp; Basketbal;<br \/>\nParade &#8211; Stoelendans;<br \/>\nKeulse Poort &#8211; Penalty schieten &amp; Prinsen springen;<br \/>\nMaaspoort &#8211; Urban Culture &amp; Dans Urban Dance Studio;<br \/>\nGrenswerk &#8211; He Ho Let\u2019s Go Show;<br \/>\nLage loswal &#8211; Opening en afsluiten;<\/p>\n<p>Het programma duurt van 14:00 tot ongeveer 20:00 uur en zal voldoen aan alle (dan) geldende coronarichtlijnen.<\/p>\n<p>Ondernemend Venlo steunt dit initiatief van harte.\u00a0De organisatie op zoek naar partners in diensten, goederen en geld. Neem contact op met nina@ninabellen.nl en vraag naar de mogelijkheden. Bij interesse graag voor 23 juli reageren.<\/p>\n<p>Wil jij nu al onder de aandacht komen bij studenten? Bied dan gratis een kortingsactie aan op studentplatform CheckVenlo. Dit is h\u00e9t online platform voor studenten in Venlo met zo&#8217;n 1700 volgers. Een korting aanbieden is gratis, maar het moet een korting zijn van minimaal 15%. Heb je een toffe kortingsactie? Stuur onderstaande informatie naar kylian@bureaumagneet.nl met als onderwerp \u2018VID-korting\u2019.<\/p>\n<ul>\n<li>Beschrijf hoe de student de korting kan innen;<\/li>\n<li>Vermeld vanaf- en tot wanneer de korting geldig is;<\/li>\n<li>Lever 2 \u00e0 3 foto\u2019s van je bedrijf en product aan.<\/li>\n<\/ul>\n<p>Laten we de nieuwe studenten met open armen ontvangen!<\/p>\n<p>&nbsp;<\/p>","protected":false},"excerpt":{"rendered":"<p>VENLO &#8211;\u00a0Op 25 augustus staat de jaarlijkse studentenintroductie weer op het programma. Er komen zo&#8217;n 1200 eerstejaars studenten van Has, Um en Fontys naar de Venlose binnenstad. Het doel is nieuwe studenten op een spetterende manier kennis te laten maken met de stad Venlo. Er worden tal van activiteiten georganiseerd, zoals: Maasboulevard &#8211; Stormbaan &amp; [&hellip;]<\/p>","protected":false},"author":1,"featured_media":2545,"comment_status":"closed","ping_status":"open","sticky":false,"template":"","format":"standard","meta":{"_acf_changed":false,"footnotes":""},"categories":[8],"tags":[],"class_list":["post-2544","post","type-post","status-publish","format-standard","has-post-thumbnail","hentry","category-nieuws"],"acf":[],"yoast_head":"<!-- This site is optimized with the Yoast SEO plugin v26.3 - https:\/\/yoast.com\/wordpress\/plugins\/seo\/ -->\n<title>Venlo Introduction Day in de binnenstad - Ondernemend Venlo<\/title>\n<meta name=\"robots\" content=\"index, follow, max-snippet:-1, max-image-preview:large, max-video-preview:-1\" \/>\n<link rel=\"canonical\" href=\"https:\/\/www.ondernemendvenlo.nl\/fr\/venlo-introduction-day-in-de-binnenstad\/\" \/>\n<meta property=\"og:locale\" content=\"fr_FR\" \/>\n<meta property=\"og:type\" content=\"article\" \/>\n<meta property=\"og:title\" content=\"Venlo Introduction Day in de binnenstad - Ondernemend Venlo\" \/>\n<meta property=\"og:description\" content=\"VENLO &#8211;\u00a0Op 25 augustus staat de jaarlijkse studentenintroductie weer op het programma. Er komen zo&#8217;n 1200 eerstejaars studenten van Has, Um en Fontys naar de Venlose binnenstad. Het doel is nieuwe studenten op een spetterende manier kennis te laten maken met de stad Venlo. Er worden tal van activiteiten georganiseerd, zoals: Maasboulevard &#8211; Stormbaan &amp; [&hellip;]\" \/>\n<meta property=\"og:url\" content=\"https:\/\/www.ondernemendvenlo.nl\/fr\/venlo-introduction-day-in-de-binnenstad\/\" \/>\n<meta property=\"og:site_name\" content=\"Ondernemend Venlo\" \/>\n<meta property=\"article:published_time\" content=\"2021-07-13T10:53:00+00:00\" \/>\n<meta property=\"og:image\" content=\"https:\/\/www.ondernemendvenlo.nl\/wp-content\/uploads\/2025\/04\/2018-03-07_5aa0726f3e09d_image00001-scaled-1.jpg\" \/>\n\t<meta property=\"og:image:width\" content=\"2560\" \/>\n\t<meta property=\"og:image:height\" content=\"1707\" \/>\n\t<meta property=\"og:image:type\" content=\"image\/jpeg\" \/>\n<meta name=\"author\" content=\"admin\" \/>\n<meta name=\"twitter:card\" content=\"summary_large_image\" \/>\n<meta name=\"twitter:label1\" content=\"\u00c9crit par\" \/>\n\t<meta name=\"twitter:data1\" content=\"admin\" \/>\n\t<meta name=\"twitter:label2\" content=\"Dur\u00e9e de lecture estim\u00e9e\" \/>\n\t<meta name=\"twitter:data2\" content=\"1 minute\" \/>\n<script type=\"application\/ld+json\" class=\"yoast-schema-graph\">{\"@context\":\"https:\/\/schema.org\",\"@graph\":[{\"@type\":\"Article\",\"@id\":\"https:\/\/www.ondernemendvenlo.nl\/venlo-introduction-day-in-de-binnenstad\/#article\",\"isPartOf\":{\"@id\":\"https:\/\/www.ondernemendvenlo.nl\/venlo-introduction-day-in-de-binnenstad\/\"},\"author\":{\"name\":\"admin\",\"@id\":\"https:\/\/www.ondernemendvenlo.nl\/#\/schema\/person\/347e935f8ad4c7030608ef74bb57aa6e\"},\"headline\":\"Venlo Introduction Day in de binnenstad\",\"datePublished\":\"2021-07-13T10:53:00+00:00\",\"mainEntityOfPage\":{\"@id\":\"https:\/\/www.ondernemendvenlo.nl\/venlo-introduction-day-in-de-binnenstad\/\"},\"wordCount\":242,\"publisher\":{\"@id\":\"https:\/\/www.ondernemendvenlo.nl\/#organization\"},\"image\":{\"@id\":\"https:\/\/www.ondernemendvenlo.nl\/venlo-introduction-day-in-de-binnenstad\/#primaryimage\"},\"thumbnailUrl\":\"https:\/\/www.ondernemendvenlo.nl\/wp-content\/uploads\/2025\/04\/2018-03-07_5aa0726f3e09d_image00001-scaled-1.jpg\",\"articleSection\":[\"Nieuws\"],\"inLanguage\":\"fr-FR\"},{\"@type\":\"WebPage\",\"@id\":\"https:\/\/www.ondernemendvenlo.nl\/venlo-introduction-day-in-de-binnenstad\/\",\"url\":\"https:\/\/www.ondernemendvenlo.nl\/venlo-introduction-day-in-de-binnenstad\/\",\"name\":\"Venlo Introduction Day in de binnenstad - Ondernemend Venlo\",\"isPartOf\":{\"@id\":\"https:\/\/www.ondernemendvenlo.nl\/#website\"},\"primaryImageOfPage\":{\"@id\":\"https:\/\/www.ondernemendvenlo.nl\/venlo-introduction-day-in-de-binnenstad\/#primaryimage\"},\"image\":{\"@id\":\"https:\/\/www.ondernemendvenlo.nl\/venlo-introduction-day-in-de-binnenstad\/#primaryimage\"},\"thumbnailUrl\":\"https:\/\/www.ondernemendvenlo.nl\/wp-content\/uploads\/2025\/04\/2018-03-07_5aa0726f3e09d_image00001-scaled-1.jpg\",\"datePublished\":\"2021-07-13T10:53:00+00:00\",\"breadcrumb\":{\"@id\":\"https:\/\/www.ondernemendvenlo.nl\/venlo-introduction-day-in-de-binnenstad\/#breadcrumb\"},\"inLanguage\":\"fr-FR\",\"potentialAction\":[{\"@type\":\"ReadAction\",\"target\":[\"https:\/\/www.ondernemendvenlo.nl\/venlo-introduction-day-in-de-binnenstad\/\"]}]},{\"@type\":\"ImageObject\",\"inLanguage\":\"fr-FR\",\"@id\":\"https:\/\/www.ondernemendvenlo.nl\/venlo-introduction-day-in-de-binnenstad\/#primaryimage\",\"url\":\"https:\/\/www.ondernemendvenlo.nl\/wp-content\/uploads\/2025\/04\/2018-03-07_5aa0726f3e09d_image00001-scaled-1.jpg\",\"contentUrl\":\"https:\/\/www.ondernemendvenlo.nl\/wp-content\/uploads\/2025\/04\/2018-03-07_5aa0726f3e09d_image00001-scaled-1.jpg\",\"width\":2560,\"height\":1707},{\"@type\":\"BreadcrumbList\",\"@id\":\"https:\/\/www.ondernemendvenlo.nl\/venlo-introduction-day-in-de-binnenstad\/#breadcrumb\",\"itemListElement\":[{\"@type\":\"ListItem\",\"position\":1,\"name\":\"Ondernemend Venlo\",\"item\":\"https:\/\/www.ondernemendvenlo.nl\/\"},{\"@type\":\"ListItem\",\"position\":2,\"name\":\"Nieuws\",\"item\":\"https:\/\/www.ondernemendvenlo.nl\/categorie\/nieuws\/\"},{\"@type\":\"ListItem\",\"position\":3,\"name\":\"Venlo Introduction Day in de binnenstad\"}]},{\"@type\":\"WebSite\",\"@id\":\"https:\/\/www.ondernemendvenlo.nl\/#website\",\"url\":\"https:\/\/www.ondernemendvenlo.nl\/\",\"name\":\"Ondernemend Venlo\",\"description\":\"Samen succesvol ondernemen\",\"publisher\":{\"@id\":\"https:\/\/www.ondernemendvenlo.nl\/#organization\"},\"potentialAction\":[{\"@type\":\"SearchAction\",\"target\":{\"@type\":\"EntryPoint\",\"urlTemplate\":\"https:\/\/www.ondernemendvenlo.nl\/?s={search_term_string}\"},\"query-input\":{\"@type\":\"PropertyValueSpecification\",\"valueRequired\":true,\"valueName\":\"search_term_string\"}}],\"inLanguage\":\"fr-FR\"},{\"@type\":\"Organization\",\"@id\":\"https:\/\/www.ondernemendvenlo.nl\/#organization\",\"name\":\"Ondernemend Venlo\",\"url\":\"https:\/\/www.ondernemendvenlo.nl\/\",\"logo\":{\"@type\":\"ImageObject\",\"inLanguage\":\"fr-FR\",\"@id\":\"https:\/\/www.ondernemendvenlo.nl\/#\/schema\/logo\/image\/\",\"url\":\"https:\/\/www.ondernemendvenlo.nl\/wp-content\/uploads\/2025\/02\/Ondernemend-Venlo-logo-scaled.webp\",\"contentUrl\":\"https:\/\/www.ondernemendvenlo.nl\/wp-content\/uploads\/2025\/02\/Ondernemend-Venlo-logo-scaled.webp\",\"width\":2560,\"height\":1010,\"caption\":\"Ondernemend Venlo\"},\"image\":{\"@id\":\"https:\/\/www.ondernemendvenlo.nl\/#\/schema\/logo\/image\/\"},\"sameAs\":[\"https:\/\/www.linkedin.com\/company\/ondernemend-venlo\/\"]},{\"@type\":\"Person\",\"@id\":\"https:\/\/www.ondernemendvenlo.nl\/#\/schema\/person\/347e935f8ad4c7030608ef74bb57aa6e\",\"name\":\"admin\",\"image\":{\"@type\":\"ImageObject\",\"inLanguage\":\"fr-FR\",\"@id\":\"https:\/\/www.ondernemendvenlo.nl\/#\/schema\/person\/image\/\",\"url\":\"https:\/\/www.ondernemendvenlo.nl\/wp-content\/litespeed\/avatar\/720af750b037aecf6e33e12833479059.jpg?ver=1777382954\",\"contentUrl\":\"https:\/\/www.ondernemendvenlo.nl\/wp-content\/litespeed\/avatar\/720af750b037aecf6e33e12833479059.jpg?ver=1777382954\",\"caption\":\"admin\"},\"sameAs\":[\"https:\/\/www.ondernemendvenlo.nl\"]}]}<\/script>\n<!-- \/ Yoast SEO plugin. -->","yoast_head_json":{"title":"Venlo Introduction Day in de binnenstad - Ondernemend Venlo","robots":{"index":"index","follow":"follow","max-snippet":"max-snippet:-1","max-image-preview":"max-image-preview:large","max-video-preview":"max-video-preview:-1"},"canonical":"https:\/\/www.ondernemendvenlo.nl\/fr\/venlo-introduction-day-in-de-binnenstad\/","og_locale":"fr_FR","og_type":"article","og_title":"Venlo Introduction Day in de binnenstad - Ondernemend Venlo","og_description":"VENLO &#8211;\u00a0Op 25 augustus staat de jaarlijkse studentenintroductie weer op het programma. Er komen zo&#8217;n 1200 eerstejaars studenten van Has, Um en Fontys naar de Venlose binnenstad. Het doel is nieuwe studenten op een spetterende manier kennis te laten maken met de stad Venlo. Er worden tal van activiteiten georganiseerd, zoals: Maasboulevard &#8211; Stormbaan &amp; [&hellip;]","og_url":"https:\/\/www.ondernemendvenlo.nl\/fr\/venlo-introduction-day-in-de-binnenstad\/","og_site_name":"Ondernemend Venlo","article_published_time":"2021-07-13T10:53:00+00:00","og_image":[{"width":2560,"height":1707,"url":"https:\/\/www.ondernemendvenlo.nl\/wp-content\/uploads\/2025\/04\/2018-03-07_5aa0726f3e09d_image00001-scaled-1.jpg","type":"image\/jpeg"}],"author":"admin","twitter_card":"summary_large_image","twitter_misc":{"\u00c9crit par":"admin","Dur\u00e9e de lecture estim\u00e9e":"1 minute"},"schema":{"@context":"https:\/\/schema.org","@graph":[{"@type":"Article","@id":"https:\/\/www.ondernemendvenlo.nl\/venlo-introduction-day-in-de-binnenstad\/#article","isPartOf":{"@id":"https:\/\/www.ondernemendvenlo.nl\/venlo-introduction-day-in-de-binnenstad\/"},"author":{"name":"admin","@id":"https:\/\/www.ondernemendvenlo.nl\/#\/schema\/person\/347e935f8ad4c7030608ef74bb57aa6e"},"headline":"Venlo Introduction Day in de binnenstad","datePublished":"2021-07-13T10:53:00+00:00","mainEntityOfPage":{"@id":"https:\/\/www.ondernemendvenlo.nl\/venlo-introduction-day-in-de-binnenstad\/"},"wordCount":242,"publisher":{"@id":"https:\/\/www.ondernemendvenlo.nl\/#organization"},"image":{"@id":"https:\/\/www.ondernemendvenlo.nl\/venlo-introduction-day-in-de-binnenstad\/#primaryimage"},"thumbnailUrl":"https:\/\/www.ondernemendvenlo.nl\/wp-content\/uploads\/2025\/04\/2018-03-07_5aa0726f3e09d_image00001-scaled-1.jpg","articleSection":["Nieuws"],"inLanguage":"fr-FR"},{"@type":"WebPage","@id":"https:\/\/www.ondernemendvenlo.nl\/venlo-introduction-day-in-de-binnenstad\/","url":"https:\/\/www.ondernemendvenlo.nl\/venlo-introduction-day-in-de-binnenstad\/","name":"Venlo Introduction Day in de binnenstad - Ondernemend Venlo","isPartOf":{"@id":"https:\/\/www.ondernemendvenlo.nl\/#website"},"primaryImageOfPage":{"@id":"https:\/\/www.ondernemendvenlo.nl\/venlo-introduction-day-in-de-binnenstad\/#primaryimage"},"image":{"@id":"https:\/\/www.ondernemendvenlo.nl\/venlo-introduction-day-in-de-binnenstad\/#primaryimage"},"thumbnailUrl":"https:\/\/www.ondernemendvenlo.nl\/wp-content\/uploads\/2025\/04\/2018-03-07_5aa0726f3e09d_image00001-scaled-1.jpg","datePublished":"2021-07-13T10:53:00+00:00","breadcrumb":{"@id":"https:\/\/www.ondernemendvenlo.nl\/venlo-introduction-day-in-de-binnenstad\/#breadcrumb"},"inLanguage":"fr-FR","potentialAction":[{"@type":"ReadAction","target":["https:\/\/www.ondernemendvenlo.nl\/venlo-introduction-day-in-de-binnenstad\/"]}]},{"@type":"ImageObject","inLanguage":"fr-FR","@id":"https:\/\/www.ondernemendvenlo.nl\/venlo-introduction-day-in-de-binnenstad\/#primaryimage","url":"https:\/\/www.ondernemendvenlo.nl\/wp-content\/uploads\/2025\/04\/2018-03-07_5aa0726f3e09d_image00001-scaled-1.jpg","contentUrl":"https:\/\/www.ondernemendvenlo.nl\/wp-content\/uploads\/2025\/04\/2018-03-07_5aa0726f3e09d_image00001-scaled-1.jpg","width":2560,"height":1707},{"@type":"BreadcrumbList","@id":"https:\/\/www.ondernemendvenlo.nl\/venlo-introduction-day-in-de-binnenstad\/#breadcrumb","itemListElement":[{"@type":"ListItem","position":1,"name":"Ondernemend Venlo","item":"https:\/\/www.ondernemendvenlo.nl\/"},{"@type":"ListItem","position":2,"name":"Nieuws","item":"https:\/\/www.ondernemendvenlo.nl\/categorie\/nieuws\/"},{"@type":"ListItem","position":3,"name":"Venlo Introduction Day in de binnenstad"}]},{"@type":"WebSite","@id":"https:\/\/www.ondernemendvenlo.nl\/#website","url":"https:\/\/www.ondernemendvenlo.nl\/","name":"Venlo entrepreneurial","description":"Travailler ensemble avec succ\u00e8s","publisher":{"@id":"https:\/\/www.ondernemendvenlo.nl\/#organization"},"potentialAction":[{"@type":"SearchAction","target":{"@type":"EntryPoint","urlTemplate":"https:\/\/www.ondernemendvenlo.nl\/?s={search_term_string}"},"query-input":{"@type":"PropertyValueSpecification","valueRequired":true,"valueName":"search_term_string"}}],"inLanguage":"fr-FR"},{"@type":"Organization","@id":"https:\/\/www.ondernemendvenlo.nl\/#organization","name":"Venlo entrepreneurial","url":"https:\/\/www.ondernemendvenlo.nl\/","logo":{"@type":"ImageObject","inLanguage":"fr-FR","@id":"https:\/\/www.ondernemendvenlo.nl\/#\/schema\/logo\/image\/","url":"https:\/\/www.ondernemendvenlo.nl\/wp-content\/uploads\/2025\/02\/Ondernemend-Venlo-logo-scaled.webp","contentUrl":"https:\/\/www.ondernemendvenlo.nl\/wp-content\/uploads\/2025\/02\/Ondernemend-Venlo-logo-scaled.webp","width":2560,"height":1010,"caption":"Ondernemend Venlo"},"image":{"@id":"https:\/\/www.ondernemendvenlo.nl\/#\/schema\/logo\/image\/"},"sameAs":["https:\/\/www.linkedin.com\/company\/ondernemend-venlo\/"]},{"@type":"Person","@id":"https:\/\/www.ondernemendvenlo.nl\/#\/schema\/person\/347e935f8ad4c7030608ef74bb57aa6e","name":"admin","image":{"@type":"ImageObject","inLanguage":"fr-FR","@id":"https:\/\/www.ondernemendvenlo.nl\/#\/schema\/person\/image\/","url":"https:\/\/www.ondernemendvenlo.nl\/wp-content\/litespeed\/avatar\/720af750b037aecf6e33e12833479059.jpg?ver=1777382954","contentUrl":"https:\/\/www.ondernemendvenlo.nl\/wp-content\/litespeed\/avatar\/720af750b037aecf6e33e12833479059.jpg?ver=1777382954","caption":"admin"},"sameAs":["https:\/\/www.ondernemendvenlo.nl"]}]}},"_links":{"self":[{"href":"https:\/\/www.ondernemendvenlo.nl\/fr\/wp-json\/wp\/v2\/posts\/2544","targetHints":{"allow":["GET"]}}],"collection":[{"href":"https:\/\/www.ondernemendvenlo.nl\/fr\/wp-json\/wp\/v2\/posts"}],"about":[{"href":"https:\/\/www.ondernemendvenlo.nl\/fr\/wp-json\/wp\/v2\/types\/post"}],"author":[{"embeddable":true,"href":"https:\/\/www.ondernemendvenlo.nl\/fr\/wp-json\/wp\/v2\/users\/1"}],"replies":[{"embeddable":true,"href":"https:\/\/www.ondernemendvenlo.nl\/fr\/wp-json\/wp\/v2\/comments?post=2544"}],"version-history":[{"count":0,"href":"https:\/\/www.ondernemendvenlo.nl\/fr\/wp-json\/wp\/v2\/posts\/2544\/revisions"}],"wp:featuredmedia":[{"embeddable":true,"href":"https:\/\/www.ondernemendvenlo.nl\/fr\/wp-json\/wp\/v2\/media\/2545"}],"wp:attachment":[{"href":"https:\/\/www.ondernemendvenlo.nl\/fr\/wp-json\/wp\/v2\/media?parent=2544"}],"wp:term":[{"taxonomy":"category","embeddable":true,"href":"https:\/\/www.ondernemendvenlo.nl\/fr\/wp-json\/wp\/v2\/categories?post=2544"},{"taxonomy":"post_tag","embeddable":true,"href":"https:\/\/www.ondernemendvenlo.nl\/fr\/wp-json\/wp\/v2\/tags?post=2544"}],"curies":[{"name":"wp","href":"https:\/\/api.w.org\/{rel}","templated":true}]}}