{"id":2628,"date":"2022-01-17T14:07:25","date_gmt":"2022-01-17T13:07:25","guid":{"rendered":"https:\/\/www.ondernemendvenlo.nl\/techno-valley-en-land-van-de-makers-verder-onder-een-naam\/"},"modified":"2022-01-17T14:07:25","modified_gmt":"2022-01-17T13:07:25","slug":"techno-valley-en-land-van-de-makers-verder-onder-een-naam","status":"publish","type":"post","link":"https:\/\/www.ondernemendvenlo.nl\/fr\/techno-valley-en-land-van-de-makers-verder-onder-een-naam\/","title":{"rendered":"Techno Valley en Land van de Makers verder onder \u00e9\u00e9n naam"},"content":{"rendered":"<p><strong>Voor de belangenbehartiging in de maakindustrie werkt Ondernemend Venlo sinds 2013 samen met Techno Valley Limburg. <a href=\"https:\/\/www.linkedin.com\/company\/techno-valley-limburg\/\">Techno Valley Limburg<\/a>\u00a0behartigt de belangen van de hightech maakbedrijven. Het\u00a0<a href=\"https:\/\/www.linkedin.com\/company\/landvandemakers\/\">Land van de Makers<\/a> is gestart als brandingscampagne van Techno Valley en uiteindelijk verder gegroeid tot een op zich zelf staande organisatie. <\/strong><\/p>\n<p>Er wordt sinds 2020 nauw samengewerkt en er worden mooie successen geboekt. We hebben besloten onze krachten te bundelen en hierdoor gaan we vanaf 2022 verder onder \u00e9\u00e9n naam: Land van de Makers.<\/p>\n<p><strong>Industrie manufacturi\u00e8re<\/strong><br \/>\nDe samensmelting gaat zorgen voor een sterke Noord-Limburgse organisatie die de belangen behartigt van alle maakbedrijven in de regio en ze daadwerkelijk op de kaart zet. Daarnaast ondersteunen we maakbedrijven in Noord-Limburg. Denk hierbij aan lean manufacturing, international business en circulair ondernemen.\u00a0 Aan ambitie geen gebrek, er is nog zoveel te winnen voor deze prachtige regio!<\/p>\n<p>Wilt u meer weten over Land van de Makers?\u00a0 Bezoek onze website\u00a0<a href=\"http:\/\/www.landvandemakers.nl\/\">www.landvandemakers.nl<\/a>\u00a0of neem contact met ons op via\u00a0<a href=\"mailto:kris@landvandemakers.nl\">kris@landvandemakers.nl<\/a>.<\/p>","protected":false},"excerpt":{"rendered":"<p>Voor de belangenbehartiging in de maakindustrie werkt Ondernemend Venlo sinds 2013 samen met Techno Valley Limburg. Techno Valley Limburg\u00a0behartigt de belangen van de hightech maakbedrijven. Het\u00a0Land van de Makers is gestart als brandingscampagne van Techno Valley en uiteindelijk verder gegroeid tot een op zich zelf staande organisatie. Er wordt sinds 2020 nauw samengewerkt en er [&hellip;]<\/p>","protected":false},"author":1,"featured_media":2629,"comment_status":"closed","ping_status":"open","sticky":false,"template":"","format":"standard","meta":{"_acf_changed":false,"footnotes":""},"categories":[8],"tags":[],"class_list":["post-2628","post","type-post","status-publish","format-standard","has-post-thumbnail","hentry","category-nieuws"],"acf":[],"yoast_head":"<!-- This site is optimized with the Yoast SEO plugin v26.3 - https:\/\/yoast.com\/wordpress\/plugins\/seo\/ -->\n<title>Techno Valley en Land van de Makers verder onder \u00e9\u00e9n naam - Ondernemend Venlo<\/title>\n<meta name=\"robots\" content=\"index, follow, max-snippet:-1, max-image-preview:large, max-video-preview:-1\" \/>\n<link rel=\"canonical\" href=\"https:\/\/www.ondernemendvenlo.nl\/fr\/techno-valley-en-land-van-de-makers-verder-onder-een-naam\/\" \/>\n<meta property=\"og:locale\" content=\"fr_FR\" \/>\n<meta property=\"og:type\" content=\"article\" \/>\n<meta property=\"og:title\" content=\"Techno Valley en Land van de Makers verder onder \u00e9\u00e9n naam - Ondernemend Venlo\" \/>\n<meta property=\"og:description\" content=\"Voor de belangenbehartiging in de maakindustrie werkt Ondernemend Venlo sinds 2013 samen met Techno Valley Limburg. Techno Valley Limburg\u00a0behartigt de belangen van de hightech maakbedrijven. Het\u00a0Land van de Makers is gestart als brandingscampagne van Techno Valley en uiteindelijk verder gegroeid tot een op zich zelf staande organisatie. Er wordt sinds 2020 nauw samengewerkt en er [&hellip;]\" \/>\n<meta property=\"og:url\" content=\"https:\/\/www.ondernemendvenlo.nl\/fr\/techno-valley-en-land-van-de-makers-verder-onder-een-naam\/\" \/>\n<meta property=\"og:site_name\" content=\"Ondernemend Venlo\" \/>\n<meta property=\"article:published_time\" content=\"2022-01-17T13:07:25+00:00\" \/>\n<meta property=\"og:image\" content=\"https:\/\/www.ondernemendvenlo.nl\/wp-content\/uploads\/2025\/04\/LANDVDMAKERS_BADGE_HR.jpg\" \/>\n\t<meta property=\"og:image:width\" content=\"1042\" \/>\n\t<meta property=\"og:image:height\" content=\"751\" \/>\n\t<meta property=\"og:image:type\" content=\"image\/jpeg\" \/>\n<meta name=\"author\" content=\"admin\" \/>\n<meta name=\"twitter:card\" content=\"summary_large_image\" \/>\n<meta name=\"twitter:label1\" content=\"\u00c9crit par\" \/>\n\t<meta name=\"twitter:data1\" content=\"admin\" \/>\n\t<meta name=\"twitter:label2\" content=\"Dur\u00e9e de lecture estim\u00e9e\" \/>\n\t<meta name=\"twitter:data2\" content=\"1 minute\" \/>\n<script type=\"application\/ld+json\" class=\"yoast-schema-graph\">{\"@context\":\"https:\/\/schema.org\",\"@graph\":[{\"@type\":\"Article\",\"@id\":\"https:\/\/www.ondernemendvenlo.nl\/techno-valley-en-land-van-de-makers-verder-onder-een-naam\/#article\",\"isPartOf\":{\"@id\":\"https:\/\/www.ondernemendvenlo.nl\/techno-valley-en-land-van-de-makers-verder-onder-een-naam\/\"},\"author\":{\"name\":\"admin\",\"@id\":\"https:\/\/www.ondernemendvenlo.nl\/#\/schema\/person\/347e935f8ad4c7030608ef74bb57aa6e\"},\"headline\":\"Techno Valley en Land van de Makers verder onder \u00e9\u00e9n naam\",\"datePublished\":\"2022-01-17T13:07:25+00:00\",\"mainEntityOfPage\":{\"@id\":\"https:\/\/www.ondernemendvenlo.nl\/techno-valley-en-land-van-de-makers-verder-onder-een-naam\/\"},\"wordCount\":172,\"publisher\":{\"@id\":\"https:\/\/www.ondernemendvenlo.nl\/#organization\"},\"image\":{\"@id\":\"https:\/\/www.ondernemendvenlo.nl\/techno-valley-en-land-van-de-makers-verder-onder-een-naam\/#primaryimage\"},\"thumbnailUrl\":\"https:\/\/www.ondernemendvenlo.nl\/wp-content\/uploads\/2025\/04\/LANDVDMAKERS_BADGE_HR.jpg\",\"articleSection\":[\"Nieuws\"],\"inLanguage\":\"fr-FR\"},{\"@type\":\"WebPage\",\"@id\":\"https:\/\/www.ondernemendvenlo.nl\/techno-valley-en-land-van-de-makers-verder-onder-een-naam\/\",\"url\":\"https:\/\/www.ondernemendvenlo.nl\/techno-valley-en-land-van-de-makers-verder-onder-een-naam\/\",\"name\":\"Techno Valley en Land van de Makers verder onder \u00e9\u00e9n naam - Ondernemend Venlo\",\"isPartOf\":{\"@id\":\"https:\/\/www.ondernemendvenlo.nl\/#website\"},\"primaryImageOfPage\":{\"@id\":\"https:\/\/www.ondernemendvenlo.nl\/techno-valley-en-land-van-de-makers-verder-onder-een-naam\/#primaryimage\"},\"image\":{\"@id\":\"https:\/\/www.ondernemendvenlo.nl\/techno-valley-en-land-van-de-makers-verder-onder-een-naam\/#primaryimage\"},\"thumbnailUrl\":\"https:\/\/www.ondernemendvenlo.nl\/wp-content\/uploads\/2025\/04\/LANDVDMAKERS_BADGE_HR.jpg\",\"datePublished\":\"2022-01-17T13:07:25+00:00\",\"breadcrumb\":{\"@id\":\"https:\/\/www.ondernemendvenlo.nl\/techno-valley-en-land-van-de-makers-verder-onder-een-naam\/#breadcrumb\"},\"inLanguage\":\"fr-FR\",\"potentialAction\":[{\"@type\":\"ReadAction\",\"target\":[\"https:\/\/www.ondernemendvenlo.nl\/techno-valley-en-land-van-de-makers-verder-onder-een-naam\/\"]}]},{\"@type\":\"ImageObject\",\"inLanguage\":\"fr-FR\",\"@id\":\"https:\/\/www.ondernemendvenlo.nl\/techno-valley-en-land-van-de-makers-verder-onder-een-naam\/#primaryimage\",\"url\":\"https:\/\/www.ondernemendvenlo.nl\/wp-content\/uploads\/2025\/04\/LANDVDMAKERS_BADGE_HR.jpg\",\"contentUrl\":\"https:\/\/www.ondernemendvenlo.nl\/wp-content\/uploads\/2025\/04\/LANDVDMAKERS_BADGE_HR.jpg\",\"width\":1042,\"height\":751},{\"@type\":\"BreadcrumbList\",\"@id\":\"https:\/\/www.ondernemendvenlo.nl\/techno-valley-en-land-van-de-makers-verder-onder-een-naam\/#breadcrumb\",\"itemListElement\":[{\"@type\":\"ListItem\",\"position\":1,\"name\":\"Ondernemend Venlo\",\"item\":\"https:\/\/www.ondernemendvenlo.nl\/\"},{\"@type\":\"ListItem\",\"position\":2,\"name\":\"Nieuws\",\"item\":\"https:\/\/www.ondernemendvenlo.nl\/categorie\/nieuws\/\"},{\"@type\":\"ListItem\",\"position\":3,\"name\":\"Techno Valley en Land van de Makers verder onder \u00e9\u00e9n naam\"}]},{\"@type\":\"WebSite\",\"@id\":\"https:\/\/www.ondernemendvenlo.nl\/#website\",\"url\":\"https:\/\/www.ondernemendvenlo.nl\/\",\"name\":\"Ondernemend Venlo\",\"description\":\"Samen succesvol ondernemen\",\"publisher\":{\"@id\":\"https:\/\/www.ondernemendvenlo.nl\/#organization\"},\"potentialAction\":[{\"@type\":\"SearchAction\",\"target\":{\"@type\":\"EntryPoint\",\"urlTemplate\":\"https:\/\/www.ondernemendvenlo.nl\/?s={search_term_string}\"},\"query-input\":{\"@type\":\"PropertyValueSpecification\",\"valueRequired\":true,\"valueName\":\"search_term_string\"}}],\"inLanguage\":\"fr-FR\"},{\"@type\":\"Organization\",\"@id\":\"https:\/\/www.ondernemendvenlo.nl\/#organization\",\"name\":\"Ondernemend Venlo\",\"url\":\"https:\/\/www.ondernemendvenlo.nl\/\",\"logo\":{\"@type\":\"ImageObject\",\"inLanguage\":\"fr-FR\",\"@id\":\"https:\/\/www.ondernemendvenlo.nl\/#\/schema\/logo\/image\/\",\"url\":\"https:\/\/www.ondernemendvenlo.nl\/wp-content\/uploads\/2025\/02\/Ondernemend-Venlo-logo-scaled.webp\",\"contentUrl\":\"https:\/\/www.ondernemendvenlo.nl\/wp-content\/uploads\/2025\/02\/Ondernemend-Venlo-logo-scaled.webp\",\"width\":2560,\"height\":1010,\"caption\":\"Ondernemend Venlo\"},\"image\":{\"@id\":\"https:\/\/www.ondernemendvenlo.nl\/#\/schema\/logo\/image\/\"},\"sameAs\":[\"https:\/\/www.linkedin.com\/company\/ondernemend-venlo\/\"]},{\"@type\":\"Person\",\"@id\":\"https:\/\/www.ondernemendvenlo.nl\/#\/schema\/person\/347e935f8ad4c7030608ef74bb57aa6e\",\"name\":\"admin\",\"image\":{\"@type\":\"ImageObject\",\"inLanguage\":\"fr-FR\",\"@id\":\"https:\/\/www.ondernemendvenlo.nl\/#\/schema\/person\/image\/\",\"url\":\"https:\/\/www.ondernemendvenlo.nl\/wp-content\/litespeed\/avatar\/720af750b037aecf6e33e12833479059.jpg?ver=1777382954\",\"contentUrl\":\"https:\/\/www.ondernemendvenlo.nl\/wp-content\/litespeed\/avatar\/720af750b037aecf6e33e12833479059.jpg?ver=1777382954\",\"caption\":\"admin\"},\"sameAs\":[\"https:\/\/www.ondernemendvenlo.nl\"]}]}<\/script>\n<!-- \/ Yoast SEO plugin. -->","yoast_head_json":{"title":"Techno Valley en Land van de Makers verder onder \u00e9\u00e9n naam - Ondernemend Venlo","robots":{"index":"index","follow":"follow","max-snippet":"max-snippet:-1","max-image-preview":"max-image-preview:large","max-video-preview":"max-video-preview:-1"},"canonical":"https:\/\/www.ondernemendvenlo.nl\/fr\/techno-valley-en-land-van-de-makers-verder-onder-een-naam\/","og_locale":"fr_FR","og_type":"article","og_title":"Techno Valley en Land van de Makers verder onder \u00e9\u00e9n naam - Ondernemend Venlo","og_description":"Voor de belangenbehartiging in de maakindustrie werkt Ondernemend Venlo sinds 2013 samen met Techno Valley Limburg. Techno Valley Limburg\u00a0behartigt de belangen van de hightech maakbedrijven. Het\u00a0Land van de Makers is gestart als brandingscampagne van Techno Valley en uiteindelijk verder gegroeid tot een op zich zelf staande organisatie. Er wordt sinds 2020 nauw samengewerkt en er [&hellip;]","og_url":"https:\/\/www.ondernemendvenlo.nl\/fr\/techno-valley-en-land-van-de-makers-verder-onder-een-naam\/","og_site_name":"Ondernemend Venlo","article_published_time":"2022-01-17T13:07:25+00:00","og_image":[{"width":1042,"height":751,"url":"https:\/\/www.ondernemendvenlo.nl\/wp-content\/uploads\/2025\/04\/LANDVDMAKERS_BADGE_HR.jpg","type":"image\/jpeg"}],"author":"admin","twitter_card":"summary_large_image","twitter_misc":{"\u00c9crit par":"admin","Dur\u00e9e de lecture estim\u00e9e":"1 minute"},"schema":{"@context":"https:\/\/schema.org","@graph":[{"@type":"Article","@id":"https:\/\/www.ondernemendvenlo.nl\/techno-valley-en-land-van-de-makers-verder-onder-een-naam\/#article","isPartOf":{"@id":"https:\/\/www.ondernemendvenlo.nl\/techno-valley-en-land-van-de-makers-verder-onder-een-naam\/"},"author":{"name":"admin","@id":"https:\/\/www.ondernemendvenlo.nl\/#\/schema\/person\/347e935f8ad4c7030608ef74bb57aa6e"},"headline":"Techno Valley en Land van de Makers verder onder \u00e9\u00e9n naam","datePublished":"2022-01-17T13:07:25+00:00","mainEntityOfPage":{"@id":"https:\/\/www.ondernemendvenlo.nl\/techno-valley-en-land-van-de-makers-verder-onder-een-naam\/"},"wordCount":172,"publisher":{"@id":"https:\/\/www.ondernemendvenlo.nl\/#organization"},"image":{"@id":"https:\/\/www.ondernemendvenlo.nl\/techno-valley-en-land-van-de-makers-verder-onder-een-naam\/#primaryimage"},"thumbnailUrl":"https:\/\/www.ondernemendvenlo.nl\/wp-content\/uploads\/2025\/04\/LANDVDMAKERS_BADGE_HR.jpg","articleSection":["Nieuws"],"inLanguage":"fr-FR"},{"@type":"WebPage","@id":"https:\/\/www.ondernemendvenlo.nl\/techno-valley-en-land-van-de-makers-verder-onder-een-naam\/","url":"https:\/\/www.ondernemendvenlo.nl\/techno-valley-en-land-van-de-makers-verder-onder-een-naam\/","name":"Techno Valley en Land van de Makers verder onder \u00e9\u00e9n naam - Ondernemend Venlo","isPartOf":{"@id":"https:\/\/www.ondernemendvenlo.nl\/#website"},"primaryImageOfPage":{"@id":"https:\/\/www.ondernemendvenlo.nl\/techno-valley-en-land-van-de-makers-verder-onder-een-naam\/#primaryimage"},"image":{"@id":"https:\/\/www.ondernemendvenlo.nl\/techno-valley-en-land-van-de-makers-verder-onder-een-naam\/#primaryimage"},"thumbnailUrl":"https:\/\/www.ondernemendvenlo.nl\/wp-content\/uploads\/2025\/04\/LANDVDMAKERS_BADGE_HR.jpg","datePublished":"2022-01-17T13:07:25+00:00","breadcrumb":{"@id":"https:\/\/www.ondernemendvenlo.nl\/techno-valley-en-land-van-de-makers-verder-onder-een-naam\/#breadcrumb"},"inLanguage":"fr-FR","potentialAction":[{"@type":"ReadAction","target":["https:\/\/www.ondernemendvenlo.nl\/techno-valley-en-land-van-de-makers-verder-onder-een-naam\/"]}]},{"@type":"ImageObject","inLanguage":"fr-FR","@id":"https:\/\/www.ondernemendvenlo.nl\/techno-valley-en-land-van-de-makers-verder-onder-een-naam\/#primaryimage","url":"https:\/\/www.ondernemendvenlo.nl\/wp-content\/uploads\/2025\/04\/LANDVDMAKERS_BADGE_HR.jpg","contentUrl":"https:\/\/www.ondernemendvenlo.nl\/wp-content\/uploads\/2025\/04\/LANDVDMAKERS_BADGE_HR.jpg","width":1042,"height":751},{"@type":"BreadcrumbList","@id":"https:\/\/www.ondernemendvenlo.nl\/techno-valley-en-land-van-de-makers-verder-onder-een-naam\/#breadcrumb","itemListElement":[{"@type":"ListItem","position":1,"name":"Ondernemend Venlo","item":"https:\/\/www.ondernemendvenlo.nl\/"},{"@type":"ListItem","position":2,"name":"Nieuws","item":"https:\/\/www.ondernemendvenlo.nl\/categorie\/nieuws\/"},{"@type":"ListItem","position":3,"name":"Techno Valley en Land van de Makers verder onder \u00e9\u00e9n naam"}]},{"@type":"WebSite","@id":"https:\/\/www.ondernemendvenlo.nl\/#website","url":"https:\/\/www.ondernemendvenlo.nl\/","name":"Venlo entrepreneurial","description":"Travailler ensemble avec succ\u00e8s","publisher":{"@id":"https:\/\/www.ondernemendvenlo.nl\/#organization"},"potentialAction":[{"@type":"SearchAction","target":{"@type":"EntryPoint","urlTemplate":"https:\/\/www.ondernemendvenlo.nl\/?s={search_term_string}"},"query-input":{"@type":"PropertyValueSpecification","valueRequired":true,"valueName":"search_term_string"}}],"inLanguage":"fr-FR"},{"@type":"Organization","@id":"https:\/\/www.ondernemendvenlo.nl\/#organization","name":"Venlo entrepreneurial","url":"https:\/\/www.ondernemendvenlo.nl\/","logo":{"@type":"ImageObject","inLanguage":"fr-FR","@id":"https:\/\/www.ondernemendvenlo.nl\/#\/schema\/logo\/image\/","url":"https:\/\/www.ondernemendvenlo.nl\/wp-content\/uploads\/2025\/02\/Ondernemend-Venlo-logo-scaled.webp","contentUrl":"https:\/\/www.ondernemendvenlo.nl\/wp-content\/uploads\/2025\/02\/Ondernemend-Venlo-logo-scaled.webp","width":2560,"height":1010,"caption":"Ondernemend Venlo"},"image":{"@id":"https:\/\/www.ondernemendvenlo.nl\/#\/schema\/logo\/image\/"},"sameAs":["https:\/\/www.linkedin.com\/company\/ondernemend-venlo\/"]},{"@type":"Person","@id":"https:\/\/www.ondernemendvenlo.nl\/#\/schema\/person\/347e935f8ad4c7030608ef74bb57aa6e","name":"admin","image":{"@type":"ImageObject","inLanguage":"fr-FR","@id":"https:\/\/www.ondernemendvenlo.nl\/#\/schema\/person\/image\/","url":"https:\/\/www.ondernemendvenlo.nl\/wp-content\/litespeed\/avatar\/720af750b037aecf6e33e12833479059.jpg?ver=1777382954","contentUrl":"https:\/\/www.ondernemendvenlo.nl\/wp-content\/litespeed\/avatar\/720af750b037aecf6e33e12833479059.jpg?ver=1777382954","caption":"admin"},"sameAs":["https:\/\/www.ondernemendvenlo.nl"]}]}},"_links":{"self":[{"href":"https:\/\/www.ondernemendvenlo.nl\/fr\/wp-json\/wp\/v2\/posts\/2628","targetHints":{"allow":["GET"]}}],"collection":[{"href":"https:\/\/www.ondernemendvenlo.nl\/fr\/wp-json\/wp\/v2\/posts"}],"about":[{"href":"https:\/\/www.ondernemendvenlo.nl\/fr\/wp-json\/wp\/v2\/types\/post"}],"author":[{"embeddable":true,"href":"https:\/\/www.ondernemendvenlo.nl\/fr\/wp-json\/wp\/v2\/users\/1"}],"replies":[{"embeddable":true,"href":"https:\/\/www.ondernemendvenlo.nl\/fr\/wp-json\/wp\/v2\/comments?post=2628"}],"version-history":[{"count":0,"href":"https:\/\/www.ondernemendvenlo.nl\/fr\/wp-json\/wp\/v2\/posts\/2628\/revisions"}],"wp:featuredmedia":[{"embeddable":true,"href":"https:\/\/www.ondernemendvenlo.nl\/fr\/wp-json\/wp\/v2\/media\/2629"}],"wp:attachment":[{"href":"https:\/\/www.ondernemendvenlo.nl\/fr\/wp-json\/wp\/v2\/media?parent=2628"}],"wp:term":[{"taxonomy":"category","embeddable":true,"href":"https:\/\/www.ondernemendvenlo.nl\/fr\/wp-json\/wp\/v2\/categories?post=2628"},{"taxonomy":"post_tag","embeddable":true,"href":"https:\/\/www.ondernemendvenlo.nl\/fr\/wp-json\/wp\/v2\/tags?post=2628"}],"curies":[{"name":"wp","href":"https:\/\/api.w.org\/{rel}","templated":true}]}}