{"id":2649,"date":"2022-03-11T11:14:37","date_gmt":"2022-03-11T10:14:37","guid":{"rendered":"https:\/\/www.ondernemendvenlo.nl\/venlo-in-business-7-april\/"},"modified":"2022-03-11T11:14:37","modified_gmt":"2022-03-11T10:14:37","slug":"venlo-in-business-7-april","status":"publish","type":"post","link":"https:\/\/www.ondernemendvenlo.nl\/fr\/venlo-in-business-7-april\/","title":{"rendered":"Venlo in Business het ondernemersevent op 7 april"},"content":{"rendered":"<p>Het nieuwe event<strong> Venlo<\/strong> in<strong>Business<\/strong> draait om het ontmoeten van ondernemers en het delen van kennis. Met een bruisende beursvloer als kloppend hart, waar het gaat om zichtbaarheid en contacten leggen. Daarnaast is er een speciale lezingen ruimte en is er ook een netwerkcaf\u00e9. <strong>Venlo<\/strong> in<strong>Business<\/strong> is een divers Ondernemersevent waar je als Venlose ondernemer niet mag ontbreken.<\/p>\n<p><strong>Venlo<\/strong> in<strong>Business<\/strong> is er ook om te laten zien wat de ondernemende regio Venlo in haar mars heeft. Een dag vol met krachtige bedrijven, prikkelende lezingen en ontmoetingen met impact. In een sfeervolle en activerende setting van het onlangs compleet vernieuwde Van der Valk. Daarnaast geeft het event een goede inkijk in het prachtige, veelzijdige spectrum aan bedrijven dat de gemeente Venlo rijk is.<\/p>\n<p><strong>Wij verwelkomen u graag op onze stand<\/strong><br \/>\nOndernemend Venlo heeft samen met gemeente Venlo een stand op deze beurs. Wij nodigen u dan ook graag uit voor een nadere kennismaking.<br \/>\n<strong><br \/>\nPour qui.<br \/>\n<\/strong>Ondernemers en ondernemende professionals uit diverse sectoren, ondernemersverenigingen en overheden, voornamelijk afkomstig uit Noord Limburg.<\/p>\n<p><strong>Waar en wanneer?<br \/>\n<\/strong>7 april vanaf 16.00 uur<br \/>\nVan der Valk Hotel, Nijmeegseweg 90 in Venlo<\/p>\n<p><img fetchpriority=\"high\" decoding=\"async\" class=\"alignnone wp-image-19079 size-large\" src=\"https:\/\/www.ondernemendvenlo.nl\/wp-content\/uploads\/2025\/04\/Venlo-in-Business_uitnodiging-e-mail-722x1024.jpg\" alt=\"\" width=\"722\" height=\"1024\" \/><\/p>\n<p>Alle info over Venlo in Business vind je op de beurswebsite: <a href=\"https:\/\/venlo-in-business.nl\/\">https:\/\/venlo-in-business.nl\/<\/a><br \/>\nGratis inschrijven kan via <a href=\"https:\/\/www.ticketcrew.nl\/tickets\/venlo-in-business\">https:\/\/www.ticketcrew.nl\/tickets\/venlo-in-business<\/a><\/p>","protected":false},"excerpt":{"rendered":"<p>Het nieuwe event Venlo inBusiness draait om het ontmoeten van ondernemers en het delen van kennis. Met een bruisende beursvloer als kloppend hart, waar het gaat om zichtbaarheid en contacten leggen. Daarnaast is er een speciale lezingen ruimte en is er ook een netwerkcaf\u00e9. Venlo inBusiness is een divers Ondernemersevent waar je als Venlose ondernemer [&hellip;]<\/p>","protected":false},"author":1,"featured_media":2650,"comment_status":"closed","ping_status":"open","sticky":false,"template":"","format":"standard","meta":{"_acf_changed":false,"footnotes":""},"categories":[8],"tags":[],"class_list":["post-2649","post","type-post","status-publish","format-standard","has-post-thumbnail","hentry","category-nieuws"],"acf":[],"yoast_head":"<!-- This site is optimized with the Yoast SEO plugin v26.3 - https:\/\/yoast.com\/wordpress\/plugins\/seo\/ -->\n<title>Venlo in Business het ondernemersevent op 7 april - Ondernemend Venlo<\/title>\n<meta name=\"robots\" content=\"index, follow, max-snippet:-1, max-image-preview:large, max-video-preview:-1\" \/>\n<link rel=\"canonical\" href=\"https:\/\/www.ondernemendvenlo.nl\/fr\/venlo-in-business-7-april\/\" \/>\n<meta property=\"og:locale\" content=\"fr_FR\" \/>\n<meta property=\"og:type\" content=\"article\" \/>\n<meta property=\"og:title\" content=\"Venlo in Business het ondernemersevent op 7 april - Ondernemend Venlo\" \/>\n<meta property=\"og:description\" content=\"Het nieuwe event Venlo inBusiness draait om het ontmoeten van ondernemers en het delen van kennis. Met een bruisende beursvloer als kloppend hart, waar het gaat om zichtbaarheid en contacten leggen. Daarnaast is er een speciale lezingen ruimte en is er ook een netwerkcaf\u00e9. Venlo inBusiness is een divers Ondernemersevent waar je als Venlose ondernemer [&hellip;]\" \/>\n<meta property=\"og:url\" content=\"https:\/\/www.ondernemendvenlo.nl\/fr\/venlo-in-business-7-april\/\" \/>\n<meta property=\"og:site_name\" content=\"Ondernemend Venlo\" \/>\n<meta property=\"article:published_time\" content=\"2022-03-11T10:14:37+00:00\" \/>\n<meta property=\"og:image\" content=\"https:\/\/www.ondernemendvenlo.nl\/wp-content\/uploads\/2025\/04\/Venlo-in-Business_uitnodiging-e-mail.jpg\" \/>\n\t<meta property=\"og:image:width\" content=\"1749\" \/>\n\t<meta property=\"og:image:height\" content=\"2481\" \/>\n\t<meta property=\"og:image:type\" content=\"image\/jpeg\" \/>\n<meta name=\"author\" content=\"admin\" \/>\n<meta name=\"twitter:card\" content=\"summary_large_image\" \/>\n<meta name=\"twitter:label1\" content=\"\u00c9crit par\" \/>\n\t<meta name=\"twitter:data1\" content=\"admin\" \/>\n\t<meta name=\"twitter:label2\" content=\"Dur\u00e9e de lecture estim\u00e9e\" \/>\n\t<meta name=\"twitter:data2\" content=\"1 minute\" \/>\n<script type=\"application\/ld+json\" class=\"yoast-schema-graph\">{\"@context\":\"https:\/\/schema.org\",\"@graph\":[{\"@type\":\"Article\",\"@id\":\"https:\/\/www.ondernemendvenlo.nl\/venlo-in-business-7-april\/#article\",\"isPartOf\":{\"@id\":\"https:\/\/www.ondernemendvenlo.nl\/venlo-in-business-7-april\/\"},\"author\":{\"name\":\"admin\",\"@id\":\"https:\/\/www.ondernemendvenlo.nl\/#\/schema\/person\/347e935f8ad4c7030608ef74bb57aa6e\"},\"headline\":\"Venlo in Business het ondernemersevent op 7 april\",\"datePublished\":\"2022-03-11T10:14:37+00:00\",\"mainEntityOfPage\":{\"@id\":\"https:\/\/www.ondernemendvenlo.nl\/venlo-in-business-7-april\/\"},\"wordCount\":213,\"publisher\":{\"@id\":\"https:\/\/www.ondernemendvenlo.nl\/#organization\"},\"image\":{\"@id\":\"https:\/\/www.ondernemendvenlo.nl\/venlo-in-business-7-april\/#primaryimage\"},\"thumbnailUrl\":\"https:\/\/www.ondernemendvenlo.nl\/wp-content\/uploads\/2025\/04\/Venlo-in-Business_uitnodiging-e-mail.jpg\",\"articleSection\":[\"Nieuws\"],\"inLanguage\":\"fr-FR\"},{\"@type\":\"WebPage\",\"@id\":\"https:\/\/www.ondernemendvenlo.nl\/venlo-in-business-7-april\/\",\"url\":\"https:\/\/www.ondernemendvenlo.nl\/venlo-in-business-7-april\/\",\"name\":\"Venlo in Business het ondernemersevent op 7 april - Ondernemend Venlo\",\"isPartOf\":{\"@id\":\"https:\/\/www.ondernemendvenlo.nl\/#website\"},\"primaryImageOfPage\":{\"@id\":\"https:\/\/www.ondernemendvenlo.nl\/venlo-in-business-7-april\/#primaryimage\"},\"image\":{\"@id\":\"https:\/\/www.ondernemendvenlo.nl\/venlo-in-business-7-april\/#primaryimage\"},\"thumbnailUrl\":\"https:\/\/www.ondernemendvenlo.nl\/wp-content\/uploads\/2025\/04\/Venlo-in-Business_uitnodiging-e-mail.jpg\",\"datePublished\":\"2022-03-11T10:14:37+00:00\",\"breadcrumb\":{\"@id\":\"https:\/\/www.ondernemendvenlo.nl\/venlo-in-business-7-april\/#breadcrumb\"},\"inLanguage\":\"fr-FR\",\"potentialAction\":[{\"@type\":\"ReadAction\",\"target\":[\"https:\/\/www.ondernemendvenlo.nl\/venlo-in-business-7-april\/\"]}]},{\"@type\":\"ImageObject\",\"inLanguage\":\"fr-FR\",\"@id\":\"https:\/\/www.ondernemendvenlo.nl\/venlo-in-business-7-april\/#primaryimage\",\"url\":\"https:\/\/www.ondernemendvenlo.nl\/wp-content\/uploads\/2025\/04\/Venlo-in-Business_uitnodiging-e-mail.jpg\",\"contentUrl\":\"https:\/\/www.ondernemendvenlo.nl\/wp-content\/uploads\/2025\/04\/Venlo-in-Business_uitnodiging-e-mail.jpg\",\"width\":1749,\"height\":2481},{\"@type\":\"BreadcrumbList\",\"@id\":\"https:\/\/www.ondernemendvenlo.nl\/venlo-in-business-7-april\/#breadcrumb\",\"itemListElement\":[{\"@type\":\"ListItem\",\"position\":1,\"name\":\"Ondernemend Venlo\",\"item\":\"https:\/\/www.ondernemendvenlo.nl\/\"},{\"@type\":\"ListItem\",\"position\":2,\"name\":\"Nieuws\",\"item\":\"https:\/\/www.ondernemendvenlo.nl\/categorie\/nieuws\/\"},{\"@type\":\"ListItem\",\"position\":3,\"name\":\"Venlo in Business het ondernemersevent op 7 april\"}]},{\"@type\":\"WebSite\",\"@id\":\"https:\/\/www.ondernemendvenlo.nl\/#website\",\"url\":\"https:\/\/www.ondernemendvenlo.nl\/\",\"name\":\"Ondernemend Venlo\",\"description\":\"Samen succesvol ondernemen\",\"publisher\":{\"@id\":\"https:\/\/www.ondernemendvenlo.nl\/#organization\"},\"potentialAction\":[{\"@type\":\"SearchAction\",\"target\":{\"@type\":\"EntryPoint\",\"urlTemplate\":\"https:\/\/www.ondernemendvenlo.nl\/?s={search_term_string}\"},\"query-input\":{\"@type\":\"PropertyValueSpecification\",\"valueRequired\":true,\"valueName\":\"search_term_string\"}}],\"inLanguage\":\"fr-FR\"},{\"@type\":\"Organization\",\"@id\":\"https:\/\/www.ondernemendvenlo.nl\/#organization\",\"name\":\"Ondernemend Venlo\",\"url\":\"https:\/\/www.ondernemendvenlo.nl\/\",\"logo\":{\"@type\":\"ImageObject\",\"inLanguage\":\"fr-FR\",\"@id\":\"https:\/\/www.ondernemendvenlo.nl\/#\/schema\/logo\/image\/\",\"url\":\"https:\/\/www.ondernemendvenlo.nl\/wp-content\/uploads\/2025\/02\/Ondernemend-Venlo-logo-scaled.webp\",\"contentUrl\":\"https:\/\/www.ondernemendvenlo.nl\/wp-content\/uploads\/2025\/02\/Ondernemend-Venlo-logo-scaled.webp\",\"width\":2560,\"height\":1010,\"caption\":\"Ondernemend Venlo\"},\"image\":{\"@id\":\"https:\/\/www.ondernemendvenlo.nl\/#\/schema\/logo\/image\/\"},\"sameAs\":[\"https:\/\/www.linkedin.com\/company\/ondernemend-venlo\/\"]},{\"@type\":\"Person\",\"@id\":\"https:\/\/www.ondernemendvenlo.nl\/#\/schema\/person\/347e935f8ad4c7030608ef74bb57aa6e\",\"name\":\"admin\",\"image\":{\"@type\":\"ImageObject\",\"inLanguage\":\"fr-FR\",\"@id\":\"https:\/\/www.ondernemendvenlo.nl\/#\/schema\/person\/image\/\",\"url\":\"https:\/\/www.ondernemendvenlo.nl\/wp-content\/litespeed\/avatar\/720af750b037aecf6e33e12833479059.jpg?ver=1777382954\",\"contentUrl\":\"https:\/\/www.ondernemendvenlo.nl\/wp-content\/litespeed\/avatar\/720af750b037aecf6e33e12833479059.jpg?ver=1777382954\",\"caption\":\"admin\"},\"sameAs\":[\"https:\/\/www.ondernemendvenlo.nl\"]}]}<\/script>\n<!-- \/ Yoast SEO plugin. -->","yoast_head_json":{"title":"Venlo in Business het ondernemersevent op 7 april - Ondernemend Venlo","robots":{"index":"index","follow":"follow","max-snippet":"max-snippet:-1","max-image-preview":"max-image-preview:large","max-video-preview":"max-video-preview:-1"},"canonical":"https:\/\/www.ondernemendvenlo.nl\/fr\/venlo-in-business-7-april\/","og_locale":"fr_FR","og_type":"article","og_title":"Venlo in Business het ondernemersevent op 7 april - Ondernemend Venlo","og_description":"Het nieuwe event Venlo inBusiness draait om het ontmoeten van ondernemers en het delen van kennis. Met een bruisende beursvloer als kloppend hart, waar het gaat om zichtbaarheid en contacten leggen. Daarnaast is er een speciale lezingen ruimte en is er ook een netwerkcaf\u00e9. Venlo inBusiness is een divers Ondernemersevent waar je als Venlose ondernemer [&hellip;]","og_url":"https:\/\/www.ondernemendvenlo.nl\/fr\/venlo-in-business-7-april\/","og_site_name":"Ondernemend Venlo","article_published_time":"2022-03-11T10:14:37+00:00","og_image":[{"width":1749,"height":2481,"url":"https:\/\/www.ondernemendvenlo.nl\/wp-content\/uploads\/2025\/04\/Venlo-in-Business_uitnodiging-e-mail.jpg","type":"image\/jpeg"}],"author":"admin","twitter_card":"summary_large_image","twitter_misc":{"\u00c9crit par":"admin","Dur\u00e9e de lecture estim\u00e9e":"1 minute"},"schema":{"@context":"https:\/\/schema.org","@graph":[{"@type":"Article","@id":"https:\/\/www.ondernemendvenlo.nl\/venlo-in-business-7-april\/#article","isPartOf":{"@id":"https:\/\/www.ondernemendvenlo.nl\/venlo-in-business-7-april\/"},"author":{"name":"admin","@id":"https:\/\/www.ondernemendvenlo.nl\/#\/schema\/person\/347e935f8ad4c7030608ef74bb57aa6e"},"headline":"Venlo in Business het ondernemersevent op 7 april","datePublished":"2022-03-11T10:14:37+00:00","mainEntityOfPage":{"@id":"https:\/\/www.ondernemendvenlo.nl\/venlo-in-business-7-april\/"},"wordCount":213,"publisher":{"@id":"https:\/\/www.ondernemendvenlo.nl\/#organization"},"image":{"@id":"https:\/\/www.ondernemendvenlo.nl\/venlo-in-business-7-april\/#primaryimage"},"thumbnailUrl":"https:\/\/www.ondernemendvenlo.nl\/wp-content\/uploads\/2025\/04\/Venlo-in-Business_uitnodiging-e-mail.jpg","articleSection":["Nieuws"],"inLanguage":"fr-FR"},{"@type":"WebPage","@id":"https:\/\/www.ondernemendvenlo.nl\/venlo-in-business-7-april\/","url":"https:\/\/www.ondernemendvenlo.nl\/venlo-in-business-7-april\/","name":"Venlo in Business het ondernemersevent op 7 april - Ondernemend Venlo","isPartOf":{"@id":"https:\/\/www.ondernemendvenlo.nl\/#website"},"primaryImageOfPage":{"@id":"https:\/\/www.ondernemendvenlo.nl\/venlo-in-business-7-april\/#primaryimage"},"image":{"@id":"https:\/\/www.ondernemendvenlo.nl\/venlo-in-business-7-april\/#primaryimage"},"thumbnailUrl":"https:\/\/www.ondernemendvenlo.nl\/wp-content\/uploads\/2025\/04\/Venlo-in-Business_uitnodiging-e-mail.jpg","datePublished":"2022-03-11T10:14:37+00:00","breadcrumb":{"@id":"https:\/\/www.ondernemendvenlo.nl\/venlo-in-business-7-april\/#breadcrumb"},"inLanguage":"fr-FR","potentialAction":[{"@type":"ReadAction","target":["https:\/\/www.ondernemendvenlo.nl\/venlo-in-business-7-april\/"]}]},{"@type":"ImageObject","inLanguage":"fr-FR","@id":"https:\/\/www.ondernemendvenlo.nl\/venlo-in-business-7-april\/#primaryimage","url":"https:\/\/www.ondernemendvenlo.nl\/wp-content\/uploads\/2025\/04\/Venlo-in-Business_uitnodiging-e-mail.jpg","contentUrl":"https:\/\/www.ondernemendvenlo.nl\/wp-content\/uploads\/2025\/04\/Venlo-in-Business_uitnodiging-e-mail.jpg","width":1749,"height":2481},{"@type":"BreadcrumbList","@id":"https:\/\/www.ondernemendvenlo.nl\/venlo-in-business-7-april\/#breadcrumb","itemListElement":[{"@type":"ListItem","position":1,"name":"Ondernemend Venlo","item":"https:\/\/www.ondernemendvenlo.nl\/"},{"@type":"ListItem","position":2,"name":"Nieuws","item":"https:\/\/www.ondernemendvenlo.nl\/categorie\/nieuws\/"},{"@type":"ListItem","position":3,"name":"Venlo in Business het ondernemersevent op 7 april"}]},{"@type":"WebSite","@id":"https:\/\/www.ondernemendvenlo.nl\/#website","url":"https:\/\/www.ondernemendvenlo.nl\/","name":"Venlo entrepreneurial","description":"Travailler ensemble avec succ\u00e8s","publisher":{"@id":"https:\/\/www.ondernemendvenlo.nl\/#organization"},"potentialAction":[{"@type":"SearchAction","target":{"@type":"EntryPoint","urlTemplate":"https:\/\/www.ondernemendvenlo.nl\/?s={search_term_string}"},"query-input":{"@type":"PropertyValueSpecification","valueRequired":true,"valueName":"search_term_string"}}],"inLanguage":"fr-FR"},{"@type":"Organization","@id":"https:\/\/www.ondernemendvenlo.nl\/#organization","name":"Venlo entrepreneurial","url":"https:\/\/www.ondernemendvenlo.nl\/","logo":{"@type":"ImageObject","inLanguage":"fr-FR","@id":"https:\/\/www.ondernemendvenlo.nl\/#\/schema\/logo\/image\/","url":"https:\/\/www.ondernemendvenlo.nl\/wp-content\/uploads\/2025\/02\/Ondernemend-Venlo-logo-scaled.webp","contentUrl":"https:\/\/www.ondernemendvenlo.nl\/wp-content\/uploads\/2025\/02\/Ondernemend-Venlo-logo-scaled.webp","width":2560,"height":1010,"caption":"Ondernemend Venlo"},"image":{"@id":"https:\/\/www.ondernemendvenlo.nl\/#\/schema\/logo\/image\/"},"sameAs":["https:\/\/www.linkedin.com\/company\/ondernemend-venlo\/"]},{"@type":"Person","@id":"https:\/\/www.ondernemendvenlo.nl\/#\/schema\/person\/347e935f8ad4c7030608ef74bb57aa6e","name":"admin","image":{"@type":"ImageObject","inLanguage":"fr-FR","@id":"https:\/\/www.ondernemendvenlo.nl\/#\/schema\/person\/image\/","url":"https:\/\/www.ondernemendvenlo.nl\/wp-content\/litespeed\/avatar\/720af750b037aecf6e33e12833479059.jpg?ver=1777382954","contentUrl":"https:\/\/www.ondernemendvenlo.nl\/wp-content\/litespeed\/avatar\/720af750b037aecf6e33e12833479059.jpg?ver=1777382954","caption":"admin"},"sameAs":["https:\/\/www.ondernemendvenlo.nl"]}]}},"_links":{"self":[{"href":"https:\/\/www.ondernemendvenlo.nl\/fr\/wp-json\/wp\/v2\/posts\/2649","targetHints":{"allow":["GET"]}}],"collection":[{"href":"https:\/\/www.ondernemendvenlo.nl\/fr\/wp-json\/wp\/v2\/posts"}],"about":[{"href":"https:\/\/www.ondernemendvenlo.nl\/fr\/wp-json\/wp\/v2\/types\/post"}],"author":[{"embeddable":true,"href":"https:\/\/www.ondernemendvenlo.nl\/fr\/wp-json\/wp\/v2\/users\/1"}],"replies":[{"embeddable":true,"href":"https:\/\/www.ondernemendvenlo.nl\/fr\/wp-json\/wp\/v2\/comments?post=2649"}],"version-history":[{"count":0,"href":"https:\/\/www.ondernemendvenlo.nl\/fr\/wp-json\/wp\/v2\/posts\/2649\/revisions"}],"wp:featuredmedia":[{"embeddable":true,"href":"https:\/\/www.ondernemendvenlo.nl\/fr\/wp-json\/wp\/v2\/media\/2650"}],"wp:attachment":[{"href":"https:\/\/www.ondernemendvenlo.nl\/fr\/wp-json\/wp\/v2\/media?parent=2649"}],"wp:term":[{"taxonomy":"category","embeddable":true,"href":"https:\/\/www.ondernemendvenlo.nl\/fr\/wp-json\/wp\/v2\/categories?post=2649"},{"taxonomy":"post_tag","embeddable":true,"href":"https:\/\/www.ondernemendvenlo.nl\/fr\/wp-json\/wp\/v2\/tags?post=2649"}],"curies":[{"name":"wp","href":"https:\/\/api.w.org\/{rel}","templated":true}]}}