{"id":2656,"date":"2022-04-01T11:37:06","date_gmt":"2022-04-01T09:37:06","guid":{"rendered":"https:\/\/www.ondernemendvenlo.nl\/tradeportnoord_spikweien\/"},"modified":"2022-04-01T11:37:06","modified_gmt":"2022-04-01T09:37:06","slug":"tradeportnoord_spikweien","status":"publish","type":"post","link":"https:\/\/www.ondernemendvenlo.nl\/fr\/tradeportnoord_spikweien\/","title":{"rendered":"Tradeport Noord en Spikweien onder de aandacht"},"content":{"rendered":"<p><strong>Op 1 maart jl. zijn er filmopnames gemaakt op de bedrijventerreinen Tradeport Noord en Spikweien. Jacko D\u2019Agnolo vertelt in dit filmpje over duurzaamheid en parkmanager Lidy Rutten vertelt over de bedrijventerreinen zelf.<\/strong><\/p>\n<p>In navolging van een eerste editie vorig jaar, is er ook dit jaar een SKBN On Tour. In het kort is dit een digitale excursie waarbij drie werklocaties gefilmd worden om deze vervolgens terug laten komen in een live televisie-uitzending op 24 maart aanstaande waar met de betreffende werklocaties en experts wordt doorgepraat over een bepaald onderwerp.<\/p>\n<p><strong>SKBN On Tour &#8211; Strijd om de Ruimte<\/strong><br \/>\nBedrijventerreinen komen vanuit verschillende perspectieven steeds meer in het nauw, ze worden als probleem gezien, terwijl ze enorm potentieel oplossend vermogen hebben. De ruimte in Nederland wordt steeds schaarser, en er staat een enorme woningbouwopgave te wachten. Daarnaast is er een klimaatopgave die ruimte opeist en wordt de logistieke operatie rondom bedrijvigheid steeds gecompliceerder. Hoe krijgen werklocaties toch de ruimte die ze verdienen, en op welke manier bieden ze juist een oplossing voor deze ruimteproblematiek?<\/p>\n<p>Vanuit drie verschillende perspectieven (woningmarkt, logistiek, energietransitie) laten we met aansprekende projecten zien hoe het w\u00e9l kan. Met bruikbare adviezen voor de gloednieuwe gemeenteraden.<br \/>\nTijdens de uitzending op 24 maart schijnen bovendien verschillende experts zoals Gerlof Rienstra, Cees-Jan Pen, Paul van Dijk, Nicole Maarsen hun licht op welke kansen er liggen voor bedrijventerreinen \u00e9n geven ze adviezen voor de nieuwe gemeenteraden.<\/p>\n<p><a href=\"https:\/\/tv.elba-rec.nl\/uitzending\/skbn-digitale-excursie\"><img decoding=\"async\" class=\"alignnone size-full wp-image-19249\" src=\"https:\/\/www.ondernemendvenlo.nl\/wp-content\/uploads\/2025\/04\/VideoPicto_96x96.png\" alt=\"\" width=\"96\" height=\"96\" \/><\/a><a href=\"https:\/\/tv.elba-rec.nl\/uitzending\/skbn-digitale-excursie\">Klik hier om de <strong>tv-uitzending terug<\/strong> te kijken<\/a><\/p>\n<p><a href=\"https:\/\/youtu.be\/beeljcgGV3A\"><img decoding=\"async\" class=\"alignnone size-full wp-image-19249\" src=\"https:\/\/www.ondernemendvenlo.nl\/wp-content\/uploads\/2025\/04\/VideoPicto_96x96.png\" alt=\"\" width=\"96\" height=\"96\" \/>Korte<strong> documentaire<\/strong>\u00a0vue<\/a><\/p>","protected":false},"excerpt":{"rendered":"<p>Op 1 maart jl. zijn er filmopnames gemaakt op de bedrijventerreinen Tradeport Noord en Spikweien. Jacko D\u2019Agnolo vertelt in dit filmpje over duurzaamheid en parkmanager Lidy Rutten vertelt over de bedrijventerreinen zelf. In navolging van een eerste editie vorig jaar, is er ook dit jaar een SKBN On Tour. In het kort is dit een [&hellip;]<\/p>","protected":false},"author":1,"featured_media":2657,"comment_status":"closed","ping_status":"open","sticky":false,"template":"","format":"standard","meta":{"_acf_changed":false,"footnotes":""},"categories":[8],"tags":[],"class_list":["post-2656","post","type-post","status-publish","format-standard","has-post-thumbnail","hentry","category-nieuws"],"acf":[],"yoast_head":"<!-- This site is optimized with the Yoast SEO plugin v26.3 - https:\/\/yoast.com\/wordpress\/plugins\/seo\/ -->\n<title>Tradeport Noord en Spikweien onder de aandacht - Ondernemend Venlo<\/title>\n<meta name=\"robots\" content=\"index, follow, max-snippet:-1, max-image-preview:large, max-video-preview:-1\" \/>\n<link rel=\"canonical\" href=\"https:\/\/www.ondernemendvenlo.nl\/fr\/tradeportnoord_spikweien\/\" \/>\n<meta property=\"og:locale\" content=\"fr_FR\" \/>\n<meta property=\"og:type\" content=\"article\" \/>\n<meta property=\"og:title\" content=\"Tradeport Noord en Spikweien onder de aandacht - Ondernemend Venlo\" \/>\n<meta property=\"og:description\" content=\"Op 1 maart jl. zijn er filmopnames gemaakt op de bedrijventerreinen Tradeport Noord en Spikweien. Jacko D\u2019Agnolo vertelt in dit filmpje over duurzaamheid en parkmanager Lidy Rutten vertelt over de bedrijventerreinen zelf. In navolging van een eerste editie vorig jaar, is er ook dit jaar een SKBN On Tour. In het kort is dit een [&hellip;]\" \/>\n<meta property=\"og:url\" content=\"https:\/\/www.ondernemendvenlo.nl\/fr\/tradeportnoord_spikweien\/\" \/>\n<meta property=\"og:site_name\" content=\"Ondernemend Venlo\" \/>\n<meta property=\"article:published_time\" content=\"2022-04-01T09:37:06+00:00\" \/>\n<meta property=\"og:image\" content=\"https:\/\/www.ondernemendvenlo.nl\/wp-content\/uploads\/2025\/04\/VideoPicto_96x96.png\" \/>\n\t<meta property=\"og:image:width\" content=\"96\" \/>\n\t<meta property=\"og:image:height\" content=\"96\" \/>\n\t<meta property=\"og:image:type\" content=\"image\/png\" \/>\n<meta name=\"author\" content=\"admin\" \/>\n<meta name=\"twitter:card\" content=\"summary_large_image\" \/>\n<meta name=\"twitter:label1\" content=\"\u00c9crit par\" \/>\n\t<meta name=\"twitter:data1\" content=\"admin\" \/>\n\t<meta name=\"twitter:label2\" content=\"Dur\u00e9e de lecture estim\u00e9e\" \/>\n\t<meta name=\"twitter:data2\" content=\"1 minute\" \/>\n<script type=\"application\/ld+json\" class=\"yoast-schema-graph\">{\"@context\":\"https:\/\/schema.org\",\"@graph\":[{\"@type\":\"Article\",\"@id\":\"https:\/\/www.ondernemendvenlo.nl\/tradeportnoord_spikweien\/#article\",\"isPartOf\":{\"@id\":\"https:\/\/www.ondernemendvenlo.nl\/tradeportnoord_spikweien\/\"},\"author\":{\"name\":\"admin\",\"@id\":\"https:\/\/www.ondernemendvenlo.nl\/#\/schema\/person\/347e935f8ad4c7030608ef74bb57aa6e\"},\"headline\":\"Tradeport Noord en Spikweien onder de aandacht\",\"datePublished\":\"2022-04-01T09:37:06+00:00\",\"mainEntityOfPage\":{\"@id\":\"https:\/\/www.ondernemendvenlo.nl\/tradeportnoord_spikweien\/\"},\"wordCount\":250,\"publisher\":{\"@id\":\"https:\/\/www.ondernemendvenlo.nl\/#organization\"},\"image\":{\"@id\":\"https:\/\/www.ondernemendvenlo.nl\/tradeportnoord_spikweien\/#primaryimage\"},\"thumbnailUrl\":\"https:\/\/www.ondernemendvenlo.nl\/wp-content\/uploads\/2025\/04\/VideoPicto_96x96.png\",\"articleSection\":[\"Nieuws\"],\"inLanguage\":\"fr-FR\"},{\"@type\":\"WebPage\",\"@id\":\"https:\/\/www.ondernemendvenlo.nl\/tradeportnoord_spikweien\/\",\"url\":\"https:\/\/www.ondernemendvenlo.nl\/tradeportnoord_spikweien\/\",\"name\":\"Tradeport Noord en Spikweien onder de aandacht - Ondernemend Venlo\",\"isPartOf\":{\"@id\":\"https:\/\/www.ondernemendvenlo.nl\/#website\"},\"primaryImageOfPage\":{\"@id\":\"https:\/\/www.ondernemendvenlo.nl\/tradeportnoord_spikweien\/#primaryimage\"},\"image\":{\"@id\":\"https:\/\/www.ondernemendvenlo.nl\/tradeportnoord_spikweien\/#primaryimage\"},\"thumbnailUrl\":\"https:\/\/www.ondernemendvenlo.nl\/wp-content\/uploads\/2025\/04\/VideoPicto_96x96.png\",\"datePublished\":\"2022-04-01T09:37:06+00:00\",\"breadcrumb\":{\"@id\":\"https:\/\/www.ondernemendvenlo.nl\/tradeportnoord_spikweien\/#breadcrumb\"},\"inLanguage\":\"fr-FR\",\"potentialAction\":[{\"@type\":\"ReadAction\",\"target\":[\"https:\/\/www.ondernemendvenlo.nl\/tradeportnoord_spikweien\/\"]}]},{\"@type\":\"ImageObject\",\"inLanguage\":\"fr-FR\",\"@id\":\"https:\/\/www.ondernemendvenlo.nl\/tradeportnoord_spikweien\/#primaryimage\",\"url\":\"https:\/\/www.ondernemendvenlo.nl\/wp-content\/uploads\/2025\/04\/VideoPicto_96x96.png\",\"contentUrl\":\"https:\/\/www.ondernemendvenlo.nl\/wp-content\/uploads\/2025\/04\/VideoPicto_96x96.png\",\"width\":96,\"height\":96},{\"@type\":\"BreadcrumbList\",\"@id\":\"https:\/\/www.ondernemendvenlo.nl\/tradeportnoord_spikweien\/#breadcrumb\",\"itemListElement\":[{\"@type\":\"ListItem\",\"position\":1,\"name\":\"Ondernemend Venlo\",\"item\":\"https:\/\/www.ondernemendvenlo.nl\/\"},{\"@type\":\"ListItem\",\"position\":2,\"name\":\"Nieuws\",\"item\":\"https:\/\/www.ondernemendvenlo.nl\/categorie\/nieuws\/\"},{\"@type\":\"ListItem\",\"position\":3,\"name\":\"Tradeport Noord en Spikweien onder de aandacht\"}]},{\"@type\":\"WebSite\",\"@id\":\"https:\/\/www.ondernemendvenlo.nl\/#website\",\"url\":\"https:\/\/www.ondernemendvenlo.nl\/\",\"name\":\"Ondernemend Venlo\",\"description\":\"Samen succesvol ondernemen\",\"publisher\":{\"@id\":\"https:\/\/www.ondernemendvenlo.nl\/#organization\"},\"potentialAction\":[{\"@type\":\"SearchAction\",\"target\":{\"@type\":\"EntryPoint\",\"urlTemplate\":\"https:\/\/www.ondernemendvenlo.nl\/?s={search_term_string}\"},\"query-input\":{\"@type\":\"PropertyValueSpecification\",\"valueRequired\":true,\"valueName\":\"search_term_string\"}}],\"inLanguage\":\"fr-FR\"},{\"@type\":\"Organization\",\"@id\":\"https:\/\/www.ondernemendvenlo.nl\/#organization\",\"name\":\"Ondernemend Venlo\",\"url\":\"https:\/\/www.ondernemendvenlo.nl\/\",\"logo\":{\"@type\":\"ImageObject\",\"inLanguage\":\"fr-FR\",\"@id\":\"https:\/\/www.ondernemendvenlo.nl\/#\/schema\/logo\/image\/\",\"url\":\"https:\/\/www.ondernemendvenlo.nl\/wp-content\/uploads\/2025\/02\/Ondernemend-Venlo-logo-scaled.webp\",\"contentUrl\":\"https:\/\/www.ondernemendvenlo.nl\/wp-content\/uploads\/2025\/02\/Ondernemend-Venlo-logo-scaled.webp\",\"width\":2560,\"height\":1010,\"caption\":\"Ondernemend Venlo\"},\"image\":{\"@id\":\"https:\/\/www.ondernemendvenlo.nl\/#\/schema\/logo\/image\/\"},\"sameAs\":[\"https:\/\/www.linkedin.com\/company\/ondernemend-venlo\/\"]},{\"@type\":\"Person\",\"@id\":\"https:\/\/www.ondernemendvenlo.nl\/#\/schema\/person\/347e935f8ad4c7030608ef74bb57aa6e\",\"name\":\"admin\",\"image\":{\"@type\":\"ImageObject\",\"inLanguage\":\"fr-FR\",\"@id\":\"https:\/\/www.ondernemendvenlo.nl\/#\/schema\/person\/image\/\",\"url\":\"https:\/\/www.ondernemendvenlo.nl\/wp-content\/litespeed\/avatar\/720af750b037aecf6e33e12833479059.jpg?ver=1777382954\",\"contentUrl\":\"https:\/\/www.ondernemendvenlo.nl\/wp-content\/litespeed\/avatar\/720af750b037aecf6e33e12833479059.jpg?ver=1777382954\",\"caption\":\"admin\"},\"sameAs\":[\"https:\/\/www.ondernemendvenlo.nl\"]}]}<\/script>\n<!-- \/ Yoast SEO plugin. -->","yoast_head_json":{"title":"Tradeport Noord en Spikweien onder de aandacht - Ondernemend Venlo","robots":{"index":"index","follow":"follow","max-snippet":"max-snippet:-1","max-image-preview":"max-image-preview:large","max-video-preview":"max-video-preview:-1"},"canonical":"https:\/\/www.ondernemendvenlo.nl\/fr\/tradeportnoord_spikweien\/","og_locale":"fr_FR","og_type":"article","og_title":"Tradeport Noord en Spikweien onder de aandacht - Ondernemend Venlo","og_description":"Op 1 maart jl. zijn er filmopnames gemaakt op de bedrijventerreinen Tradeport Noord en Spikweien. Jacko D\u2019Agnolo vertelt in dit filmpje over duurzaamheid en parkmanager Lidy Rutten vertelt over de bedrijventerreinen zelf. In navolging van een eerste editie vorig jaar, is er ook dit jaar een SKBN On Tour. In het kort is dit een [&hellip;]","og_url":"https:\/\/www.ondernemendvenlo.nl\/fr\/tradeportnoord_spikweien\/","og_site_name":"Ondernemend Venlo","article_published_time":"2022-04-01T09:37:06+00:00","og_image":[{"width":96,"height":96,"url":"https:\/\/www.ondernemendvenlo.nl\/wp-content\/uploads\/2025\/04\/VideoPicto_96x96.png","type":"image\/png"}],"author":"admin","twitter_card":"summary_large_image","twitter_misc":{"\u00c9crit par":"admin","Dur\u00e9e de lecture estim\u00e9e":"1 minute"},"schema":{"@context":"https:\/\/schema.org","@graph":[{"@type":"Article","@id":"https:\/\/www.ondernemendvenlo.nl\/tradeportnoord_spikweien\/#article","isPartOf":{"@id":"https:\/\/www.ondernemendvenlo.nl\/tradeportnoord_spikweien\/"},"author":{"name":"admin","@id":"https:\/\/www.ondernemendvenlo.nl\/#\/schema\/person\/347e935f8ad4c7030608ef74bb57aa6e"},"headline":"Tradeport Noord en Spikweien onder de aandacht","datePublished":"2022-04-01T09:37:06+00:00","mainEntityOfPage":{"@id":"https:\/\/www.ondernemendvenlo.nl\/tradeportnoord_spikweien\/"},"wordCount":250,"publisher":{"@id":"https:\/\/www.ondernemendvenlo.nl\/#organization"},"image":{"@id":"https:\/\/www.ondernemendvenlo.nl\/tradeportnoord_spikweien\/#primaryimage"},"thumbnailUrl":"https:\/\/www.ondernemendvenlo.nl\/wp-content\/uploads\/2025\/04\/VideoPicto_96x96.png","articleSection":["Nieuws"],"inLanguage":"fr-FR"},{"@type":"WebPage","@id":"https:\/\/www.ondernemendvenlo.nl\/tradeportnoord_spikweien\/","url":"https:\/\/www.ondernemendvenlo.nl\/tradeportnoord_spikweien\/","name":"Tradeport Noord en Spikweien onder de aandacht - Ondernemend Venlo","isPartOf":{"@id":"https:\/\/www.ondernemendvenlo.nl\/#website"},"primaryImageOfPage":{"@id":"https:\/\/www.ondernemendvenlo.nl\/tradeportnoord_spikweien\/#primaryimage"},"image":{"@id":"https:\/\/www.ondernemendvenlo.nl\/tradeportnoord_spikweien\/#primaryimage"},"thumbnailUrl":"https:\/\/www.ondernemendvenlo.nl\/wp-content\/uploads\/2025\/04\/VideoPicto_96x96.png","datePublished":"2022-04-01T09:37:06+00:00","breadcrumb":{"@id":"https:\/\/www.ondernemendvenlo.nl\/tradeportnoord_spikweien\/#breadcrumb"},"inLanguage":"fr-FR","potentialAction":[{"@type":"ReadAction","target":["https:\/\/www.ondernemendvenlo.nl\/tradeportnoord_spikweien\/"]}]},{"@type":"ImageObject","inLanguage":"fr-FR","@id":"https:\/\/www.ondernemendvenlo.nl\/tradeportnoord_spikweien\/#primaryimage","url":"https:\/\/www.ondernemendvenlo.nl\/wp-content\/uploads\/2025\/04\/VideoPicto_96x96.png","contentUrl":"https:\/\/www.ondernemendvenlo.nl\/wp-content\/uploads\/2025\/04\/VideoPicto_96x96.png","width":96,"height":96},{"@type":"BreadcrumbList","@id":"https:\/\/www.ondernemendvenlo.nl\/tradeportnoord_spikweien\/#breadcrumb","itemListElement":[{"@type":"ListItem","position":1,"name":"Ondernemend Venlo","item":"https:\/\/www.ondernemendvenlo.nl\/"},{"@type":"ListItem","position":2,"name":"Nieuws","item":"https:\/\/www.ondernemendvenlo.nl\/categorie\/nieuws\/"},{"@type":"ListItem","position":3,"name":"Tradeport Noord en Spikweien onder de aandacht"}]},{"@type":"WebSite","@id":"https:\/\/www.ondernemendvenlo.nl\/#website","url":"https:\/\/www.ondernemendvenlo.nl\/","name":"Venlo entrepreneurial","description":"Travailler ensemble avec succ\u00e8s","publisher":{"@id":"https:\/\/www.ondernemendvenlo.nl\/#organization"},"potentialAction":[{"@type":"SearchAction","target":{"@type":"EntryPoint","urlTemplate":"https:\/\/www.ondernemendvenlo.nl\/?s={search_term_string}"},"query-input":{"@type":"PropertyValueSpecification","valueRequired":true,"valueName":"search_term_string"}}],"inLanguage":"fr-FR"},{"@type":"Organization","@id":"https:\/\/www.ondernemendvenlo.nl\/#organization","name":"Venlo entrepreneurial","url":"https:\/\/www.ondernemendvenlo.nl\/","logo":{"@type":"ImageObject","inLanguage":"fr-FR","@id":"https:\/\/www.ondernemendvenlo.nl\/#\/schema\/logo\/image\/","url":"https:\/\/www.ondernemendvenlo.nl\/wp-content\/uploads\/2025\/02\/Ondernemend-Venlo-logo-scaled.webp","contentUrl":"https:\/\/www.ondernemendvenlo.nl\/wp-content\/uploads\/2025\/02\/Ondernemend-Venlo-logo-scaled.webp","width":2560,"height":1010,"caption":"Ondernemend Venlo"},"image":{"@id":"https:\/\/www.ondernemendvenlo.nl\/#\/schema\/logo\/image\/"},"sameAs":["https:\/\/www.linkedin.com\/company\/ondernemend-venlo\/"]},{"@type":"Person","@id":"https:\/\/www.ondernemendvenlo.nl\/#\/schema\/person\/347e935f8ad4c7030608ef74bb57aa6e","name":"admin","image":{"@type":"ImageObject","inLanguage":"fr-FR","@id":"https:\/\/www.ondernemendvenlo.nl\/#\/schema\/person\/image\/","url":"https:\/\/www.ondernemendvenlo.nl\/wp-content\/litespeed\/avatar\/720af750b037aecf6e33e12833479059.jpg?ver=1777382954","contentUrl":"https:\/\/www.ondernemendvenlo.nl\/wp-content\/litespeed\/avatar\/720af750b037aecf6e33e12833479059.jpg?ver=1777382954","caption":"admin"},"sameAs":["https:\/\/www.ondernemendvenlo.nl"]}]}},"_links":{"self":[{"href":"https:\/\/www.ondernemendvenlo.nl\/fr\/wp-json\/wp\/v2\/posts\/2656","targetHints":{"allow":["GET"]}}],"collection":[{"href":"https:\/\/www.ondernemendvenlo.nl\/fr\/wp-json\/wp\/v2\/posts"}],"about":[{"href":"https:\/\/www.ondernemendvenlo.nl\/fr\/wp-json\/wp\/v2\/types\/post"}],"author":[{"embeddable":true,"href":"https:\/\/www.ondernemendvenlo.nl\/fr\/wp-json\/wp\/v2\/users\/1"}],"replies":[{"embeddable":true,"href":"https:\/\/www.ondernemendvenlo.nl\/fr\/wp-json\/wp\/v2\/comments?post=2656"}],"version-history":[{"count":0,"href":"https:\/\/www.ondernemendvenlo.nl\/fr\/wp-json\/wp\/v2\/posts\/2656\/revisions"}],"wp:featuredmedia":[{"embeddable":true,"href":"https:\/\/www.ondernemendvenlo.nl\/fr\/wp-json\/wp\/v2\/media\/2657"}],"wp:attachment":[{"href":"https:\/\/www.ondernemendvenlo.nl\/fr\/wp-json\/wp\/v2\/media?parent=2656"}],"wp:term":[{"taxonomy":"category","embeddable":true,"href":"https:\/\/www.ondernemendvenlo.nl\/fr\/wp-json\/wp\/v2\/categories?post=2656"},{"taxonomy":"post_tag","embeddable":true,"href":"https:\/\/www.ondernemendvenlo.nl\/fr\/wp-json\/wp\/v2\/tags?post=2656"}],"curies":[{"name":"wp","href":"https:\/\/api.w.org\/{rel}","templated":true}]}}