{"id":2751,"date":"2022-07-06T13:14:37","date_gmt":"2022-07-06T11:14:37","guid":{"rendered":"https:\/\/www.ondernemendvenlo.nl\/contact-met-klanten-moet-niet-te-stijfjes-zijn\/"},"modified":"2022-07-06T13:14:37","modified_gmt":"2022-07-06T11:14:37","slug":"contact-met-klanten-moet-niet-te-stijfjes-zijn","status":"publish","type":"post","link":"https:\/\/www.ondernemendvenlo.nl\/fr\/contact-met-klanten-moet-niet-te-stijfjes-zijn\/","title":{"rendered":"&#8216;Contact met klanten moet niet te stijfjes zijn&#8217;"},"content":{"rendered":"<div id=\"_idContainer234\" class=\"_idGenObjectStyleOverride-1\">\n<p><strong>Venlonaren\u00a0<\/strong><a href=\"https:\/\/www.linkedin.com\/in\/pascalotjens\/\" class=\"external\" target=\"_blank\" rel=\"noopener\"><strong>Pascal Otjens <\/strong><\/a><strong>et\u00a0<\/strong><a href=\"https:\/\/www.linkedin.com\/in\/erwin-huzen-5820a716\/\" class=\"external\" target=\"_blank\" rel=\"noopener\"><strong>Erwin Huzen<\/strong><\/a> o<strong>penden in 2019 detacheringsbureau <a href=\"https:\/\/www.motivz.nl\/\" class=\"external\" target=\"_blank\" rel=\"noopener\">Motivz<\/a> in Venlo. Deze twee jonge ondernemers kennen elkaar van kinds af aan, hebben beiden een studie- en werkachtergrond in human resource en een passie voor techniek. Daarom besloten ze hun krachten te bundelen om hun gezamenlijke droom waar te maken.\u00a0<span class=\"afbreken-einde-zin\">Le\u00a0<\/span>heren spitsen zich toe op vacatures in de technische wereld.\u00a0<span class=\"afbreken-einde-zin\">\"Il\u00a0<\/span>eerste jaar verliep heel goed, maar al snel kregen we te maken met corona en een markt waarin veel vacatures \u2018on hold\u2019 werden gezet. Ondanks dat zijn we gegroeid\u201d, aldus Otjens.<\/strong><\/p>\n<p class=\"Kop\">In een klein kantoor aan de Kaldenkerkerweg startten de heren drie jaar geleden detacheringsbureau Motivz. Omdat ze vanuit hun vorige werkgevers een concurrentiebeding hadden ondertekend, moesten ze zelf bedrijven benaderen waarmee ze nog niet eerder hadden samengewerkt. <span class=\"afbreken-einde-zin\">\"Nous\u00a0<\/span>zijn vanaf nul gestart\u201d, vertelt Erwin Huzen.\u00a0<span class=\"afbreken-einde-zin\">\u201dOp\u00a0<\/span>onze eerste werkdag zijn we begonnen met bellen, bellen en nog eens bellen.\u00a0<span class=\"afbreken-einde-zin\">Cela\u00a0<\/span>we nu in drie jaar tijd drie interne werknemers hebben aangenomen, naar een groter pand aan het Julianapark zijn verhuisd en door heel Nederland opdrachtgevers hebben, wil zeggen dat we aardig op weg zijn. Daar zijn we trots op.\u201d<\/p>\n<\/div>\n<div id=\"_idContainer235\" class=\"Basistekstkader\">\n<p class=\"Tussenkopje\"><strong>Techniek<br \/>\n<\/strong>De vacatures waarvoor Motivz werft, lopen uiteen van software en mechanical engineers tot service technicians en cleanroom monteurs.\u00a0<span class=\"afbreken-einde-zin\">\"Nous\u00a0<\/span>hebben uiteenlopende vacatures, van mbo+- tot en met wo-niveau.\u00a0<span class=\"afbreken-einde-zin\">Donc\u00a0<\/span>kunnen we breed op de markt opdrachtgevers van geschikt personeel voorzien\u201d, zegt Erwin.\u00a0<span class=\"afbreken-einde-zin\">Le\u00a0<\/span>heren kozen ervoor om een detacheringsbedrijf te starten. Nadat werknemers een bepaald aantal uren hebben gewerkt, mogen de opdrachtgevers de krachten kosteloos overnemen.\u00a0<span class=\"afbreken-einde-zin\">\"Nous\u00a0<\/span>wisten dat veel bedrijven een deel van hun werknemers in de flexibele schil willen aannemen, zodat ze mee kunnen veren met de veranderende economie. Daar springen wij op in\u201d, zegt Pascal Otjens. Motivz richt zich puur en alleen op organisaties in de techsector. Daar hebben de heren vanuit hun werkverleden affiniteit en veel ervaring mee.\u00a0<span class=\"afbreken-einde-zin\">\"Aussi\u00a0<\/span>kozen we voor de techniek omdat deze branche niet enorm conjunctuurgevoelig is\u201d, vertelt Otjens.\u00a0<span class=\"afbreken-einde-zin\">E\u00e9n\u00a0<\/span>jaar na hun start kwam corona om de hoek kijken. \u201cNagenoeg alle openstaande vacatures bij onze opdrachtgevers werden \u2018on hold\u2019 gezet. Gelukkig bleven de lopende opdrachten wel gewoon doorgaan. Uiteindelijk zijn we in deze periode zelfs gegroeid.\u00a0<span class=\"afbreken-einde-zin\">Donc\u00a0<\/span>voor een startende organisatie hebben we het er goed vanaf gebracht in de coronaperiode.\u201d<\/p>\n<p class=\"Tussenkopje\"><strong>Latent werkzoekenden<br \/>\n<\/strong>Er zijn op dit moment in Nederland meer vacatures dan werk-lozen, iets wat in vijftig jaar tijd niet is voorgekomen. Voor veel bedrijven is het moeilijk om aan werknemers te komen.\u00a0<span class=\"afbreken-einde-zin\">\"Nous\u00a0<\/span>richten ons daarom op mensen die al een baan hebben en goed op hun plek zitten, maar bij een beter aanbod openstaan voor een gesprek\u201d, legt Otjens uit. \u201cLatent werkzoekenden noem je die. \u2018Move on\u2019 is dan ook ons motto.\u201d Omdat er veel concurrentie is, proberen de heren zich te onderscheiden door zo puur mogelijk te zijn naar hun opdrachtgevers en werknemers. \u201cOpenheid en transparantie vinden wij heel belangrijk. Soms moeten we een \u2018nee\u2019 verkopen, maar mensen kunnen onze eerlijkheid juist waarderen.\u00a0<span class=\"afbreken-einde-zin\">En outre\u00a0<\/span>bieden we onze werknemers goede arbeidsvoorwaarden, persoonlijke ontwikkelingsplannen, begeleiding en regelen we hun pensioen. Maar het allerbelangrijkste vinden wij humor.\u00a0<span class=\"afbreken-einde-zin\">Le\u00a0<\/span>contact met opdrachtgevers en werknemers moet niet te stijfjes zijn.\u00a0<span class=\"afbreken-einde-zin\">Nous\u00a0<\/span>lachen ons wat af hier op kantoor.\u201d<\/p>\n<blockquote>\n<p><span class=\"CharOverride-21\">\u2018We hebben uiteenlopende vacatures om breed op de markt opdrachtgevers te voorzien\u2019<\/span><\/p>\n<\/blockquote>\n<p class=\"Tussenkopje\"><strong>Gouden combinatie<br \/>\n<\/strong>Volgens de jonge ondernemers is hun samenwerking als vrienden een goede zet geweest. \u201cOnze omgeving heeft ons vanaf het begin af aan gesteund, maar men heeft ons er ook op gewezen dat deze onderneming onze vriendschap niet in de weg moet staan.\u00a0<span class=\"afbreken-einde-zin\">Nous\u00a0<\/span>waren ervan overtuigd dat dit geen probleem zou gaan geven.\u00a0<span class=\"afbreken-einde-zin\">Nous\u00a0<\/span>kennen elkaar immers door en door en weten wat we aan elkaar hebben\u201d, zegt Huzen. \u201cErwin is een doener, ik ben een denker\u201d, vult Otjens aan. \u201cWaar ik soms te lang over iets twijfel, hakt hij de knoop door. Maar waar Erwin soms te impulsief kan zijn, stel ik voor om er nog eens goed over na te denken.\u00a0<span class=\"afbreken-einde-zin\">Apr\u00e8s\u00a0<\/span>drie jaar kunnen we concluderen dat onze samenwerking goed gaat.\u00a0<span class=\"afbreken-einde-zin\">Nous\u00a0<\/span>blijken een gouden combinatie.\u201d<\/p>\n<p class=\"Tussenkopje\">\n<\/div>\n<div id=\"_idContainer236\" class=\"_idGenObjectStyleOverride-1\">\n<p class=\"Intro-zwart ParaOverride-4\">\n<\/div>\n<div id=\"_idContainer237\" class=\"Basistekstkader\">\n<p class=\"rubriek-naam\">\n<\/div>\n<div id=\"_idContainer238\" class=\"Basisafbeeldingskader _idGenObjectStyleOverride-1\">\n<p class=\"Quote ParaOverride-13\">\n<\/div>","protected":false},"excerpt":{"rendered":"<p>Venlonaren\u00a0Pascal Otjens en\u00a0Erwin Huzen openden in 2019 detacheringsbureau Motivz in Venlo. Deze twee jonge ondernemers kennen elkaar van kinds af aan, hebben beiden een studie- en werkachtergrond in human resource en een passie voor techniek. Daarom besloten ze hun krachten te bundelen om hun gezamenlijke droom waar te maken.\u00a0De\u00a0heren spitsen zich toe op vacatures in [&hellip;]<\/p>","protected":false},"author":1,"featured_media":0,"comment_status":"closed","ping_status":"open","sticky":false,"template":"","format":"standard","meta":{"_acf_changed":false,"footnotes":""},"categories":[8],"tags":[],"class_list":["post-2751","post","type-post","status-publish","format-standard","hentry","category-nieuws"],"acf":[],"yoast_head":"<!-- This site is optimized with the Yoast SEO plugin v26.3 - https:\/\/yoast.com\/wordpress\/plugins\/seo\/ -->\n<title>&#8216;Contact met klanten moet niet te stijfjes zijn&#8217; - Ondernemend Venlo<\/title>\n<meta name=\"robots\" content=\"index, follow, max-snippet:-1, max-image-preview:large, max-video-preview:-1\" \/>\n<link rel=\"canonical\" href=\"https:\/\/www.ondernemendvenlo.nl\/fr\/contact-met-klanten-moet-niet-te-stijfjes-zijn\/\" \/>\n<meta property=\"og:locale\" content=\"fr_FR\" \/>\n<meta property=\"og:type\" content=\"article\" \/>\n<meta property=\"og:title\" content=\"&#8216;Contact met klanten moet niet te stijfjes zijn&#8217; - Ondernemend Venlo\" \/>\n<meta property=\"og:description\" content=\"Venlonaren\u00a0Pascal Otjens en\u00a0Erwin Huzen openden in 2019 detacheringsbureau Motivz in Venlo. Deze twee jonge ondernemers kennen elkaar van kinds af aan, hebben beiden een studie- en werkachtergrond in human resource en een passie voor techniek. Daarom besloten ze hun krachten te bundelen om hun gezamenlijke droom waar te maken.\u00a0De\u00a0heren spitsen zich toe op vacatures in [&hellip;]\" \/>\n<meta property=\"og:url\" content=\"https:\/\/www.ondernemendvenlo.nl\/fr\/contact-met-klanten-moet-niet-te-stijfjes-zijn\/\" \/>\n<meta property=\"og:site_name\" content=\"Ondernemend Venlo\" \/>\n<meta property=\"article:published_time\" content=\"2022-07-06T11:14:37+00:00\" \/>\n<meta name=\"author\" content=\"admin\" \/>\n<meta name=\"twitter:card\" content=\"summary_large_image\" \/>\n<meta name=\"twitter:label1\" content=\"\u00c9crit par\" \/>\n\t<meta name=\"twitter:data1\" content=\"admin\" \/>\n\t<meta name=\"twitter:label2\" content=\"Dur\u00e9e de lecture estim\u00e9e\" \/>\n\t<meta name=\"twitter:data2\" content=\"3 minutes\" \/>\n<script type=\"application\/ld+json\" class=\"yoast-schema-graph\">{\"@context\":\"https:\/\/schema.org\",\"@graph\":[{\"@type\":\"Article\",\"@id\":\"https:\/\/www.ondernemendvenlo.nl\/contact-met-klanten-moet-niet-te-stijfjes-zijn\/#article\",\"isPartOf\":{\"@id\":\"https:\/\/www.ondernemendvenlo.nl\/contact-met-klanten-moet-niet-te-stijfjes-zijn\/\"},\"author\":{\"name\":\"admin\",\"@id\":\"https:\/\/www.ondernemendvenlo.nl\/#\/schema\/person\/347e935f8ad4c7030608ef74bb57aa6e\"},\"headline\":\"&#8216;Contact met klanten moet niet te stijfjes zijn&#8217;\",\"datePublished\":\"2022-07-06T11:14:37+00:00\",\"mainEntityOfPage\":{\"@id\":\"https:\/\/www.ondernemendvenlo.nl\/contact-met-klanten-moet-niet-te-stijfjes-zijn\/\"},\"wordCount\":692,\"publisher\":{\"@id\":\"https:\/\/www.ondernemendvenlo.nl\/#organization\"},\"articleSection\":[\"Nieuws\"],\"inLanguage\":\"fr-FR\"},{\"@type\":\"WebPage\",\"@id\":\"https:\/\/www.ondernemendvenlo.nl\/contact-met-klanten-moet-niet-te-stijfjes-zijn\/\",\"url\":\"https:\/\/www.ondernemendvenlo.nl\/contact-met-klanten-moet-niet-te-stijfjes-zijn\/\",\"name\":\"&#8216;Contact met klanten moet niet te stijfjes zijn&#8217; - Ondernemend Venlo\",\"isPartOf\":{\"@id\":\"https:\/\/www.ondernemendvenlo.nl\/#website\"},\"datePublished\":\"2022-07-06T11:14:37+00:00\",\"breadcrumb\":{\"@id\":\"https:\/\/www.ondernemendvenlo.nl\/contact-met-klanten-moet-niet-te-stijfjes-zijn\/#breadcrumb\"},\"inLanguage\":\"fr-FR\",\"potentialAction\":[{\"@type\":\"ReadAction\",\"target\":[\"https:\/\/www.ondernemendvenlo.nl\/contact-met-klanten-moet-niet-te-stijfjes-zijn\/\"]}]},{\"@type\":\"BreadcrumbList\",\"@id\":\"https:\/\/www.ondernemendvenlo.nl\/contact-met-klanten-moet-niet-te-stijfjes-zijn\/#breadcrumb\",\"itemListElement\":[{\"@type\":\"ListItem\",\"position\":1,\"name\":\"Ondernemend Venlo\",\"item\":\"https:\/\/www.ondernemendvenlo.nl\/\"},{\"@type\":\"ListItem\",\"position\":2,\"name\":\"Nieuws\",\"item\":\"https:\/\/www.ondernemendvenlo.nl\/categorie\/nieuws\/\"},{\"@type\":\"ListItem\",\"position\":3,\"name\":\"&#8216;Contact met klanten moet niet te stijfjes zijn&#8217;\"}]},{\"@type\":\"WebSite\",\"@id\":\"https:\/\/www.ondernemendvenlo.nl\/#website\",\"url\":\"https:\/\/www.ondernemendvenlo.nl\/\",\"name\":\"Ondernemend Venlo\",\"description\":\"Samen succesvol ondernemen\",\"publisher\":{\"@id\":\"https:\/\/www.ondernemendvenlo.nl\/#organization\"},\"potentialAction\":[{\"@type\":\"SearchAction\",\"target\":{\"@type\":\"EntryPoint\",\"urlTemplate\":\"https:\/\/www.ondernemendvenlo.nl\/?s={search_term_string}\"},\"query-input\":{\"@type\":\"PropertyValueSpecification\",\"valueRequired\":true,\"valueName\":\"search_term_string\"}}],\"inLanguage\":\"fr-FR\"},{\"@type\":\"Organization\",\"@id\":\"https:\/\/www.ondernemendvenlo.nl\/#organization\",\"name\":\"Ondernemend Venlo\",\"url\":\"https:\/\/www.ondernemendvenlo.nl\/\",\"logo\":{\"@type\":\"ImageObject\",\"inLanguage\":\"fr-FR\",\"@id\":\"https:\/\/www.ondernemendvenlo.nl\/#\/schema\/logo\/image\/\",\"url\":\"https:\/\/www.ondernemendvenlo.nl\/wp-content\/uploads\/2025\/02\/Ondernemend-Venlo-logo-scaled.webp\",\"contentUrl\":\"https:\/\/www.ondernemendvenlo.nl\/wp-content\/uploads\/2025\/02\/Ondernemend-Venlo-logo-scaled.webp\",\"width\":2560,\"height\":1010,\"caption\":\"Ondernemend Venlo\"},\"image\":{\"@id\":\"https:\/\/www.ondernemendvenlo.nl\/#\/schema\/logo\/image\/\"},\"sameAs\":[\"https:\/\/www.linkedin.com\/company\/ondernemend-venlo\/\"]},{\"@type\":\"Person\",\"@id\":\"https:\/\/www.ondernemendvenlo.nl\/#\/schema\/person\/347e935f8ad4c7030608ef74bb57aa6e\",\"name\":\"admin\",\"image\":{\"@type\":\"ImageObject\",\"inLanguage\":\"fr-FR\",\"@id\":\"https:\/\/www.ondernemendvenlo.nl\/#\/schema\/person\/image\/\",\"url\":\"https:\/\/www.ondernemendvenlo.nl\/wp-content\/litespeed\/avatar\/720af750b037aecf6e33e12833479059.jpg?ver=1777382954\",\"contentUrl\":\"https:\/\/www.ondernemendvenlo.nl\/wp-content\/litespeed\/avatar\/720af750b037aecf6e33e12833479059.jpg?ver=1777382954\",\"caption\":\"admin\"},\"sameAs\":[\"https:\/\/www.ondernemendvenlo.nl\"]}]}<\/script>\n<!-- \/ Yoast SEO plugin. -->","yoast_head_json":{"title":"&#8216;Contact met klanten moet niet te stijfjes zijn&#8217; - Ondernemend Venlo","robots":{"index":"index","follow":"follow","max-snippet":"max-snippet:-1","max-image-preview":"max-image-preview:large","max-video-preview":"max-video-preview:-1"},"canonical":"https:\/\/www.ondernemendvenlo.nl\/fr\/contact-met-klanten-moet-niet-te-stijfjes-zijn\/","og_locale":"fr_FR","og_type":"article","og_title":"&#8216;Contact met klanten moet niet te stijfjes zijn&#8217; - Ondernemend Venlo","og_description":"Venlonaren\u00a0Pascal Otjens en\u00a0Erwin Huzen openden in 2019 detacheringsbureau Motivz in Venlo. Deze twee jonge ondernemers kennen elkaar van kinds af aan, hebben beiden een studie- en werkachtergrond in human resource en een passie voor techniek. Daarom besloten ze hun krachten te bundelen om hun gezamenlijke droom waar te maken.\u00a0De\u00a0heren spitsen zich toe op vacatures in [&hellip;]","og_url":"https:\/\/www.ondernemendvenlo.nl\/fr\/contact-met-klanten-moet-niet-te-stijfjes-zijn\/","og_site_name":"Ondernemend Venlo","article_published_time":"2022-07-06T11:14:37+00:00","author":"admin","twitter_card":"summary_large_image","twitter_misc":{"\u00c9crit par":"admin","Dur\u00e9e de lecture estim\u00e9e":"3 minutes"},"schema":{"@context":"https:\/\/schema.org","@graph":[{"@type":"Article","@id":"https:\/\/www.ondernemendvenlo.nl\/contact-met-klanten-moet-niet-te-stijfjes-zijn\/#article","isPartOf":{"@id":"https:\/\/www.ondernemendvenlo.nl\/contact-met-klanten-moet-niet-te-stijfjes-zijn\/"},"author":{"name":"admin","@id":"https:\/\/www.ondernemendvenlo.nl\/#\/schema\/person\/347e935f8ad4c7030608ef74bb57aa6e"},"headline":"&#8216;Contact met klanten moet niet te stijfjes zijn&#8217;","datePublished":"2022-07-06T11:14:37+00:00","mainEntityOfPage":{"@id":"https:\/\/www.ondernemendvenlo.nl\/contact-met-klanten-moet-niet-te-stijfjes-zijn\/"},"wordCount":692,"publisher":{"@id":"https:\/\/www.ondernemendvenlo.nl\/#organization"},"articleSection":["Nieuws"],"inLanguage":"fr-FR"},{"@type":"WebPage","@id":"https:\/\/www.ondernemendvenlo.nl\/contact-met-klanten-moet-niet-te-stijfjes-zijn\/","url":"https:\/\/www.ondernemendvenlo.nl\/contact-met-klanten-moet-niet-te-stijfjes-zijn\/","name":"&#8216;Contact met klanten moet niet te stijfjes zijn&#8217; - Ondernemend Venlo","isPartOf":{"@id":"https:\/\/www.ondernemendvenlo.nl\/#website"},"datePublished":"2022-07-06T11:14:37+00:00","breadcrumb":{"@id":"https:\/\/www.ondernemendvenlo.nl\/contact-met-klanten-moet-niet-te-stijfjes-zijn\/#breadcrumb"},"inLanguage":"fr-FR","potentialAction":[{"@type":"ReadAction","target":["https:\/\/www.ondernemendvenlo.nl\/contact-met-klanten-moet-niet-te-stijfjes-zijn\/"]}]},{"@type":"BreadcrumbList","@id":"https:\/\/www.ondernemendvenlo.nl\/contact-met-klanten-moet-niet-te-stijfjes-zijn\/#breadcrumb","itemListElement":[{"@type":"ListItem","position":1,"name":"Ondernemend Venlo","item":"https:\/\/www.ondernemendvenlo.nl\/"},{"@type":"ListItem","position":2,"name":"Nieuws","item":"https:\/\/www.ondernemendvenlo.nl\/categorie\/nieuws\/"},{"@type":"ListItem","position":3,"name":"&#8216;Contact met klanten moet niet te stijfjes zijn&#8217;"}]},{"@type":"WebSite","@id":"https:\/\/www.ondernemendvenlo.nl\/#website","url":"https:\/\/www.ondernemendvenlo.nl\/","name":"Venlo entrepreneurial","description":"Travailler ensemble avec succ\u00e8s","publisher":{"@id":"https:\/\/www.ondernemendvenlo.nl\/#organization"},"potentialAction":[{"@type":"SearchAction","target":{"@type":"EntryPoint","urlTemplate":"https:\/\/www.ondernemendvenlo.nl\/?s={search_term_string}"},"query-input":{"@type":"PropertyValueSpecification","valueRequired":true,"valueName":"search_term_string"}}],"inLanguage":"fr-FR"},{"@type":"Organization","@id":"https:\/\/www.ondernemendvenlo.nl\/#organization","name":"Venlo entrepreneurial","url":"https:\/\/www.ondernemendvenlo.nl\/","logo":{"@type":"ImageObject","inLanguage":"fr-FR","@id":"https:\/\/www.ondernemendvenlo.nl\/#\/schema\/logo\/image\/","url":"https:\/\/www.ondernemendvenlo.nl\/wp-content\/uploads\/2025\/02\/Ondernemend-Venlo-logo-scaled.webp","contentUrl":"https:\/\/www.ondernemendvenlo.nl\/wp-content\/uploads\/2025\/02\/Ondernemend-Venlo-logo-scaled.webp","width":2560,"height":1010,"caption":"Ondernemend Venlo"},"image":{"@id":"https:\/\/www.ondernemendvenlo.nl\/#\/schema\/logo\/image\/"},"sameAs":["https:\/\/www.linkedin.com\/company\/ondernemend-venlo\/"]},{"@type":"Person","@id":"https:\/\/www.ondernemendvenlo.nl\/#\/schema\/person\/347e935f8ad4c7030608ef74bb57aa6e","name":"admin","image":{"@type":"ImageObject","inLanguage":"fr-FR","@id":"https:\/\/www.ondernemendvenlo.nl\/#\/schema\/person\/image\/","url":"https:\/\/www.ondernemendvenlo.nl\/wp-content\/litespeed\/avatar\/720af750b037aecf6e33e12833479059.jpg?ver=1777382954","contentUrl":"https:\/\/www.ondernemendvenlo.nl\/wp-content\/litespeed\/avatar\/720af750b037aecf6e33e12833479059.jpg?ver=1777382954","caption":"admin"},"sameAs":["https:\/\/www.ondernemendvenlo.nl"]}]}},"_links":{"self":[{"href":"https:\/\/www.ondernemendvenlo.nl\/fr\/wp-json\/wp\/v2\/posts\/2751","targetHints":{"allow":["GET"]}}],"collection":[{"href":"https:\/\/www.ondernemendvenlo.nl\/fr\/wp-json\/wp\/v2\/posts"}],"about":[{"href":"https:\/\/www.ondernemendvenlo.nl\/fr\/wp-json\/wp\/v2\/types\/post"}],"author":[{"embeddable":true,"href":"https:\/\/www.ondernemendvenlo.nl\/fr\/wp-json\/wp\/v2\/users\/1"}],"replies":[{"embeddable":true,"href":"https:\/\/www.ondernemendvenlo.nl\/fr\/wp-json\/wp\/v2\/comments?post=2751"}],"version-history":[{"count":0,"href":"https:\/\/www.ondernemendvenlo.nl\/fr\/wp-json\/wp\/v2\/posts\/2751\/revisions"}],"wp:attachment":[{"href":"https:\/\/www.ondernemendvenlo.nl\/fr\/wp-json\/wp\/v2\/media?parent=2751"}],"wp:term":[{"taxonomy":"category","embeddable":true,"href":"https:\/\/www.ondernemendvenlo.nl\/fr\/wp-json\/wp\/v2\/categories?post=2751"},{"taxonomy":"post_tag","embeddable":true,"href":"https:\/\/www.ondernemendvenlo.nl\/fr\/wp-json\/wp\/v2\/tags?post=2751"}],"curies":[{"name":"wp","href":"https:\/\/api.w.org\/{rel}","templated":true}]}}