{"id":2752,"date":"2022-07-06T13:07:12","date_gmt":"2022-07-06T11:07:12","guid":{"rendered":"https:\/\/www.ondernemendvenlo.nl\/beheer-openbaar-groen-wordt-aangepakt\/"},"modified":"2022-07-06T13:07:12","modified_gmt":"2022-07-06T11:07:12","slug":"beheer-openbaar-groen-wordt-aangepakt","status":"publish","type":"post","link":"https:\/\/www.ondernemendvenlo.nl\/fr\/beheer-openbaar-groen-wordt-aangepakt\/","title":{"rendered":"Beheer openbaar groen wordt aangepakt"},"content":{"rendered":"<div id=\"_idContainer205\" class=\"Basisafbeeldingskader _idGenObjectStyleOverride-1\">\n<p class=\"Quote ParaOverride-11\"><a href=\"https:\/\/www.linkedin.com\/company\/ondernemend-venlo\/\" class=\"external\" target=\"_blank\" rel=\"noopener\"><strong>Venlo entrepreneurial\u00a0<\/strong><\/a><strong>en de <\/strong><strong><a href=\"https:\/\/www.linkedin.com\/company\/gemeente-venlo\/?originalSubdomain=nl\" class=\"external\" target=\"_blank\" rel=\"noopener\">gemeente Venlo\u00a0<\/a><\/strong><strong>hebben hun handen ineengeslagen om de vergroening en verduurzaming van de Venlose bedrijventerreinen aan te pakken. <span class=\"afbreken-einde-zin\">Au\u00a0<\/span>de werkgroep Beheer Openbaar Groen is een nauwe samenwerking tussen gemeente en Ondernemend Venlo.\u00a0<span class=\"afbreken-einde-zin\">R\u00e9cup\u00e9r\u00e9 de\u00a0<\/span>initiatief van deze werkgroep zijn\u00a0<\/strong><strong><a href=\"https:\/\/www.linkedin.com\/in\/lidyrutten\/\" class=\"external\" target=\"_blank\" rel=\"noopener\">Lidy Rutten\u00a0<\/a><\/strong><strong>(parkmanager Ondernemend Venlo) en\u00a0<\/strong><a href=\"https:\/\/www.linkedin.com\/in\/marco-verhaegh-6164a932\/\" class=\"external\" target=\"_blank\" rel=\"noopener\"><strong>Marco Verhaegh\u00a0<\/strong><\/a><strong> (technisch specialist groen, gemeente Venlo) samen een rondje langs alle bedrijventerreinen gaan rijden om de problematiek met eigen ogen te zien. Hiervan is een rapport gemaakt en worden er nieuwe projecten uitgerold.<\/strong><\/p>\n<\/div>\n<div id=\"_idContainer207\" class=\"Basistekstkader\">\n<p class=\"rubriek-naam\">Verwilderde plantsoenen, kwalitatief mindere bomen en beschadigde bermen; het zijn allemaal kwesties die zich afspelen op de Venlose bedrijventerreinen. Lidy Rutten maakte er als parkmanager de afgelopen jaren meerdere malen melding van bij de gemeente Venlo. <span class=\"afbreken-einde-zin\">\"Il y a\u00a0<\/span>werd geen directe actie ondernomen\u201d, zegt ze.<\/p>\n<\/div>\n<blockquote>\n<p>&#8216;Door er samen over te praten, krijg je interactie. Dat leidt naar mijn mening tot een goed eindresultaat&#8217;<\/p>\n<\/blockquote>\n<div id=\"_idContainer207\" class=\"Basistekstkader\">\n<p class=\"rubriek-naam\">Dat zorgde voor frustraties, met als gevolg dat meerdere werkgroepen van Ondernemend Venlo sneuvelden.\u00a0<span class=\"afbreken-einde-zin\">\"Il y a\u00a0<\/span>werd niet goed samengewerkt\u201d, zegt\u00a0<a href=\"https:\/\/www.linkedin.com\/in\/jpmschreurs\/\" class=\"external\" target=\"_blank\" rel=\"noopener\">Hans Schreurs,<\/a>\u00a0voorzitter van de werkgroep \u2018Beheer Openbaar Groen Ondernemend Venlo\u2019.\u00a0<span class=\"afbreken-einde-zin\">\u201cBij\u00a0<\/span>de nieuwe start zijn we met de gemeente om tafel gaan zitten en hebben we duidelijk gemaakt dat samenwerken noodzakelijk is om verder te komen.\u201d Met deze insteek en enkele nieuwe leden werd een nieuwe commissie geboren. Beide partijen hadden dezelfde doelstelling: het onderhoud verbeteren en het verduurzamen van de bedrijventerreinen.\u00a0<span class=\"afbreken-einde-zin\">\"Il\u00a0<\/span>was belangrijk dat de traditionele cultuur binnen de gemeente Venlo meer open moest worden.\u00a0<span class=\"afbreken-einde-zin\">Le pr\u00e9sent\u00a0<\/span>is mede dankzij het initiatief van Rutten en Verhaegh goed gelukt.\u201d<\/p>\n<\/div>\n<div id=\"_idContainer208\" class=\"Basistekstkader\">\n<p class=\"Tussenkopje\"><strong>Het werkveld in<\/strong><br \/>\nLidy Rutten en Marco Verhaegh bezochten in april samen alle twintig Venlose bedrijventerreinen. \u201cZo\u2019n actie was nog nooit uitgevoerd, het was voor beide partijen een echte openbaring\u201d, zegt Rutten. \u201cVerhaegh schrok op diverse locaties van de situatie.\u00a0<span class=\"afbreken-einde-zin\">Le\u00a0<\/span>ziet er niet uit\u201d, was zijn eerste reactie.\u00a0<span class=\"afbreken-einde-zin\">Le\u00a0<\/span>voelde fijn om als Ondernemend Venlo die bevestiging te krijgen; eindelijk begreep de gemeente wat wij bedoelden.\u201d<\/p>\n<p class=\"Tussenkopje\"><strong>In kaart brengen<br \/>\n<\/strong>Volgens Verhaegh zijn er meerdere belangrijke factoren waardoor de gemeente het groen op de bedrijventerreinen de afgelopen jaren niet voldoende heeft kunnen bijhouden. \u201cOnderbezetting is er \u00e9\u00e9n van\u201d, zegt hij. \u201cGelukkig telt de groenafdeling sinds eind vorig jaar meer collega\u2019s, omdat groen voor de gemeente een steeds belangrijkere functie krijgt. Onze openbare ruimte bestaat voor een overgroot gedeelte uit groene elementen. Deze vormen het dagelijks decor voor onze burgers en bedrijven.\u00a0<span class=\"afbreken-einde-zin\">Au\u00a0<\/span>een verzorgde groene openbare ruimte woon, werk en leef je prettiger.\u201d Daarnaast kwam Verhaegh er door het veldonderzoek achter dat het beheersysteem niet helemaal up-to-date is.\u00a0\u201cOmdat de openbare ruimte aan verandering onderhevig is, is het belangrijk om deze gegevens bij te houden in een systeem.\u00a0<span class=\"afbreken-einde-zin\">Donc\u00a0<\/span>weten wij als gemeente Venlo, net als de aannemers die voor ons werken, exact waar ze werkzaamheden wel of niet dienen uit te voeren.\u201d<\/p>\n<p class=\"Platte-tekst\">Een belangrijke vervolgstap waar de gemeente Venlo momenteel actief mee bezig is, is het actualiseren van het digitale beheersysteem en het ervoor zorgen dat aannemers met dit systeem kunnen gaan werken.\u00a0<span class=\"afbreken-einde-zin\">\"Il\u00a0<\/span>is een proces dat niet van vandaag op morgen geregeld is.\u00a0<span class=\"afbreken-einde-zin\">Le\u00a0<\/span>is essentieel voor het dagelijks beheer en onderhoud van onze openbare ruimte.\u00a0Onze toezichthouders vervullen hierin een belangrijke rol.\u00a0<span class=\"afbreken-einde-zin\">Elle\u00a0<\/span>sturen de aannemer aan en beantwoorden ook diverse meldingen van burgers of bedrijven.\u201d<\/p>\n<p class=\"Tussenkopje\"><strong>Melding<br \/>\n<\/strong>Rutten roept bedrijven op een melding te maken wanneer er iets mis is met het groen in hun omgeving. \u201cWellicht is het vertrouwen afgezwakt omdat bedrijven weleens problemen hebben gemeld, maar er niks mee is gedaan. Daarom hoopt de gemeente het vertrouwen te kunnen terugwinnen, want met onze nieuwe strategie hopen we dat de gehele aanpak gaat veranderen.\u201d<\/p>\n<p class=\"Platte-tekst\">Volgens Scheurs krijgt de gemeente vaak onterecht de schuld wanneer groen in de openbare ruimtes niet wordt bijgehouden.\u00a0<span class=\"afbreken-einde-zin\">\"Il\u00a0<\/span>gebied kan ook van Rijkswaterstaat, Waterschap, de Provincie of het Limburgs Landschap zijn. Daarom moeten we de grenzen goed in kaart brengen, zodat de partijen weten voor welk gebied ze verantwoordelijk zijn en het gebied kunnen onderhouden.\u201d<\/p>\n<p class=\"Tussenkopje\"><strong>Uitbesteding<br \/>\n<\/strong>Vanuit de Stichting Duurzame Bedrijventerreinen worden de komende jaren projecten gerealiseerd.\u00a0<span class=\"afbreken-einde-zin\">Au\u00a0<\/span>deze projecten co\u00f6rdineert de gemeente niet, maar geeft de uitvoerende partijen randvoorwaarden mee\u201d, zegt Verhaegh. \u201cUiteraard willen we weten welke plantensoorten er worden toegepast, hoe ze omgaan met het waterbergend vermogen van wadi\u2019s of vijvers en met de inpassing van bestaande bomen.\u00a0<span class=\"afbreken-einde-zin\">Wel\u00a0<\/span>vinden we het belangrijk dat (hoveniers)bedrijven hun eigen creativiteit en expertise in de plannen kwijt kunnen.\u201d Momenteel ligt er een plan klaar voor verduurzaming van bedrijventerrein Spikweien in Lomm.\u00a0<span class=\"afbreken-einde-zin\">\"A\u00a0<\/span>bureau heeft een plan gemaakt en wij hebben randvoorwaarden meegegeven.\u00a0<span class=\"afbreken-einde-zin\">Nous\u00a0<\/span>willen dat het terrein duurzaam wordt ingericht, want als het onderhoud ten einde loopt, willen we als gemeente het terrein terug in beheer kunnen nemen zonder dat de bomen aftakelen en de beplanting is verwaarloosd.\u201d Volgens Verhaegh is het bij de verduurzaming van de bedrijventerreinen belangrijk dat er wordt ge\u00efnvesteerd in goede grond. \u201cDaar proberen we richting aan te geven. Onlangs hebben we op het stadskantoor een interview gegeven waarbij de inschrijvende partijen aan tafel vragen konden stellen. Door er samen over te praten, krijg je interactie.\u00a0<span class=\"afbreken-einde-zin\">Cela\u00a0<\/span>leidt naar mijn mening tot een goed eindresultaat.\u201d<\/p>\n<blockquote>\n<p class=\"Tussenkopje\"><span class=\"CharOverride-50\">\u2018Waar eerst alleen traditioneel onderhoud werd verricht, gaan we nu de bedrijventerreinen vergroenen, verduurzamen en verfraaien\u2019<\/span><\/p>\n<\/blockquote>\n<p class=\"Tussenkopje\"><strong>Antivervuiling<br \/>\n<\/strong>\u201cAls de bedrijventerreinen er netter uitzien, zullen ze ook minder snel worden vervuild\u201d, zo stelt Schreurs. \u201cRommel trekt immers rommel aan.\u201d Daar is Rutten het mee eens. \u201cChauffeurs hebben zo minder snel de neiging om rotzooi buiten weg te gooien dan wanneer de grond is verwilderd.\u201d Onlangs startte de werkgroep een project bij de Faunalaan, waar veel wildgroei is.\u00a0<span class=\"afbreken-einde-zin\">A\u00a0<\/span>gedeelte is aangepakt en opgeknapt.\u00a0<span class=\"afbreken-einde-zin\">Donc\u00a0<\/span>is het gras gemaaid en zijn struiken verwijderd.\u00a0<span class=\"afbreken-einde-zin\">\"Il\u00a0<\/span>is een wereld van verschil tussen het behandelde en niet-behandelde gebied.\u00a0<span class=\"afbreken-einde-zin\">\"Notre\u00a0<\/span>doel is dat uiteindelijk alle wildgroei bij bedrijventerreinen verdwijnt en het er overal zo netjes uitziet\u201d, zegt Rutten. Alle leden van de werkgroep Beheer Openbaar Groen Ondernemend Venlo zijn blij met deze nieuwe intensieve samenwerking en alle projecten die daaruit zijn ontstaan. Schreurs: \u201cWaar er eerst alleen door de gemeente traditioneel onderhoud werd verricht, gaan we nu &#8211; met derden &#8211; de bedrijventerreinen vergroenen, verduurzamen en verfraaien.\u00a0<span class=\"afbreken-einde-zin\">Le\u00a0<\/span>wordt een totaal andere beleving.\u201d<\/p>\n<p class=\"Platte-tekst\">Een melding maken kan via:\u00a0<a href=\"https:\/\/www.venlo.nl\/melden-aan-de-gemeente\" class=\"external\" target=\"_blank\" rel=\"noopener\">www.venlo.nl\/melden-aan-de-gemeente<\/a><\/p>\n<\/div>\n<div id=\"_idContainer209\" class=\"_idGenObjectStyleOverride-1\">\n<p class=\"Kop\">\n<\/div>","protected":false},"excerpt":{"rendered":"<p>Ondernemend Venlo\u00a0en de gemeente Venlo\u00a0hebben hun handen ineengeslagen om de vergroening en verduurzaming van de Venlose bedrijventerreinen aan te pakken. In\u00a0de werkgroep Beheer Openbaar Groen is een nauwe samenwerking tussen gemeente en Ondernemend Venlo.\u00a0Op\u00a0initiatief van deze werkgroep zijn\u00a0Lidy Rutten\u00a0(parkmanager Ondernemend Venlo) en\u00a0Marco Verhaegh\u00a0 (technisch specialist groen, gemeente Venlo) samen een rondje langs alle bedrijventerreinen gaan [&hellip;]<\/p>","protected":false},"author":1,"featured_media":0,"comment_status":"closed","ping_status":"open","sticky":false,"template":"","format":"standard","meta":{"_acf_changed":false,"footnotes":""},"categories":[8],"tags":[],"class_list":["post-2752","post","type-post","status-publish","format-standard","hentry","category-nieuws"],"acf":[],"yoast_head":"<!-- This site is optimized with the Yoast SEO plugin v26.3 - https:\/\/yoast.com\/wordpress\/plugins\/seo\/ -->\n<title>Beheer openbaar groen wordt aangepakt - Ondernemend Venlo<\/title>\n<meta name=\"robots\" content=\"index, follow, max-snippet:-1, max-image-preview:large, max-video-preview:-1\" \/>\n<link rel=\"canonical\" href=\"https:\/\/www.ondernemendvenlo.nl\/fr\/beheer-openbaar-groen-wordt-aangepakt\/\" \/>\n<meta property=\"og:locale\" content=\"fr_FR\" \/>\n<meta property=\"og:type\" content=\"article\" \/>\n<meta property=\"og:title\" content=\"Beheer openbaar groen wordt aangepakt - Ondernemend Venlo\" \/>\n<meta property=\"og:description\" content=\"Ondernemend Venlo\u00a0en de gemeente Venlo\u00a0hebben hun handen ineengeslagen om de vergroening en verduurzaming van de Venlose bedrijventerreinen aan te pakken. In\u00a0de werkgroep Beheer Openbaar Groen is een nauwe samenwerking tussen gemeente en Ondernemend Venlo.\u00a0Op\u00a0initiatief van deze werkgroep zijn\u00a0Lidy Rutten\u00a0(parkmanager Ondernemend Venlo) en\u00a0Marco Verhaegh\u00a0 (technisch specialist groen, gemeente Venlo) samen een rondje langs alle bedrijventerreinen gaan [&hellip;]\" \/>\n<meta property=\"og:url\" content=\"https:\/\/www.ondernemendvenlo.nl\/fr\/beheer-openbaar-groen-wordt-aangepakt\/\" \/>\n<meta property=\"og:site_name\" content=\"Ondernemend Venlo\" \/>\n<meta property=\"article:published_time\" content=\"2022-07-06T11:07:12+00:00\" \/>\n<meta name=\"author\" content=\"admin\" \/>\n<meta name=\"twitter:card\" content=\"summary_large_image\" \/>\n<meta name=\"twitter:label1\" content=\"\u00c9crit par\" \/>\n\t<meta name=\"twitter:data1\" content=\"admin\" \/>\n\t<meta name=\"twitter:label2\" content=\"Dur\u00e9e de lecture estim\u00e9e\" \/>\n\t<meta name=\"twitter:data2\" content=\"5 minutes\" \/>\n<script type=\"application\/ld+json\" class=\"yoast-schema-graph\">{\"@context\":\"https:\/\/schema.org\",\"@graph\":[{\"@type\":\"Article\",\"@id\":\"https:\/\/www.ondernemendvenlo.nl\/beheer-openbaar-groen-wordt-aangepakt\/#article\",\"isPartOf\":{\"@id\":\"https:\/\/www.ondernemendvenlo.nl\/beheer-openbaar-groen-wordt-aangepakt\/\"},\"author\":{\"name\":\"admin\",\"@id\":\"https:\/\/www.ondernemendvenlo.nl\/#\/schema\/person\/347e935f8ad4c7030608ef74bb57aa6e\"},\"headline\":\"Beheer openbaar groen wordt aangepakt\",\"datePublished\":\"2022-07-06T11:07:12+00:00\",\"mainEntityOfPage\":{\"@id\":\"https:\/\/www.ondernemendvenlo.nl\/beheer-openbaar-groen-wordt-aangepakt\/\"},\"wordCount\":1048,\"publisher\":{\"@id\":\"https:\/\/www.ondernemendvenlo.nl\/#organization\"},\"articleSection\":[\"Nieuws\"],\"inLanguage\":\"fr-FR\"},{\"@type\":\"WebPage\",\"@id\":\"https:\/\/www.ondernemendvenlo.nl\/beheer-openbaar-groen-wordt-aangepakt\/\",\"url\":\"https:\/\/www.ondernemendvenlo.nl\/beheer-openbaar-groen-wordt-aangepakt\/\",\"name\":\"Beheer openbaar groen wordt aangepakt - Ondernemend Venlo\",\"isPartOf\":{\"@id\":\"https:\/\/www.ondernemendvenlo.nl\/#website\"},\"datePublished\":\"2022-07-06T11:07:12+00:00\",\"breadcrumb\":{\"@id\":\"https:\/\/www.ondernemendvenlo.nl\/beheer-openbaar-groen-wordt-aangepakt\/#breadcrumb\"},\"inLanguage\":\"fr-FR\",\"potentialAction\":[{\"@type\":\"ReadAction\",\"target\":[\"https:\/\/www.ondernemendvenlo.nl\/beheer-openbaar-groen-wordt-aangepakt\/\"]}]},{\"@type\":\"BreadcrumbList\",\"@id\":\"https:\/\/www.ondernemendvenlo.nl\/beheer-openbaar-groen-wordt-aangepakt\/#breadcrumb\",\"itemListElement\":[{\"@type\":\"ListItem\",\"position\":1,\"name\":\"Ondernemend Venlo\",\"item\":\"https:\/\/www.ondernemendvenlo.nl\/\"},{\"@type\":\"ListItem\",\"position\":2,\"name\":\"Nieuws\",\"item\":\"https:\/\/www.ondernemendvenlo.nl\/categorie\/nieuws\/\"},{\"@type\":\"ListItem\",\"position\":3,\"name\":\"Beheer openbaar groen wordt aangepakt\"}]},{\"@type\":\"WebSite\",\"@id\":\"https:\/\/www.ondernemendvenlo.nl\/#website\",\"url\":\"https:\/\/www.ondernemendvenlo.nl\/\",\"name\":\"Ondernemend Venlo\",\"description\":\"Samen succesvol ondernemen\",\"publisher\":{\"@id\":\"https:\/\/www.ondernemendvenlo.nl\/#organization\"},\"potentialAction\":[{\"@type\":\"SearchAction\",\"target\":{\"@type\":\"EntryPoint\",\"urlTemplate\":\"https:\/\/www.ondernemendvenlo.nl\/?s={search_term_string}\"},\"query-input\":{\"@type\":\"PropertyValueSpecification\",\"valueRequired\":true,\"valueName\":\"search_term_string\"}}],\"inLanguage\":\"fr-FR\"},{\"@type\":\"Organization\",\"@id\":\"https:\/\/www.ondernemendvenlo.nl\/#organization\",\"name\":\"Ondernemend Venlo\",\"url\":\"https:\/\/www.ondernemendvenlo.nl\/\",\"logo\":{\"@type\":\"ImageObject\",\"inLanguage\":\"fr-FR\",\"@id\":\"https:\/\/www.ondernemendvenlo.nl\/#\/schema\/logo\/image\/\",\"url\":\"https:\/\/www.ondernemendvenlo.nl\/wp-content\/uploads\/2025\/02\/Ondernemend-Venlo-logo-scaled.webp\",\"contentUrl\":\"https:\/\/www.ondernemendvenlo.nl\/wp-content\/uploads\/2025\/02\/Ondernemend-Venlo-logo-scaled.webp\",\"width\":2560,\"height\":1010,\"caption\":\"Ondernemend Venlo\"},\"image\":{\"@id\":\"https:\/\/www.ondernemendvenlo.nl\/#\/schema\/logo\/image\/\"},\"sameAs\":[\"https:\/\/www.linkedin.com\/company\/ondernemend-venlo\/\"]},{\"@type\":\"Person\",\"@id\":\"https:\/\/www.ondernemendvenlo.nl\/#\/schema\/person\/347e935f8ad4c7030608ef74bb57aa6e\",\"name\":\"admin\",\"image\":{\"@type\":\"ImageObject\",\"inLanguage\":\"fr-FR\",\"@id\":\"https:\/\/www.ondernemendvenlo.nl\/#\/schema\/person\/image\/\",\"url\":\"https:\/\/www.ondernemendvenlo.nl\/wp-content\/litespeed\/avatar\/720af750b037aecf6e33e12833479059.jpg?ver=1777382954\",\"contentUrl\":\"https:\/\/www.ondernemendvenlo.nl\/wp-content\/litespeed\/avatar\/720af750b037aecf6e33e12833479059.jpg?ver=1777382954\",\"caption\":\"admin\"},\"sameAs\":[\"https:\/\/www.ondernemendvenlo.nl\"]}]}<\/script>\n<!-- \/ Yoast SEO plugin. -->","yoast_head_json":{"title":"Beheer openbaar groen wordt aangepakt - Ondernemend Venlo","robots":{"index":"index","follow":"follow","max-snippet":"max-snippet:-1","max-image-preview":"max-image-preview:large","max-video-preview":"max-video-preview:-1"},"canonical":"https:\/\/www.ondernemendvenlo.nl\/fr\/beheer-openbaar-groen-wordt-aangepakt\/","og_locale":"fr_FR","og_type":"article","og_title":"Beheer openbaar groen wordt aangepakt - Ondernemend Venlo","og_description":"Ondernemend Venlo\u00a0en de gemeente Venlo\u00a0hebben hun handen ineengeslagen om de vergroening en verduurzaming van de Venlose bedrijventerreinen aan te pakken. In\u00a0de werkgroep Beheer Openbaar Groen is een nauwe samenwerking tussen gemeente en Ondernemend Venlo.\u00a0Op\u00a0initiatief van deze werkgroep zijn\u00a0Lidy Rutten\u00a0(parkmanager Ondernemend Venlo) en\u00a0Marco Verhaegh\u00a0 (technisch specialist groen, gemeente Venlo) samen een rondje langs alle bedrijventerreinen gaan [&hellip;]","og_url":"https:\/\/www.ondernemendvenlo.nl\/fr\/beheer-openbaar-groen-wordt-aangepakt\/","og_site_name":"Ondernemend Venlo","article_published_time":"2022-07-06T11:07:12+00:00","author":"admin","twitter_card":"summary_large_image","twitter_misc":{"\u00c9crit par":"admin","Dur\u00e9e de lecture estim\u00e9e":"5 minutes"},"schema":{"@context":"https:\/\/schema.org","@graph":[{"@type":"Article","@id":"https:\/\/www.ondernemendvenlo.nl\/beheer-openbaar-groen-wordt-aangepakt\/#article","isPartOf":{"@id":"https:\/\/www.ondernemendvenlo.nl\/beheer-openbaar-groen-wordt-aangepakt\/"},"author":{"name":"admin","@id":"https:\/\/www.ondernemendvenlo.nl\/#\/schema\/person\/347e935f8ad4c7030608ef74bb57aa6e"},"headline":"Beheer openbaar groen wordt aangepakt","datePublished":"2022-07-06T11:07:12+00:00","mainEntityOfPage":{"@id":"https:\/\/www.ondernemendvenlo.nl\/beheer-openbaar-groen-wordt-aangepakt\/"},"wordCount":1048,"publisher":{"@id":"https:\/\/www.ondernemendvenlo.nl\/#organization"},"articleSection":["Nieuws"],"inLanguage":"fr-FR"},{"@type":"WebPage","@id":"https:\/\/www.ondernemendvenlo.nl\/beheer-openbaar-groen-wordt-aangepakt\/","url":"https:\/\/www.ondernemendvenlo.nl\/beheer-openbaar-groen-wordt-aangepakt\/","name":"Beheer openbaar groen wordt aangepakt - Ondernemend Venlo","isPartOf":{"@id":"https:\/\/www.ondernemendvenlo.nl\/#website"},"datePublished":"2022-07-06T11:07:12+00:00","breadcrumb":{"@id":"https:\/\/www.ondernemendvenlo.nl\/beheer-openbaar-groen-wordt-aangepakt\/#breadcrumb"},"inLanguage":"fr-FR","potentialAction":[{"@type":"ReadAction","target":["https:\/\/www.ondernemendvenlo.nl\/beheer-openbaar-groen-wordt-aangepakt\/"]}]},{"@type":"BreadcrumbList","@id":"https:\/\/www.ondernemendvenlo.nl\/beheer-openbaar-groen-wordt-aangepakt\/#breadcrumb","itemListElement":[{"@type":"ListItem","position":1,"name":"Ondernemend Venlo","item":"https:\/\/www.ondernemendvenlo.nl\/"},{"@type":"ListItem","position":2,"name":"Nieuws","item":"https:\/\/www.ondernemendvenlo.nl\/categorie\/nieuws\/"},{"@type":"ListItem","position":3,"name":"Beheer openbaar groen wordt aangepakt"}]},{"@type":"WebSite","@id":"https:\/\/www.ondernemendvenlo.nl\/#website","url":"https:\/\/www.ondernemendvenlo.nl\/","name":"Venlo entrepreneurial","description":"Travailler ensemble avec succ\u00e8s","publisher":{"@id":"https:\/\/www.ondernemendvenlo.nl\/#organization"},"potentialAction":[{"@type":"SearchAction","target":{"@type":"EntryPoint","urlTemplate":"https:\/\/www.ondernemendvenlo.nl\/?s={search_term_string}"},"query-input":{"@type":"PropertyValueSpecification","valueRequired":true,"valueName":"search_term_string"}}],"inLanguage":"fr-FR"},{"@type":"Organization","@id":"https:\/\/www.ondernemendvenlo.nl\/#organization","name":"Venlo entrepreneurial","url":"https:\/\/www.ondernemendvenlo.nl\/","logo":{"@type":"ImageObject","inLanguage":"fr-FR","@id":"https:\/\/www.ondernemendvenlo.nl\/#\/schema\/logo\/image\/","url":"https:\/\/www.ondernemendvenlo.nl\/wp-content\/uploads\/2025\/02\/Ondernemend-Venlo-logo-scaled.webp","contentUrl":"https:\/\/www.ondernemendvenlo.nl\/wp-content\/uploads\/2025\/02\/Ondernemend-Venlo-logo-scaled.webp","width":2560,"height":1010,"caption":"Ondernemend Venlo"},"image":{"@id":"https:\/\/www.ondernemendvenlo.nl\/#\/schema\/logo\/image\/"},"sameAs":["https:\/\/www.linkedin.com\/company\/ondernemend-venlo\/"]},{"@type":"Person","@id":"https:\/\/www.ondernemendvenlo.nl\/#\/schema\/person\/347e935f8ad4c7030608ef74bb57aa6e","name":"admin","image":{"@type":"ImageObject","inLanguage":"fr-FR","@id":"https:\/\/www.ondernemendvenlo.nl\/#\/schema\/person\/image\/","url":"https:\/\/www.ondernemendvenlo.nl\/wp-content\/litespeed\/avatar\/720af750b037aecf6e33e12833479059.jpg?ver=1777382954","contentUrl":"https:\/\/www.ondernemendvenlo.nl\/wp-content\/litespeed\/avatar\/720af750b037aecf6e33e12833479059.jpg?ver=1777382954","caption":"admin"},"sameAs":["https:\/\/www.ondernemendvenlo.nl"]}]}},"_links":{"self":[{"href":"https:\/\/www.ondernemendvenlo.nl\/fr\/wp-json\/wp\/v2\/posts\/2752","targetHints":{"allow":["GET"]}}],"collection":[{"href":"https:\/\/www.ondernemendvenlo.nl\/fr\/wp-json\/wp\/v2\/posts"}],"about":[{"href":"https:\/\/www.ondernemendvenlo.nl\/fr\/wp-json\/wp\/v2\/types\/post"}],"author":[{"embeddable":true,"href":"https:\/\/www.ondernemendvenlo.nl\/fr\/wp-json\/wp\/v2\/users\/1"}],"replies":[{"embeddable":true,"href":"https:\/\/www.ondernemendvenlo.nl\/fr\/wp-json\/wp\/v2\/comments?post=2752"}],"version-history":[{"count":0,"href":"https:\/\/www.ondernemendvenlo.nl\/fr\/wp-json\/wp\/v2\/posts\/2752\/revisions"}],"wp:attachment":[{"href":"https:\/\/www.ondernemendvenlo.nl\/fr\/wp-json\/wp\/v2\/media?parent=2752"}],"wp:term":[{"taxonomy":"category","embeddable":true,"href":"https:\/\/www.ondernemendvenlo.nl\/fr\/wp-json\/wp\/v2\/categories?post=2752"},{"taxonomy":"post_tag","embeddable":true,"href":"https:\/\/www.ondernemendvenlo.nl\/fr\/wp-json\/wp\/v2\/tags?post=2752"}],"curies":[{"name":"wp","href":"https:\/\/api.w.org\/{rel}","templated":true}]}}