{"id":2756,"date":"2022-03-09T14:27:37","date_gmt":"2022-03-09T13:27:37","guid":{"rendered":"https:\/\/www.ondernemendvenlo.nl\/idee-voor-congres-of-zakelijk-event-ik-ga-ermee-aan-de-slag\/"},"modified":"2022-03-09T14:27:37","modified_gmt":"2022-03-09T13:27:37","slug":"idee-voor-congres-of-zakelijk-event-ik-ga-ermee-aan-de-slag","status":"publish","type":"post","link":"https:\/\/www.ondernemendvenlo.nl\/fr\/idee-voor-congres-of-zakelijk-event-ik-ga-ermee-aan-de-slag\/","title":{"rendered":"Id\u00e9e de conf\u00e9rence ou d'\u00e9v\u00e9nement professionnel ? Je vais m'y atteler\"."},"content":{"rendered":"<p><strong>Wie aan congressen denkt, denkt al snel aan Ahoy Rotterdam of MECC Maastricht. Maar daar komt verandering in. Venlo Convention Bureau zet de regio Venlo op de kaart als veelzijdige congresbestemming.\u00a0<span class=\"afbreken-einde-zin\">Avec\u00a0<\/span>een divers aanbod van evenementenlocaties en hotels en een sterke focus op de sectoren agrofood, maakindustrie, logistiek en toerisme gaat projectleider Boy Haenen zakelijke bijeenkomsten en congressen naar de regio halen.<\/strong><\/p>\n<p class=\"Platte-tekst\">\u2018Welke ondernemer vult samen met mij deze stoelen?\u2019 Boy Haenen stelt de vraag in de imposante theaterzaal van Theater De Maaspoort, een van de dertien evenementenlocaties die zijn aangesloten bij Venlo Convention Bureau. Haenen is projectleider van dit nieuwe congresbureau en is aangesteld vanwege zijn ervaring en het grote netwerk waarover hij beschikt. \u2018Iedereen die met het idee loopt een congres of zakelijke bijeenkomst te organiseren, is van harte welkom zich bij mij te melden. Deze dienst is geheel kosteloos, objectief en onafhankelijk.\u2019<\/p>\n<p class=\"Tussenkopje\"><strong>Congresbureau<br \/>\n<\/strong><span class=\"CharOverride-21\">Convention Bureau Venlo is een initiatief dat in het leven is geroepen door een groep hoteliers, evenementenlocaties, citymarketingorganisatie Venlo Partners en de gemeente Venlo.\u00a0<\/span><span class=\"afbreken-einde-zin CharOverride-21\">\u2018De\u00a0<\/span><span class=\"CharOverride-21\">Floriade is een katalysator is geweest voor zowel nieuwe samenwerkingsverbanden als nieuwe of verbouwde evenementenlocaties en hotels. Daardoor hebben we nu ook echt iets te bieden als regionale congresbestemming.\u2019<\/span><\/p>\n<p class=\"Tussenkopje\"><span class=\"CharOverride-21\">In de regio zijn enorm veel slimme, innovatieve bedrijven gevestigd.\u00a0<\/span><span class=\"afbreken-einde-zin CharOverride-21\">Il y a\u00a0<\/span><span class=\"CharOverride-21\">is een berg aan kennis aanwezig.\u00a0<\/span><span class=\"afbreken-einde-zin CharOverride-21\">\u2018Ik\u00a0<\/span><span class=\"CharOverride-21\">kan me voorstellen dat bedrijven wel eens denken: het is interessant om die kennis een groter podium te geven in de vorm van een congres.\u00a0<\/span><span class=\"afbreken-einde-zin CharOverride-21\">Le\u00a0<\/span><span class=\"CharOverride-21\">kan ook zijn dat ondernemers denken: een bestaand jaarlijks congres kan best eens naar de regio Venlo worden gehaald.\u00a0<\/span><span class=\"afbreken-einde-zin CharOverride-21\">En outre\u00a0<\/span><span class=\"CharOverride-21\">dan kom ik graag met hen in contact.\u00a0<\/span><span class=\"afbreken-einde-zin CharOverride-21\">Via\u00a0<\/span><span class=\"CharOverride-21\">lobbywerk doe ik dan mijn best dat voor elkaar te krijgen.\u2019<\/span><\/p>\n<p class=\"Tussenkopje\"><strong>Tussenpartij<br \/>\n<\/strong><span class=\"CharOverride-21\">\u2018Namens het congresbureau zet ik lobbytrajecten op om samen congressen hierheen te halen. \u2018Achter de schermen loopt er het een en ander. Congressen hebben een lange aanlooptijd, het is niet vandaag bellen en volgende week komen.\u00a0<\/span><span class=\"afbreken-einde-zin CharOverride-21\">Il y a\u00a0<\/span><span class=\"CharOverride-21\">komt veel bij kijken.\u00a0<\/span><span class=\"afbreken-einde-zin CharOverride-21\">Moi\u00a0<\/span><span class=\"CharOverride-21\">ben blij dat de regio op de lange termijn hierin durft te investeren.\u2019<\/span><\/p>\n<p class=\"Tussenkopje\"><span class=\"CharOverride-21\">Het Venlo Convention Bureau werkt twee kanten uit, verduidelijkt Haenen. \u2018Voor de hotels en evenementenlocaties is het interessant vanwege de lobby. Voor de organiserende partij anderzijds is het handig omdat het congresbureau een overzicht heeft van de locaties en mogelijkheden.\u00a0<\/span><span class=\"afbreken-einde-zin CharOverride-21\">Le\u00a0<\/span><span class=\"CharOverride-21\">tien hotels en dertien evenementenlocaties zijn zeer divers, gelegen in de binnenstad of het buitengebied, modern of historisch en groots of intiem.\u2019<\/span><\/p>\n<p class=\"Tussenkopje\"><strong>Sterke link met sectoren<br \/>\n<\/strong><span class=\"CharOverride-21\">Daarmee stipt Haenen het grote verschil aan met traditionele congresbestemmingen zoals Ahoy Rotterdam en MECC Maastricht.\u00a0<\/span><span class=\"afbreken-einde-zin CharOverride-21\">\u2018Ze\u00a0<\/span><span class=\"CharOverride-21\">richten zich met \u00e9\u00e9n gigantische locatie op \u00e9\u00e9n plek om duizenden bezoekers samen te brengen.\u00a0<\/span><span class=\"afbreken-einde-zin CharOverride-21\">Nous\u00a0<\/span><span class=\"CharOverride-21\">profileren ons juist met een divers aanbod.\u00a0<\/span><span class=\"afbreken-einde-zin CharOverride-21\">Cela\u00a0<\/span><span class=\"CharOverride-21\">is van grote meerwaarde voor veel events. Bovendien zetten we nadrukkelijk in op het organiseren van events met een link naar de sectoren agrofood, logistiek, maakindustrie en toerisme, die sterk vertegenwoordigd zijn in de regio. Stel, er komt een partij van buitenaf, dan kan ik contacten leggen met relevante sprekers uit het bedrijfsleven om het programma te verrijken.\u2019<\/span><\/p>\n<p class=\"Tussenkopje\"><span class=\"CharOverride-21\">Haenen zoekt altijd naar kansen om een congres naar een hoger niveau te tillen. \u2018Binnen de regionale topsectoren bevinden zich wereldmarktleiders.\u00a0<\/span><span class=\"afbreken-einde-zin CharOverride-21\">Mourir\u00a0<\/span><span class=\"CharOverride-21\">kun je betrekken bij congressen. Denk aan een programma waarbij je \u00e9\u00e9n of meerdere van die bedrijven bezoekt. Congressen kunnen het profiel van een regio naar buiten toe versterken, zodat de regio interessant oogt voor talent.\u2019<\/span><\/p>\n<p class=\"Tussenkopje\"><span class=\"CharOverride-21\">Het mes snijdt aan meerdere kanten. \u2018Daarom is het een slimme zet om te investeren in de regio Venlo als congresbestemming. Denk uiteraard aan de overnachtingen en bestedingen zoals uit eten gaan en shoppen, maar ook aan herhaalbezoek en het laten zien wat voor prachtige bedrijven er zijn.\u2019<\/span><\/p>\n<p class=\"Tussenkopje\"><strong>Samen aan de slag<br \/>\n<\/strong><span class=\"CharOverride-21\">De regio Venlo als bekende congreslocatie, dat doel heeft Venlo Convention Bureau voor ogen.\u00a0<\/span><span class=\"afbreken-einde-zin CharOverride-21\">'A\u00a0<\/span><span class=\"CharOverride-21\">haalbaar doel\u2019, zegt Haenen stellig.\u00a0<\/span><span class=\"afbreken-einde-zin CharOverride-21\">Nous\u00a0<\/span><span class=\"CharOverride-21\">hebben een mooi visitekaartje om ons aan de buitenwereld te presenteren.\u00a0<\/span><span class=\"afbreken-einde-zin CharOverride-21\">Avec\u00a0<\/span><span class=\"CharOverride-21\">name de afgelopen jaren hebben er mooie ontwikkelingen plaatsgevonden.\u00a0<\/span><span class=\"afbreken-einde-zin CharOverride-21\">Au\u00a0<\/span><span class=\"CharOverride-21\">Venlo zijn dat bijvoorbeeld de verbouwing van Theater De Maaspoort, de komst van Grenswerk als stedelijk poppodium, de bouw van bioscoop CityCinema en de recente verbouwing van het Van der Valk-hotel. Denk ook aan het herbouwde Kasteel De Keverberg in Kessel.\u00a0<\/span><span class=\"afbreken-einde-zin CharOverride-21\">Le\u00a0<\/span><span class=\"CharOverride-21\">ru\u00efne is met eigentijdse architectuur verrijkt en is nu een unieke feest-, vergader- en evenementenlocatie.\u00a0<\/span><span class=\"afbreken-einde-zin CharOverride-21\">Donc\u00a0<\/span><span class=\"CharOverride-21\">zijn er tal van bijzondere locaties te vinden in de regio.\u2019<\/span><\/p>\n<p class=\"Tussenkopje\"><span class=\"CharOverride-21\">Hoewel vanwege de hotelovernachtingen de voorkeur uitgaat naar meerdaagse congressen staat Haenen ook open voor eendaagse congressen en zakelijke bijeenkomsten.\u00a0<\/span><span class=\"afbreken-einde-zin CharOverride-21\">\u2018Ik\u00a0<\/span><span class=\"CharOverride-21\">doe graag een beroep op het bedrijfsleven: heb je goede contacten met een branchevereniging of heb je zelf een idee, kom in gesprek.\u2019<\/span><\/p>\n<p class=\"Tussenkopje\"><strong>Meer weten?<br \/>\n<\/strong><span class=\"CharOverride-21\">In contact komen met Boy Haenen kan door een e-mail te sturen naar <a href=\"mailto:info@venloconventionbureau.nl\">info@venloconventionbureau.nl<\/a> of te bellen naar 06-811 65 880.<\/span><\/p>","protected":false},"excerpt":{"rendered":"<p>Wie aan congressen denkt, denkt al snel aan Ahoy Rotterdam of MECC Maastricht. Maar daar komt verandering in. Venlo Convention Bureau zet de regio Venlo op de kaart als veelzijdige congresbestemming.\u00a0Met\u00a0een divers aanbod van evenementenlocaties en hotels en een sterke focus op de sectoren agrofood, maakindustrie, logistiek en toerisme gaat projectleider Boy Haenen zakelijke bijeenkomsten [&hellip;]<\/p>","protected":false},"author":1,"featured_media":0,"comment_status":"closed","ping_status":"open","sticky":false,"template":"","format":"standard","meta":{"_acf_changed":false,"footnotes":""},"categories":[8],"tags":[],"class_list":["post-2756","post","type-post","status-publish","format-standard","hentry","category-nieuws"],"acf":[],"yoast_head":"<!-- This site is optimized with the Yoast SEO plugin v26.3 - https:\/\/yoast.com\/wordpress\/plugins\/seo\/ -->\n<title>\u2018Idee voor congres of zakelijk event? Ik ga ermee aan de slag!\u2019 - Ondernemend Venlo<\/title>\n<meta name=\"robots\" content=\"index, follow, max-snippet:-1, max-image-preview:large, max-video-preview:-1\" \/>\n<link rel=\"canonical\" href=\"https:\/\/www.ondernemendvenlo.nl\/fr\/idee-voor-congres-of-zakelijk-event-ik-ga-ermee-aan-de-slag\/\" \/>\n<meta property=\"og:locale\" content=\"fr_FR\" \/>\n<meta property=\"og:type\" content=\"article\" \/>\n<meta property=\"og:title\" content=\"\u2018Idee voor congres of zakelijk event? Ik ga ermee aan de slag!\u2019 - Ondernemend Venlo\" \/>\n<meta property=\"og:description\" content=\"Wie aan congressen denkt, denkt al snel aan Ahoy Rotterdam of MECC Maastricht. Maar daar komt verandering in. Venlo Convention Bureau zet de regio Venlo op de kaart als veelzijdige congresbestemming.\u00a0Met\u00a0een divers aanbod van evenementenlocaties en hotels en een sterke focus op de sectoren agrofood, maakindustrie, logistiek en toerisme gaat projectleider Boy Haenen zakelijke bijeenkomsten [&hellip;]\" \/>\n<meta property=\"og:url\" content=\"https:\/\/www.ondernemendvenlo.nl\/fr\/idee-voor-congres-of-zakelijk-event-ik-ga-ermee-aan-de-slag\/\" \/>\n<meta property=\"og:site_name\" content=\"Ondernemend Venlo\" \/>\n<meta property=\"article:published_time\" content=\"2022-03-09T13:27:37+00:00\" \/>\n<meta name=\"author\" content=\"admin\" \/>\n<meta name=\"twitter:card\" content=\"summary_large_image\" \/>\n<meta name=\"twitter:label1\" content=\"\u00c9crit par\" \/>\n\t<meta name=\"twitter:data1\" content=\"admin\" \/>\n\t<meta name=\"twitter:label2\" content=\"Dur\u00e9e de lecture estim\u00e9e\" \/>\n\t<meta name=\"twitter:data2\" content=\"4 minutes\" \/>\n<script type=\"application\/ld+json\" class=\"yoast-schema-graph\">{\"@context\":\"https:\/\/schema.org\",\"@graph\":[{\"@type\":\"Article\",\"@id\":\"https:\/\/www.ondernemendvenlo.nl\/idee-voor-congres-of-zakelijk-event-ik-ga-ermee-aan-de-slag\/#article\",\"isPartOf\":{\"@id\":\"https:\/\/www.ondernemendvenlo.nl\/idee-voor-congres-of-zakelijk-event-ik-ga-ermee-aan-de-slag\/\"},\"author\":{\"name\":\"admin\",\"@id\":\"https:\/\/www.ondernemendvenlo.nl\/#\/schema\/person\/347e935f8ad4c7030608ef74bb57aa6e\"},\"headline\":\"\u2018Idee voor congres of zakelijk event? Ik ga ermee aan de slag!\u2019\",\"datePublished\":\"2022-03-09T13:27:37+00:00\",\"mainEntityOfPage\":{\"@id\":\"https:\/\/www.ondernemendvenlo.nl\/idee-voor-congres-of-zakelijk-event-ik-ga-ermee-aan-de-slag\/\"},\"wordCount\":809,\"publisher\":{\"@id\":\"https:\/\/www.ondernemendvenlo.nl\/#organization\"},\"articleSection\":[\"Nieuws\"],\"inLanguage\":\"fr-FR\"},{\"@type\":\"WebPage\",\"@id\":\"https:\/\/www.ondernemendvenlo.nl\/idee-voor-congres-of-zakelijk-event-ik-ga-ermee-aan-de-slag\/\",\"url\":\"https:\/\/www.ondernemendvenlo.nl\/idee-voor-congres-of-zakelijk-event-ik-ga-ermee-aan-de-slag\/\",\"name\":\"\u2018Idee voor congres of zakelijk event? Ik ga ermee aan de slag!\u2019 - Ondernemend Venlo\",\"isPartOf\":{\"@id\":\"https:\/\/www.ondernemendvenlo.nl\/#website\"},\"datePublished\":\"2022-03-09T13:27:37+00:00\",\"breadcrumb\":{\"@id\":\"https:\/\/www.ondernemendvenlo.nl\/idee-voor-congres-of-zakelijk-event-ik-ga-ermee-aan-de-slag\/#breadcrumb\"},\"inLanguage\":\"fr-FR\",\"potentialAction\":[{\"@type\":\"ReadAction\",\"target\":[\"https:\/\/www.ondernemendvenlo.nl\/idee-voor-congres-of-zakelijk-event-ik-ga-ermee-aan-de-slag\/\"]}]},{\"@type\":\"BreadcrumbList\",\"@id\":\"https:\/\/www.ondernemendvenlo.nl\/idee-voor-congres-of-zakelijk-event-ik-ga-ermee-aan-de-slag\/#breadcrumb\",\"itemListElement\":[{\"@type\":\"ListItem\",\"position\":1,\"name\":\"Ondernemend Venlo\",\"item\":\"https:\/\/www.ondernemendvenlo.nl\/\"},{\"@type\":\"ListItem\",\"position\":2,\"name\":\"Nieuws\",\"item\":\"https:\/\/www.ondernemendvenlo.nl\/categorie\/nieuws\/\"},{\"@type\":\"ListItem\",\"position\":3,\"name\":\"\u2018Idee voor congres of zakelijk event? Ik ga ermee aan de slag!\u2019\"}]},{\"@type\":\"WebSite\",\"@id\":\"https:\/\/www.ondernemendvenlo.nl\/#website\",\"url\":\"https:\/\/www.ondernemendvenlo.nl\/\",\"name\":\"Ondernemend Venlo\",\"description\":\"Samen succesvol ondernemen\",\"publisher\":{\"@id\":\"https:\/\/www.ondernemendvenlo.nl\/#organization\"},\"potentialAction\":[{\"@type\":\"SearchAction\",\"target\":{\"@type\":\"EntryPoint\",\"urlTemplate\":\"https:\/\/www.ondernemendvenlo.nl\/?s={search_term_string}\"},\"query-input\":{\"@type\":\"PropertyValueSpecification\",\"valueRequired\":true,\"valueName\":\"search_term_string\"}}],\"inLanguage\":\"fr-FR\"},{\"@type\":\"Organization\",\"@id\":\"https:\/\/www.ondernemendvenlo.nl\/#organization\",\"name\":\"Ondernemend Venlo\",\"url\":\"https:\/\/www.ondernemendvenlo.nl\/\",\"logo\":{\"@type\":\"ImageObject\",\"inLanguage\":\"fr-FR\",\"@id\":\"https:\/\/www.ondernemendvenlo.nl\/#\/schema\/logo\/image\/\",\"url\":\"https:\/\/www.ondernemendvenlo.nl\/wp-content\/uploads\/2025\/02\/Ondernemend-Venlo-logo-scaled.webp\",\"contentUrl\":\"https:\/\/www.ondernemendvenlo.nl\/wp-content\/uploads\/2025\/02\/Ondernemend-Venlo-logo-scaled.webp\",\"width\":2560,\"height\":1010,\"caption\":\"Ondernemend Venlo\"},\"image\":{\"@id\":\"https:\/\/www.ondernemendvenlo.nl\/#\/schema\/logo\/image\/\"},\"sameAs\":[\"https:\/\/www.linkedin.com\/company\/ondernemend-venlo\/\"]},{\"@type\":\"Person\",\"@id\":\"https:\/\/www.ondernemendvenlo.nl\/#\/schema\/person\/347e935f8ad4c7030608ef74bb57aa6e\",\"name\":\"admin\",\"image\":{\"@type\":\"ImageObject\",\"inLanguage\":\"fr-FR\",\"@id\":\"https:\/\/www.ondernemendvenlo.nl\/#\/schema\/person\/image\/\",\"url\":\"https:\/\/www.ondernemendvenlo.nl\/wp-content\/litespeed\/avatar\/720af750b037aecf6e33e12833479059.jpg?ver=1777382954\",\"contentUrl\":\"https:\/\/www.ondernemendvenlo.nl\/wp-content\/litespeed\/avatar\/720af750b037aecf6e33e12833479059.jpg?ver=1777382954\",\"caption\":\"admin\"},\"sameAs\":[\"https:\/\/www.ondernemendvenlo.nl\"]}]}<\/script>\n<!-- \/ Yoast SEO plugin. -->","yoast_head_json":{"title":"\u2018Idee voor congres of zakelijk event? Ik ga ermee aan de slag!\u2019 - Ondernemend Venlo","robots":{"index":"index","follow":"follow","max-snippet":"max-snippet:-1","max-image-preview":"max-image-preview:large","max-video-preview":"max-video-preview:-1"},"canonical":"https:\/\/www.ondernemendvenlo.nl\/fr\/idee-voor-congres-of-zakelijk-event-ik-ga-ermee-aan-de-slag\/","og_locale":"fr_FR","og_type":"article","og_title":"\u2018Idee voor congres of zakelijk event? Ik ga ermee aan de slag!\u2019 - Ondernemend Venlo","og_description":"Wie aan congressen denkt, denkt al snel aan Ahoy Rotterdam of MECC Maastricht. Maar daar komt verandering in. Venlo Convention Bureau zet de regio Venlo op de kaart als veelzijdige congresbestemming.\u00a0Met\u00a0een divers aanbod van evenementenlocaties en hotels en een sterke focus op de sectoren agrofood, maakindustrie, logistiek en toerisme gaat projectleider Boy Haenen zakelijke bijeenkomsten [&hellip;]","og_url":"https:\/\/www.ondernemendvenlo.nl\/fr\/idee-voor-congres-of-zakelijk-event-ik-ga-ermee-aan-de-slag\/","og_site_name":"Ondernemend Venlo","article_published_time":"2022-03-09T13:27:37+00:00","author":"admin","twitter_card":"summary_large_image","twitter_misc":{"\u00c9crit par":"admin","Dur\u00e9e de lecture estim\u00e9e":"4 minutes"},"schema":{"@context":"https:\/\/schema.org","@graph":[{"@type":"Article","@id":"https:\/\/www.ondernemendvenlo.nl\/idee-voor-congres-of-zakelijk-event-ik-ga-ermee-aan-de-slag\/#article","isPartOf":{"@id":"https:\/\/www.ondernemendvenlo.nl\/idee-voor-congres-of-zakelijk-event-ik-ga-ermee-aan-de-slag\/"},"author":{"name":"admin","@id":"https:\/\/www.ondernemendvenlo.nl\/#\/schema\/person\/347e935f8ad4c7030608ef74bb57aa6e"},"headline":"\u2018Idee voor congres of zakelijk event? Ik ga ermee aan de slag!\u2019","datePublished":"2022-03-09T13:27:37+00:00","mainEntityOfPage":{"@id":"https:\/\/www.ondernemendvenlo.nl\/idee-voor-congres-of-zakelijk-event-ik-ga-ermee-aan-de-slag\/"},"wordCount":809,"publisher":{"@id":"https:\/\/www.ondernemendvenlo.nl\/#organization"},"articleSection":["Nieuws"],"inLanguage":"fr-FR"},{"@type":"WebPage","@id":"https:\/\/www.ondernemendvenlo.nl\/idee-voor-congres-of-zakelijk-event-ik-ga-ermee-aan-de-slag\/","url":"https:\/\/www.ondernemendvenlo.nl\/idee-voor-congres-of-zakelijk-event-ik-ga-ermee-aan-de-slag\/","name":"\u2018Idee voor congres of zakelijk event? Ik ga ermee aan de slag!\u2019 - Ondernemend Venlo","isPartOf":{"@id":"https:\/\/www.ondernemendvenlo.nl\/#website"},"datePublished":"2022-03-09T13:27:37+00:00","breadcrumb":{"@id":"https:\/\/www.ondernemendvenlo.nl\/idee-voor-congres-of-zakelijk-event-ik-ga-ermee-aan-de-slag\/#breadcrumb"},"inLanguage":"fr-FR","potentialAction":[{"@type":"ReadAction","target":["https:\/\/www.ondernemendvenlo.nl\/idee-voor-congres-of-zakelijk-event-ik-ga-ermee-aan-de-slag\/"]}]},{"@type":"BreadcrumbList","@id":"https:\/\/www.ondernemendvenlo.nl\/idee-voor-congres-of-zakelijk-event-ik-ga-ermee-aan-de-slag\/#breadcrumb","itemListElement":[{"@type":"ListItem","position":1,"name":"Ondernemend Venlo","item":"https:\/\/www.ondernemendvenlo.nl\/"},{"@type":"ListItem","position":2,"name":"Nieuws","item":"https:\/\/www.ondernemendvenlo.nl\/categorie\/nieuws\/"},{"@type":"ListItem","position":3,"name":"\u2018Idee voor congres of zakelijk event? Ik ga ermee aan de slag!\u2019"}]},{"@type":"WebSite","@id":"https:\/\/www.ondernemendvenlo.nl\/#website","url":"https:\/\/www.ondernemendvenlo.nl\/","name":"Venlo entrepreneurial","description":"Travailler ensemble avec succ\u00e8s","publisher":{"@id":"https:\/\/www.ondernemendvenlo.nl\/#organization"},"potentialAction":[{"@type":"SearchAction","target":{"@type":"EntryPoint","urlTemplate":"https:\/\/www.ondernemendvenlo.nl\/?s={search_term_string}"},"query-input":{"@type":"PropertyValueSpecification","valueRequired":true,"valueName":"search_term_string"}}],"inLanguage":"fr-FR"},{"@type":"Organization","@id":"https:\/\/www.ondernemendvenlo.nl\/#organization","name":"Venlo entrepreneurial","url":"https:\/\/www.ondernemendvenlo.nl\/","logo":{"@type":"ImageObject","inLanguage":"fr-FR","@id":"https:\/\/www.ondernemendvenlo.nl\/#\/schema\/logo\/image\/","url":"https:\/\/www.ondernemendvenlo.nl\/wp-content\/uploads\/2025\/02\/Ondernemend-Venlo-logo-scaled.webp","contentUrl":"https:\/\/www.ondernemendvenlo.nl\/wp-content\/uploads\/2025\/02\/Ondernemend-Venlo-logo-scaled.webp","width":2560,"height":1010,"caption":"Ondernemend Venlo"},"image":{"@id":"https:\/\/www.ondernemendvenlo.nl\/#\/schema\/logo\/image\/"},"sameAs":["https:\/\/www.linkedin.com\/company\/ondernemend-venlo\/"]},{"@type":"Person","@id":"https:\/\/www.ondernemendvenlo.nl\/#\/schema\/person\/347e935f8ad4c7030608ef74bb57aa6e","name":"admin","image":{"@type":"ImageObject","inLanguage":"fr-FR","@id":"https:\/\/www.ondernemendvenlo.nl\/#\/schema\/person\/image\/","url":"https:\/\/www.ondernemendvenlo.nl\/wp-content\/litespeed\/avatar\/720af750b037aecf6e33e12833479059.jpg?ver=1777382954","contentUrl":"https:\/\/www.ondernemendvenlo.nl\/wp-content\/litespeed\/avatar\/720af750b037aecf6e33e12833479059.jpg?ver=1777382954","caption":"admin"},"sameAs":["https:\/\/www.ondernemendvenlo.nl"]}]}},"_links":{"self":[{"href":"https:\/\/www.ondernemendvenlo.nl\/fr\/wp-json\/wp\/v2\/posts\/2756","targetHints":{"allow":["GET"]}}],"collection":[{"href":"https:\/\/www.ondernemendvenlo.nl\/fr\/wp-json\/wp\/v2\/posts"}],"about":[{"href":"https:\/\/www.ondernemendvenlo.nl\/fr\/wp-json\/wp\/v2\/types\/post"}],"author":[{"embeddable":true,"href":"https:\/\/www.ondernemendvenlo.nl\/fr\/wp-json\/wp\/v2\/users\/1"}],"replies":[{"embeddable":true,"href":"https:\/\/www.ondernemendvenlo.nl\/fr\/wp-json\/wp\/v2\/comments?post=2756"}],"version-history":[{"count":0,"href":"https:\/\/www.ondernemendvenlo.nl\/fr\/wp-json\/wp\/v2\/posts\/2756\/revisions"}],"wp:attachment":[{"href":"https:\/\/www.ondernemendvenlo.nl\/fr\/wp-json\/wp\/v2\/media?parent=2756"}],"wp:term":[{"taxonomy":"category","embeddable":true,"href":"https:\/\/www.ondernemendvenlo.nl\/fr\/wp-json\/wp\/v2\/categories?post=2756"},{"taxonomy":"post_tag","embeddable":true,"href":"https:\/\/www.ondernemendvenlo.nl\/fr\/wp-json\/wp\/v2\/tags?post=2756"}],"curies":[{"name":"wp","href":"https:\/\/api.w.org\/{rel}","templated":true}]}}