{"id":2761,"date":"2022-09-15T12:13:33","date_gmt":"2022-09-15T10:13:33","guid":{"rendered":"https:\/\/www.ondernemendvenlo.nl\/convenant-veiligheid-getekend\/"},"modified":"2022-09-15T12:13:33","modified_gmt":"2022-09-15T10:13:33","slug":"convenant-veiligheid-getekend","status":"publish","type":"post","link":"https:\/\/www.ondernemendvenlo.nl\/fr\/convenant-veiligheid-getekend\/","title":{"rendered":"Signature du pacte de s\u00e9curit\u00e9"},"content":{"rendered":"<p>Convenant Veiligheid<a href=\"https:\/\/www.linkedin.com\/feed\/hashtag\/?keywords=politie&amp;highlightedUpdateUrns=urn%3Ali%3Aactivity%3A6961374453360402432\"> Politie<\/a>,\u00a0<a href=\"https:\/\/www.linkedin.com\/feed\/hashtag\/?keywords=brandweer&amp;highlightedUpdateUrns=urn%3Ali%3Aactivity%3A6961374453360402432\">Brandweer<\/a>,\u00a0<a href=\"https:\/\/www.linkedin.com\/company\/gemeente-venlo\/\">Municipalit\u00e9 de Venlo<\/a>\u00a0et\u00a0<a href=\"https:\/\/www.linkedin.com\/company\/ondernemend-venlo\/\">Venlo entrepreneurial<\/a>\u00a0getekend!<\/p>\n<p>Met de handtekening van voorzitter Peter Thissen is de samenwerking tussen alle partijen officieel vastgelegd.<\/p>\n<p>Alle belanghebbenden werken samen om de bedrijventerreinen veilig te houden in het Keurmerk Veilig Ondernemen. Dat dit al jaren een succes is werd pasgeleden bevestigd door het wederom behalen van Certificaat: de schade is aanzienlijk verminderd en door de ervaringen die zijn opgedaan neemt het gevoel van veiligheid toe.<\/p>\n<p>Inbraak, onveilige situaties in zowel verkeer als bij bedrijven zelf, cybersecurity, overlast vrachtwagenparkeren, en zwerfvuil zijn belangrijke criminaliteitsproblemen waar wij ons op richten. De gezamenlijke inspanningen moeten leiden tot het verhogen en waarborgen van de veiligheid, leefbaarheid en economische structuur op onze bedrijventerreinen. Niet alleen de instanties werken aan een schoon, heel en veilig bedrijventerrein maar ook de ondernemers en hun werknemers dragen hier aan bij.<\/p>\n<p>Parkmanager\u00a0Lidy Rutten\u00a0is in nauw contact met alle partijen en werkt in de Commissie Veiligheid samen met de ondernemers, wijkagenten, Veilig Venlo en vertegenwoordigers van brandweer en gemeente.<\/p>\n<p>Dit convenant is mede ondertekend door:<br \/>\nBurgemeester\u00a0Antoin Scholten<br \/>\nHans de Haas EMTP, Chef basisteam Venlo-Beesel Politie eenheid Limburg<br \/>\nLeon Triepels, Manager Brandweerzorg &amp; Crisisbeheersing Veiligheidsregio Limburg Noord<\/p>","protected":false},"excerpt":{"rendered":"<p>Convenant Veiligheid Politie,\u00a0Brandweer,\u00a0Gemeente Venlo\u00a0en\u00a0Ondernemend Venlo\u00a0getekend! Met de handtekening van voorzitter Peter Thissen is de samenwerking tussen alle partijen officieel vastgelegd. Alle belanghebbenden werken samen om de bedrijventerreinen veilig te houden in het Keurmerk Veilig Ondernemen. Dat dit al jaren een succes is werd pasgeleden bevestigd door het wederom behalen van Certificaat: de schade is aanzienlijk [&hellip;]<\/p>","protected":false},"author":1,"featured_media":0,"comment_status":"closed","ping_status":"open","sticky":false,"template":"","format":"standard","meta":{"_acf_changed":false,"footnotes":""},"categories":[8],"tags":[],"class_list":["post-2761","post","type-post","status-publish","format-standard","hentry","category-nieuws"],"acf":[],"yoast_head":"<!-- This site is optimized with the Yoast SEO plugin v26.3 - https:\/\/yoast.com\/wordpress\/plugins\/seo\/ -->\n<title>Convenant Veiligheid getekend - Ondernemend Venlo<\/title>\n<meta name=\"robots\" content=\"index, follow, max-snippet:-1, max-image-preview:large, max-video-preview:-1\" \/>\n<link rel=\"canonical\" href=\"https:\/\/www.ondernemendvenlo.nl\/fr\/convenant-veiligheid-getekend\/\" \/>\n<meta property=\"og:locale\" content=\"fr_FR\" \/>\n<meta property=\"og:type\" content=\"article\" \/>\n<meta property=\"og:title\" content=\"Convenant Veiligheid getekend - Ondernemend Venlo\" \/>\n<meta property=\"og:description\" content=\"Convenant Veiligheid Politie,\u00a0Brandweer,\u00a0Gemeente Venlo\u00a0en\u00a0Ondernemend Venlo\u00a0getekend! Met de handtekening van voorzitter Peter Thissen is de samenwerking tussen alle partijen officieel vastgelegd. Alle belanghebbenden werken samen om de bedrijventerreinen veilig te houden in het Keurmerk Veilig Ondernemen. Dat dit al jaren een succes is werd pasgeleden bevestigd door het wederom behalen van Certificaat: de schade is aanzienlijk [&hellip;]\" \/>\n<meta property=\"og:url\" content=\"https:\/\/www.ondernemendvenlo.nl\/fr\/convenant-veiligheid-getekend\/\" \/>\n<meta property=\"og:site_name\" content=\"Ondernemend Venlo\" \/>\n<meta property=\"article:published_time\" content=\"2022-09-15T10:13:33+00:00\" \/>\n<meta name=\"author\" content=\"admin\" \/>\n<meta name=\"twitter:card\" content=\"summary_large_image\" \/>\n<meta name=\"twitter:label1\" content=\"\u00c9crit par\" \/>\n\t<meta name=\"twitter:data1\" content=\"admin\" \/>\n\t<meta name=\"twitter:label2\" content=\"Dur\u00e9e de lecture estim\u00e9e\" \/>\n\t<meta name=\"twitter:data2\" content=\"1 minute\" \/>\n<script type=\"application\/ld+json\" class=\"yoast-schema-graph\">{\"@context\":\"https:\/\/schema.org\",\"@graph\":[{\"@type\":\"Article\",\"@id\":\"https:\/\/www.ondernemendvenlo.nl\/convenant-veiligheid-getekend\/#article\",\"isPartOf\":{\"@id\":\"https:\/\/www.ondernemendvenlo.nl\/convenant-veiligheid-getekend\/\"},\"author\":{\"name\":\"admin\",\"@id\":\"https:\/\/www.ondernemendvenlo.nl\/#\/schema\/person\/347e935f8ad4c7030608ef74bb57aa6e\"},\"headline\":\"Convenant Veiligheid getekend\",\"datePublished\":\"2022-09-15T10:13:33+00:00\",\"mainEntityOfPage\":{\"@id\":\"https:\/\/www.ondernemendvenlo.nl\/convenant-veiligheid-getekend\/\"},\"wordCount\":200,\"publisher\":{\"@id\":\"https:\/\/www.ondernemendvenlo.nl\/#organization\"},\"articleSection\":[\"Nieuws\"],\"inLanguage\":\"fr-FR\"},{\"@type\":\"WebPage\",\"@id\":\"https:\/\/www.ondernemendvenlo.nl\/convenant-veiligheid-getekend\/\",\"url\":\"https:\/\/www.ondernemendvenlo.nl\/convenant-veiligheid-getekend\/\",\"name\":\"Convenant Veiligheid getekend - Ondernemend Venlo\",\"isPartOf\":{\"@id\":\"https:\/\/www.ondernemendvenlo.nl\/#website\"},\"datePublished\":\"2022-09-15T10:13:33+00:00\",\"breadcrumb\":{\"@id\":\"https:\/\/www.ondernemendvenlo.nl\/convenant-veiligheid-getekend\/#breadcrumb\"},\"inLanguage\":\"fr-FR\",\"potentialAction\":[{\"@type\":\"ReadAction\",\"target\":[\"https:\/\/www.ondernemendvenlo.nl\/convenant-veiligheid-getekend\/\"]}]},{\"@type\":\"BreadcrumbList\",\"@id\":\"https:\/\/www.ondernemendvenlo.nl\/convenant-veiligheid-getekend\/#breadcrumb\",\"itemListElement\":[{\"@type\":\"ListItem\",\"position\":1,\"name\":\"Ondernemend Venlo\",\"item\":\"https:\/\/www.ondernemendvenlo.nl\/\"},{\"@type\":\"ListItem\",\"position\":2,\"name\":\"Nieuws\",\"item\":\"https:\/\/www.ondernemendvenlo.nl\/categorie\/nieuws\/\"},{\"@type\":\"ListItem\",\"position\":3,\"name\":\"Convenant Veiligheid getekend\"}]},{\"@type\":\"WebSite\",\"@id\":\"https:\/\/www.ondernemendvenlo.nl\/#website\",\"url\":\"https:\/\/www.ondernemendvenlo.nl\/\",\"name\":\"Ondernemend Venlo\",\"description\":\"Samen succesvol ondernemen\",\"publisher\":{\"@id\":\"https:\/\/www.ondernemendvenlo.nl\/#organization\"},\"potentialAction\":[{\"@type\":\"SearchAction\",\"target\":{\"@type\":\"EntryPoint\",\"urlTemplate\":\"https:\/\/www.ondernemendvenlo.nl\/?s={search_term_string}\"},\"query-input\":{\"@type\":\"PropertyValueSpecification\",\"valueRequired\":true,\"valueName\":\"search_term_string\"}}],\"inLanguage\":\"fr-FR\"},{\"@type\":\"Organization\",\"@id\":\"https:\/\/www.ondernemendvenlo.nl\/#organization\",\"name\":\"Ondernemend Venlo\",\"url\":\"https:\/\/www.ondernemendvenlo.nl\/\",\"logo\":{\"@type\":\"ImageObject\",\"inLanguage\":\"fr-FR\",\"@id\":\"https:\/\/www.ondernemendvenlo.nl\/#\/schema\/logo\/image\/\",\"url\":\"https:\/\/www.ondernemendvenlo.nl\/wp-content\/uploads\/2025\/02\/Ondernemend-Venlo-logo-scaled.webp\",\"contentUrl\":\"https:\/\/www.ondernemendvenlo.nl\/wp-content\/uploads\/2025\/02\/Ondernemend-Venlo-logo-scaled.webp\",\"width\":2560,\"height\":1010,\"caption\":\"Ondernemend Venlo\"},\"image\":{\"@id\":\"https:\/\/www.ondernemendvenlo.nl\/#\/schema\/logo\/image\/\"},\"sameAs\":[\"https:\/\/www.linkedin.com\/company\/ondernemend-venlo\/\"]},{\"@type\":\"Person\",\"@id\":\"https:\/\/www.ondernemendvenlo.nl\/#\/schema\/person\/347e935f8ad4c7030608ef74bb57aa6e\",\"name\":\"admin\",\"image\":{\"@type\":\"ImageObject\",\"inLanguage\":\"fr-FR\",\"@id\":\"https:\/\/www.ondernemendvenlo.nl\/#\/schema\/person\/image\/\",\"url\":\"https:\/\/www.ondernemendvenlo.nl\/wp-content\/litespeed\/avatar\/720af750b037aecf6e33e12833479059.jpg?ver=1777382954\",\"contentUrl\":\"https:\/\/www.ondernemendvenlo.nl\/wp-content\/litespeed\/avatar\/720af750b037aecf6e33e12833479059.jpg?ver=1777382954\",\"caption\":\"admin\"},\"sameAs\":[\"https:\/\/www.ondernemendvenlo.nl\"]}]}<\/script>\n<!-- \/ Yoast SEO plugin. -->","yoast_head_json":{"title":"Convenant Veiligheid getekend - Ondernemend Venlo","robots":{"index":"index","follow":"follow","max-snippet":"max-snippet:-1","max-image-preview":"max-image-preview:large","max-video-preview":"max-video-preview:-1"},"canonical":"https:\/\/www.ondernemendvenlo.nl\/fr\/convenant-veiligheid-getekend\/","og_locale":"fr_FR","og_type":"article","og_title":"Convenant Veiligheid getekend - Ondernemend Venlo","og_description":"Convenant Veiligheid Politie,\u00a0Brandweer,\u00a0Gemeente Venlo\u00a0en\u00a0Ondernemend Venlo\u00a0getekend! Met de handtekening van voorzitter Peter Thissen is de samenwerking tussen alle partijen officieel vastgelegd. Alle belanghebbenden werken samen om de bedrijventerreinen veilig te houden in het Keurmerk Veilig Ondernemen. Dat dit al jaren een succes is werd pasgeleden bevestigd door het wederom behalen van Certificaat: de schade is aanzienlijk [&hellip;]","og_url":"https:\/\/www.ondernemendvenlo.nl\/fr\/convenant-veiligheid-getekend\/","og_site_name":"Ondernemend Venlo","article_published_time":"2022-09-15T10:13:33+00:00","author":"admin","twitter_card":"summary_large_image","twitter_misc":{"\u00c9crit par":"admin","Dur\u00e9e de lecture estim\u00e9e":"1 minute"},"schema":{"@context":"https:\/\/schema.org","@graph":[{"@type":"Article","@id":"https:\/\/www.ondernemendvenlo.nl\/convenant-veiligheid-getekend\/#article","isPartOf":{"@id":"https:\/\/www.ondernemendvenlo.nl\/convenant-veiligheid-getekend\/"},"author":{"name":"admin","@id":"https:\/\/www.ondernemendvenlo.nl\/#\/schema\/person\/347e935f8ad4c7030608ef74bb57aa6e"},"headline":"Convenant Veiligheid getekend","datePublished":"2022-09-15T10:13:33+00:00","mainEntityOfPage":{"@id":"https:\/\/www.ondernemendvenlo.nl\/convenant-veiligheid-getekend\/"},"wordCount":200,"publisher":{"@id":"https:\/\/www.ondernemendvenlo.nl\/#organization"},"articleSection":["Nieuws"],"inLanguage":"fr-FR"},{"@type":"WebPage","@id":"https:\/\/www.ondernemendvenlo.nl\/convenant-veiligheid-getekend\/","url":"https:\/\/www.ondernemendvenlo.nl\/convenant-veiligheid-getekend\/","name":"Convenant Veiligheid getekend - Ondernemend Venlo","isPartOf":{"@id":"https:\/\/www.ondernemendvenlo.nl\/#website"},"datePublished":"2022-09-15T10:13:33+00:00","breadcrumb":{"@id":"https:\/\/www.ondernemendvenlo.nl\/convenant-veiligheid-getekend\/#breadcrumb"},"inLanguage":"fr-FR","potentialAction":[{"@type":"ReadAction","target":["https:\/\/www.ondernemendvenlo.nl\/convenant-veiligheid-getekend\/"]}]},{"@type":"BreadcrumbList","@id":"https:\/\/www.ondernemendvenlo.nl\/convenant-veiligheid-getekend\/#breadcrumb","itemListElement":[{"@type":"ListItem","position":1,"name":"Ondernemend Venlo","item":"https:\/\/www.ondernemendvenlo.nl\/"},{"@type":"ListItem","position":2,"name":"Nieuws","item":"https:\/\/www.ondernemendvenlo.nl\/categorie\/nieuws\/"},{"@type":"ListItem","position":3,"name":"Convenant Veiligheid getekend"}]},{"@type":"WebSite","@id":"https:\/\/www.ondernemendvenlo.nl\/#website","url":"https:\/\/www.ondernemendvenlo.nl\/","name":"Venlo entrepreneurial","description":"Travailler ensemble avec succ\u00e8s","publisher":{"@id":"https:\/\/www.ondernemendvenlo.nl\/#organization"},"potentialAction":[{"@type":"SearchAction","target":{"@type":"EntryPoint","urlTemplate":"https:\/\/www.ondernemendvenlo.nl\/?s={search_term_string}"},"query-input":{"@type":"PropertyValueSpecification","valueRequired":true,"valueName":"search_term_string"}}],"inLanguage":"fr-FR"},{"@type":"Organization","@id":"https:\/\/www.ondernemendvenlo.nl\/#organization","name":"Venlo entrepreneurial","url":"https:\/\/www.ondernemendvenlo.nl\/","logo":{"@type":"ImageObject","inLanguage":"fr-FR","@id":"https:\/\/www.ondernemendvenlo.nl\/#\/schema\/logo\/image\/","url":"https:\/\/www.ondernemendvenlo.nl\/wp-content\/uploads\/2025\/02\/Ondernemend-Venlo-logo-scaled.webp","contentUrl":"https:\/\/www.ondernemendvenlo.nl\/wp-content\/uploads\/2025\/02\/Ondernemend-Venlo-logo-scaled.webp","width":2560,"height":1010,"caption":"Ondernemend Venlo"},"image":{"@id":"https:\/\/www.ondernemendvenlo.nl\/#\/schema\/logo\/image\/"},"sameAs":["https:\/\/www.linkedin.com\/company\/ondernemend-venlo\/"]},{"@type":"Person","@id":"https:\/\/www.ondernemendvenlo.nl\/#\/schema\/person\/347e935f8ad4c7030608ef74bb57aa6e","name":"admin","image":{"@type":"ImageObject","inLanguage":"fr-FR","@id":"https:\/\/www.ondernemendvenlo.nl\/#\/schema\/person\/image\/","url":"https:\/\/www.ondernemendvenlo.nl\/wp-content\/litespeed\/avatar\/720af750b037aecf6e33e12833479059.jpg?ver=1777382954","contentUrl":"https:\/\/www.ondernemendvenlo.nl\/wp-content\/litespeed\/avatar\/720af750b037aecf6e33e12833479059.jpg?ver=1777382954","caption":"admin"},"sameAs":["https:\/\/www.ondernemendvenlo.nl"]}]}},"_links":{"self":[{"href":"https:\/\/www.ondernemendvenlo.nl\/fr\/wp-json\/wp\/v2\/posts\/2761","targetHints":{"allow":["GET"]}}],"collection":[{"href":"https:\/\/www.ondernemendvenlo.nl\/fr\/wp-json\/wp\/v2\/posts"}],"about":[{"href":"https:\/\/www.ondernemendvenlo.nl\/fr\/wp-json\/wp\/v2\/types\/post"}],"author":[{"embeddable":true,"href":"https:\/\/www.ondernemendvenlo.nl\/fr\/wp-json\/wp\/v2\/users\/1"}],"replies":[{"embeddable":true,"href":"https:\/\/www.ondernemendvenlo.nl\/fr\/wp-json\/wp\/v2\/comments?post=2761"}],"version-history":[{"count":0,"href":"https:\/\/www.ondernemendvenlo.nl\/fr\/wp-json\/wp\/v2\/posts\/2761\/revisions"}],"wp:attachment":[{"href":"https:\/\/www.ondernemendvenlo.nl\/fr\/wp-json\/wp\/v2\/media?parent=2761"}],"wp:term":[{"taxonomy":"category","embeddable":true,"href":"https:\/\/www.ondernemendvenlo.nl\/fr\/wp-json\/wp\/v2\/categories?post=2761"},{"taxonomy":"post_tag","embeddable":true,"href":"https:\/\/www.ondernemendvenlo.nl\/fr\/wp-json\/wp\/v2\/tags?post=2761"}],"curies":[{"name":"wp","href":"https:\/\/api.w.org\/{rel}","templated":true}]}}