{"id":2814,"date":"2022-11-01T12:13:24","date_gmt":"2022-11-01T11:13:24","guid":{"rendered":"https:\/\/www.ondernemendvenlo.nl\/universiteit-maastricht-ontmoet-ondernemers-in-venlo\/"},"modified":"2022-11-01T12:13:24","modified_gmt":"2022-11-01T11:13:24","slug":"universiteit-maastricht-ontmoet-ondernemers-in-venlo","status":"publish","type":"post","link":"https:\/\/www.ondernemendvenlo.nl\/fr\/universiteit-maastricht-ontmoet-ondernemers-in-venlo\/","title":{"rendered":"L'universit\u00e9 de Maastricht rencontre des entrepreneurs \u00e0 Venlo"},"content":{"rendered":"<p><strong>Op initiatief van <\/strong><a title=\"https:\/\/www.linkedin.com\/company\/ondernemend-venlo\/\" contenteditable=\"false\" href=\"https:\/\/www.linkedin.com\/company\/ondernemend-venlo\/\">Venlo entrepreneurial<\/a><strong>\u00a0(OV) en de\u00a0<\/strong><a title=\"https:\/\/www.linkedin.com\/company\/maastricht-university\/\" contenteditable=\"false\" href=\"https:\/\/www.linkedin.com\/company\/maastricht-university\/\">Universit\u00e9 de Maastricht<\/a><strong> (UM) waren op vrijdag 21 oktober ondernemers te gast bij <\/strong><a title=\"https:\/\/www.linkedin.com\/company\/canon-production-printing\/\" contenteditable=\"false\" href=\"https:\/\/www.linkedin.com\/company\/canon-production-printing\/\">Impression de production Canon<\/a><strong> in Venlo. Peter Thissen (voorzitter OV) en <\/strong><a title=\"https:\/\/www.linkedin.com\/in\/ACoAAAE3OewBtG2dfs4-dD1P8m8CC9qoj6vdyrc\" contenteditable=\"false\" href=\"https:\/\/www.linkedin.com\/in\/ACoAAAE3OewBtG2dfs4-dD1P8m8CC9qoj6vdyrc\">Rianne Letschert<\/a><strong> (voorzitter College van Bestuur UM) benadrukten tijdens de bijeenkomst het belang van een intensieve samenwerking tussen wetenschappers, studenten en ondernemers. <\/strong><\/p>\n<p>UM is nadrukkelijk op zoek naar organisaties en projecten die op basis van theoretische en praktische kennis toegevoegde waarde willen leveren voor <a title=\"https:\/\/www.linkedin.com\/company\/gemeente-venlo\/\" contenteditable=\"false\" href=\"https:\/\/www.linkedin.com\/company\/gemeente-venlo\/\">Municipalit\u00e9 de Venlo<\/a>\u00a0en de regio Noord-Limburg. De samenwerking is al enkele jaren zichtbaar op de\u00a0<a title=\"https:\/\/www.linkedin.com\/company\/brightlands-campus-greenport-venlo\/\" contenteditable=\"false\" href=\"https:\/\/www.linkedin.com\/company\/brightlands-campus-greenport-venlo\/\">Brightlands Campus Greenport Venlo<\/a>. Er is nog genoeg ruimte voor uitbreiding, bijvoorbeeld richting\u00a0<a title=\"https:\/\/www.linkedin.com\/company\/brightlands-smart-services-campus\/\" contenteditable=\"false\" href=\"https:\/\/www.linkedin.com\/company\/brightlands-smart-services-campus\/\">Brightlands Smart Services Campus<\/a><\/p>\n<p>Als inspiratie verzorgde Judith Kamalski (directeur van @BISS, het Brightlands Institute for Smart Society) een presentatie. Met haar multidisciplinaire team van wetenschappers, data engineers en ontwikkelaars zet ze zich in om <a title=\"https:\/\/www.linkedin.com\/feed\/hashtag\/?keywords=datascience&amp;highlightedUpdateUrns=urn%3Ali%3Aactivity%3A6990257980357144577\" contenteditable=\"false\" href=\"https:\/\/www.linkedin.com\/feed\/hashtag\/?keywords=datascience&amp;highlightedUpdateUrns=urn%3Ali%3Aactivity%3A6990257980357144577\">datascience<\/a>\u00a0et\u00a0<a title=\"https:\/\/www.linkedin.com\/feed\/hashtag\/?keywords=artificialintelligence&amp;highlightedUpdateUrns=urn%3Ali%3Aactivity%3A6990257980357144577\" contenteditable=\"false\" href=\"https:\/\/www.linkedin.com\/feed\/hashtag\/?keywords=artificialintelligence&amp;highlightedUpdateUrns=urn%3Ali%3Aactivity%3A6990257980357144577\">artificialintelligence<\/a> toe te passen op uitdagingen in de wereld om ons heen. Met een paar aansprekende voorbeelden gaf ze een goed beeld hoe onderzoek mogelijk is voor grote organisaties en vraagstukken. En hoe het zeker ook toepasbaar is voor ondernemingen in het midden- en kleinbedrijf.<\/p>\n<p><a href=\"https:\/\/www.ondernemendvenlo.nl\/wp-content\/uploads\/2022\/11\/Presentatie-Judith-Kamalski-Ondernemend-Venlo-UM-21-oktober.pdf\"><img decoding=\"async\" class=\"alignnone size-full wp-image-19249\" src=\"https:\/\/www.ondernemendvenlo.nl\/wp-content\/uploads\/2025\/04\/VideoPicto_96x96-1.png\" alt=\"\" width=\"96\" height=\"96\" \/><\/a><a href=\"https:\/\/www.ondernemendvenlo.nl\/wp-content\/uploads\/2022\/11\/Presentatie-Judith-Kamalski-Ondernemend-Venlo-UM-21-oktober.pdf\" target=\"_blank\" rel=\"noopener\">Cliquez ici<\/a> voor de presentatie van Judith Kamalski<\/p>\n<p>&nbsp;<\/p>\n<p><img fetchpriority=\"high\" decoding=\"async\" class=\"alignnone size-medium wp-image-20043\" src=\"https:\/\/www.ondernemendvenlo.nl\/wp-content\/uploads\/2025\/04\/UM_OV_5-300x300.jpg\" alt=\"\" width=\"300\" height=\"300\" \/><img decoding=\"async\" class=\"alignnone size-medium wp-image-20040\" src=\"https:\/\/www.ondernemendvenlo.nl\/wp-content\/uploads\/2025\/04\/UM_OV_2-300x300.jpg\" alt=\"\" width=\"300\" height=\"300\" \/><img loading=\"lazy\" decoding=\"async\" class=\"alignnone size-medium wp-image-20044\" src=\"https:\/\/www.ondernemendvenlo.nl\/wp-content\/uploads\/2025\/04\/UM_OV_6-300x300.jpg\" alt=\"\" width=\"300\" height=\"300\" \/><img loading=\"lazy\" decoding=\"async\" class=\"alignnone size-medium wp-image-20042\" src=\"https:\/\/www.ondernemendvenlo.nl\/wp-content\/uploads\/2025\/04\/UM_OV_4-300x169.jpg\" alt=\"\" width=\"300\" height=\"169\" \/> <img loading=\"lazy\" decoding=\"async\" class=\"alignnone size-medium wp-image-20041\" src=\"https:\/\/www.ondernemendvenlo.nl\/wp-content\/uploads\/2025\/04\/UM_OV_3-300x169.jpg\" alt=\"\" width=\"300\" height=\"169\" \/><\/p>\n<p>Voor velen was het een eerste of nadere kennismaking met UM. De gasten waren na afloop zeer te spreken over de opzet en inhoud van deze bijeenkomst. Zowel Ondernemend Venlo als Universiteit Maastricht zullen in de komende tijd werken aan nog meer wederzijdse bekendheid en samenwerking.<\/p>\n<p><strong>Heb je een onderzoeksvraag?<\/strong><br \/>\nWil je eens met een wetenschapper praten over een de aanpak van een uitdaging in je bedrijf? Het begint met een kop koffie en een praatsessie. Stuur een email naar\u00a0<a title=\"mailto:secretariaat@ondernemendvenlo.nl\" contenteditable=\"false\" href=\"mailto:secretariaat@ondernemendvenlo.nl\">secretariaat@ondernemendvenlo.nl<\/a>.<\/p>\n<p style=\"font-weight: 400;\">Mochten er deelnemers zijn die graag in contact willen komen met BISS\/UM, dan kunnen ze contact opnemen met:<br \/>\n<strong>Vivienne Curvers<br \/>\n<\/strong>Senior Project Manager Brightlands Institute for Smart Society (BISS).<br \/>\n06 42 52 07 07<br \/>\n<a href=\"mailto:vivienne.curvers@maastrichtuniversity.nl\">vivienne.curvers@maastrichtuniversity.nl<\/a><br \/>\n<a href=\"http:\/\/www.biss-institute.com\/\">www.biss-institute.com<\/a><\/p>\n<p style=\"font-weight: 400;\">","protected":false},"excerpt":{"rendered":"<p>Op initiatief van Ondernemend Venlo\u00a0(OV) en de\u00a0Universiteit Maastricht (UM) waren op vrijdag 21 oktober ondernemers te gast bij Canon Production Printing in Venlo. Peter Thissen (voorzitter OV) en Rianne Letschert (voorzitter College van Bestuur UM) benadrukten tijdens de bijeenkomst het belang van een intensieve samenwerking tussen wetenschappers, studenten en ondernemers. UM is nadrukkelijk op zoek [&hellip;]<\/p>","protected":false},"author":1,"featured_media":2815,"comment_status":"closed","ping_status":"open","sticky":false,"template":"","format":"standard","meta":{"_acf_changed":false,"footnotes":""},"categories":[8],"tags":[],"class_list":["post-2814","post","type-post","status-publish","format-standard","has-post-thumbnail","hentry","category-nieuws"],"acf":[],"yoast_head":"<!-- This site is optimized with the Yoast SEO plugin v26.3 - https:\/\/yoast.com\/wordpress\/plugins\/seo\/ -->\n<title>Universiteit Maastricht ontmoet ondernemers in Venlo - Ondernemend Venlo<\/title>\n<meta name=\"robots\" content=\"index, follow, max-snippet:-1, max-image-preview:large, max-video-preview:-1\" \/>\n<link rel=\"canonical\" href=\"https:\/\/www.ondernemendvenlo.nl\/fr\/universiteit-maastricht-ontmoet-ondernemers-in-venlo\/\" \/>\n<meta property=\"og:locale\" content=\"fr_FR\" \/>\n<meta property=\"og:type\" content=\"article\" \/>\n<meta property=\"og:title\" content=\"Universiteit Maastricht ontmoet ondernemers in Venlo - Ondernemend Venlo\" \/>\n<meta property=\"og:description\" content=\"Op initiatief van Ondernemend Venlo\u00a0(OV) en de\u00a0Universiteit Maastricht (UM) waren op vrijdag 21 oktober ondernemers te gast bij Canon Production Printing in Venlo. Peter Thissen (voorzitter OV) en Rianne Letschert (voorzitter College van Bestuur UM) benadrukten tijdens de bijeenkomst het belang van een intensieve samenwerking tussen wetenschappers, studenten en ondernemers. UM is nadrukkelijk op zoek [&hellip;]\" \/>\n<meta property=\"og:url\" content=\"https:\/\/www.ondernemendvenlo.nl\/fr\/universiteit-maastricht-ontmoet-ondernemers-in-venlo\/\" \/>\n<meta property=\"og:site_name\" content=\"Ondernemend Venlo\" \/>\n<meta property=\"article:published_time\" content=\"2022-11-01T11:13:24+00:00\" \/>\n<meta property=\"og:image\" content=\"https:\/\/www.ondernemendvenlo.nl\/wp-content\/uploads\/2025\/04\/VideoPicto_96x96-1.png\" \/>\n\t<meta property=\"og:image:width\" content=\"96\" \/>\n\t<meta property=\"og:image:height\" content=\"96\" \/>\n\t<meta property=\"og:image:type\" content=\"image\/png\" \/>\n<meta name=\"author\" content=\"admin\" \/>\n<meta name=\"twitter:card\" content=\"summary_large_image\" \/>\n<meta name=\"twitter:label1\" content=\"\u00c9crit par\" \/>\n\t<meta name=\"twitter:data1\" content=\"admin\" \/>\n\t<meta name=\"twitter:label2\" content=\"Dur\u00e9e de lecture estim\u00e9e\" \/>\n\t<meta name=\"twitter:data2\" content=\"2 minutes\" \/>\n<script type=\"application\/ld+json\" class=\"yoast-schema-graph\">{\"@context\":\"https:\/\/schema.org\",\"@graph\":[{\"@type\":\"Article\",\"@id\":\"https:\/\/www.ondernemendvenlo.nl\/universiteit-maastricht-ontmoet-ondernemers-in-venlo\/#article\",\"isPartOf\":{\"@id\":\"https:\/\/www.ondernemendvenlo.nl\/universiteit-maastricht-ontmoet-ondernemers-in-venlo\/\"},\"author\":{\"name\":\"admin\",\"@id\":\"https:\/\/www.ondernemendvenlo.nl\/#\/schema\/person\/347e935f8ad4c7030608ef74bb57aa6e\"},\"headline\":\"Universiteit Maastricht ontmoet ondernemers in Venlo\",\"datePublished\":\"2022-11-01T11:13:24+00:00\",\"mainEntityOfPage\":{\"@id\":\"https:\/\/www.ondernemendvenlo.nl\/universiteit-maastricht-ontmoet-ondernemers-in-venlo\/\"},\"wordCount\":318,\"publisher\":{\"@id\":\"https:\/\/www.ondernemendvenlo.nl\/#organization\"},\"image\":{\"@id\":\"https:\/\/www.ondernemendvenlo.nl\/universiteit-maastricht-ontmoet-ondernemers-in-venlo\/#primaryimage\"},\"thumbnailUrl\":\"https:\/\/www.ondernemendvenlo.nl\/wp-content\/uploads\/2025\/04\/VideoPicto_96x96-1.png\",\"articleSection\":[\"Nieuws\"],\"inLanguage\":\"fr-FR\"},{\"@type\":\"WebPage\",\"@id\":\"https:\/\/www.ondernemendvenlo.nl\/universiteit-maastricht-ontmoet-ondernemers-in-venlo\/\",\"url\":\"https:\/\/www.ondernemendvenlo.nl\/universiteit-maastricht-ontmoet-ondernemers-in-venlo\/\",\"name\":\"Universiteit Maastricht ontmoet ondernemers in Venlo - Ondernemend Venlo\",\"isPartOf\":{\"@id\":\"https:\/\/www.ondernemendvenlo.nl\/#website\"},\"primaryImageOfPage\":{\"@id\":\"https:\/\/www.ondernemendvenlo.nl\/universiteit-maastricht-ontmoet-ondernemers-in-venlo\/#primaryimage\"},\"image\":{\"@id\":\"https:\/\/www.ondernemendvenlo.nl\/universiteit-maastricht-ontmoet-ondernemers-in-venlo\/#primaryimage\"},\"thumbnailUrl\":\"https:\/\/www.ondernemendvenlo.nl\/wp-content\/uploads\/2025\/04\/VideoPicto_96x96-1.png\",\"datePublished\":\"2022-11-01T11:13:24+00:00\",\"breadcrumb\":{\"@id\":\"https:\/\/www.ondernemendvenlo.nl\/universiteit-maastricht-ontmoet-ondernemers-in-venlo\/#breadcrumb\"},\"inLanguage\":\"fr-FR\",\"potentialAction\":[{\"@type\":\"ReadAction\",\"target\":[\"https:\/\/www.ondernemendvenlo.nl\/universiteit-maastricht-ontmoet-ondernemers-in-venlo\/\"]}]},{\"@type\":\"ImageObject\",\"inLanguage\":\"fr-FR\",\"@id\":\"https:\/\/www.ondernemendvenlo.nl\/universiteit-maastricht-ontmoet-ondernemers-in-venlo\/#primaryimage\",\"url\":\"https:\/\/www.ondernemendvenlo.nl\/wp-content\/uploads\/2025\/04\/VideoPicto_96x96-1.png\",\"contentUrl\":\"https:\/\/www.ondernemendvenlo.nl\/wp-content\/uploads\/2025\/04\/VideoPicto_96x96-1.png\",\"width\":96,\"height\":96},{\"@type\":\"BreadcrumbList\",\"@id\":\"https:\/\/www.ondernemendvenlo.nl\/universiteit-maastricht-ontmoet-ondernemers-in-venlo\/#breadcrumb\",\"itemListElement\":[{\"@type\":\"ListItem\",\"position\":1,\"name\":\"Ondernemend Venlo\",\"item\":\"https:\/\/www.ondernemendvenlo.nl\/\"},{\"@type\":\"ListItem\",\"position\":2,\"name\":\"Nieuws\",\"item\":\"https:\/\/www.ondernemendvenlo.nl\/categorie\/nieuws\/\"},{\"@type\":\"ListItem\",\"position\":3,\"name\":\"Universiteit Maastricht ontmoet ondernemers in Venlo\"}]},{\"@type\":\"WebSite\",\"@id\":\"https:\/\/www.ondernemendvenlo.nl\/#website\",\"url\":\"https:\/\/www.ondernemendvenlo.nl\/\",\"name\":\"Ondernemend Venlo\",\"description\":\"Samen succesvol ondernemen\",\"publisher\":{\"@id\":\"https:\/\/www.ondernemendvenlo.nl\/#organization\"},\"potentialAction\":[{\"@type\":\"SearchAction\",\"target\":{\"@type\":\"EntryPoint\",\"urlTemplate\":\"https:\/\/www.ondernemendvenlo.nl\/?s={search_term_string}\"},\"query-input\":{\"@type\":\"PropertyValueSpecification\",\"valueRequired\":true,\"valueName\":\"search_term_string\"}}],\"inLanguage\":\"fr-FR\"},{\"@type\":\"Organization\",\"@id\":\"https:\/\/www.ondernemendvenlo.nl\/#organization\",\"name\":\"Ondernemend Venlo\",\"url\":\"https:\/\/www.ondernemendvenlo.nl\/\",\"logo\":{\"@type\":\"ImageObject\",\"inLanguage\":\"fr-FR\",\"@id\":\"https:\/\/www.ondernemendvenlo.nl\/#\/schema\/logo\/image\/\",\"url\":\"https:\/\/www.ondernemendvenlo.nl\/wp-content\/uploads\/2025\/02\/Ondernemend-Venlo-logo-scaled.webp\",\"contentUrl\":\"https:\/\/www.ondernemendvenlo.nl\/wp-content\/uploads\/2025\/02\/Ondernemend-Venlo-logo-scaled.webp\",\"width\":2560,\"height\":1010,\"caption\":\"Ondernemend Venlo\"},\"image\":{\"@id\":\"https:\/\/www.ondernemendvenlo.nl\/#\/schema\/logo\/image\/\"},\"sameAs\":[\"https:\/\/www.linkedin.com\/company\/ondernemend-venlo\/\"]},{\"@type\":\"Person\",\"@id\":\"https:\/\/www.ondernemendvenlo.nl\/#\/schema\/person\/347e935f8ad4c7030608ef74bb57aa6e\",\"name\":\"admin\",\"image\":{\"@type\":\"ImageObject\",\"inLanguage\":\"fr-FR\",\"@id\":\"https:\/\/www.ondernemendvenlo.nl\/#\/schema\/person\/image\/\",\"url\":\"https:\/\/www.ondernemendvenlo.nl\/wp-content\/litespeed\/avatar\/720af750b037aecf6e33e12833479059.jpg?ver=1777382954\",\"contentUrl\":\"https:\/\/www.ondernemendvenlo.nl\/wp-content\/litespeed\/avatar\/720af750b037aecf6e33e12833479059.jpg?ver=1777382954\",\"caption\":\"admin\"},\"sameAs\":[\"https:\/\/www.ondernemendvenlo.nl\"]}]}<\/script>\n<!-- \/ Yoast SEO plugin. -->","yoast_head_json":{"title":"Universiteit Maastricht ontmoet ondernemers in Venlo - Ondernemend Venlo","robots":{"index":"index","follow":"follow","max-snippet":"max-snippet:-1","max-image-preview":"max-image-preview:large","max-video-preview":"max-video-preview:-1"},"canonical":"https:\/\/www.ondernemendvenlo.nl\/fr\/universiteit-maastricht-ontmoet-ondernemers-in-venlo\/","og_locale":"fr_FR","og_type":"article","og_title":"Universiteit Maastricht ontmoet ondernemers in Venlo - Ondernemend Venlo","og_description":"Op initiatief van Ondernemend Venlo\u00a0(OV) en de\u00a0Universiteit Maastricht (UM) waren op vrijdag 21 oktober ondernemers te gast bij Canon Production Printing in Venlo. Peter Thissen (voorzitter OV) en Rianne Letschert (voorzitter College van Bestuur UM) benadrukten tijdens de bijeenkomst het belang van een intensieve samenwerking tussen wetenschappers, studenten en ondernemers. UM is nadrukkelijk op zoek [&hellip;]","og_url":"https:\/\/www.ondernemendvenlo.nl\/fr\/universiteit-maastricht-ontmoet-ondernemers-in-venlo\/","og_site_name":"Ondernemend Venlo","article_published_time":"2022-11-01T11:13:24+00:00","og_image":[{"width":96,"height":96,"url":"https:\/\/www.ondernemendvenlo.nl\/wp-content\/uploads\/2025\/04\/VideoPicto_96x96-1.png","type":"image\/png"}],"author":"admin","twitter_card":"summary_large_image","twitter_misc":{"\u00c9crit par":"admin","Dur\u00e9e de lecture estim\u00e9e":"2 minutes"},"schema":{"@context":"https:\/\/schema.org","@graph":[{"@type":"Article","@id":"https:\/\/www.ondernemendvenlo.nl\/universiteit-maastricht-ontmoet-ondernemers-in-venlo\/#article","isPartOf":{"@id":"https:\/\/www.ondernemendvenlo.nl\/universiteit-maastricht-ontmoet-ondernemers-in-venlo\/"},"author":{"name":"admin","@id":"https:\/\/www.ondernemendvenlo.nl\/#\/schema\/person\/347e935f8ad4c7030608ef74bb57aa6e"},"headline":"Universiteit Maastricht ontmoet ondernemers in Venlo","datePublished":"2022-11-01T11:13:24+00:00","mainEntityOfPage":{"@id":"https:\/\/www.ondernemendvenlo.nl\/universiteit-maastricht-ontmoet-ondernemers-in-venlo\/"},"wordCount":318,"publisher":{"@id":"https:\/\/www.ondernemendvenlo.nl\/#organization"},"image":{"@id":"https:\/\/www.ondernemendvenlo.nl\/universiteit-maastricht-ontmoet-ondernemers-in-venlo\/#primaryimage"},"thumbnailUrl":"https:\/\/www.ondernemendvenlo.nl\/wp-content\/uploads\/2025\/04\/VideoPicto_96x96-1.png","articleSection":["Nieuws"],"inLanguage":"fr-FR"},{"@type":"WebPage","@id":"https:\/\/www.ondernemendvenlo.nl\/universiteit-maastricht-ontmoet-ondernemers-in-venlo\/","url":"https:\/\/www.ondernemendvenlo.nl\/universiteit-maastricht-ontmoet-ondernemers-in-venlo\/","name":"Universiteit Maastricht ontmoet ondernemers in Venlo - Ondernemend Venlo","isPartOf":{"@id":"https:\/\/www.ondernemendvenlo.nl\/#website"},"primaryImageOfPage":{"@id":"https:\/\/www.ondernemendvenlo.nl\/universiteit-maastricht-ontmoet-ondernemers-in-venlo\/#primaryimage"},"image":{"@id":"https:\/\/www.ondernemendvenlo.nl\/universiteit-maastricht-ontmoet-ondernemers-in-venlo\/#primaryimage"},"thumbnailUrl":"https:\/\/www.ondernemendvenlo.nl\/wp-content\/uploads\/2025\/04\/VideoPicto_96x96-1.png","datePublished":"2022-11-01T11:13:24+00:00","breadcrumb":{"@id":"https:\/\/www.ondernemendvenlo.nl\/universiteit-maastricht-ontmoet-ondernemers-in-venlo\/#breadcrumb"},"inLanguage":"fr-FR","potentialAction":[{"@type":"ReadAction","target":["https:\/\/www.ondernemendvenlo.nl\/universiteit-maastricht-ontmoet-ondernemers-in-venlo\/"]}]},{"@type":"ImageObject","inLanguage":"fr-FR","@id":"https:\/\/www.ondernemendvenlo.nl\/universiteit-maastricht-ontmoet-ondernemers-in-venlo\/#primaryimage","url":"https:\/\/www.ondernemendvenlo.nl\/wp-content\/uploads\/2025\/04\/VideoPicto_96x96-1.png","contentUrl":"https:\/\/www.ondernemendvenlo.nl\/wp-content\/uploads\/2025\/04\/VideoPicto_96x96-1.png","width":96,"height":96},{"@type":"BreadcrumbList","@id":"https:\/\/www.ondernemendvenlo.nl\/universiteit-maastricht-ontmoet-ondernemers-in-venlo\/#breadcrumb","itemListElement":[{"@type":"ListItem","position":1,"name":"Ondernemend Venlo","item":"https:\/\/www.ondernemendvenlo.nl\/"},{"@type":"ListItem","position":2,"name":"Nieuws","item":"https:\/\/www.ondernemendvenlo.nl\/categorie\/nieuws\/"},{"@type":"ListItem","position":3,"name":"Universiteit Maastricht ontmoet ondernemers in Venlo"}]},{"@type":"WebSite","@id":"https:\/\/www.ondernemendvenlo.nl\/#website","url":"https:\/\/www.ondernemendvenlo.nl\/","name":"Venlo entrepreneurial","description":"Travailler ensemble avec succ\u00e8s","publisher":{"@id":"https:\/\/www.ondernemendvenlo.nl\/#organization"},"potentialAction":[{"@type":"SearchAction","target":{"@type":"EntryPoint","urlTemplate":"https:\/\/www.ondernemendvenlo.nl\/?s={search_term_string}"},"query-input":{"@type":"PropertyValueSpecification","valueRequired":true,"valueName":"search_term_string"}}],"inLanguage":"fr-FR"},{"@type":"Organization","@id":"https:\/\/www.ondernemendvenlo.nl\/#organization","name":"Venlo entrepreneurial","url":"https:\/\/www.ondernemendvenlo.nl\/","logo":{"@type":"ImageObject","inLanguage":"fr-FR","@id":"https:\/\/www.ondernemendvenlo.nl\/#\/schema\/logo\/image\/","url":"https:\/\/www.ondernemendvenlo.nl\/wp-content\/uploads\/2025\/02\/Ondernemend-Venlo-logo-scaled.webp","contentUrl":"https:\/\/www.ondernemendvenlo.nl\/wp-content\/uploads\/2025\/02\/Ondernemend-Venlo-logo-scaled.webp","width":2560,"height":1010,"caption":"Ondernemend Venlo"},"image":{"@id":"https:\/\/www.ondernemendvenlo.nl\/#\/schema\/logo\/image\/"},"sameAs":["https:\/\/www.linkedin.com\/company\/ondernemend-venlo\/"]},{"@type":"Person","@id":"https:\/\/www.ondernemendvenlo.nl\/#\/schema\/person\/347e935f8ad4c7030608ef74bb57aa6e","name":"admin","image":{"@type":"ImageObject","inLanguage":"fr-FR","@id":"https:\/\/www.ondernemendvenlo.nl\/#\/schema\/person\/image\/","url":"https:\/\/www.ondernemendvenlo.nl\/wp-content\/litespeed\/avatar\/720af750b037aecf6e33e12833479059.jpg?ver=1777382954","contentUrl":"https:\/\/www.ondernemendvenlo.nl\/wp-content\/litespeed\/avatar\/720af750b037aecf6e33e12833479059.jpg?ver=1777382954","caption":"admin"},"sameAs":["https:\/\/www.ondernemendvenlo.nl"]}]}},"_links":{"self":[{"href":"https:\/\/www.ondernemendvenlo.nl\/fr\/wp-json\/wp\/v2\/posts\/2814","targetHints":{"allow":["GET"]}}],"collection":[{"href":"https:\/\/www.ondernemendvenlo.nl\/fr\/wp-json\/wp\/v2\/posts"}],"about":[{"href":"https:\/\/www.ondernemendvenlo.nl\/fr\/wp-json\/wp\/v2\/types\/post"}],"author":[{"embeddable":true,"href":"https:\/\/www.ondernemendvenlo.nl\/fr\/wp-json\/wp\/v2\/users\/1"}],"replies":[{"embeddable":true,"href":"https:\/\/www.ondernemendvenlo.nl\/fr\/wp-json\/wp\/v2\/comments?post=2814"}],"version-history":[{"count":0,"href":"https:\/\/www.ondernemendvenlo.nl\/fr\/wp-json\/wp\/v2\/posts\/2814\/revisions"}],"wp:featuredmedia":[{"embeddable":true,"href":"https:\/\/www.ondernemendvenlo.nl\/fr\/wp-json\/wp\/v2\/media\/2815"}],"wp:attachment":[{"href":"https:\/\/www.ondernemendvenlo.nl\/fr\/wp-json\/wp\/v2\/media?parent=2814"}],"wp:term":[{"taxonomy":"category","embeddable":true,"href":"https:\/\/www.ondernemendvenlo.nl\/fr\/wp-json\/wp\/v2\/categories?post=2814"},{"taxonomy":"post_tag","embeddable":true,"href":"https:\/\/www.ondernemendvenlo.nl\/fr\/wp-json\/wp\/v2\/tags?post=2814"}],"curies":[{"name":"wp","href":"https:\/\/api.w.org\/{rel}","templated":true}]}}