{"id":2852,"date":"2022-12-21T14:39:22","date_gmt":"2022-12-21T13:39:22","guid":{"rendered":"https:\/\/www.ondernemendvenlo.nl\/gilde-opleidingen-start-met-opleidingen-e-commerce-specialist-en-ondernemer-handel\/"},"modified":"2022-12-21T14:39:22","modified_gmt":"2022-12-21T13:39:22","slug":"gilde-opleidingen-start-met-opleidingen-e-commerce-specialist-en-ondernemer-handel","status":"publish","type":"post","link":"https:\/\/www.ondernemendvenlo.nl\/fr\/gilde-opleidingen-start-met-opleidingen-e-commerce-specialist-en-ondernemer-handel\/","title":{"rendered":"Gilde Opleidingen lance des cours de sp\u00e9cialiste en commerce \u00e9lectronique et d'entrepreneur commercial\u00a0"},"content":{"rendered":"<p class=\"p2\"><b>Roermond, 20 december 2022 &#8211; E-commerce, ofwel online verkoop, is niet meer weg te denken. Steeds meer bedrijven doen zaken online via hun website of webshop. Dit kunnen ze echter niet uitvoeren zonder de hulp van medewerkers die de juiste digitale kennis, vaardigheden \u00e9n creativiteit bezitten. Daarom start Gilde Opleidingen per schooljaar \u201823\/\u201924 met de opleiding E-commerce Specialist.<span class=\"Apple-converted-space\">\u00a0<\/span><\/b><\/p>\n<p class=\"p4\"><b>Behoefte vanuit de markt <\/b>Er is in het bedrijfsleven veel vraag naar medewerkers met kennis over online marketing, verkoop(beleid) en het cre\u00ebren van promotieactiviteiten. Personeel dat met diverse media(kanalen) en technologische toepassingen kan inspelen op de wensen en behoeften van de klant. \u201cDoor het aanbieden van de opleiding E-commerce Specialist bereiden we, samen met het bedrijfsleven, de toekomstige werknemers voor op het echte werk,\u201d aldus Hans Aarts, directeur Economie en Technologie. \u201cOok hebben we geluisterd naar de feedback van onze studiekiezers. Vanuit deze doelgroep kwam het geluid dat E-commerce Specialist een aanvulling zou zijn op ons opleidingsaanbod.\u201d<span class=\"Apple-converted-space\">\u00a0<\/span><\/p>\n<p class=\"p5\"><b>E-commerce specialist<span class=\"Apple-converted-space\">\u00a0<\/span><\/b><\/p>\n<p class=\"p5\">De E-commerce Specialist leert alles over e-commerce, online sales, marketing en social media campagnes. Ontwikkelt content en beheert deze. Als student leer je hoe je data analyseert om commerci\u00eble kansen te benutten. Zo kun je de nieuwste trends gebruiken om omzet, aantal volgers en naamsbekendheid te vergroten. Klantreizen, oftewel customer journeys en projectmanagement komen ook aan bod. De opleiding E-commerce Specialist start vanaf het schooljaar \u201823\/\u201924 op de locaties Venray, Venlo en Weert van Gilde Opleidingen. Het is een driejarige niveau-4 bol-opleiding (beroepsopleidende leerweg).<span class=\"Apple-converted-space\">\u00a0<\/span><\/p>\n<p class=\"p5\"><b>Ondernemer handel<span class=\"Apple-converted-space\">\u00a0<\/span><\/b><\/p>\n<p class=\"p5\">Naast E-commerce Specialist start er in het nieuwe schooljaar nog een nieuwe opleiding: Ondernemer Handel. Veel studenten geven namelijk bij de start van hun studie aan dat ze graag een eigen bedrijf willen opstarten, maar niet goed weten welke opleiding ze hierbij moeten kiezen. Deze opleiding springt in op deze behoefte om studenten voor te bereiden op het echte werk als zelfstandig ondernemer. De opleiding Ondernemer Handel start vanaf het schooljaar \u201823\/\u201924 op de locaties Roermond, Venray, Venlo en Weert van Gilde Opleidingen. Het is een driejarige niveau-4 bol-opleiding.<span class=\"Apple-converted-space\">\u00a0<\/span><\/p>\n<p class=\"p5\"><b>Breed eerste jaar<span class=\"Apple-converted-space\">\u00a0<\/span><\/b><\/p>\n<p class=\"p5\">In het eerste jaar krijgen alle studenten van de opleidingen Retailspecialist, Retailmanager, Junior Manager Groothandel, Junior Manager Internationale Handel, Commercieel Medewerker, Junior Accountmanager, E-commerce Specialist \u00e9n Ondernemer Handel samen les. Op deze manier maken zij kennis met deze verschillende beroepen. Vervolgens kiezen de betreffende studenten \u00e9\u00e9n van de opleidingen als uitstroomrichting. Het is zelfs mogelijk twee uitstroomrichtingen te kiezen, waardoor je met twee diploma\u2019s kunt afstuderen.<span class=\"Apple-converted-space\">\u00a0<\/span><\/p>\n<p class=\"p5\"><b>Open dag<span class=\"Apple-converted-space\">\u00a0<\/span><\/b><\/p>\n<p class=\"p5\">Op zondag 22 januari opent Gilde Opleidingen van 10.00 tot 15.00 uur de deuren van al haar vakscholen en kunnen studiekiezers kennis maken met deze \u00e9n de andere meer dan 130 verschillende opleidingen van Gilde Opleidingen. Kijk voor meer informatie over de open dag en onze andere studiekeuze events op www.gildeopleiding.nl\/events.<span class=\"Apple-converted-space\">\u00a0<\/span><\/p>\n<p class=\"p6\">","protected":false},"excerpt":{"rendered":"<p>Roermond, 20 december 2022 &#8211; E-commerce, ofwel online verkoop, is niet meer weg te denken. Steeds meer bedrijven doen zaken online via hun website of webshop. Dit kunnen ze echter niet uitvoeren zonder de hulp van medewerkers die de juiste digitale kennis, vaardigheden \u00e9n creativiteit bezitten. Daarom start Gilde Opleidingen per schooljaar \u201823\/\u201924 met de [&hellip;]<\/p>","protected":false},"author":1,"featured_media":2853,"comment_status":"closed","ping_status":"open","sticky":false,"template":"","format":"standard","meta":{"_acf_changed":false,"footnotes":""},"categories":[8],"tags":[],"class_list":["post-2852","post","type-post","status-publish","format-standard","has-post-thumbnail","hentry","category-nieuws"],"acf":[],"yoast_head":"<!-- This site is optimized with the Yoast SEO plugin v26.3 - https:\/\/yoast.com\/wordpress\/plugins\/seo\/ -->\n<title>Gilde Opleidingen start met opleidingen E-commerce Specialist en Ondernemer Handel\u00a0 - Ondernemend Venlo<\/title>\n<meta name=\"robots\" content=\"index, follow, max-snippet:-1, max-image-preview:large, max-video-preview:-1\" \/>\n<link rel=\"canonical\" href=\"https:\/\/www.ondernemendvenlo.nl\/fr\/gilde-opleidingen-start-met-opleidingen-e-commerce-specialist-en-ondernemer-handel\/\" \/>\n<meta property=\"og:locale\" content=\"fr_FR\" \/>\n<meta property=\"og:type\" content=\"article\" \/>\n<meta property=\"og:title\" content=\"Gilde Opleidingen start met opleidingen E-commerce Specialist en Ondernemer Handel\u00a0 - Ondernemend Venlo\" \/>\n<meta property=\"og:description\" content=\"Roermond, 20 december 2022 &#8211; E-commerce, ofwel online verkoop, is niet meer weg te denken. Steeds meer bedrijven doen zaken online via hun website of webshop. Dit kunnen ze echter niet uitvoeren zonder de hulp van medewerkers die de juiste digitale kennis, vaardigheden \u00e9n creativiteit bezitten. Daarom start Gilde Opleidingen per schooljaar \u201823\/\u201924 met de [&hellip;]\" \/>\n<meta property=\"og:url\" content=\"https:\/\/www.ondernemendvenlo.nl\/fr\/gilde-opleidingen-start-met-opleidingen-e-commerce-specialist-en-ondernemer-handel\/\" \/>\n<meta property=\"og:site_name\" content=\"Ondernemend Venlo\" \/>\n<meta property=\"article:published_time\" content=\"2022-12-21T13:39:22+00:00\" \/>\n<meta property=\"og:image\" content=\"https:\/\/www.ondernemendvenlo.nl\/wp-content\/uploads\/2025\/04\/people-g4fafe73b4_640.jpg\" \/>\n\t<meta property=\"og:image:width\" content=\"640\" \/>\n\t<meta property=\"og:image:height\" content=\"427\" \/>\n\t<meta property=\"og:image:type\" content=\"image\/jpeg\" \/>\n<meta name=\"author\" content=\"admin\" \/>\n<meta name=\"twitter:card\" content=\"summary_large_image\" \/>\n<meta name=\"twitter:label1\" content=\"\u00c9crit par\" \/>\n\t<meta name=\"twitter:data1\" content=\"admin\" \/>\n\t<meta name=\"twitter:label2\" content=\"Dur\u00e9e de lecture estim\u00e9e\" \/>\n\t<meta name=\"twitter:data2\" content=\"2 minutes\" \/>\n<script type=\"application\/ld+json\" class=\"yoast-schema-graph\">{\"@context\":\"https:\/\/schema.org\",\"@graph\":[{\"@type\":\"Article\",\"@id\":\"https:\/\/www.ondernemendvenlo.nl\/gilde-opleidingen-start-met-opleidingen-e-commerce-specialist-en-ondernemer-handel\/#article\",\"isPartOf\":{\"@id\":\"https:\/\/www.ondernemendvenlo.nl\/gilde-opleidingen-start-met-opleidingen-e-commerce-specialist-en-ondernemer-handel\/\"},\"author\":{\"name\":\"admin\",\"@id\":\"https:\/\/www.ondernemendvenlo.nl\/#\/schema\/person\/347e935f8ad4c7030608ef74bb57aa6e\"},\"headline\":\"Gilde Opleidingen start met opleidingen E-commerce Specialist en Ondernemer Handel\u00a0\",\"datePublished\":\"2022-12-21T13:39:22+00:00\",\"mainEntityOfPage\":{\"@id\":\"https:\/\/www.ondernemendvenlo.nl\/gilde-opleidingen-start-met-opleidingen-e-commerce-specialist-en-ondernemer-handel\/\"},\"wordCount\":463,\"publisher\":{\"@id\":\"https:\/\/www.ondernemendvenlo.nl\/#organization\"},\"image\":{\"@id\":\"https:\/\/www.ondernemendvenlo.nl\/gilde-opleidingen-start-met-opleidingen-e-commerce-specialist-en-ondernemer-handel\/#primaryimage\"},\"thumbnailUrl\":\"https:\/\/www.ondernemendvenlo.nl\/wp-content\/uploads\/2025\/04\/people-g4fafe73b4_640.jpg\",\"articleSection\":[\"Nieuws\"],\"inLanguage\":\"fr-FR\"},{\"@type\":\"WebPage\",\"@id\":\"https:\/\/www.ondernemendvenlo.nl\/gilde-opleidingen-start-met-opleidingen-e-commerce-specialist-en-ondernemer-handel\/\",\"url\":\"https:\/\/www.ondernemendvenlo.nl\/gilde-opleidingen-start-met-opleidingen-e-commerce-specialist-en-ondernemer-handel\/\",\"name\":\"Gilde Opleidingen start met opleidingen E-commerce Specialist en Ondernemer Handel\u00a0 - Ondernemend Venlo\",\"isPartOf\":{\"@id\":\"https:\/\/www.ondernemendvenlo.nl\/#website\"},\"primaryImageOfPage\":{\"@id\":\"https:\/\/www.ondernemendvenlo.nl\/gilde-opleidingen-start-met-opleidingen-e-commerce-specialist-en-ondernemer-handel\/#primaryimage\"},\"image\":{\"@id\":\"https:\/\/www.ondernemendvenlo.nl\/gilde-opleidingen-start-met-opleidingen-e-commerce-specialist-en-ondernemer-handel\/#primaryimage\"},\"thumbnailUrl\":\"https:\/\/www.ondernemendvenlo.nl\/wp-content\/uploads\/2025\/04\/people-g4fafe73b4_640.jpg\",\"datePublished\":\"2022-12-21T13:39:22+00:00\",\"breadcrumb\":{\"@id\":\"https:\/\/www.ondernemendvenlo.nl\/gilde-opleidingen-start-met-opleidingen-e-commerce-specialist-en-ondernemer-handel\/#breadcrumb\"},\"inLanguage\":\"fr-FR\",\"potentialAction\":[{\"@type\":\"ReadAction\",\"target\":[\"https:\/\/www.ondernemendvenlo.nl\/gilde-opleidingen-start-met-opleidingen-e-commerce-specialist-en-ondernemer-handel\/\"]}]},{\"@type\":\"ImageObject\",\"inLanguage\":\"fr-FR\",\"@id\":\"https:\/\/www.ondernemendvenlo.nl\/gilde-opleidingen-start-met-opleidingen-e-commerce-specialist-en-ondernemer-handel\/#primaryimage\",\"url\":\"https:\/\/www.ondernemendvenlo.nl\/wp-content\/uploads\/2025\/04\/people-g4fafe73b4_640.jpg\",\"contentUrl\":\"https:\/\/www.ondernemendvenlo.nl\/wp-content\/uploads\/2025\/04\/people-g4fafe73b4_640.jpg\",\"width\":640,\"height\":427},{\"@type\":\"BreadcrumbList\",\"@id\":\"https:\/\/www.ondernemendvenlo.nl\/gilde-opleidingen-start-met-opleidingen-e-commerce-specialist-en-ondernemer-handel\/#breadcrumb\",\"itemListElement\":[{\"@type\":\"ListItem\",\"position\":1,\"name\":\"Ondernemend Venlo\",\"item\":\"https:\/\/www.ondernemendvenlo.nl\/\"},{\"@type\":\"ListItem\",\"position\":2,\"name\":\"Nieuws\",\"item\":\"https:\/\/www.ondernemendvenlo.nl\/categorie\/nieuws\/\"},{\"@type\":\"ListItem\",\"position\":3,\"name\":\"Gilde Opleidingen start met opleidingen E-commerce Specialist en Ondernemer Handel\u00a0\"}]},{\"@type\":\"WebSite\",\"@id\":\"https:\/\/www.ondernemendvenlo.nl\/#website\",\"url\":\"https:\/\/www.ondernemendvenlo.nl\/\",\"name\":\"Ondernemend Venlo\",\"description\":\"Samen succesvol ondernemen\",\"publisher\":{\"@id\":\"https:\/\/www.ondernemendvenlo.nl\/#organization\"},\"potentialAction\":[{\"@type\":\"SearchAction\",\"target\":{\"@type\":\"EntryPoint\",\"urlTemplate\":\"https:\/\/www.ondernemendvenlo.nl\/?s={search_term_string}\"},\"query-input\":{\"@type\":\"PropertyValueSpecification\",\"valueRequired\":true,\"valueName\":\"search_term_string\"}}],\"inLanguage\":\"fr-FR\"},{\"@type\":\"Organization\",\"@id\":\"https:\/\/www.ondernemendvenlo.nl\/#organization\",\"name\":\"Ondernemend Venlo\",\"url\":\"https:\/\/www.ondernemendvenlo.nl\/\",\"logo\":{\"@type\":\"ImageObject\",\"inLanguage\":\"fr-FR\",\"@id\":\"https:\/\/www.ondernemendvenlo.nl\/#\/schema\/logo\/image\/\",\"url\":\"https:\/\/www.ondernemendvenlo.nl\/wp-content\/uploads\/2025\/02\/Ondernemend-Venlo-logo-scaled.webp\",\"contentUrl\":\"https:\/\/www.ondernemendvenlo.nl\/wp-content\/uploads\/2025\/02\/Ondernemend-Venlo-logo-scaled.webp\",\"width\":2560,\"height\":1010,\"caption\":\"Ondernemend Venlo\"},\"image\":{\"@id\":\"https:\/\/www.ondernemendvenlo.nl\/#\/schema\/logo\/image\/\"},\"sameAs\":[\"https:\/\/www.linkedin.com\/company\/ondernemend-venlo\/\"]},{\"@type\":\"Person\",\"@id\":\"https:\/\/www.ondernemendvenlo.nl\/#\/schema\/person\/347e935f8ad4c7030608ef74bb57aa6e\",\"name\":\"admin\",\"image\":{\"@type\":\"ImageObject\",\"inLanguage\":\"fr-FR\",\"@id\":\"https:\/\/www.ondernemendvenlo.nl\/#\/schema\/person\/image\/\",\"url\":\"https:\/\/www.ondernemendvenlo.nl\/wp-content\/litespeed\/avatar\/720af750b037aecf6e33e12833479059.jpg?ver=1777382954\",\"contentUrl\":\"https:\/\/www.ondernemendvenlo.nl\/wp-content\/litespeed\/avatar\/720af750b037aecf6e33e12833479059.jpg?ver=1777382954\",\"caption\":\"admin\"},\"sameAs\":[\"https:\/\/www.ondernemendvenlo.nl\"]}]}<\/script>\n<!-- \/ Yoast SEO plugin. -->","yoast_head_json":{"title":"Gilde Opleidingen start met opleidingen E-commerce Specialist en Ondernemer Handel\u00a0 - Ondernemend Venlo","robots":{"index":"index","follow":"follow","max-snippet":"max-snippet:-1","max-image-preview":"max-image-preview:large","max-video-preview":"max-video-preview:-1"},"canonical":"https:\/\/www.ondernemendvenlo.nl\/fr\/gilde-opleidingen-start-met-opleidingen-e-commerce-specialist-en-ondernemer-handel\/","og_locale":"fr_FR","og_type":"article","og_title":"Gilde Opleidingen start met opleidingen E-commerce Specialist en Ondernemer Handel\u00a0 - Ondernemend Venlo","og_description":"Roermond, 20 december 2022 &#8211; E-commerce, ofwel online verkoop, is niet meer weg te denken. Steeds meer bedrijven doen zaken online via hun website of webshop. Dit kunnen ze echter niet uitvoeren zonder de hulp van medewerkers die de juiste digitale kennis, vaardigheden \u00e9n creativiteit bezitten. Daarom start Gilde Opleidingen per schooljaar \u201823\/\u201924 met de [&hellip;]","og_url":"https:\/\/www.ondernemendvenlo.nl\/fr\/gilde-opleidingen-start-met-opleidingen-e-commerce-specialist-en-ondernemer-handel\/","og_site_name":"Ondernemend Venlo","article_published_time":"2022-12-21T13:39:22+00:00","og_image":[{"width":640,"height":427,"url":"https:\/\/www.ondernemendvenlo.nl\/wp-content\/uploads\/2025\/04\/people-g4fafe73b4_640.jpg","type":"image\/jpeg"}],"author":"admin","twitter_card":"summary_large_image","twitter_misc":{"\u00c9crit par":"admin","Dur\u00e9e de lecture estim\u00e9e":"2 minutes"},"schema":{"@context":"https:\/\/schema.org","@graph":[{"@type":"Article","@id":"https:\/\/www.ondernemendvenlo.nl\/gilde-opleidingen-start-met-opleidingen-e-commerce-specialist-en-ondernemer-handel\/#article","isPartOf":{"@id":"https:\/\/www.ondernemendvenlo.nl\/gilde-opleidingen-start-met-opleidingen-e-commerce-specialist-en-ondernemer-handel\/"},"author":{"name":"admin","@id":"https:\/\/www.ondernemendvenlo.nl\/#\/schema\/person\/347e935f8ad4c7030608ef74bb57aa6e"},"headline":"Gilde Opleidingen start met opleidingen E-commerce Specialist en Ondernemer Handel\u00a0","datePublished":"2022-12-21T13:39:22+00:00","mainEntityOfPage":{"@id":"https:\/\/www.ondernemendvenlo.nl\/gilde-opleidingen-start-met-opleidingen-e-commerce-specialist-en-ondernemer-handel\/"},"wordCount":463,"publisher":{"@id":"https:\/\/www.ondernemendvenlo.nl\/#organization"},"image":{"@id":"https:\/\/www.ondernemendvenlo.nl\/gilde-opleidingen-start-met-opleidingen-e-commerce-specialist-en-ondernemer-handel\/#primaryimage"},"thumbnailUrl":"https:\/\/www.ondernemendvenlo.nl\/wp-content\/uploads\/2025\/04\/people-g4fafe73b4_640.jpg","articleSection":["Nieuws"],"inLanguage":"fr-FR"},{"@type":"WebPage","@id":"https:\/\/www.ondernemendvenlo.nl\/gilde-opleidingen-start-met-opleidingen-e-commerce-specialist-en-ondernemer-handel\/","url":"https:\/\/www.ondernemendvenlo.nl\/gilde-opleidingen-start-met-opleidingen-e-commerce-specialist-en-ondernemer-handel\/","name":"Gilde Opleidingen start met opleidingen E-commerce Specialist en Ondernemer Handel\u00a0 - Ondernemend Venlo","isPartOf":{"@id":"https:\/\/www.ondernemendvenlo.nl\/#website"},"primaryImageOfPage":{"@id":"https:\/\/www.ondernemendvenlo.nl\/gilde-opleidingen-start-met-opleidingen-e-commerce-specialist-en-ondernemer-handel\/#primaryimage"},"image":{"@id":"https:\/\/www.ondernemendvenlo.nl\/gilde-opleidingen-start-met-opleidingen-e-commerce-specialist-en-ondernemer-handel\/#primaryimage"},"thumbnailUrl":"https:\/\/www.ondernemendvenlo.nl\/wp-content\/uploads\/2025\/04\/people-g4fafe73b4_640.jpg","datePublished":"2022-12-21T13:39:22+00:00","breadcrumb":{"@id":"https:\/\/www.ondernemendvenlo.nl\/gilde-opleidingen-start-met-opleidingen-e-commerce-specialist-en-ondernemer-handel\/#breadcrumb"},"inLanguage":"fr-FR","potentialAction":[{"@type":"ReadAction","target":["https:\/\/www.ondernemendvenlo.nl\/gilde-opleidingen-start-met-opleidingen-e-commerce-specialist-en-ondernemer-handel\/"]}]},{"@type":"ImageObject","inLanguage":"fr-FR","@id":"https:\/\/www.ondernemendvenlo.nl\/gilde-opleidingen-start-met-opleidingen-e-commerce-specialist-en-ondernemer-handel\/#primaryimage","url":"https:\/\/www.ondernemendvenlo.nl\/wp-content\/uploads\/2025\/04\/people-g4fafe73b4_640.jpg","contentUrl":"https:\/\/www.ondernemendvenlo.nl\/wp-content\/uploads\/2025\/04\/people-g4fafe73b4_640.jpg","width":640,"height":427},{"@type":"BreadcrumbList","@id":"https:\/\/www.ondernemendvenlo.nl\/gilde-opleidingen-start-met-opleidingen-e-commerce-specialist-en-ondernemer-handel\/#breadcrumb","itemListElement":[{"@type":"ListItem","position":1,"name":"Ondernemend Venlo","item":"https:\/\/www.ondernemendvenlo.nl\/"},{"@type":"ListItem","position":2,"name":"Nieuws","item":"https:\/\/www.ondernemendvenlo.nl\/categorie\/nieuws\/"},{"@type":"ListItem","position":3,"name":"Gilde Opleidingen start met opleidingen E-commerce Specialist en Ondernemer Handel\u00a0"}]},{"@type":"WebSite","@id":"https:\/\/www.ondernemendvenlo.nl\/#website","url":"https:\/\/www.ondernemendvenlo.nl\/","name":"Venlo entrepreneurial","description":"Travailler ensemble avec succ\u00e8s","publisher":{"@id":"https:\/\/www.ondernemendvenlo.nl\/#organization"},"potentialAction":[{"@type":"SearchAction","target":{"@type":"EntryPoint","urlTemplate":"https:\/\/www.ondernemendvenlo.nl\/?s={search_term_string}"},"query-input":{"@type":"PropertyValueSpecification","valueRequired":true,"valueName":"search_term_string"}}],"inLanguage":"fr-FR"},{"@type":"Organization","@id":"https:\/\/www.ondernemendvenlo.nl\/#organization","name":"Venlo entrepreneurial","url":"https:\/\/www.ondernemendvenlo.nl\/","logo":{"@type":"ImageObject","inLanguage":"fr-FR","@id":"https:\/\/www.ondernemendvenlo.nl\/#\/schema\/logo\/image\/","url":"https:\/\/www.ondernemendvenlo.nl\/wp-content\/uploads\/2025\/02\/Ondernemend-Venlo-logo-scaled.webp","contentUrl":"https:\/\/www.ondernemendvenlo.nl\/wp-content\/uploads\/2025\/02\/Ondernemend-Venlo-logo-scaled.webp","width":2560,"height":1010,"caption":"Ondernemend Venlo"},"image":{"@id":"https:\/\/www.ondernemendvenlo.nl\/#\/schema\/logo\/image\/"},"sameAs":["https:\/\/www.linkedin.com\/company\/ondernemend-venlo\/"]},{"@type":"Person","@id":"https:\/\/www.ondernemendvenlo.nl\/#\/schema\/person\/347e935f8ad4c7030608ef74bb57aa6e","name":"admin","image":{"@type":"ImageObject","inLanguage":"fr-FR","@id":"https:\/\/www.ondernemendvenlo.nl\/#\/schema\/person\/image\/","url":"https:\/\/www.ondernemendvenlo.nl\/wp-content\/litespeed\/avatar\/720af750b037aecf6e33e12833479059.jpg?ver=1777382954","contentUrl":"https:\/\/www.ondernemendvenlo.nl\/wp-content\/litespeed\/avatar\/720af750b037aecf6e33e12833479059.jpg?ver=1777382954","caption":"admin"},"sameAs":["https:\/\/www.ondernemendvenlo.nl"]}]}},"_links":{"self":[{"href":"https:\/\/www.ondernemendvenlo.nl\/fr\/wp-json\/wp\/v2\/posts\/2852","targetHints":{"allow":["GET"]}}],"collection":[{"href":"https:\/\/www.ondernemendvenlo.nl\/fr\/wp-json\/wp\/v2\/posts"}],"about":[{"href":"https:\/\/www.ondernemendvenlo.nl\/fr\/wp-json\/wp\/v2\/types\/post"}],"author":[{"embeddable":true,"href":"https:\/\/www.ondernemendvenlo.nl\/fr\/wp-json\/wp\/v2\/users\/1"}],"replies":[{"embeddable":true,"href":"https:\/\/www.ondernemendvenlo.nl\/fr\/wp-json\/wp\/v2\/comments?post=2852"}],"version-history":[{"count":0,"href":"https:\/\/www.ondernemendvenlo.nl\/fr\/wp-json\/wp\/v2\/posts\/2852\/revisions"}],"wp:featuredmedia":[{"embeddable":true,"href":"https:\/\/www.ondernemendvenlo.nl\/fr\/wp-json\/wp\/v2\/media\/2853"}],"wp:attachment":[{"href":"https:\/\/www.ondernemendvenlo.nl\/fr\/wp-json\/wp\/v2\/media?parent=2852"}],"wp:term":[{"taxonomy":"category","embeddable":true,"href":"https:\/\/www.ondernemendvenlo.nl\/fr\/wp-json\/wp\/v2\/categories?post=2852"},{"taxonomy":"post_tag","embeddable":true,"href":"https:\/\/www.ondernemendvenlo.nl\/fr\/wp-json\/wp\/v2\/tags?post=2852"}],"curies":[{"name":"wp","href":"https:\/\/api.w.org\/{rel}","templated":true}]}}