{"id":2898,"date":"2023-01-20T11:06:04","date_gmt":"2023-01-20T10:06:04","guid":{"rendered":"https:\/\/www.ondernemendvenlo.nl\/crossroads-limburg-samenwerking-en-flexibiliteit-is-de-key\/"},"modified":"2023-01-20T11:06:04","modified_gmt":"2023-01-20T10:06:04","slug":"crossroads-limburg-samenwerking-en-flexibiliteit-is-de-key","status":"publish","type":"post","link":"https:\/\/www.ondernemendvenlo.nl\/fr\/crossroads-limburg-samenwerking-en-flexibiliteit-is-de-key\/","title":{"rendered":"Carrefour Limbourg : la coop\u00e9ration et la flexibilit\u00e9 sont la \"cl\u00e9\"."},"content":{"rendered":"<div id=\"_idContainer213\" class=\"_idGenObjectStyleOverride-1\">\n<p class=\"Intro-zwart ParaOverride-3\" lang=\"nl-NL\"><em><strong>Per 7 november 2022 is Angely Waajen-Crins officieel aangesteld in haar nieuwe rol als directeur van Crossroads Limburg. <span class=\"afbreken-einde-zin\" lang=\"\">Au\u00a0<\/span>het verbindingsplatform voor ondernemers, onderwijs, overheid en omgeving in Noord-Limburg neemt ze de taken over van interim-voorzitter Tjebbe Smit. Waajen heeft haar doel voor 2023 scherp gesteld: \u201cDe quatro helix met elkaar verbinden om onze regio economisch gezond te houden. Samenwerking en flexibiliteit van alle partijen is daarbij de \u2018key\u2019.<\/strong><\/em><\/p>\n<\/div>\n<div id=\"_idContainer214\" class=\"Basistekstkader\">\n<p class=\"Platte-tekst\" lang=\"nl-NL\">Het gesprek met kersverse directeur <strong><a href=\"https:\/\/www.linkedin.com\/in\/angely-waajen-crins-25a33119\/\" class=\"external\" target=\"_blank\">Angely Waajen<\/a><\/strong> vindt plaats in de Venlose Villa Flora, de thuisbasis voor het compacte team van het in 2016 opgerichte Crossroads Limburg. Crossroads heeft de taak ondernemers, overheid, onderwijs en omgeving te verbinden voor een gezonde doorontwikkeling van de regio. Gezamenlijk wordt er een economische agenda gemaakt voor de toekomst van de Gezondste Regio Noord-Limburg.\u00a0<span class=\"afbreken-einde-zin\" lang=\"\">Le\u00a0<\/span>Rijk, de Provincie en regiogemeenten betalen mee aan de versterking van de samenwerking. Daarnaast leveren ondernemers een bijdrage.\u00a0<span class=\"afbreken-einde-zin\" lang=\"\">Le\u00a0<\/span>jaar 2023 wordt gebruikt om de financiering van de samenwerking en de inhoudelijke agenda verder vorm te geven met alle partners. Waajen: \u201cHet is aan Crossroads om te laten zien dat doorontwikkeling echt alleen maar kan met een krachtige samenwerking en veel draagvlak voor de toekomstplannen.\u201d<\/p>\n<p class=\"Tussenkopje\" lang=\"nl-NL\"><strong>Passie voor verbinden<br \/>\n<\/strong>Waajen is gevraagd om aan de slag te gaan als directeur bij Crossroads Limburg en volgens haarzelf is deze functie haar op het lijf geschreven: \u201cTijdens de gesprekken kreeg ik een goed gevoel bij de organisatie, de doelen, het team en uiteraard de functie. Samenwerking zit in mijn aard: er brandt een vuurtje in mij om mensen met elkaar te verbinden. Plus een groot voordeel is dat ik als oud-wethouder van de gemeente Roermond en voormalig regiosecretaris van De Limburgse Werkgevers Vereniging met verschillende petten op naar situaties kan kijken.\u201d<\/p>\n<p class=\"Platte-tekst\" lang=\"nl-NL\">Het wordt haar kerntaak om de quatro helix in de regio Noord-Limburg met elkaar te verbinden.\u00a0<span class=\"afbreken-einde-zin\" lang=\"\">\"Il\u00a0<\/span>is mijn doel om die te laten samenwerken aan een economisch gezonde regio.\u00a0<span class=\"afbreken-einde-zin\" lang=\"\">Le\u00a0<\/span>maatschappelijke vraagstukken waar de samenleving mee wordt geconfronteerd zijn tegenwoordig zo complex dat geen enkele partij deze alleen kan oplossen.\u00a0<span class=\"afbreken-einde-zin\" lang=\"\">Le\u00a0<\/span>overheid kan het niet alleen, het onderwijs kan het niet alleen en de ondernemers ook niet.\u00a0<span class=\"afbreken-einde-zin\" lang=\"\">Nous\u00a0<\/span>hebben elkaar, en de omgeving, keihard nodig. Neem bijvoorbeeld de arbeidsmarktproblematiek; ligt het eraan dat de opleidingen verkeerde mensen afleveren? Vragen ondernemers te veel? Werkt de overheid niet snel genoeg aan bijsturing van het onderwijs?\u00a0<span class=\"afbreken-einde-zin\" lang=\"\">Ou\u00a0<\/span>voeden ouders hun kinderen verkeerd op?\u00a0<span class=\"afbreken-einde-zin\" lang=\"\">Il y a\u00a0<\/span>is niet \u00e9\u00e9n simpele oplossing bij een van deze partijen.\u00a0<span class=\"afbreken-einde-zin\" lang=\"\">Nous\u00a0<\/span>hebben daarom ook iedere partij nodig. \u2018Samenwerken is het nieuwe concurreren\u2019, zei Doekle Terpstra. Daar ben ik het volledig mee eens.\u201d<\/p>\n<p class=\"Platte-tekst\" lang=\"nl-NL\">Volgens Waajen zien de meeste mensen het belang van samenwerking in, maar zoeken ze de verbinding niet van nature.\u00a0<span class=\"afbreken-einde-zin\" lang=\"\">\"Si\u00a0<\/span>Crossroads Limburg gaan wij handvatten bieden, want de stap naar een regionale samenwerking gaat niet vanzelf.\u00a0<span class=\"afbreken-einde-zin\" lang=\"\">Nous\u00a0<\/span>gaan bijvoorbeeld nog meer inzetten op onze accountmanagers, die aan de slag gaan met vraagstukken van ondernemers en deze verbinden met de overige O\u2019s.\u201d<\/p>\n<p class=\"Tussenkopje\" lang=\"nl-NL\"><strong>Begrip cre\u00ebren bij de omgeving<br \/>\n<\/strong>Om de regionale samenwerkingen mogelijk te maken, is volgens de directeur flexibiliteit van alle partijen noodzakelijk.\u00a0<span class=\"afbreken-einde-zin\" lang=\"\">\"Le\u00a0<\/span>arbeidsmarkt verandert constant, wij moeten daarop inhaken.\u00a0<span class=\"afbreken-einde-zin\" lang=\"\">Le\u00a0<\/span>constant verkrijgen van nieuwe werkgelegenheid in de regio is cruciaal, want er moeten genoeg banen ter beschikking blijven om onze economie gezond te houden.\u00a0<span class=\"afbreken-einde-zin\" lang=\"\">Au\u00a0<\/span>de nabije toekomst komen nieuwe functies vrij, die nu nog niet bestaan. Daarvoor moeten we nieuwe opleidingen cre\u00ebren, waar ook weer hulp van de overheid nodig is.\u201d Volgens de directeur duurt het huidige proces van goedkeuring door de overheid te lang. \u201cStilstaan is \u2018killing\u2019 voor economische doorontwikkeling.\u00a0<span class=\"afbreken-einde-zin\" lang=\"\">En tant que\u00a0<\/span>er nieuwe opleidingen worden samengesteld die aansluiten op nieuwe functies in de (toekomstige) arbeidsmarkt, kunnen we niet jaren wachten op groen licht. Samen moeten we juist de mogelijkheden opzoeken, want dat geeft energie en zorgt voor vooruitgang en dat wil die overheid ook.\u201d<\/p>\n<p class=\"Platte-tekst\" lang=\"nl-NL\">Begrip cre\u00ebren bij de omgeving over de taken van Crossroads Limburg is waar Waajen het komende jaar fanatiek op stuurt.\u00a0<span class=\"afbreken-einde-zin\" lang=\"\">\u201cOm\u00a0<\/span>veranderingen te maken, is begrip van de omgeving nodig. Want iedereen wil inzetten op duurzaamheid, maar \u2018niet in mijn achtertuin\u2019.\u00a0<span class=\"afbreken-einde-zin\" lang=\"\">Nous\u00a0<\/span>gaan het komende jaar de omgeving inlichten over onze plannen, uitleg geven waarom we iets doen en wat de inwoners kunnen bijdragen aan een gezondere economische regio.\u00a0<span class=\"afbreken-einde-zin\" lang=\"\">Le\u00a0<\/span>is belangrijk voor mensen om te weten dat Crossroads Limburg zich niet inzet voor losse commerci\u00eble partijen, maar voor de maatschappij.\u00a0<span class=\"afbreken-einde-zin\" lang=\"\">Nous\u00a0<\/span>doen er alles aan om onze economie gezond te houden, voor het profijt van elke inwoner.\u201d<\/p>\n<p class=\"Tussenkopje\" lang=\"nl-NL\"><strong>Financi\u00eble toekomst Crossroads Limburg<br \/>\n<\/strong>Crossroads Limburg wordt grotendeels gefinancierd door middelen uit de Regio Deal, het Rijk, de Provincie en ook ondernemers betalen een gedeelte mee.\u00a0<span class=\"afbreken-einde-zin\" lang=\"\">Le\u00a0<\/span>financiering voor de middellange en lange termijn wordt in 2023 met partners verder uitgewerkt.\u00a0<span class=\"afbreken-einde-zin\" lang=\"\">\u201cMet\u00a0<\/span>het team zijn we druk bezig om een werkplan 2023 te maken, met agenda\u2019s en plannen die we komend jaar uit willen voeren. Vervolgens maken we een regionaal stappenplan voor 2024-2028.\u201d Zelf brengt Waajen op dit moment bezoeken aan de verschillende partners. \u201cWant: een goede samenwerking begint met een goede kennismaking en het opbouwen van vertrouwen\u201d, stelt Waajen.\u00a0<span class=\"afbreken-einde-zin\" lang=\"\">Le\u00a0<\/span>kersverse directeur ziet de toekomst van Crossroads Limburg in elk geval positief in. \u201cWaar het om gaat is dat we alle partners goed kunnen laten zien dat investeren in juist de verbinding de hele regio verder helpt op heel veel vlakken. Want een gezonde economische doorontwikkeling is een belangrijke voorwaarde voor een kansrijke leefomgeving.\u201d<\/p>\n<p class=\"Platte-tekst\" lang=\"nl-NL\">Waajen is een energieke dame, die zich vast wil bijten in haar missie als directeur van Crossroads Limburg.\u00a0<span class=\"afbreken-einde-zin\" lang=\"\">Mourir\u00a0<\/span>positieve instelling, kenmerkt haarzelf, zo vertelt ze.\u00a0<span class=\"afbreken-einde-zin\" lang=\"\">\u201cBij\u00a0<\/span>mij is het glas altijd halfvol, dat hoor ik ook vaker van anderen.\u00a0<span class=\"afbreken-einde-zin\" lang=\"\">Moi\u00a0<\/span>ga altijd op zoek naar samenwerking en alternatieve mogelijkheden. Stimuleren, motiveren en niet opgeven zijn dan ook mijn belangrijkste woorden.\u00a0<span class=\"afbreken-einde-zin\" lang=\"\">Moi\u00a0<\/span>heb vertrouwen in het team en in de partners.\u00a0<span class=\"afbreken-einde-zin\" lang=\"\">Le\u00a0<\/span>is harstikke mooie regio, die we met een goede samenwerking nog beter op de kaart kunnen zetten.\u00a0<span class=\"afbreken-einde-zin\" lang=\"\">Le\u00a0<\/span>partners in de Gezondste Regio hebben elkaar al goed gevonden en dat is een goed begin!\u201d<\/p>\n<p class=\"Tussenkopje\" lang=\"nl-NL\"><a href=\"http:\/\/www.crossroadslimburg.com\" class=\"external\" target=\"_blank\">www.crossroadslimburg.com<\/a><\/p>\n<\/div>","protected":false},"excerpt":{"rendered":"<p>Angely Waajen-Crins a \u00e9t\u00e9 officiellement nomm\u00e9e directrice de Crossroads Limburg le 7 novembre 2022. Au sein de la plateforme de liaison pour les entrepreneurs, l'enseignement, les pouvoirs publics et l'environnement dans le Limbourg du Nord, elle succ\u00e9dera au pr\u00e9sident int\u00e9rimaire Tjebbe Smit. Mme Waajen a pr\u00e9cis\u00e9 son objectif pour 2023 : \"Connecter la quatro-h\u00e9lice pour rendre notre r\u00e9gion \u00e9conomiquement [...]<\/p>","protected":false},"author":1,"featured_media":0,"comment_status":"closed","ping_status":"open","sticky":false,"template":"","format":"standard","meta":{"_acf_changed":false,"footnotes":""},"categories":[8],"tags":[],"class_list":["post-2898","post","type-post","status-publish","format-standard","hentry","category-nieuws"],"acf":[],"yoast_head":"<!-- This site is optimized with the Yoast SEO plugin v26.3 - https:\/\/yoast.com\/wordpress\/plugins\/seo\/ -->\n<title>Crossroads Limburg: samenwerking en flexibiliteit is de \u2018key\u2019 - Ondernemend Venlo<\/title>\n<meta name=\"robots\" content=\"index, follow, max-snippet:-1, max-image-preview:large, max-video-preview:-1\" \/>\n<link rel=\"canonical\" href=\"https:\/\/www.ondernemendvenlo.nl\/fr\/crossroads-limburg-samenwerking-en-flexibiliteit-is-de-key\/\" \/>\n<meta property=\"og:locale\" content=\"fr_FR\" \/>\n<meta property=\"og:type\" content=\"article\" \/>\n<meta property=\"og:title\" content=\"Crossroads Limburg: samenwerking en flexibiliteit is de \u2018key\u2019 - Ondernemend Venlo\" \/>\n<meta property=\"og:description\" content=\"Per 7 november 2022 is Angely Waajen-Crins officieel aangesteld in haar nieuwe rol als directeur van Crossroads Limburg. Bij\u00a0het verbindingsplatform voor ondernemers, onderwijs, overheid en omgeving in Noord-Limburg neemt ze de taken over van interim-voorzitter Tjebbe Smit. Waajen heeft haar doel voor 2023 scherp gesteld: \u201cDe quatro helix met elkaar verbinden om onze regio economisch [&hellip;]\" \/>\n<meta property=\"og:url\" content=\"https:\/\/www.ondernemendvenlo.nl\/fr\/crossroads-limburg-samenwerking-en-flexibiliteit-is-de-key\/\" \/>\n<meta property=\"og:site_name\" content=\"Ondernemend Venlo\" \/>\n<meta property=\"article:published_time\" content=\"2023-01-20T10:06:04+00:00\" \/>\n<meta name=\"author\" content=\"admin\" \/>\n<meta name=\"twitter:card\" content=\"summary_large_image\" \/>\n<meta name=\"twitter:label1\" content=\"\u00c9crit par\" \/>\n\t<meta name=\"twitter:data1\" content=\"admin\" \/>\n\t<meta name=\"twitter:label2\" content=\"Dur\u00e9e de lecture estim\u00e9e\" \/>\n\t<meta name=\"twitter:data2\" content=\"5 minutes\" \/>\n<script type=\"application\/ld+json\" class=\"yoast-schema-graph\">{\"@context\":\"https:\/\/schema.org\",\"@graph\":[{\"@type\":\"Article\",\"@id\":\"https:\/\/www.ondernemendvenlo.nl\/crossroads-limburg-samenwerking-en-flexibiliteit-is-de-key\/#article\",\"isPartOf\":{\"@id\":\"https:\/\/www.ondernemendvenlo.nl\/crossroads-limburg-samenwerking-en-flexibiliteit-is-de-key\/\"},\"author\":{\"name\":\"admin\",\"@id\":\"https:\/\/www.ondernemendvenlo.nl\/#\/schema\/person\/347e935f8ad4c7030608ef74bb57aa6e\"},\"headline\":\"Crossroads Limburg: samenwerking en flexibiliteit is de \u2018key\u2019\",\"datePublished\":\"2023-01-20T10:06:04+00:00\",\"mainEntityOfPage\":{\"@id\":\"https:\/\/www.ondernemendvenlo.nl\/crossroads-limburg-samenwerking-en-flexibiliteit-is-de-key\/\"},\"wordCount\":1019,\"publisher\":{\"@id\":\"https:\/\/www.ondernemendvenlo.nl\/#organization\"},\"articleSection\":[\"Nieuws\"],\"inLanguage\":\"fr-FR\"},{\"@type\":\"WebPage\",\"@id\":\"https:\/\/www.ondernemendvenlo.nl\/crossroads-limburg-samenwerking-en-flexibiliteit-is-de-key\/\",\"url\":\"https:\/\/www.ondernemendvenlo.nl\/crossroads-limburg-samenwerking-en-flexibiliteit-is-de-key\/\",\"name\":\"Crossroads Limburg: samenwerking en flexibiliteit is de \u2018key\u2019 - Ondernemend Venlo\",\"isPartOf\":{\"@id\":\"https:\/\/www.ondernemendvenlo.nl\/#website\"},\"datePublished\":\"2023-01-20T10:06:04+00:00\",\"breadcrumb\":{\"@id\":\"https:\/\/www.ondernemendvenlo.nl\/crossroads-limburg-samenwerking-en-flexibiliteit-is-de-key\/#breadcrumb\"},\"inLanguage\":\"fr-FR\",\"potentialAction\":[{\"@type\":\"ReadAction\",\"target\":[\"https:\/\/www.ondernemendvenlo.nl\/crossroads-limburg-samenwerking-en-flexibiliteit-is-de-key\/\"]}]},{\"@type\":\"BreadcrumbList\",\"@id\":\"https:\/\/www.ondernemendvenlo.nl\/crossroads-limburg-samenwerking-en-flexibiliteit-is-de-key\/#breadcrumb\",\"itemListElement\":[{\"@type\":\"ListItem\",\"position\":1,\"name\":\"Ondernemend Venlo\",\"item\":\"https:\/\/www.ondernemendvenlo.nl\/\"},{\"@type\":\"ListItem\",\"position\":2,\"name\":\"Nieuws\",\"item\":\"https:\/\/www.ondernemendvenlo.nl\/categorie\/nieuws\/\"},{\"@type\":\"ListItem\",\"position\":3,\"name\":\"Crossroads Limburg: samenwerking en flexibiliteit is de \u2018key\u2019\"}]},{\"@type\":\"WebSite\",\"@id\":\"https:\/\/www.ondernemendvenlo.nl\/#website\",\"url\":\"https:\/\/www.ondernemendvenlo.nl\/\",\"name\":\"Ondernemend Venlo\",\"description\":\"Samen succesvol ondernemen\",\"publisher\":{\"@id\":\"https:\/\/www.ondernemendvenlo.nl\/#organization\"},\"potentialAction\":[{\"@type\":\"SearchAction\",\"target\":{\"@type\":\"EntryPoint\",\"urlTemplate\":\"https:\/\/www.ondernemendvenlo.nl\/?s={search_term_string}\"},\"query-input\":{\"@type\":\"PropertyValueSpecification\",\"valueRequired\":true,\"valueName\":\"search_term_string\"}}],\"inLanguage\":\"fr-FR\"},{\"@type\":\"Organization\",\"@id\":\"https:\/\/www.ondernemendvenlo.nl\/#organization\",\"name\":\"Ondernemend Venlo\",\"url\":\"https:\/\/www.ondernemendvenlo.nl\/\",\"logo\":{\"@type\":\"ImageObject\",\"inLanguage\":\"fr-FR\",\"@id\":\"https:\/\/www.ondernemendvenlo.nl\/#\/schema\/logo\/image\/\",\"url\":\"https:\/\/www.ondernemendvenlo.nl\/wp-content\/uploads\/2025\/02\/Ondernemend-Venlo-logo-scaled.webp\",\"contentUrl\":\"https:\/\/www.ondernemendvenlo.nl\/wp-content\/uploads\/2025\/02\/Ondernemend-Venlo-logo-scaled.webp\",\"width\":2560,\"height\":1010,\"caption\":\"Ondernemend Venlo\"},\"image\":{\"@id\":\"https:\/\/www.ondernemendvenlo.nl\/#\/schema\/logo\/image\/\"},\"sameAs\":[\"https:\/\/www.linkedin.com\/company\/ondernemend-venlo\/\"]},{\"@type\":\"Person\",\"@id\":\"https:\/\/www.ondernemendvenlo.nl\/#\/schema\/person\/347e935f8ad4c7030608ef74bb57aa6e\",\"name\":\"admin\",\"image\":{\"@type\":\"ImageObject\",\"inLanguage\":\"fr-FR\",\"@id\":\"https:\/\/www.ondernemendvenlo.nl\/#\/schema\/person\/image\/\",\"url\":\"https:\/\/www.ondernemendvenlo.nl\/wp-content\/litespeed\/avatar\/720af750b037aecf6e33e12833479059.jpg?ver=1777382954\",\"contentUrl\":\"https:\/\/www.ondernemendvenlo.nl\/wp-content\/litespeed\/avatar\/720af750b037aecf6e33e12833479059.jpg?ver=1777382954\",\"caption\":\"admin\"},\"sameAs\":[\"https:\/\/www.ondernemendvenlo.nl\"]}]}<\/script>\n<!-- \/ Yoast SEO plugin. -->","yoast_head_json":{"title":"Crossroads Limburg: samenwerking en flexibiliteit is de \u2018key\u2019 - Ondernemend Venlo","robots":{"index":"index","follow":"follow","max-snippet":"max-snippet:-1","max-image-preview":"max-image-preview:large","max-video-preview":"max-video-preview:-1"},"canonical":"https:\/\/www.ondernemendvenlo.nl\/fr\/crossroads-limburg-samenwerking-en-flexibiliteit-is-de-key\/","og_locale":"fr_FR","og_type":"article","og_title":"Crossroads Limburg: samenwerking en flexibiliteit is de \u2018key\u2019 - Ondernemend Venlo","og_description":"Per 7 november 2022 is Angely Waajen-Crins officieel aangesteld in haar nieuwe rol als directeur van Crossroads Limburg. Bij\u00a0het verbindingsplatform voor ondernemers, onderwijs, overheid en omgeving in Noord-Limburg neemt ze de taken over van interim-voorzitter Tjebbe Smit. Waajen heeft haar doel voor 2023 scherp gesteld: \u201cDe quatro helix met elkaar verbinden om onze regio economisch [&hellip;]","og_url":"https:\/\/www.ondernemendvenlo.nl\/fr\/crossroads-limburg-samenwerking-en-flexibiliteit-is-de-key\/","og_site_name":"Ondernemend Venlo","article_published_time":"2023-01-20T10:06:04+00:00","author":"admin","twitter_card":"summary_large_image","twitter_misc":{"\u00c9crit par":"admin","Dur\u00e9e de lecture estim\u00e9e":"5 minutes"},"schema":{"@context":"https:\/\/schema.org","@graph":[{"@type":"Article","@id":"https:\/\/www.ondernemendvenlo.nl\/crossroads-limburg-samenwerking-en-flexibiliteit-is-de-key\/#article","isPartOf":{"@id":"https:\/\/www.ondernemendvenlo.nl\/crossroads-limburg-samenwerking-en-flexibiliteit-is-de-key\/"},"author":{"name":"admin","@id":"https:\/\/www.ondernemendvenlo.nl\/#\/schema\/person\/347e935f8ad4c7030608ef74bb57aa6e"},"headline":"Crossroads Limburg: samenwerking en flexibiliteit is de \u2018key\u2019","datePublished":"2023-01-20T10:06:04+00:00","mainEntityOfPage":{"@id":"https:\/\/www.ondernemendvenlo.nl\/crossroads-limburg-samenwerking-en-flexibiliteit-is-de-key\/"},"wordCount":1019,"publisher":{"@id":"https:\/\/www.ondernemendvenlo.nl\/#organization"},"articleSection":["Nieuws"],"inLanguage":"fr-FR"},{"@type":"WebPage","@id":"https:\/\/www.ondernemendvenlo.nl\/crossroads-limburg-samenwerking-en-flexibiliteit-is-de-key\/","url":"https:\/\/www.ondernemendvenlo.nl\/crossroads-limburg-samenwerking-en-flexibiliteit-is-de-key\/","name":"Crossroads Limburg: samenwerking en flexibiliteit is de \u2018key\u2019 - Ondernemend Venlo","isPartOf":{"@id":"https:\/\/www.ondernemendvenlo.nl\/#website"},"datePublished":"2023-01-20T10:06:04+00:00","breadcrumb":{"@id":"https:\/\/www.ondernemendvenlo.nl\/crossroads-limburg-samenwerking-en-flexibiliteit-is-de-key\/#breadcrumb"},"inLanguage":"fr-FR","potentialAction":[{"@type":"ReadAction","target":["https:\/\/www.ondernemendvenlo.nl\/crossroads-limburg-samenwerking-en-flexibiliteit-is-de-key\/"]}]},{"@type":"BreadcrumbList","@id":"https:\/\/www.ondernemendvenlo.nl\/crossroads-limburg-samenwerking-en-flexibiliteit-is-de-key\/#breadcrumb","itemListElement":[{"@type":"ListItem","position":1,"name":"Ondernemend Venlo","item":"https:\/\/www.ondernemendvenlo.nl\/"},{"@type":"ListItem","position":2,"name":"Nieuws","item":"https:\/\/www.ondernemendvenlo.nl\/categorie\/nieuws\/"},{"@type":"ListItem","position":3,"name":"Crossroads Limburg: samenwerking en flexibiliteit is de \u2018key\u2019"}]},{"@type":"WebSite","@id":"https:\/\/www.ondernemendvenlo.nl\/#website","url":"https:\/\/www.ondernemendvenlo.nl\/","name":"Venlo entrepreneurial","description":"Travailler ensemble avec succ\u00e8s","publisher":{"@id":"https:\/\/www.ondernemendvenlo.nl\/#organization"},"potentialAction":[{"@type":"SearchAction","target":{"@type":"EntryPoint","urlTemplate":"https:\/\/www.ondernemendvenlo.nl\/?s={search_term_string}"},"query-input":{"@type":"PropertyValueSpecification","valueRequired":true,"valueName":"search_term_string"}}],"inLanguage":"fr-FR"},{"@type":"Organization","@id":"https:\/\/www.ondernemendvenlo.nl\/#organization","name":"Venlo entrepreneurial","url":"https:\/\/www.ondernemendvenlo.nl\/","logo":{"@type":"ImageObject","inLanguage":"fr-FR","@id":"https:\/\/www.ondernemendvenlo.nl\/#\/schema\/logo\/image\/","url":"https:\/\/www.ondernemendvenlo.nl\/wp-content\/uploads\/2025\/02\/Ondernemend-Venlo-logo-scaled.webp","contentUrl":"https:\/\/www.ondernemendvenlo.nl\/wp-content\/uploads\/2025\/02\/Ondernemend-Venlo-logo-scaled.webp","width":2560,"height":1010,"caption":"Ondernemend Venlo"},"image":{"@id":"https:\/\/www.ondernemendvenlo.nl\/#\/schema\/logo\/image\/"},"sameAs":["https:\/\/www.linkedin.com\/company\/ondernemend-venlo\/"]},{"@type":"Person","@id":"https:\/\/www.ondernemendvenlo.nl\/#\/schema\/person\/347e935f8ad4c7030608ef74bb57aa6e","name":"admin","image":{"@type":"ImageObject","inLanguage":"fr-FR","@id":"https:\/\/www.ondernemendvenlo.nl\/#\/schema\/person\/image\/","url":"https:\/\/www.ondernemendvenlo.nl\/wp-content\/litespeed\/avatar\/720af750b037aecf6e33e12833479059.jpg?ver=1777382954","contentUrl":"https:\/\/www.ondernemendvenlo.nl\/wp-content\/litespeed\/avatar\/720af750b037aecf6e33e12833479059.jpg?ver=1777382954","caption":"admin"},"sameAs":["https:\/\/www.ondernemendvenlo.nl"]}]}},"_links":{"self":[{"href":"https:\/\/www.ondernemendvenlo.nl\/fr\/wp-json\/wp\/v2\/posts\/2898","targetHints":{"allow":["GET"]}}],"collection":[{"href":"https:\/\/www.ondernemendvenlo.nl\/fr\/wp-json\/wp\/v2\/posts"}],"about":[{"href":"https:\/\/www.ondernemendvenlo.nl\/fr\/wp-json\/wp\/v2\/types\/post"}],"author":[{"embeddable":true,"href":"https:\/\/www.ondernemendvenlo.nl\/fr\/wp-json\/wp\/v2\/users\/1"}],"replies":[{"embeddable":true,"href":"https:\/\/www.ondernemendvenlo.nl\/fr\/wp-json\/wp\/v2\/comments?post=2898"}],"version-history":[{"count":0,"href":"https:\/\/www.ondernemendvenlo.nl\/fr\/wp-json\/wp\/v2\/posts\/2898\/revisions"}],"wp:attachment":[{"href":"https:\/\/www.ondernemendvenlo.nl\/fr\/wp-json\/wp\/v2\/media?parent=2898"}],"wp:term":[{"taxonomy":"category","embeddable":true,"href":"https:\/\/www.ondernemendvenlo.nl\/fr\/wp-json\/wp\/v2\/categories?post=2898"},{"taxonomy":"post_tag","embeddable":true,"href":"https:\/\/www.ondernemendvenlo.nl\/fr\/wp-json\/wp\/v2\/tags?post=2898"}],"curies":[{"name":"wp","href":"https:\/\/api.w.org\/{rel}","templated":true}]}}