{"id":2907,"date":"2023-01-20T08:00:23","date_gmt":"2023-01-20T07:00:23","guid":{"rendered":"https:\/\/www.ondernemendvenlo.nl\/column-vol-vertrouwen\/"},"modified":"2023-01-20T08:00:23","modified_gmt":"2023-01-20T07:00:23","slug":"column-vol-vertrouwen","status":"publish","type":"post","link":"https:\/\/www.ondernemendvenlo.nl\/fr\/column-vol-vertrouwen\/","title":{"rendered":"Colonne : pleine de confiance"},"content":{"rendered":"<p class=\"Kop ParaOverride-3\" lang=\"nl-NL\"><span class=\"CharOverride-28\" lang=\"\">Vertel eens een keer over jezelf\u2019, was de opdracht voor deze column. \u2018Daar is een column voor. Wat maak je mee en bespreek je tijdens een bezoek aan een ondernemer?\u2019\u00a0<\/span><span class=\"CharOverride-28\" lang=\"\">Hier begeef ik mij natuurlijk op glad ijs. Ik wil niemand tekortdoen of ook maar iets van schade toebrengen. Wat ik met een ondernemer of overheidsinstantie bespreek, is vertrouwelijk en dat moet ook zo blijven.<\/span><\/p>\n<p class=\"Kop ParaOverride-3\" lang=\"nl-NL\"><span class=\"CharOverride-28\" lang=\"\">Waar ik wel over kan vertellen, zijn de incidenten die recentelijk plaatsvonden op Noorderpoort en Trade Port West plaatsvonden. Beide keren werd ik door een ondernemer gewaarschuwd. Ik neem dan contact op met leden van de Veiligheidsregio Limburg-Noord (VRLN), waarmee we een fijne en goede samenwerking hebben. Zij ondernemen actie en houden contact met mij. Ik informeer &#8211; indien nodig &#8211; de ondernemer(s) en als er een vraag komt vanuit een bedrijf, stem ik dit af met de VRLN en probeer ik het op te lossen.<\/span><\/p>\n<p class=\"Kop ParaOverride-3\" lang=\"nl-NL\"><span class=\"CharOverride-28\" lang=\"\">Doe ik het goed op deze manier? <\/span><span class=\"CharOverride-28\" lang=\"\">Als mijn kennissenkring vragen van collega\u2019s krijgt als \u2018Jouw contact regelt dit toch wel?\u2019 en \u2018Zij zorgt er toch voor dat wij veilig zijn of niet?\u2019, dan zeg ik: \u201cNatuurlijk komt het goed!\u201d\u00a0<\/span><span class=\"CharOverride-28\" lang=\"\">Het bestuur, de ondernemers en werknemers op de bedrijventerreinen van Ondernemend Venlo hebben het volste vertrouwen in Parkmanagement. Dit is ook een van de redenen waarom er met mij contact opgenomen wordt.<\/span><\/p>\n<p class=\"Kop ParaOverride-3\" lang=\"nl-NL\"><span class=\"CharOverride-28\" lang=\"\">Ellie Lust bezocht ons in juni tijdens de Dag van de Veiligheid, die door Ondernemend Venlo, Rabobank en Interpolis georganiseerd werd. Zij vertelde dat de reden dat er geen 112 gebeld wordt, maar rechtstreeks contact wordt opgenomen met de wijkagent of met Parkmanagement, veiliger en anoniemer voelt. Je legt immers de verantwoordelijkheid bij een ander.<\/span><\/p>\n<p class=\"Kop ParaOverride-3\" lang=\"nl-NL\"><span class=\"CharOverride-28\" lang=\"\">Ik denk dat er nog een reden is: vaak weet men niet direct waar men moet zijn. Is het wel een noodgeval en wat is het nummer van de politie ook alweer (0900-8844)? Ik\u00a0sta meestal onder de direct-dial toets\u2026. en dan komt het goed.<\/span><\/p>\n<p class=\"Tussenkopje\" lang=\"nl-NL\"><strong>Lidy Rutten,\u00a0Parkmanager<\/strong><br \/>\n<a href=\"mailto:info@parkmanagementvenlo.nl\">info@parkmanagementvenlo.nl <\/a>| <a href=\"https:\/\/www.ondernemendvenlo.nl\/fr\/parkmanager\/\" class=\"external\" target=\"_blank\" rel=\"noopener\">entrepreneurendvenlo.nl\/parkmanager<\/a><\/p>","protected":false},"excerpt":{"rendered":"<p>Parlez de vous pour une fois\", telle \u00e9tait la consigne de cette chronique. C'est \u00e0 cela que sert une chronique. Qu'est-ce que vous vivez et discutez lorsque vous rendez visite \u00e0 un entrepreneur ? Ici, bien s\u00fbr, je marche sur des \u0153ufs. Je ne veux l\u00e9ser personne et je ne veux pas faire de mal. Ce dont je discute avec un entrepreneur ou une agence gouvernementale [...]<\/p>","protected":false},"author":1,"featured_media":0,"comment_status":"closed","ping_status":"open","sticky":false,"template":"","format":"standard","meta":{"_acf_changed":false,"footnotes":""},"categories":[8],"tags":[],"class_list":["post-2907","post","type-post","status-publish","format-standard","hentry","category-nieuws"],"acf":[],"yoast_head":"<!-- This site is optimized with the Yoast SEO plugin v26.3 - https:\/\/yoast.com\/wordpress\/plugins\/seo\/ -->\n<title>Column: Vol vertrouwen - Ondernemend Venlo<\/title>\n<meta name=\"robots\" content=\"index, follow, max-snippet:-1, max-image-preview:large, max-video-preview:-1\" \/>\n<link rel=\"canonical\" href=\"https:\/\/www.ondernemendvenlo.nl\/fr\/column-vol-vertrouwen\/\" \/>\n<meta property=\"og:locale\" content=\"fr_FR\" \/>\n<meta property=\"og:type\" content=\"article\" \/>\n<meta property=\"og:title\" content=\"Column: Vol vertrouwen - Ondernemend Venlo\" \/>\n<meta property=\"og:description\" content=\"Vertel eens een keer over jezelf\u2019, was de opdracht voor deze column. \u2018Daar is een column voor. Wat maak je mee en bespreek je tijdens een bezoek aan een ondernemer?\u2019\u00a0Hier begeef ik mij natuurlijk op glad ijs. Ik wil niemand tekortdoen of ook maar iets van schade toebrengen. Wat ik met een ondernemer of overheidsinstantie [&hellip;]\" \/>\n<meta property=\"og:url\" content=\"https:\/\/www.ondernemendvenlo.nl\/fr\/column-vol-vertrouwen\/\" \/>\n<meta property=\"og:site_name\" content=\"Ondernemend Venlo\" \/>\n<meta property=\"article:published_time\" content=\"2023-01-20T07:00:23+00:00\" \/>\n<meta name=\"author\" content=\"admin\" \/>\n<meta name=\"twitter:card\" content=\"summary_large_image\" \/>\n<meta name=\"twitter:label1\" content=\"\u00c9crit par\" \/>\n\t<meta name=\"twitter:data1\" content=\"admin\" \/>\n\t<meta name=\"twitter:label2\" content=\"Dur\u00e9e de lecture estim\u00e9e\" \/>\n\t<meta name=\"twitter:data2\" content=\"2 minutes\" \/>\n<script type=\"application\/ld+json\" class=\"yoast-schema-graph\">{\"@context\":\"https:\/\/schema.org\",\"@graph\":[{\"@type\":\"Article\",\"@id\":\"https:\/\/www.ondernemendvenlo.nl\/column-vol-vertrouwen\/#article\",\"isPartOf\":{\"@id\":\"https:\/\/www.ondernemendvenlo.nl\/column-vol-vertrouwen\/\"},\"author\":{\"name\":\"admin\",\"@id\":\"https:\/\/www.ondernemendvenlo.nl\/#\/schema\/person\/347e935f8ad4c7030608ef74bb57aa6e\"},\"headline\":\"Column: Vol vertrouwen\",\"datePublished\":\"2023-01-20T07:00:23+00:00\",\"mainEntityOfPage\":{\"@id\":\"https:\/\/www.ondernemendvenlo.nl\/column-vol-vertrouwen\/\"},\"wordCount\":334,\"publisher\":{\"@id\":\"https:\/\/www.ondernemendvenlo.nl\/#organization\"},\"articleSection\":[\"Nieuws\"],\"inLanguage\":\"fr-FR\"},{\"@type\":\"WebPage\",\"@id\":\"https:\/\/www.ondernemendvenlo.nl\/column-vol-vertrouwen\/\",\"url\":\"https:\/\/www.ondernemendvenlo.nl\/column-vol-vertrouwen\/\",\"name\":\"Column: Vol vertrouwen - Ondernemend Venlo\",\"isPartOf\":{\"@id\":\"https:\/\/www.ondernemendvenlo.nl\/#website\"},\"datePublished\":\"2023-01-20T07:00:23+00:00\",\"breadcrumb\":{\"@id\":\"https:\/\/www.ondernemendvenlo.nl\/column-vol-vertrouwen\/#breadcrumb\"},\"inLanguage\":\"fr-FR\",\"potentialAction\":[{\"@type\":\"ReadAction\",\"target\":[\"https:\/\/www.ondernemendvenlo.nl\/column-vol-vertrouwen\/\"]}]},{\"@type\":\"BreadcrumbList\",\"@id\":\"https:\/\/www.ondernemendvenlo.nl\/column-vol-vertrouwen\/#breadcrumb\",\"itemListElement\":[{\"@type\":\"ListItem\",\"position\":1,\"name\":\"Ondernemend Venlo\",\"item\":\"https:\/\/www.ondernemendvenlo.nl\/\"},{\"@type\":\"ListItem\",\"position\":2,\"name\":\"Nieuws\",\"item\":\"https:\/\/www.ondernemendvenlo.nl\/categorie\/nieuws\/\"},{\"@type\":\"ListItem\",\"position\":3,\"name\":\"Column: Vol vertrouwen\"}]},{\"@type\":\"WebSite\",\"@id\":\"https:\/\/www.ondernemendvenlo.nl\/#website\",\"url\":\"https:\/\/www.ondernemendvenlo.nl\/\",\"name\":\"Ondernemend Venlo\",\"description\":\"Samen succesvol ondernemen\",\"publisher\":{\"@id\":\"https:\/\/www.ondernemendvenlo.nl\/#organization\"},\"potentialAction\":[{\"@type\":\"SearchAction\",\"target\":{\"@type\":\"EntryPoint\",\"urlTemplate\":\"https:\/\/www.ondernemendvenlo.nl\/?s={search_term_string}\"},\"query-input\":{\"@type\":\"PropertyValueSpecification\",\"valueRequired\":true,\"valueName\":\"search_term_string\"}}],\"inLanguage\":\"fr-FR\"},{\"@type\":\"Organization\",\"@id\":\"https:\/\/www.ondernemendvenlo.nl\/#organization\",\"name\":\"Ondernemend Venlo\",\"url\":\"https:\/\/www.ondernemendvenlo.nl\/\",\"logo\":{\"@type\":\"ImageObject\",\"inLanguage\":\"fr-FR\",\"@id\":\"https:\/\/www.ondernemendvenlo.nl\/#\/schema\/logo\/image\/\",\"url\":\"https:\/\/www.ondernemendvenlo.nl\/wp-content\/uploads\/2025\/02\/Ondernemend-Venlo-logo-scaled.webp\",\"contentUrl\":\"https:\/\/www.ondernemendvenlo.nl\/wp-content\/uploads\/2025\/02\/Ondernemend-Venlo-logo-scaled.webp\",\"width\":2560,\"height\":1010,\"caption\":\"Ondernemend Venlo\"},\"image\":{\"@id\":\"https:\/\/www.ondernemendvenlo.nl\/#\/schema\/logo\/image\/\"},\"sameAs\":[\"https:\/\/www.linkedin.com\/company\/ondernemend-venlo\/\"]},{\"@type\":\"Person\",\"@id\":\"https:\/\/www.ondernemendvenlo.nl\/#\/schema\/person\/347e935f8ad4c7030608ef74bb57aa6e\",\"name\":\"admin\",\"image\":{\"@type\":\"ImageObject\",\"inLanguage\":\"fr-FR\",\"@id\":\"https:\/\/www.ondernemendvenlo.nl\/#\/schema\/person\/image\/\",\"url\":\"https:\/\/www.ondernemendvenlo.nl\/wp-content\/litespeed\/avatar\/720af750b037aecf6e33e12833479059.jpg?ver=1777382954\",\"contentUrl\":\"https:\/\/www.ondernemendvenlo.nl\/wp-content\/litespeed\/avatar\/720af750b037aecf6e33e12833479059.jpg?ver=1777382954\",\"caption\":\"admin\"},\"sameAs\":[\"https:\/\/www.ondernemendvenlo.nl\"]}]}<\/script>\n<!-- \/ Yoast SEO plugin. -->","yoast_head_json":{"title":"Column: Vol vertrouwen - Ondernemend Venlo","robots":{"index":"index","follow":"follow","max-snippet":"max-snippet:-1","max-image-preview":"max-image-preview:large","max-video-preview":"max-video-preview:-1"},"canonical":"https:\/\/www.ondernemendvenlo.nl\/fr\/column-vol-vertrouwen\/","og_locale":"fr_FR","og_type":"article","og_title":"Column: Vol vertrouwen - Ondernemend Venlo","og_description":"Vertel eens een keer over jezelf\u2019, was de opdracht voor deze column. \u2018Daar is een column voor. Wat maak je mee en bespreek je tijdens een bezoek aan een ondernemer?\u2019\u00a0Hier begeef ik mij natuurlijk op glad ijs. Ik wil niemand tekortdoen of ook maar iets van schade toebrengen. Wat ik met een ondernemer of overheidsinstantie [&hellip;]","og_url":"https:\/\/www.ondernemendvenlo.nl\/fr\/column-vol-vertrouwen\/","og_site_name":"Ondernemend Venlo","article_published_time":"2023-01-20T07:00:23+00:00","author":"admin","twitter_card":"summary_large_image","twitter_misc":{"\u00c9crit par":"admin","Dur\u00e9e de lecture estim\u00e9e":"2 minutes"},"schema":{"@context":"https:\/\/schema.org","@graph":[{"@type":"Article","@id":"https:\/\/www.ondernemendvenlo.nl\/column-vol-vertrouwen\/#article","isPartOf":{"@id":"https:\/\/www.ondernemendvenlo.nl\/column-vol-vertrouwen\/"},"author":{"name":"admin","@id":"https:\/\/www.ondernemendvenlo.nl\/#\/schema\/person\/347e935f8ad4c7030608ef74bb57aa6e"},"headline":"Column: Vol vertrouwen","datePublished":"2023-01-20T07:00:23+00:00","mainEntityOfPage":{"@id":"https:\/\/www.ondernemendvenlo.nl\/column-vol-vertrouwen\/"},"wordCount":334,"publisher":{"@id":"https:\/\/www.ondernemendvenlo.nl\/#organization"},"articleSection":["Nieuws"],"inLanguage":"fr-FR"},{"@type":"WebPage","@id":"https:\/\/www.ondernemendvenlo.nl\/column-vol-vertrouwen\/","url":"https:\/\/www.ondernemendvenlo.nl\/column-vol-vertrouwen\/","name":"Column: Vol vertrouwen - Ondernemend Venlo","isPartOf":{"@id":"https:\/\/www.ondernemendvenlo.nl\/#website"},"datePublished":"2023-01-20T07:00:23+00:00","breadcrumb":{"@id":"https:\/\/www.ondernemendvenlo.nl\/column-vol-vertrouwen\/#breadcrumb"},"inLanguage":"fr-FR","potentialAction":[{"@type":"ReadAction","target":["https:\/\/www.ondernemendvenlo.nl\/column-vol-vertrouwen\/"]}]},{"@type":"BreadcrumbList","@id":"https:\/\/www.ondernemendvenlo.nl\/column-vol-vertrouwen\/#breadcrumb","itemListElement":[{"@type":"ListItem","position":1,"name":"Ondernemend Venlo","item":"https:\/\/www.ondernemendvenlo.nl\/"},{"@type":"ListItem","position":2,"name":"Nieuws","item":"https:\/\/www.ondernemendvenlo.nl\/categorie\/nieuws\/"},{"@type":"ListItem","position":3,"name":"Column: Vol vertrouwen"}]},{"@type":"WebSite","@id":"https:\/\/www.ondernemendvenlo.nl\/#website","url":"https:\/\/www.ondernemendvenlo.nl\/","name":"Venlo entrepreneurial","description":"Travailler ensemble avec succ\u00e8s","publisher":{"@id":"https:\/\/www.ondernemendvenlo.nl\/#organization"},"potentialAction":[{"@type":"SearchAction","target":{"@type":"EntryPoint","urlTemplate":"https:\/\/www.ondernemendvenlo.nl\/?s={search_term_string}"},"query-input":{"@type":"PropertyValueSpecification","valueRequired":true,"valueName":"search_term_string"}}],"inLanguage":"fr-FR"},{"@type":"Organization","@id":"https:\/\/www.ondernemendvenlo.nl\/#organization","name":"Venlo entrepreneurial","url":"https:\/\/www.ondernemendvenlo.nl\/","logo":{"@type":"ImageObject","inLanguage":"fr-FR","@id":"https:\/\/www.ondernemendvenlo.nl\/#\/schema\/logo\/image\/","url":"https:\/\/www.ondernemendvenlo.nl\/wp-content\/uploads\/2025\/02\/Ondernemend-Venlo-logo-scaled.webp","contentUrl":"https:\/\/www.ondernemendvenlo.nl\/wp-content\/uploads\/2025\/02\/Ondernemend-Venlo-logo-scaled.webp","width":2560,"height":1010,"caption":"Ondernemend Venlo"},"image":{"@id":"https:\/\/www.ondernemendvenlo.nl\/#\/schema\/logo\/image\/"},"sameAs":["https:\/\/www.linkedin.com\/company\/ondernemend-venlo\/"]},{"@type":"Person","@id":"https:\/\/www.ondernemendvenlo.nl\/#\/schema\/person\/347e935f8ad4c7030608ef74bb57aa6e","name":"admin","image":{"@type":"ImageObject","inLanguage":"fr-FR","@id":"https:\/\/www.ondernemendvenlo.nl\/#\/schema\/person\/image\/","url":"https:\/\/www.ondernemendvenlo.nl\/wp-content\/litespeed\/avatar\/720af750b037aecf6e33e12833479059.jpg?ver=1777382954","contentUrl":"https:\/\/www.ondernemendvenlo.nl\/wp-content\/litespeed\/avatar\/720af750b037aecf6e33e12833479059.jpg?ver=1777382954","caption":"admin"},"sameAs":["https:\/\/www.ondernemendvenlo.nl"]}]}},"_links":{"self":[{"href":"https:\/\/www.ondernemendvenlo.nl\/fr\/wp-json\/wp\/v2\/posts\/2907","targetHints":{"allow":["GET"]}}],"collection":[{"href":"https:\/\/www.ondernemendvenlo.nl\/fr\/wp-json\/wp\/v2\/posts"}],"about":[{"href":"https:\/\/www.ondernemendvenlo.nl\/fr\/wp-json\/wp\/v2\/types\/post"}],"author":[{"embeddable":true,"href":"https:\/\/www.ondernemendvenlo.nl\/fr\/wp-json\/wp\/v2\/users\/1"}],"replies":[{"embeddable":true,"href":"https:\/\/www.ondernemendvenlo.nl\/fr\/wp-json\/wp\/v2\/comments?post=2907"}],"version-history":[{"count":0,"href":"https:\/\/www.ondernemendvenlo.nl\/fr\/wp-json\/wp\/v2\/posts\/2907\/revisions"}],"wp:attachment":[{"href":"https:\/\/www.ondernemendvenlo.nl\/fr\/wp-json\/wp\/v2\/media?parent=2907"}],"wp:term":[{"taxonomy":"category","embeddable":true,"href":"https:\/\/www.ondernemendvenlo.nl\/fr\/wp-json\/wp\/v2\/categories?post=2907"},{"taxonomy":"post_tag","embeddable":true,"href":"https:\/\/www.ondernemendvenlo.nl\/fr\/wp-json\/wp\/v2\/tags?post=2907"}],"curies":[{"name":"wp","href":"https:\/\/api.w.org\/{rel}","templated":true}]}}