{"id":2968,"date":"2023-01-20T11:18:26","date_gmt":"2023-01-20T10:18:26","guid":{"rendered":"https:\/\/www.ondernemendvenlo.nl\/aftredend-voorzitter-peter-thissen-blikt-terug\/"},"modified":"2023-01-20T11:18:26","modified_gmt":"2023-01-20T10:18:26","slug":"aftredend-voorzitter-peter-thissen-blikt-terug","status":"publish","type":"post","link":"https:\/\/www.ondernemendvenlo.nl\/fr\/aftredend-voorzitter-peter-thissen-blikt-terug\/","title":{"rendered":"Peter Thissen, pr\u00e9sident sortant, se souvient de sa carri\u00e8re"},"content":{"rendered":"<p><em><strong>Peter Thissen, l'entrepreneur n\u00e9 qui a aid\u00e9 Ondernemend Venlo \u00e0 devenir un collectif de 1 400 entreprises participantes r\u00e9parties dans 20 parcs d'activit\u00e9s, quitte son poste de pr\u00e9sident apr\u00e8s plus de 12 ans. Satisfait, il se rem\u00e9more ces derni\u00e8res ann\u00e9es au cours desquelles il s'est consacr\u00e9 corps et \u00e2me aux int\u00e9r\u00eats des entrepreneurs de Venlo. \"Nous sommes un collectif unique et nous pouvons tous en \u00eatre tr\u00e8s fiers\", a d\u00e9clar\u00e9 M. Thissen.<\/strong><\/em><\/p>\n<p>S'il se dit natif de Venlon - apr\u00e8s tout, il y vit depuis de nombreuses ann\u00e9es -, Peter Thissen est n\u00e9 et a grandi \u00e0 Geleen. M. Thissen a repris de son p\u00e8re l'entreprise familiale sp\u00e9cialis\u00e9e dans les techniques d'installation durables. En 2010, il a vendu l'entreprise, situ\u00e9e \u00e0 Trade Port West, \u00e0 Unica, une soci\u00e9t\u00e9 qui poss\u00e8de des succursales dans tout le pays. Thissen est un entrepreneur n\u00e9, ce qui a incit\u00e9 Jacques Scheuten (membre du conseil consultatif d'Entrepreneurial Venlo) \u00e0 lui confier la pr\u00e9sidence de la Fondation Entrepreneurial Venlo en 2011. En effet, \u00e0 l'\u00e9poque, M. Thissen si\u00e9geait \u00e9galement au conseil d'administration de Tradeport, l'une des quatre associations d'entrepreneurs de Venlo, avec Noorderpoort, Spikweien (Lomm) et Tegelen\/Belfeld. \"\u00c0 l'initiative de Stephan Satijn, \u00e9chevin \u00e0 l'\u00e9poque, il m'a \u00e9t\u00e9 demand\u00e9 de fusionner ces quatre associations en une seule organisation puissante repr\u00e9sentant les int\u00e9r\u00eats des entreprises install\u00e9es dans les parcs d'activit\u00e9s \u00e9conomiques de la municipalit\u00e9 de Venlo\", explique M. Thissen. \"Ces quatre associations avaient exactement les m\u00eames probl\u00e8mes, mais frappaient s\u00e9par\u00e9ment \u00e0 la porte de la municipalit\u00e9. J'ai dit aux entrepreneurs qu'avec le 'Vastelaovend', nous pouvions \u00eatre assez chauvins, mais que nous devions faire rayonner un Grand Venlo en termes d'affaires. L'objectif d'un collectif \u00e9tait une approche plus professionnelle avec plus d'impact. Bien qu'il s'agisse de parties totalement diff\u00e9rentes de Venlo, les membres du conseil d'administration ont compris l'utilit\u00e9 de la fusion et la r\u00e9organisation s'est d\u00e9roul\u00e9e sans heurts.<\/p>\n<p>L'approche s'est av\u00e9r\u00e9e fructueuse, puisque la fusion a \u00e9t\u00e9 l\u00e9galement formalis\u00e9e le 2 novembre 2017. Les associations ont \u00e9t\u00e9 dissoutes et poursuivies en tant que divisions de la nouvelle association Ondernemend Venlo. Celle-ci regroupe d\u00e9sormais plus de 1 400 entreprises employant plus de 40 000 personnes, r\u00e9parties dans les 20 parcs d'activit\u00e9s de Venlo. Thissen : \"Je suis fi\u00e8re de ce que nous avons accompli avec tous ces entrepreneurs.\"<\/p>\n<p>Au cours de sa pr\u00e9sidence de plus de 12 ans, M. Thissen a remport\u00e9 de nombreux succ\u00e8s avec Entrepreneurial Venlo. \"La plus grande r\u00e9ussite est peut-\u00eatre notre BIZ (Business Investment Zone), qui a r\u00e9cemment \u00e9t\u00e9 prolong\u00e9e de cinq ans, jusqu'en 2025\", explique-t-il. \"M\u00eame notre centre-ville n'a pas de BIZ, comme de nombreux parcs d'activit\u00e9s dans d'autres grandes villes. Le fait que nous puissions former un collectif avec 1 400 entreprises est unique. Notre BIZ est le plus grand des Pays-Bas ; nos entrepreneurs comprennent l'int\u00e9r\u00eat collectif. Il y a certainement encore du chauvinisme, mais plus en termes d'affaires. C'est l'esprit d'entreprise pur sang.<\/p>\n<p><strong>Succ\u00e8s de BIZ<br \/>\n<\/strong>L'ancien pr\u00e9sident se r\u00e9jouit des nombreuses \u00e9tapes franchies par Entrepreneurial Venlo. \"Par exemple, Trade Port Noord est l'un des parcs d'activit\u00e9s les plus durables des Pays-Bas, nous avons \u00e0 nouveau obtenu le certificat Keurmerk Veilig Ondernemen (KVO) pour la s\u00e9curit\u00e9 des entreprises, tous les parcs d'activit\u00e9s membres ont \u00e9t\u00e9 dot\u00e9s d'un panneau d'entr\u00e9e reconnaissable pour les transports publics et, en collaboration avec Veilig Venlo, nous avons \u00e9quip\u00e9 tous les parcs d'activit\u00e9s de cam\u00e9ras de s\u00e9curit\u00e9 et de contr\u00f4le (ce qui a permis de r\u00e9duire la criminalit\u00e9 \u00e0 un minimum). M. Thissen qualifie \u00e9galement de sp\u00e9cial le comit\u00e9 des parcs d'activit\u00e9s durables. \"Ondernemend Venlo a r\u00e9ussi \u00e0 remporter un appel d'offres qui s'est traduit par une subvention de 2,1 millions d'euros. Tout cela a \u00e9t\u00e9 possible gr\u00e2ce aux 90 b\u00e9n\u00e9voles d'Ondernemend Venlo : tous sont des entrepreneurs qui doivent g\u00e9rer leur propre entreprise tous les jours et qui trouvent n\u00e9anmoins le temps de se consacrer aux int\u00e9r\u00eats d'Ondernemend Venlo\".<\/p>\n<p>Thissen soupire - de mani\u00e8re positive - qu'il y a trop d'objectifs atteints pour les mentionner. \"Mais si je peux en citer quelques-uns, la coop\u00e9ration avec la municipalit\u00e9 de Venlo dans le cadre de l'EUP (Economic Implementation Programme) est tr\u00e8s sp\u00e9ciale.<\/p>\n<p>Les nombreux camions stationn\u00e9s ill\u00e9galement \u00e0 Venlo, notamment parce qu'ils ne sont pas autoris\u00e9s \u00e0 entrer en Allemagne le dimanche (Ruhetag), constituaient une v\u00e9ritable plaie. \"Il y avait alors des centaines de camions gar\u00e9s ill\u00e9galement dans les zones industrielles de Venlo. Gr\u00e2ce \u00e0 un cofinancement de Ondernemend Venlo avec la municipalit\u00e9 de Venlo, un certain nombre d'am\u00e9liorations ont \u00e9t\u00e9 r\u00e9alis\u00e9es. Il s'agit notamment de l'application de la loi dans les zones industrielles et de la construction d'une aire de stationnement pour les camions sur la James Cookweg. Les camions d\u00e9fectueux et non \u00e9clair\u00e9s sont d\u00e9sormais remorqu\u00e9s.<\/p>\n<p>Gr\u00e2ce \u00e0 notre BIZ, Entrepreneurial Venlo dispose de ressources financi\u00e8res suffisantes pour investir des sommes importantes et r\u00e9aliser ce type de projets en collaboration avec la municipalit\u00e9 de Venlo\".<\/p>\n<p><strong>Collaborations<br \/>\n<\/strong>La municipalit\u00e9 de Venlo est un partenaire important d'Entrepreneurial Venlo. Depuis qu'il est pr\u00e9sident, M. Thissen a vu ce lien se renforcer consid\u00e9rablement. \"Au cours de mes premi\u00e8res ann\u00e9es, les contacts \u00e9taient encore parfois maladroits, mais en partie gr\u00e2ce \u00e0 notre puissant collectif, la municipalit\u00e9 a compris qu'elle devait prendre davantage en compte Entrepreneurial Venlo. Nous nous consid\u00e9rons mutuellement comme des partenaires \u00e9gaux lorsqu'il s'agit de repr\u00e9senter les int\u00e9r\u00eats des entrepreneurs dans les zones industrielles. Selon Mme Thissen, l'\u00e9chevin Erwin Boom (\u00e9conomie) a jou\u00e9 un r\u00f4le important dans le renforcement de la coop\u00e9ration. \"M. Boom, en tant qu'\u00e9chevin de l'\u00e9conomie, s'int\u00e9resse v\u00e9ritablement aux int\u00e9r\u00eats des entrepreneurs des zones industrielles.<\/p>\n<p>Tous les trois ans, une mesure de soutien - par le biais d'une enqu\u00eate - doit montrer que Ondernemend Venlo est effectivement le repr\u00e9sentant et le d\u00e9fenseur de l'ensemble des 1 400 entreprises. Il est important que le plus grand nombre possible d'entrepreneurs (au moins 50 %) votent. Les membres du conseil d'administration de l'OV visiteront personnellement toutes les entreprises pour r\u00e9pondre \u00e0 l'enqu\u00eate. \"L'\u00e9chevin Boom s'est \u00e9galement d\u00e9plac\u00e9 \u00e0 plusieurs reprises avec nous pour assurer le succ\u00e8s de cette mesure de soutien. Les entrepreneurs ont besoin de cette attention personnelle ; elle est n\u00e9cessaire \u00e0 la r\u00e9ussite du BIZ. Avec cette action engag\u00e9e, il a \u00e9tonn\u00e9 \u00e0 la fois les membres du conseil d'administration de l'OV et les entrepreneurs.<\/p>\n<p><strong>Venlo entrepreneuriat<br \/>\n<\/strong>Bien s\u00fbr, toutes ces ann\u00e9es n'ont pas \u00e9t\u00e9 roses, mais on peut dire que pendant ses ann\u00e9es de pr\u00e9sidence, Thissen a fait passer Entrepreneurial Venlo au niveau sup\u00e9rieur. La pr\u00e9sidence a maintenant \u00e9t\u00e9 confi\u00e9e \u00e0 l'entrepreneuse Lizbeth van den Boogaart, \u00e9galement ancienne Top Woman Limburg (2019). \"Il est temps d'apporter une bouff\u00e9e d'air frais. Selon moi, Lizbeth est un excellent choix et je suis fi\u00e8re qu'elle ait accept\u00e9 ma demande de succession.\"<\/p>\n<p>Thissen ne quitte pas compl\u00e8tement Entrepreneurial Venlo, il sera nomm\u00e9 membre du conseil consultatif. Satisfait, il revient sur son r\u00f4le de pr\u00e9sident. \"J'ai pu constater \u00e0 quel point Ondernemend Venlo est une association d'entreprises solide. Avec une superficie de 1 500 hectares, Venlo poss\u00e8de la quatri\u00e8me plus grande zone industrielle des Pays-Bas et 34 leaders mondiaux du march\u00e9 y sont \u00e9tablis. Tous ces leaders mondiaux ont \u00e9t\u00e9 fond\u00e9s par des entrepreneurs de Venlo ; ils sont incroyablement intelligents. En ce qui me concerne, les quartiers de la ville pourraient \u00eatre moins chauvins et respirer davantage l'unit\u00e9. Les habitants de Venlo devraient \u00eatre encore plus fiers de leurs entrepreneurs ; la force de l'esprit d'entreprise \u00e0 Venlo est sans pr\u00e9c\u00e9dent.<\/p>","protected":false},"excerpt":{"rendered":"<p>Peter Thissen, l'entrepreneur n\u00e9 qui a aid\u00e9 Ondernemend Venlo \u00e0 devenir un collectif de 1 400 entreprises participantes r\u00e9parties dans 20 parcs d'activit\u00e9s, quitte son poste de pr\u00e9sident apr\u00e8s plus de 12 ans. Satisfait, il se rem\u00e9more ces derni\u00e8res ann\u00e9es au cours desquelles il s'est consacr\u00e9 corps et \u00e2me aux int\u00e9r\u00eats des entrepreneurs de Venlo. \"Nous sommes un collectif unique et [...]<\/p>","protected":false},"author":1,"featured_media":0,"comment_status":"closed","ping_status":"open","sticky":false,"template":"","format":"standard","meta":{"_acf_changed":false,"footnotes":""},"categories":[8],"tags":[],"class_list":["post-2968","post","type-post","status-publish","format-standard","hentry","category-nieuws"],"acf":[],"yoast_head":"<!-- This site is optimized with the Yoast SEO plugin v26.3 - https:\/\/yoast.com\/wordpress\/plugins\/seo\/ -->\n<title>Aftredend voorzitter Peter Thissen blikt terug - Ondernemend Venlo<\/title>\n<meta name=\"robots\" content=\"index, follow, max-snippet:-1, max-image-preview:large, max-video-preview:-1\" \/>\n<link rel=\"canonical\" href=\"https:\/\/www.ondernemendvenlo.nl\/fr\/aftredend-voorzitter-peter-thissen-blikt-terug\/\" \/>\n<meta property=\"og:locale\" content=\"fr_FR\" \/>\n<meta property=\"og:type\" content=\"article\" \/>\n<meta property=\"og:title\" content=\"Aftredend voorzitter Peter Thissen blikt terug - Ondernemend Venlo\" \/>\n<meta property=\"og:description\" content=\"Peter Thissen, de rasondernemer die Ondernemend Venlo hielp groeien tot een collectief van 1.400 deelnemende bedrijven op 20 bedrijventerreinen, neemt na ruim twaalf jaar afscheid als voorzitter. Tevreden blikt hij terug op de afgelopen jaren waarin hij zich met hart en ziel inzette voor de belangen van Venlose ondernemers. \u201cWij zijn een uniek collectief en [&hellip;]\" \/>\n<meta property=\"og:url\" content=\"https:\/\/www.ondernemendvenlo.nl\/fr\/aftredend-voorzitter-peter-thissen-blikt-terug\/\" \/>\n<meta property=\"og:site_name\" content=\"Ondernemend Venlo\" \/>\n<meta property=\"article:published_time\" content=\"2023-01-20T10:18:26+00:00\" \/>\n<meta name=\"author\" content=\"admin\" \/>\n<meta name=\"twitter:card\" content=\"summary_large_image\" \/>\n<meta name=\"twitter:label1\" content=\"\u00c9crit par\" \/>\n\t<meta name=\"twitter:data1\" content=\"admin\" \/>\n\t<meta name=\"twitter:label2\" content=\"Dur\u00e9e de lecture estim\u00e9e\" \/>\n\t<meta name=\"twitter:data2\" content=\"6 minutes\" \/>\n<script type=\"application\/ld+json\" class=\"yoast-schema-graph\">{\"@context\":\"https:\/\/schema.org\",\"@graph\":[{\"@type\":\"Article\",\"@id\":\"https:\/\/www.ondernemendvenlo.nl\/aftredend-voorzitter-peter-thissen-blikt-terug\/#article\",\"isPartOf\":{\"@id\":\"https:\/\/www.ondernemendvenlo.nl\/aftredend-voorzitter-peter-thissen-blikt-terug\/\"},\"author\":{\"name\":\"admin\",\"@id\":\"https:\/\/www.ondernemendvenlo.nl\/#\/schema\/person\/347e935f8ad4c7030608ef74bb57aa6e\"},\"headline\":\"Aftredend voorzitter Peter Thissen blikt terug\",\"datePublished\":\"2023-01-20T10:18:26+00:00\",\"mainEntityOfPage\":{\"@id\":\"https:\/\/www.ondernemendvenlo.nl\/aftredend-voorzitter-peter-thissen-blikt-terug\/\"},\"wordCount\":1130,\"publisher\":{\"@id\":\"https:\/\/www.ondernemendvenlo.nl\/#organization\"},\"articleSection\":[\"Nieuws\"],\"inLanguage\":\"fr-FR\"},{\"@type\":\"WebPage\",\"@id\":\"https:\/\/www.ondernemendvenlo.nl\/aftredend-voorzitter-peter-thissen-blikt-terug\/\",\"url\":\"https:\/\/www.ondernemendvenlo.nl\/aftredend-voorzitter-peter-thissen-blikt-terug\/\",\"name\":\"Aftredend voorzitter Peter Thissen blikt terug - Ondernemend Venlo\",\"isPartOf\":{\"@id\":\"https:\/\/www.ondernemendvenlo.nl\/#website\"},\"datePublished\":\"2023-01-20T10:18:26+00:00\",\"breadcrumb\":{\"@id\":\"https:\/\/www.ondernemendvenlo.nl\/aftredend-voorzitter-peter-thissen-blikt-terug\/#breadcrumb\"},\"inLanguage\":\"fr-FR\",\"potentialAction\":[{\"@type\":\"ReadAction\",\"target\":[\"https:\/\/www.ondernemendvenlo.nl\/aftredend-voorzitter-peter-thissen-blikt-terug\/\"]}]},{\"@type\":\"BreadcrumbList\",\"@id\":\"https:\/\/www.ondernemendvenlo.nl\/aftredend-voorzitter-peter-thissen-blikt-terug\/#breadcrumb\",\"itemListElement\":[{\"@type\":\"ListItem\",\"position\":1,\"name\":\"Ondernemend Venlo\",\"item\":\"https:\/\/www.ondernemendvenlo.nl\/\"},{\"@type\":\"ListItem\",\"position\":2,\"name\":\"Nieuws\",\"item\":\"https:\/\/www.ondernemendvenlo.nl\/categorie\/nieuws\/\"},{\"@type\":\"ListItem\",\"position\":3,\"name\":\"Aftredend voorzitter Peter Thissen blikt terug\"}]},{\"@type\":\"WebSite\",\"@id\":\"https:\/\/www.ondernemendvenlo.nl\/#website\",\"url\":\"https:\/\/www.ondernemendvenlo.nl\/\",\"name\":\"Ondernemend Venlo\",\"description\":\"Samen succesvol ondernemen\",\"publisher\":{\"@id\":\"https:\/\/www.ondernemendvenlo.nl\/#organization\"},\"potentialAction\":[{\"@type\":\"SearchAction\",\"target\":{\"@type\":\"EntryPoint\",\"urlTemplate\":\"https:\/\/www.ondernemendvenlo.nl\/?s={search_term_string}\"},\"query-input\":{\"@type\":\"PropertyValueSpecification\",\"valueRequired\":true,\"valueName\":\"search_term_string\"}}],\"inLanguage\":\"fr-FR\"},{\"@type\":\"Organization\",\"@id\":\"https:\/\/www.ondernemendvenlo.nl\/#organization\",\"name\":\"Ondernemend Venlo\",\"url\":\"https:\/\/www.ondernemendvenlo.nl\/\",\"logo\":{\"@type\":\"ImageObject\",\"inLanguage\":\"fr-FR\",\"@id\":\"https:\/\/www.ondernemendvenlo.nl\/#\/schema\/logo\/image\/\",\"url\":\"https:\/\/www.ondernemendvenlo.nl\/wp-content\/uploads\/2025\/02\/Ondernemend-Venlo-logo-scaled.webp\",\"contentUrl\":\"https:\/\/www.ondernemendvenlo.nl\/wp-content\/uploads\/2025\/02\/Ondernemend-Venlo-logo-scaled.webp\",\"width\":2560,\"height\":1010,\"caption\":\"Ondernemend Venlo\"},\"image\":{\"@id\":\"https:\/\/www.ondernemendvenlo.nl\/#\/schema\/logo\/image\/\"},\"sameAs\":[\"https:\/\/www.linkedin.com\/company\/ondernemend-venlo\/\"]},{\"@type\":\"Person\",\"@id\":\"https:\/\/www.ondernemendvenlo.nl\/#\/schema\/person\/347e935f8ad4c7030608ef74bb57aa6e\",\"name\":\"admin\",\"image\":{\"@type\":\"ImageObject\",\"inLanguage\":\"fr-FR\",\"@id\":\"https:\/\/www.ondernemendvenlo.nl\/#\/schema\/person\/image\/\",\"url\":\"https:\/\/www.ondernemendvenlo.nl\/wp-content\/litespeed\/avatar\/720af750b037aecf6e33e12833479059.jpg?ver=1777382954\",\"contentUrl\":\"https:\/\/www.ondernemendvenlo.nl\/wp-content\/litespeed\/avatar\/720af750b037aecf6e33e12833479059.jpg?ver=1777382954\",\"caption\":\"admin\"},\"sameAs\":[\"https:\/\/www.ondernemendvenlo.nl\"]}]}<\/script>\n<!-- \/ Yoast SEO plugin. -->","yoast_head_json":{"title":"Aftredend voorzitter Peter Thissen blikt terug - Ondernemend Venlo","robots":{"index":"index","follow":"follow","max-snippet":"max-snippet:-1","max-image-preview":"max-image-preview:large","max-video-preview":"max-video-preview:-1"},"canonical":"https:\/\/www.ondernemendvenlo.nl\/fr\/aftredend-voorzitter-peter-thissen-blikt-terug\/","og_locale":"fr_FR","og_type":"article","og_title":"Aftredend voorzitter Peter Thissen blikt terug - Ondernemend Venlo","og_description":"Peter Thissen, de rasondernemer die Ondernemend Venlo hielp groeien tot een collectief van 1.400 deelnemende bedrijven op 20 bedrijventerreinen, neemt na ruim twaalf jaar afscheid als voorzitter. Tevreden blikt hij terug op de afgelopen jaren waarin hij zich met hart en ziel inzette voor de belangen van Venlose ondernemers. \u201cWij zijn een uniek collectief en [&hellip;]","og_url":"https:\/\/www.ondernemendvenlo.nl\/fr\/aftredend-voorzitter-peter-thissen-blikt-terug\/","og_site_name":"Ondernemend Venlo","article_published_time":"2023-01-20T10:18:26+00:00","author":"admin","twitter_card":"summary_large_image","twitter_misc":{"\u00c9crit par":"admin","Dur\u00e9e de lecture estim\u00e9e":"6 minutes"},"schema":{"@context":"https:\/\/schema.org","@graph":[{"@type":"Article","@id":"https:\/\/www.ondernemendvenlo.nl\/aftredend-voorzitter-peter-thissen-blikt-terug\/#article","isPartOf":{"@id":"https:\/\/www.ondernemendvenlo.nl\/aftredend-voorzitter-peter-thissen-blikt-terug\/"},"author":{"name":"admin","@id":"https:\/\/www.ondernemendvenlo.nl\/#\/schema\/person\/347e935f8ad4c7030608ef74bb57aa6e"},"headline":"Aftredend voorzitter Peter Thissen blikt terug","datePublished":"2023-01-20T10:18:26+00:00","mainEntityOfPage":{"@id":"https:\/\/www.ondernemendvenlo.nl\/aftredend-voorzitter-peter-thissen-blikt-terug\/"},"wordCount":1130,"publisher":{"@id":"https:\/\/www.ondernemendvenlo.nl\/#organization"},"articleSection":["Nieuws"],"inLanguage":"fr-FR"},{"@type":"WebPage","@id":"https:\/\/www.ondernemendvenlo.nl\/aftredend-voorzitter-peter-thissen-blikt-terug\/","url":"https:\/\/www.ondernemendvenlo.nl\/aftredend-voorzitter-peter-thissen-blikt-terug\/","name":"Aftredend voorzitter Peter Thissen blikt terug - Ondernemend Venlo","isPartOf":{"@id":"https:\/\/www.ondernemendvenlo.nl\/#website"},"datePublished":"2023-01-20T10:18:26+00:00","breadcrumb":{"@id":"https:\/\/www.ondernemendvenlo.nl\/aftredend-voorzitter-peter-thissen-blikt-terug\/#breadcrumb"},"inLanguage":"fr-FR","potentialAction":[{"@type":"ReadAction","target":["https:\/\/www.ondernemendvenlo.nl\/aftredend-voorzitter-peter-thissen-blikt-terug\/"]}]},{"@type":"BreadcrumbList","@id":"https:\/\/www.ondernemendvenlo.nl\/aftredend-voorzitter-peter-thissen-blikt-terug\/#breadcrumb","itemListElement":[{"@type":"ListItem","position":1,"name":"Ondernemend Venlo","item":"https:\/\/www.ondernemendvenlo.nl\/"},{"@type":"ListItem","position":2,"name":"Nieuws","item":"https:\/\/www.ondernemendvenlo.nl\/categorie\/nieuws\/"},{"@type":"ListItem","position":3,"name":"Aftredend voorzitter Peter Thissen blikt terug"}]},{"@type":"WebSite","@id":"https:\/\/www.ondernemendvenlo.nl\/#website","url":"https:\/\/www.ondernemendvenlo.nl\/","name":"Venlo entrepreneurial","description":"Travailler ensemble avec succ\u00e8s","publisher":{"@id":"https:\/\/www.ondernemendvenlo.nl\/#organization"},"potentialAction":[{"@type":"SearchAction","target":{"@type":"EntryPoint","urlTemplate":"https:\/\/www.ondernemendvenlo.nl\/?s={search_term_string}"},"query-input":{"@type":"PropertyValueSpecification","valueRequired":true,"valueName":"search_term_string"}}],"inLanguage":"fr-FR"},{"@type":"Organization","@id":"https:\/\/www.ondernemendvenlo.nl\/#organization","name":"Venlo entrepreneurial","url":"https:\/\/www.ondernemendvenlo.nl\/","logo":{"@type":"ImageObject","inLanguage":"fr-FR","@id":"https:\/\/www.ondernemendvenlo.nl\/#\/schema\/logo\/image\/","url":"https:\/\/www.ondernemendvenlo.nl\/wp-content\/uploads\/2025\/02\/Ondernemend-Venlo-logo-scaled.webp","contentUrl":"https:\/\/www.ondernemendvenlo.nl\/wp-content\/uploads\/2025\/02\/Ondernemend-Venlo-logo-scaled.webp","width":2560,"height":1010,"caption":"Ondernemend Venlo"},"image":{"@id":"https:\/\/www.ondernemendvenlo.nl\/#\/schema\/logo\/image\/"},"sameAs":["https:\/\/www.linkedin.com\/company\/ondernemend-venlo\/"]},{"@type":"Person","@id":"https:\/\/www.ondernemendvenlo.nl\/#\/schema\/person\/347e935f8ad4c7030608ef74bb57aa6e","name":"admin","image":{"@type":"ImageObject","inLanguage":"fr-FR","@id":"https:\/\/www.ondernemendvenlo.nl\/#\/schema\/person\/image\/","url":"https:\/\/www.ondernemendvenlo.nl\/wp-content\/litespeed\/avatar\/720af750b037aecf6e33e12833479059.jpg?ver=1777382954","contentUrl":"https:\/\/www.ondernemendvenlo.nl\/wp-content\/litespeed\/avatar\/720af750b037aecf6e33e12833479059.jpg?ver=1777382954","caption":"admin"},"sameAs":["https:\/\/www.ondernemendvenlo.nl"]}]}},"_links":{"self":[{"href":"https:\/\/www.ondernemendvenlo.nl\/fr\/wp-json\/wp\/v2\/posts\/2968","targetHints":{"allow":["GET"]}}],"collection":[{"href":"https:\/\/www.ondernemendvenlo.nl\/fr\/wp-json\/wp\/v2\/posts"}],"about":[{"href":"https:\/\/www.ondernemendvenlo.nl\/fr\/wp-json\/wp\/v2\/types\/post"}],"author":[{"embeddable":true,"href":"https:\/\/www.ondernemendvenlo.nl\/fr\/wp-json\/wp\/v2\/users\/1"}],"replies":[{"embeddable":true,"href":"https:\/\/www.ondernemendvenlo.nl\/fr\/wp-json\/wp\/v2\/comments?post=2968"}],"version-history":[{"count":0,"href":"https:\/\/www.ondernemendvenlo.nl\/fr\/wp-json\/wp\/v2\/posts\/2968\/revisions"}],"wp:attachment":[{"href":"https:\/\/www.ondernemendvenlo.nl\/fr\/wp-json\/wp\/v2\/media?parent=2968"}],"wp:term":[{"taxonomy":"category","embeddable":true,"href":"https:\/\/www.ondernemendvenlo.nl\/fr\/wp-json\/wp\/v2\/categories?post=2968"},{"taxonomy":"post_tag","embeddable":true,"href":"https:\/\/www.ondernemendvenlo.nl\/fr\/wp-json\/wp\/v2\/tags?post=2968"}],"curies":[{"name":"wp","href":"https:\/\/api.w.org\/{rel}","templated":true}]}}