{"id":2983,"date":"2023-07-11T15:28:19","date_gmt":"2023-07-11T13:28:19","guid":{"rendered":"https:\/\/www.ondernemendvenlo.nl\/data-driven-supply-chains\/"},"modified":"2023-07-11T15:28:19","modified_gmt":"2023-07-11T13:28:19","slug":"data-driven-supply-chains","status":"publish","type":"post","link":"https:\/\/www.ondernemendvenlo.nl\/fr\/data-driven-supply-chains\/","title":{"rendered":"Des cha\u00eenes d'approvisionnement pilot\u00e9es par les donn\u00e9es"},"content":{"rendered":"<p><strong>Le jeudi 6 juillet s'est tenue la 23e journ\u00e9e de la logistique Limburg 2023.<\/strong><strong> th\u00e8me \"Data Driven Supply Chains\" (cha\u00eenes d'approvisionnement pilot\u00e9es par les donn\u00e9es). Plusieurs intervenants du secteur, dont Chiem van Keijsteren (Leolux Furniture Group), Ron Smits (Seacon Logistics), Elmer Rietveld (TNO), Patrick Manders (Arvato), Gideon van Kampen et Loraine Bout (Overhaul), ont partag\u00e9 leur expertise avec plus de 100 professionnels de la cha\u00eene d'approvisionnement. Ce faisant, la Journ\u00e9e de la logistique du Limbourg a permis d'ouvrir les yeux, de discuter et de trouver de nouvelles id\u00e9es. <\/strong><\/p>\n<p style=\"font-weight: 400;\"><strong>La num\u00e9risation comme outil pour des cha\u00eenes d'approvisionnement circulaires, durables et r\u00e9silientes<br \/>\n<\/strong>L'objectif \u00e9tait de donner un aper\u00e7u des avantages et des possibilit\u00e9s d'utilisation des donn\u00e9es dans les processus de la cha\u00eene d'approvisionnement afin d'optimiser les flux de marchandises et d'informations. Les donn\u00e9es sont \u00e0 la base de la logistique durable et circulaire, de la transparence des flux de marchandises, de la prise de d\u00e9cisions strat\u00e9giques et de l'optimisation des processus, entre autres. L'utilisation appropri\u00e9e des donn\u00e9es peut donner aux entreprises un avantage concurrentiel et aider les entrepreneurs \u00e0 r\u00e9pondre aux exigences de plus en plus complexes du march\u00e9.<\/p>\n<p style=\"font-weight: 400;\">Voir aussi l'Aftermovie montrant l'atmosph\u00e8re et les exp\u00e9riences de la journ\u00e9e : <a href=\"https:\/\/www.youtube.com\/watch?v=hBRvaoC7FmQ\">R\u00e9trospective Data Driven Sopply Chain 2023<\/a><\/p>\n<p style=\"font-weight: 400;\">","protected":false},"excerpt":{"rendered":"<p>Donderdag 6 juli jl. was de de 23e\u00a0Logistieke Dag Limburg 2023 met als thema &#8216;Data Driven Supply Chains&#8217;. Verschillende sprekers uit de industrie, waaronder Chiem van Keijsteren (Leolux Furniture Group) Ron Smits (Seacon Logistics), Elmer Rietveld (TNO) Patrick Manders (Arvato), Gideon van Kampen en Loraine Bout (Overhaul),\u00a0 deelden hun expertise met meer dan 100 supply [&hellip;]<\/p>","protected":false},"author":1,"featured_media":2984,"comment_status":"closed","ping_status":"open","sticky":false,"template":"","format":"standard","meta":{"_acf_changed":false,"footnotes":""},"categories":[8],"tags":[],"class_list":["post-2983","post","type-post","status-publish","format-standard","has-post-thumbnail","hentry","category-nieuws"],"acf":[],"yoast_head":"<!-- This site is optimized with the Yoast SEO plugin v26.3 - https:\/\/yoast.com\/wordpress\/plugins\/seo\/ -->\n<title>Data Driven Supply Chains - Ondernemend Venlo<\/title>\n<meta name=\"robots\" content=\"index, follow, max-snippet:-1, max-image-preview:large, max-video-preview:-1\" \/>\n<link rel=\"canonical\" href=\"https:\/\/www.ondernemendvenlo.nl\/fr\/data-driven-supply-chains\/\" \/>\n<meta property=\"og:locale\" content=\"fr_FR\" \/>\n<meta property=\"og:type\" content=\"article\" \/>\n<meta property=\"og:title\" content=\"Data Driven Supply Chains - Ondernemend Venlo\" \/>\n<meta property=\"og:description\" content=\"Donderdag 6 juli jl. was de de 23e\u00a0Logistieke Dag Limburg 2023 met als thema &#8216;Data Driven Supply Chains&#8217;. Verschillende sprekers uit de industrie, waaronder Chiem van Keijsteren (Leolux Furniture Group) Ron Smits (Seacon Logistics), Elmer Rietveld (TNO) Patrick Manders (Arvato), Gideon van Kampen en Loraine Bout (Overhaul),\u00a0 deelden hun expertise met meer dan 100 supply [&hellip;]\" \/>\n<meta property=\"og:url\" content=\"https:\/\/www.ondernemendvenlo.nl\/fr\/data-driven-supply-chains\/\" \/>\n<meta property=\"og:site_name\" content=\"Ondernemend Venlo\" \/>\n<meta property=\"article:published_time\" content=\"2023-07-11T13:28:19+00:00\" \/>\n<meta property=\"og:image\" content=\"https:\/\/www.ondernemendvenlo.nl\/wp-content\/uploads\/2025\/04\/LogistiekeDagLimburg2023.jpg\" \/>\n\t<meta property=\"og:image:width\" content=\"1920\" \/>\n\t<meta property=\"og:image:height\" content=\"1080\" \/>\n\t<meta property=\"og:image:type\" content=\"image\/jpeg\" \/>\n<meta name=\"author\" content=\"admin\" \/>\n<meta name=\"twitter:card\" content=\"summary_large_image\" \/>\n<meta name=\"twitter:label1\" content=\"\u00c9crit par\" \/>\n\t<meta name=\"twitter:data1\" content=\"admin\" \/>\n\t<meta name=\"twitter:label2\" content=\"Dur\u00e9e de lecture estim\u00e9e\" \/>\n\t<meta name=\"twitter:data2\" content=\"1 minute\" \/>\n<script type=\"application\/ld+json\" class=\"yoast-schema-graph\">{\"@context\":\"https:\/\/schema.org\",\"@graph\":[{\"@type\":\"Article\",\"@id\":\"https:\/\/www.ondernemendvenlo.nl\/data-driven-supply-chains\/#article\",\"isPartOf\":{\"@id\":\"https:\/\/www.ondernemendvenlo.nl\/data-driven-supply-chains\/\"},\"author\":{\"name\":\"admin\",\"@id\":\"https:\/\/www.ondernemendvenlo.nl\/#\/schema\/person\/347e935f8ad4c7030608ef74bb57aa6e\"},\"headline\":\"Data Driven Supply Chains\",\"datePublished\":\"2023-07-11T13:28:19+00:00\",\"mainEntityOfPage\":{\"@id\":\"https:\/\/www.ondernemendvenlo.nl\/data-driven-supply-chains\/\"},\"wordCount\":175,\"publisher\":{\"@id\":\"https:\/\/www.ondernemendvenlo.nl\/#organization\"},\"image\":{\"@id\":\"https:\/\/www.ondernemendvenlo.nl\/data-driven-supply-chains\/#primaryimage\"},\"thumbnailUrl\":\"https:\/\/www.ondernemendvenlo.nl\/wp-content\/uploads\/2025\/04\/LogistiekeDagLimburg2023.jpg\",\"articleSection\":[\"Nieuws\"],\"inLanguage\":\"fr-FR\"},{\"@type\":\"WebPage\",\"@id\":\"https:\/\/www.ondernemendvenlo.nl\/data-driven-supply-chains\/\",\"url\":\"https:\/\/www.ondernemendvenlo.nl\/data-driven-supply-chains\/\",\"name\":\"Data Driven Supply Chains - Ondernemend Venlo\",\"isPartOf\":{\"@id\":\"https:\/\/www.ondernemendvenlo.nl\/#website\"},\"primaryImageOfPage\":{\"@id\":\"https:\/\/www.ondernemendvenlo.nl\/data-driven-supply-chains\/#primaryimage\"},\"image\":{\"@id\":\"https:\/\/www.ondernemendvenlo.nl\/data-driven-supply-chains\/#primaryimage\"},\"thumbnailUrl\":\"https:\/\/www.ondernemendvenlo.nl\/wp-content\/uploads\/2025\/04\/LogistiekeDagLimburg2023.jpg\",\"datePublished\":\"2023-07-11T13:28:19+00:00\",\"breadcrumb\":{\"@id\":\"https:\/\/www.ondernemendvenlo.nl\/data-driven-supply-chains\/#breadcrumb\"},\"inLanguage\":\"fr-FR\",\"potentialAction\":[{\"@type\":\"ReadAction\",\"target\":[\"https:\/\/www.ondernemendvenlo.nl\/data-driven-supply-chains\/\"]}]},{\"@type\":\"ImageObject\",\"inLanguage\":\"fr-FR\",\"@id\":\"https:\/\/www.ondernemendvenlo.nl\/data-driven-supply-chains\/#primaryimage\",\"url\":\"https:\/\/www.ondernemendvenlo.nl\/wp-content\/uploads\/2025\/04\/LogistiekeDagLimburg2023.jpg\",\"contentUrl\":\"https:\/\/www.ondernemendvenlo.nl\/wp-content\/uploads\/2025\/04\/LogistiekeDagLimburg2023.jpg\",\"width\":1920,\"height\":1080},{\"@type\":\"BreadcrumbList\",\"@id\":\"https:\/\/www.ondernemendvenlo.nl\/data-driven-supply-chains\/#breadcrumb\",\"itemListElement\":[{\"@type\":\"ListItem\",\"position\":1,\"name\":\"Ondernemend Venlo\",\"item\":\"https:\/\/www.ondernemendvenlo.nl\/\"},{\"@type\":\"ListItem\",\"position\":2,\"name\":\"Nieuws\",\"item\":\"https:\/\/www.ondernemendvenlo.nl\/categorie\/nieuws\/\"},{\"@type\":\"ListItem\",\"position\":3,\"name\":\"Data Driven Supply Chains\"}]},{\"@type\":\"WebSite\",\"@id\":\"https:\/\/www.ondernemendvenlo.nl\/#website\",\"url\":\"https:\/\/www.ondernemendvenlo.nl\/\",\"name\":\"Ondernemend Venlo\",\"description\":\"Samen succesvol ondernemen\",\"publisher\":{\"@id\":\"https:\/\/www.ondernemendvenlo.nl\/#organization\"},\"potentialAction\":[{\"@type\":\"SearchAction\",\"target\":{\"@type\":\"EntryPoint\",\"urlTemplate\":\"https:\/\/www.ondernemendvenlo.nl\/?s={search_term_string}\"},\"query-input\":{\"@type\":\"PropertyValueSpecification\",\"valueRequired\":true,\"valueName\":\"search_term_string\"}}],\"inLanguage\":\"fr-FR\"},{\"@type\":\"Organization\",\"@id\":\"https:\/\/www.ondernemendvenlo.nl\/#organization\",\"name\":\"Ondernemend Venlo\",\"url\":\"https:\/\/www.ondernemendvenlo.nl\/\",\"logo\":{\"@type\":\"ImageObject\",\"inLanguage\":\"fr-FR\",\"@id\":\"https:\/\/www.ondernemendvenlo.nl\/#\/schema\/logo\/image\/\",\"url\":\"https:\/\/www.ondernemendvenlo.nl\/wp-content\/uploads\/2025\/02\/Ondernemend-Venlo-logo-scaled.webp\",\"contentUrl\":\"https:\/\/www.ondernemendvenlo.nl\/wp-content\/uploads\/2025\/02\/Ondernemend-Venlo-logo-scaled.webp\",\"width\":2560,\"height\":1010,\"caption\":\"Ondernemend Venlo\"},\"image\":{\"@id\":\"https:\/\/www.ondernemendvenlo.nl\/#\/schema\/logo\/image\/\"},\"sameAs\":[\"https:\/\/www.linkedin.com\/company\/ondernemend-venlo\/\"]},{\"@type\":\"Person\",\"@id\":\"https:\/\/www.ondernemendvenlo.nl\/#\/schema\/person\/347e935f8ad4c7030608ef74bb57aa6e\",\"name\":\"admin\",\"image\":{\"@type\":\"ImageObject\",\"inLanguage\":\"fr-FR\",\"@id\":\"https:\/\/www.ondernemendvenlo.nl\/#\/schema\/person\/image\/\",\"url\":\"https:\/\/www.ondernemendvenlo.nl\/wp-content\/litespeed\/avatar\/720af750b037aecf6e33e12833479059.jpg?ver=1777382954\",\"contentUrl\":\"https:\/\/www.ondernemendvenlo.nl\/wp-content\/litespeed\/avatar\/720af750b037aecf6e33e12833479059.jpg?ver=1777382954\",\"caption\":\"admin\"},\"sameAs\":[\"https:\/\/www.ondernemendvenlo.nl\"]}]}<\/script>\n<!-- \/ Yoast SEO plugin. -->","yoast_head_json":{"title":"Data Driven Supply Chains - Ondernemend Venlo","robots":{"index":"index","follow":"follow","max-snippet":"max-snippet:-1","max-image-preview":"max-image-preview:large","max-video-preview":"max-video-preview:-1"},"canonical":"https:\/\/www.ondernemendvenlo.nl\/fr\/data-driven-supply-chains\/","og_locale":"fr_FR","og_type":"article","og_title":"Data Driven Supply Chains - Ondernemend Venlo","og_description":"Donderdag 6 juli jl. was de de 23e\u00a0Logistieke Dag Limburg 2023 met als thema &#8216;Data Driven Supply Chains&#8217;. Verschillende sprekers uit de industrie, waaronder Chiem van Keijsteren (Leolux Furniture Group) Ron Smits (Seacon Logistics), Elmer Rietveld (TNO) Patrick Manders (Arvato), Gideon van Kampen en Loraine Bout (Overhaul),\u00a0 deelden hun expertise met meer dan 100 supply [&hellip;]","og_url":"https:\/\/www.ondernemendvenlo.nl\/fr\/data-driven-supply-chains\/","og_site_name":"Ondernemend Venlo","article_published_time":"2023-07-11T13:28:19+00:00","og_image":[{"width":1920,"height":1080,"url":"https:\/\/www.ondernemendvenlo.nl\/wp-content\/uploads\/2025\/04\/LogistiekeDagLimburg2023.jpg","type":"image\/jpeg"}],"author":"admin","twitter_card":"summary_large_image","twitter_misc":{"\u00c9crit par":"admin","Dur\u00e9e de lecture estim\u00e9e":"1 minute"},"schema":{"@context":"https:\/\/schema.org","@graph":[{"@type":"Article","@id":"https:\/\/www.ondernemendvenlo.nl\/data-driven-supply-chains\/#article","isPartOf":{"@id":"https:\/\/www.ondernemendvenlo.nl\/data-driven-supply-chains\/"},"author":{"name":"admin","@id":"https:\/\/www.ondernemendvenlo.nl\/#\/schema\/person\/347e935f8ad4c7030608ef74bb57aa6e"},"headline":"Data Driven Supply Chains","datePublished":"2023-07-11T13:28:19+00:00","mainEntityOfPage":{"@id":"https:\/\/www.ondernemendvenlo.nl\/data-driven-supply-chains\/"},"wordCount":175,"publisher":{"@id":"https:\/\/www.ondernemendvenlo.nl\/#organization"},"image":{"@id":"https:\/\/www.ondernemendvenlo.nl\/data-driven-supply-chains\/#primaryimage"},"thumbnailUrl":"https:\/\/www.ondernemendvenlo.nl\/wp-content\/uploads\/2025\/04\/LogistiekeDagLimburg2023.jpg","articleSection":["Nieuws"],"inLanguage":"fr-FR"},{"@type":"WebPage","@id":"https:\/\/www.ondernemendvenlo.nl\/data-driven-supply-chains\/","url":"https:\/\/www.ondernemendvenlo.nl\/data-driven-supply-chains\/","name":"Data Driven Supply Chains - Ondernemend Venlo","isPartOf":{"@id":"https:\/\/www.ondernemendvenlo.nl\/#website"},"primaryImageOfPage":{"@id":"https:\/\/www.ondernemendvenlo.nl\/data-driven-supply-chains\/#primaryimage"},"image":{"@id":"https:\/\/www.ondernemendvenlo.nl\/data-driven-supply-chains\/#primaryimage"},"thumbnailUrl":"https:\/\/www.ondernemendvenlo.nl\/wp-content\/uploads\/2025\/04\/LogistiekeDagLimburg2023.jpg","datePublished":"2023-07-11T13:28:19+00:00","breadcrumb":{"@id":"https:\/\/www.ondernemendvenlo.nl\/data-driven-supply-chains\/#breadcrumb"},"inLanguage":"fr-FR","potentialAction":[{"@type":"ReadAction","target":["https:\/\/www.ondernemendvenlo.nl\/data-driven-supply-chains\/"]}]},{"@type":"ImageObject","inLanguage":"fr-FR","@id":"https:\/\/www.ondernemendvenlo.nl\/data-driven-supply-chains\/#primaryimage","url":"https:\/\/www.ondernemendvenlo.nl\/wp-content\/uploads\/2025\/04\/LogistiekeDagLimburg2023.jpg","contentUrl":"https:\/\/www.ondernemendvenlo.nl\/wp-content\/uploads\/2025\/04\/LogistiekeDagLimburg2023.jpg","width":1920,"height":1080},{"@type":"BreadcrumbList","@id":"https:\/\/www.ondernemendvenlo.nl\/data-driven-supply-chains\/#breadcrumb","itemListElement":[{"@type":"ListItem","position":1,"name":"Ondernemend Venlo","item":"https:\/\/www.ondernemendvenlo.nl\/"},{"@type":"ListItem","position":2,"name":"Nieuws","item":"https:\/\/www.ondernemendvenlo.nl\/categorie\/nieuws\/"},{"@type":"ListItem","position":3,"name":"Data Driven Supply Chains"}]},{"@type":"WebSite","@id":"https:\/\/www.ondernemendvenlo.nl\/#website","url":"https:\/\/www.ondernemendvenlo.nl\/","name":"Venlo entrepreneurial","description":"Travailler ensemble avec succ\u00e8s","publisher":{"@id":"https:\/\/www.ondernemendvenlo.nl\/#organization"},"potentialAction":[{"@type":"SearchAction","target":{"@type":"EntryPoint","urlTemplate":"https:\/\/www.ondernemendvenlo.nl\/?s={search_term_string}"},"query-input":{"@type":"PropertyValueSpecification","valueRequired":true,"valueName":"search_term_string"}}],"inLanguage":"fr-FR"},{"@type":"Organization","@id":"https:\/\/www.ondernemendvenlo.nl\/#organization","name":"Venlo entrepreneurial","url":"https:\/\/www.ondernemendvenlo.nl\/","logo":{"@type":"ImageObject","inLanguage":"fr-FR","@id":"https:\/\/www.ondernemendvenlo.nl\/#\/schema\/logo\/image\/","url":"https:\/\/www.ondernemendvenlo.nl\/wp-content\/uploads\/2025\/02\/Ondernemend-Venlo-logo-scaled.webp","contentUrl":"https:\/\/www.ondernemendvenlo.nl\/wp-content\/uploads\/2025\/02\/Ondernemend-Venlo-logo-scaled.webp","width":2560,"height":1010,"caption":"Ondernemend Venlo"},"image":{"@id":"https:\/\/www.ondernemendvenlo.nl\/#\/schema\/logo\/image\/"},"sameAs":["https:\/\/www.linkedin.com\/company\/ondernemend-venlo\/"]},{"@type":"Person","@id":"https:\/\/www.ondernemendvenlo.nl\/#\/schema\/person\/347e935f8ad4c7030608ef74bb57aa6e","name":"admin","image":{"@type":"ImageObject","inLanguage":"fr-FR","@id":"https:\/\/www.ondernemendvenlo.nl\/#\/schema\/person\/image\/","url":"https:\/\/www.ondernemendvenlo.nl\/wp-content\/litespeed\/avatar\/720af750b037aecf6e33e12833479059.jpg?ver=1777382954","contentUrl":"https:\/\/www.ondernemendvenlo.nl\/wp-content\/litespeed\/avatar\/720af750b037aecf6e33e12833479059.jpg?ver=1777382954","caption":"admin"},"sameAs":["https:\/\/www.ondernemendvenlo.nl"]}]}},"_links":{"self":[{"href":"https:\/\/www.ondernemendvenlo.nl\/fr\/wp-json\/wp\/v2\/posts\/2983","targetHints":{"allow":["GET"]}}],"collection":[{"href":"https:\/\/www.ondernemendvenlo.nl\/fr\/wp-json\/wp\/v2\/posts"}],"about":[{"href":"https:\/\/www.ondernemendvenlo.nl\/fr\/wp-json\/wp\/v2\/types\/post"}],"author":[{"embeddable":true,"href":"https:\/\/www.ondernemendvenlo.nl\/fr\/wp-json\/wp\/v2\/users\/1"}],"replies":[{"embeddable":true,"href":"https:\/\/www.ondernemendvenlo.nl\/fr\/wp-json\/wp\/v2\/comments?post=2983"}],"version-history":[{"count":0,"href":"https:\/\/www.ondernemendvenlo.nl\/fr\/wp-json\/wp\/v2\/posts\/2983\/revisions"}],"wp:featuredmedia":[{"embeddable":true,"href":"https:\/\/www.ondernemendvenlo.nl\/fr\/wp-json\/wp\/v2\/media\/2984"}],"wp:attachment":[{"href":"https:\/\/www.ondernemendvenlo.nl\/fr\/wp-json\/wp\/v2\/media?parent=2983"}],"wp:term":[{"taxonomy":"category","embeddable":true,"href":"https:\/\/www.ondernemendvenlo.nl\/fr\/wp-json\/wp\/v2\/categories?post=2983"},{"taxonomy":"post_tag","embeddable":true,"href":"https:\/\/www.ondernemendvenlo.nl\/fr\/wp-json\/wp\/v2\/tags?post=2983"}],"curies":[{"name":"wp","href":"https:\/\/api.w.org\/{rel}","templated":true}]}}