{"id":2995,"date":"2023-11-06T12:31:46","date_gmt":"2023-11-06T11:31:46","guid":{"rendered":"https:\/\/www.ondernemendvenlo.nl\/topvrouw-limburg-2023\/"},"modified":"2023-11-06T12:31:46","modified_gmt":"2023-11-06T11:31:46","slug":"topvrouw-limburg-2023","status":"publish","type":"post","link":"https:\/\/www.ondernemendvenlo.nl\/fr\/topvrouw-limburg-2023\/","title":{"rendered":"Top woman Limburg 2023"},"content":{"rendered":"<p>Le 2 novembre, au cours d'une soir\u00e9e inspirante, Pamela Habibovic a \u00e9t\u00e9 nomm\u00e9e Top Woman Limburg 2023 par le jury.<\/p>\n<p><strong>Pamela Habibovi\u0107<\/strong><\/p>\n<p>Pamela Habibovi\u0107 est professeur de biomat\u00e9riaux inorganiques \u00e0 l'universit\u00e9 de Maastricht. Les recherches qu'elle m\u00e8ne dans ce cadre portent notamment sur les biomat\u00e9riaux et les<br \/>\nla m\u00e9decine r\u00e9g\u00e9n\u00e9rative. Des efforts qui ont \u00e9t\u00e9 r\u00e9compens\u00e9s, entre autres, par les prestigieuses bourses Veni, Vidi, Aspasia et Zwaartekracht du Conseil n\u00e9erlandais de la recherche.<br \/>\nDepuis f\u00e9vrier 2022, Pamela est membre du conseil d'administration de l'universit\u00e9 de Maastricht et occupe le poste de Rector Magnificus. En vertu de cette fonction, elle occupe neuf postes auxiliaires, allant de membre du conseil de recommandation de l'Orchestre des \u00e9tudiants n\u00e9erlandais \u00e0 pr\u00e9sident du conseil consultatif sur le bien-\u00eatre des \u00e9tudiants. Elle occupe \u00e9galement six autres fonctions auxiliaires, dont celle de membre de divers comit\u00e9s de r\u00e9daction de revues dans le domaine des biomat\u00e9riaux et de la m\u00e9decine r\u00e9g\u00e9n\u00e9rative.<\/p>\n<p>Les deux autres finalistes :<\/p>\n<p><strong>Taxe Vera<\/strong><\/p>\n<p>Vera Tax est membre du Parlement europ\u00e9en \u00e0 Bruxelles depuis 2019. Elle y repr\u00e9sente le point de vue du Parti travailliste, notamment sur les th\u00e8mes suivants : importance de la r\u00e9gion, durabilit\u00e9, transport et \u00e9galit\u00e9 (des chances).<br \/>\nVera \u00e9tait auparavant active dans la politique locale \u00e0 Venlo, notamment en tant que pr\u00e9sidente du parti parlementaire du parti travailliste, conseill\u00e8re municipale et \u00e9chevine pour les affaires sociales et l'aide \u00e0 la jeunesse. Un portefeuille qui l'a incit\u00e9e \u00e0 occuper le poste de responsable de l'aide \u00e0 la jeunesse au sein de BOEI-Limburg en 2018-2019, apr\u00e8s son mandat d'\u00e9chevine.<br \/>\nConform\u00e9ment \u00e0 sa formation et \u00e0 son engagement dans les affaires culturelles et sociales, elle a \u00e9t\u00e9 invit\u00e9e \u00e0 participer \u00e0 des s\u00e9minaires et \u00e0 des conf\u00e9rences.<br \/>\nDans le cadre de son d\u00e9veloppement, Vera a fond\u00e9 le r\u00e9seau de femmes Sablones en 2010 et a organis\u00e9 le Samedi rose \u00e0 Venlo en 2019. Elle occupe actuellement le poste de pr\u00e9sidente de la Royal Philharmonic Society Venlo.<\/p>\n<p><strong>Nele Valkeneers<\/strong><\/p>\n<p>Nele Valkeneers est copropri\u00e9taire des entreprises de technologie m\u00e9dicale 2BMedical et ArchiMEDes \u00e0 Maastricht. \u00c0 ce titre, elle est principalement responsable du d\u00e9veloppement des affaires, des contacts commerciaux et du marketing. Elle travaille \u00e9galement comme conseill\u00e8re en coop\u00e9ration ext\u00e9rieure pour le minist\u00e8re de la d\u00e9fense, o\u00f9 elle dirige le centre d'innovation du centre de technologie terrestre de l'arm\u00e9e. R\u00e9cemment, Nele est devenue pr\u00e9sidente du Conseil des m\u00e9dias L1.<br \/>\nNele occupe \u00e9galement plusieurs fonctions annexes : elle est membre du conseil r\u00e9gional sud de la chambre de commerce, membre du conseil d'administration du Brightlands Business Club et de la Stichting Stilgezet et membre actif d'une organisation qui soutient les enfants du P\u00e9rou dans le domaine de l'\u00e9ducation.<br \/>\n<img fetchpriority=\"high\" decoding=\"async\" class=\"alignnone wp-image-21006 size-full\" src=\"https:\/\/www.ondernemendvenlo.nl\/wp-content\/uploads\/2025\/04\/genominieerden-Topvrouw-2023.png\" alt=\"\" width=\"1119\" height=\"366\" \/><\/p>\n<p>Au cours de cette soir\u00e9e \u00e0 l'h\u00f4tel Van der Valk Venlo, la <strong>Jeunes talents f\u00e9minins du Limbourg<\/strong> prix. Les crit\u00e8res de s\u00e9lection de ce talent prometteur sont les suivants : avoir un lien avec le Limbourg, se distinguer et \u00eatre \u00e2g\u00e9 de 21 \u00e0 28 ans. Le choix s'est port\u00e9 sur le jeune talent f\u00e9minin du Limbourg : <strong>Kelly Engelen<\/strong>. Les autres finalistes \u00e9taient Britt Mooren et Laura Nieboer.<\/p>\n<p>&nbsp;<\/p>\n<p>Photographie : La femme du photographe<\/p>","protected":false},"excerpt":{"rendered":"<p>Op 2 november werd tijdens een inspirerende avond Pamela Habibovic door de jury uitgeroepen tot Topvrouw Limburg 2023. Pamela Habibovi\u0107 Pamela Habibovi\u0107 is hoogleraar Anorganische Biomaterialen aan de Universiteit Maastricht. De focus van het onderzoek dat zij in dit kader verricht, ligt met name op het gebied van biomaterialen en regeneratieve geneeskunde. Inspanningen die onder [&hellip;]<\/p>","protected":false},"author":1,"featured_media":2996,"comment_status":"closed","ping_status":"open","sticky":false,"template":"","format":"standard","meta":{"_acf_changed":false,"footnotes":""},"categories":[8],"tags":[],"class_list":["post-2995","post","type-post","status-publish","format-standard","has-post-thumbnail","hentry","category-nieuws"],"acf":[],"yoast_head":"<!-- This site is optimized with the Yoast SEO plugin v26.3 - https:\/\/yoast.com\/wordpress\/plugins\/seo\/ -->\n<title>Topvrouw Limburg 2023 - Ondernemend Venlo<\/title>\n<meta name=\"robots\" content=\"index, follow, max-snippet:-1, max-image-preview:large, max-video-preview:-1\" \/>\n<link rel=\"canonical\" href=\"https:\/\/www.ondernemendvenlo.nl\/fr\/topvrouw-limburg-2023\/\" \/>\n<meta property=\"og:locale\" content=\"fr_FR\" \/>\n<meta property=\"og:type\" content=\"article\" \/>\n<meta property=\"og:title\" content=\"Topvrouw Limburg 2023 - Ondernemend Venlo\" \/>\n<meta property=\"og:description\" content=\"Op 2 november werd tijdens een inspirerende avond Pamela Habibovic door de jury uitgeroepen tot Topvrouw Limburg 2023. Pamela Habibovi\u0107 Pamela Habibovi\u0107 is hoogleraar Anorganische Biomaterialen aan de Universiteit Maastricht. De focus van het onderzoek dat zij in dit kader verricht, ligt met name op het gebied van biomaterialen en regeneratieve geneeskunde. Inspanningen die onder [&hellip;]\" \/>\n<meta property=\"og:url\" content=\"https:\/\/www.ondernemendvenlo.nl\/fr\/topvrouw-limburg-2023\/\" \/>\n<meta property=\"og:site_name\" content=\"Ondernemend Venlo\" \/>\n<meta property=\"article:published_time\" content=\"2023-11-06T11:31:46+00:00\" \/>\n<meta property=\"og:image\" content=\"https:\/\/www.ondernemendvenlo.nl\/wp-content\/uploads\/2025\/04\/genominieerden-Topvrouw-2023.png\" \/>\n\t<meta property=\"og:image:width\" content=\"1119\" \/>\n\t<meta property=\"og:image:height\" content=\"366\" \/>\n\t<meta property=\"og:image:type\" content=\"image\/png\" \/>\n<meta name=\"author\" content=\"admin\" \/>\n<meta name=\"twitter:card\" content=\"summary_large_image\" \/>\n<meta name=\"twitter:label1\" content=\"\u00c9crit par\" \/>\n\t<meta name=\"twitter:data1\" content=\"admin\" \/>\n\t<meta name=\"twitter:label2\" content=\"Dur\u00e9e de lecture estim\u00e9e\" \/>\n\t<meta name=\"twitter:data2\" content=\"2 minutes\" \/>\n<script type=\"application\/ld+json\" class=\"yoast-schema-graph\">{\"@context\":\"https:\/\/schema.org\",\"@graph\":[{\"@type\":\"Article\",\"@id\":\"https:\/\/www.ondernemendvenlo.nl\/topvrouw-limburg-2023\/#article\",\"isPartOf\":{\"@id\":\"https:\/\/www.ondernemendvenlo.nl\/topvrouw-limburg-2023\/\"},\"author\":{\"name\":\"admin\",\"@id\":\"https:\/\/www.ondernemendvenlo.nl\/#\/schema\/person\/347e935f8ad4c7030608ef74bb57aa6e\"},\"headline\":\"Topvrouw Limburg 2023\",\"datePublished\":\"2023-11-06T11:31:46+00:00\",\"mainEntityOfPage\":{\"@id\":\"https:\/\/www.ondernemendvenlo.nl\/topvrouw-limburg-2023\/\"},\"wordCount\":457,\"publisher\":{\"@id\":\"https:\/\/www.ondernemendvenlo.nl\/#organization\"},\"image\":{\"@id\":\"https:\/\/www.ondernemendvenlo.nl\/topvrouw-limburg-2023\/#primaryimage\"},\"thumbnailUrl\":\"https:\/\/www.ondernemendvenlo.nl\/wp-content\/uploads\/2025\/04\/genominieerden-Topvrouw-2023.png\",\"articleSection\":[\"Nieuws\"],\"inLanguage\":\"fr-FR\"},{\"@type\":\"WebPage\",\"@id\":\"https:\/\/www.ondernemendvenlo.nl\/topvrouw-limburg-2023\/\",\"url\":\"https:\/\/www.ondernemendvenlo.nl\/topvrouw-limburg-2023\/\",\"name\":\"Topvrouw Limburg 2023 - Ondernemend Venlo\",\"isPartOf\":{\"@id\":\"https:\/\/www.ondernemendvenlo.nl\/#website\"},\"primaryImageOfPage\":{\"@id\":\"https:\/\/www.ondernemendvenlo.nl\/topvrouw-limburg-2023\/#primaryimage\"},\"image\":{\"@id\":\"https:\/\/www.ondernemendvenlo.nl\/topvrouw-limburg-2023\/#primaryimage\"},\"thumbnailUrl\":\"https:\/\/www.ondernemendvenlo.nl\/wp-content\/uploads\/2025\/04\/genominieerden-Topvrouw-2023.png\",\"datePublished\":\"2023-11-06T11:31:46+00:00\",\"breadcrumb\":{\"@id\":\"https:\/\/www.ondernemendvenlo.nl\/topvrouw-limburg-2023\/#breadcrumb\"},\"inLanguage\":\"fr-FR\",\"potentialAction\":[{\"@type\":\"ReadAction\",\"target\":[\"https:\/\/www.ondernemendvenlo.nl\/topvrouw-limburg-2023\/\"]}]},{\"@type\":\"ImageObject\",\"inLanguage\":\"fr-FR\",\"@id\":\"https:\/\/www.ondernemendvenlo.nl\/topvrouw-limburg-2023\/#primaryimage\",\"url\":\"https:\/\/www.ondernemendvenlo.nl\/wp-content\/uploads\/2025\/04\/genominieerden-Topvrouw-2023.png\",\"contentUrl\":\"https:\/\/www.ondernemendvenlo.nl\/wp-content\/uploads\/2025\/04\/genominieerden-Topvrouw-2023.png\",\"width\":1119,\"height\":366},{\"@type\":\"BreadcrumbList\",\"@id\":\"https:\/\/www.ondernemendvenlo.nl\/topvrouw-limburg-2023\/#breadcrumb\",\"itemListElement\":[{\"@type\":\"ListItem\",\"position\":1,\"name\":\"Ondernemend Venlo\",\"item\":\"https:\/\/www.ondernemendvenlo.nl\/\"},{\"@type\":\"ListItem\",\"position\":2,\"name\":\"Nieuws\",\"item\":\"https:\/\/www.ondernemendvenlo.nl\/categorie\/nieuws\/\"},{\"@type\":\"ListItem\",\"position\":3,\"name\":\"Topvrouw Limburg 2023\"}]},{\"@type\":\"WebSite\",\"@id\":\"https:\/\/www.ondernemendvenlo.nl\/#website\",\"url\":\"https:\/\/www.ondernemendvenlo.nl\/\",\"name\":\"Ondernemend Venlo\",\"description\":\"Samen succesvol ondernemen\",\"publisher\":{\"@id\":\"https:\/\/www.ondernemendvenlo.nl\/#organization\"},\"potentialAction\":[{\"@type\":\"SearchAction\",\"target\":{\"@type\":\"EntryPoint\",\"urlTemplate\":\"https:\/\/www.ondernemendvenlo.nl\/?s={search_term_string}\"},\"query-input\":{\"@type\":\"PropertyValueSpecification\",\"valueRequired\":true,\"valueName\":\"search_term_string\"}}],\"inLanguage\":\"fr-FR\"},{\"@type\":\"Organization\",\"@id\":\"https:\/\/www.ondernemendvenlo.nl\/#organization\",\"name\":\"Ondernemend Venlo\",\"url\":\"https:\/\/www.ondernemendvenlo.nl\/\",\"logo\":{\"@type\":\"ImageObject\",\"inLanguage\":\"fr-FR\",\"@id\":\"https:\/\/www.ondernemendvenlo.nl\/#\/schema\/logo\/image\/\",\"url\":\"https:\/\/www.ondernemendvenlo.nl\/wp-content\/uploads\/2025\/02\/Ondernemend-Venlo-logo-scaled.webp\",\"contentUrl\":\"https:\/\/www.ondernemendvenlo.nl\/wp-content\/uploads\/2025\/02\/Ondernemend-Venlo-logo-scaled.webp\",\"width\":2560,\"height\":1010,\"caption\":\"Ondernemend Venlo\"},\"image\":{\"@id\":\"https:\/\/www.ondernemendvenlo.nl\/#\/schema\/logo\/image\/\"},\"sameAs\":[\"https:\/\/www.linkedin.com\/company\/ondernemend-venlo\/\"]},{\"@type\":\"Person\",\"@id\":\"https:\/\/www.ondernemendvenlo.nl\/#\/schema\/person\/347e935f8ad4c7030608ef74bb57aa6e\",\"name\":\"admin\",\"image\":{\"@type\":\"ImageObject\",\"inLanguage\":\"fr-FR\",\"@id\":\"https:\/\/www.ondernemendvenlo.nl\/#\/schema\/person\/image\/\",\"url\":\"https:\/\/www.ondernemendvenlo.nl\/wp-content\/litespeed\/avatar\/720af750b037aecf6e33e12833479059.jpg?ver=1777382954\",\"contentUrl\":\"https:\/\/www.ondernemendvenlo.nl\/wp-content\/litespeed\/avatar\/720af750b037aecf6e33e12833479059.jpg?ver=1777382954\",\"caption\":\"admin\"},\"sameAs\":[\"https:\/\/www.ondernemendvenlo.nl\"]}]}<\/script>\n<!-- \/ Yoast SEO plugin. -->","yoast_head_json":{"title":"Topvrouw Limburg 2023 - Ondernemend Venlo","robots":{"index":"index","follow":"follow","max-snippet":"max-snippet:-1","max-image-preview":"max-image-preview:large","max-video-preview":"max-video-preview:-1"},"canonical":"https:\/\/www.ondernemendvenlo.nl\/fr\/topvrouw-limburg-2023\/","og_locale":"fr_FR","og_type":"article","og_title":"Topvrouw Limburg 2023 - Ondernemend Venlo","og_description":"Op 2 november werd tijdens een inspirerende avond Pamela Habibovic door de jury uitgeroepen tot Topvrouw Limburg 2023. Pamela Habibovi\u0107 Pamela Habibovi\u0107 is hoogleraar Anorganische Biomaterialen aan de Universiteit Maastricht. De focus van het onderzoek dat zij in dit kader verricht, ligt met name op het gebied van biomaterialen en regeneratieve geneeskunde. Inspanningen die onder [&hellip;]","og_url":"https:\/\/www.ondernemendvenlo.nl\/fr\/topvrouw-limburg-2023\/","og_site_name":"Ondernemend Venlo","article_published_time":"2023-11-06T11:31:46+00:00","og_image":[{"width":1119,"height":366,"url":"https:\/\/www.ondernemendvenlo.nl\/wp-content\/uploads\/2025\/04\/genominieerden-Topvrouw-2023.png","type":"image\/png"}],"author":"admin","twitter_card":"summary_large_image","twitter_misc":{"\u00c9crit par":"admin","Dur\u00e9e de lecture estim\u00e9e":"2 minutes"},"schema":{"@context":"https:\/\/schema.org","@graph":[{"@type":"Article","@id":"https:\/\/www.ondernemendvenlo.nl\/topvrouw-limburg-2023\/#article","isPartOf":{"@id":"https:\/\/www.ondernemendvenlo.nl\/topvrouw-limburg-2023\/"},"author":{"name":"admin","@id":"https:\/\/www.ondernemendvenlo.nl\/#\/schema\/person\/347e935f8ad4c7030608ef74bb57aa6e"},"headline":"Topvrouw Limburg 2023","datePublished":"2023-11-06T11:31:46+00:00","mainEntityOfPage":{"@id":"https:\/\/www.ondernemendvenlo.nl\/topvrouw-limburg-2023\/"},"wordCount":457,"publisher":{"@id":"https:\/\/www.ondernemendvenlo.nl\/#organization"},"image":{"@id":"https:\/\/www.ondernemendvenlo.nl\/topvrouw-limburg-2023\/#primaryimage"},"thumbnailUrl":"https:\/\/www.ondernemendvenlo.nl\/wp-content\/uploads\/2025\/04\/genominieerden-Topvrouw-2023.png","articleSection":["Nieuws"],"inLanguage":"fr-FR"},{"@type":"WebPage","@id":"https:\/\/www.ondernemendvenlo.nl\/topvrouw-limburg-2023\/","url":"https:\/\/www.ondernemendvenlo.nl\/topvrouw-limburg-2023\/","name":"Topvrouw Limburg 2023 - Ondernemend Venlo","isPartOf":{"@id":"https:\/\/www.ondernemendvenlo.nl\/#website"},"primaryImageOfPage":{"@id":"https:\/\/www.ondernemendvenlo.nl\/topvrouw-limburg-2023\/#primaryimage"},"image":{"@id":"https:\/\/www.ondernemendvenlo.nl\/topvrouw-limburg-2023\/#primaryimage"},"thumbnailUrl":"https:\/\/www.ondernemendvenlo.nl\/wp-content\/uploads\/2025\/04\/genominieerden-Topvrouw-2023.png","datePublished":"2023-11-06T11:31:46+00:00","breadcrumb":{"@id":"https:\/\/www.ondernemendvenlo.nl\/topvrouw-limburg-2023\/#breadcrumb"},"inLanguage":"fr-FR","potentialAction":[{"@type":"ReadAction","target":["https:\/\/www.ondernemendvenlo.nl\/topvrouw-limburg-2023\/"]}]},{"@type":"ImageObject","inLanguage":"fr-FR","@id":"https:\/\/www.ondernemendvenlo.nl\/topvrouw-limburg-2023\/#primaryimage","url":"https:\/\/www.ondernemendvenlo.nl\/wp-content\/uploads\/2025\/04\/genominieerden-Topvrouw-2023.png","contentUrl":"https:\/\/www.ondernemendvenlo.nl\/wp-content\/uploads\/2025\/04\/genominieerden-Topvrouw-2023.png","width":1119,"height":366},{"@type":"BreadcrumbList","@id":"https:\/\/www.ondernemendvenlo.nl\/topvrouw-limburg-2023\/#breadcrumb","itemListElement":[{"@type":"ListItem","position":1,"name":"Ondernemend Venlo","item":"https:\/\/www.ondernemendvenlo.nl\/"},{"@type":"ListItem","position":2,"name":"Nieuws","item":"https:\/\/www.ondernemendvenlo.nl\/categorie\/nieuws\/"},{"@type":"ListItem","position":3,"name":"Topvrouw Limburg 2023"}]},{"@type":"WebSite","@id":"https:\/\/www.ondernemendvenlo.nl\/#website","url":"https:\/\/www.ondernemendvenlo.nl\/","name":"Venlo entrepreneurial","description":"Travailler ensemble avec succ\u00e8s","publisher":{"@id":"https:\/\/www.ondernemendvenlo.nl\/#organization"},"potentialAction":[{"@type":"SearchAction","target":{"@type":"EntryPoint","urlTemplate":"https:\/\/www.ondernemendvenlo.nl\/?s={search_term_string}"},"query-input":{"@type":"PropertyValueSpecification","valueRequired":true,"valueName":"search_term_string"}}],"inLanguage":"fr-FR"},{"@type":"Organization","@id":"https:\/\/www.ondernemendvenlo.nl\/#organization","name":"Venlo entrepreneurial","url":"https:\/\/www.ondernemendvenlo.nl\/","logo":{"@type":"ImageObject","inLanguage":"fr-FR","@id":"https:\/\/www.ondernemendvenlo.nl\/#\/schema\/logo\/image\/","url":"https:\/\/www.ondernemendvenlo.nl\/wp-content\/uploads\/2025\/02\/Ondernemend-Venlo-logo-scaled.webp","contentUrl":"https:\/\/www.ondernemendvenlo.nl\/wp-content\/uploads\/2025\/02\/Ondernemend-Venlo-logo-scaled.webp","width":2560,"height":1010,"caption":"Ondernemend Venlo"},"image":{"@id":"https:\/\/www.ondernemendvenlo.nl\/#\/schema\/logo\/image\/"},"sameAs":["https:\/\/www.linkedin.com\/company\/ondernemend-venlo\/"]},{"@type":"Person","@id":"https:\/\/www.ondernemendvenlo.nl\/#\/schema\/person\/347e935f8ad4c7030608ef74bb57aa6e","name":"admin","image":{"@type":"ImageObject","inLanguage":"fr-FR","@id":"https:\/\/www.ondernemendvenlo.nl\/#\/schema\/person\/image\/","url":"https:\/\/www.ondernemendvenlo.nl\/wp-content\/litespeed\/avatar\/720af750b037aecf6e33e12833479059.jpg?ver=1777382954","contentUrl":"https:\/\/www.ondernemendvenlo.nl\/wp-content\/litespeed\/avatar\/720af750b037aecf6e33e12833479059.jpg?ver=1777382954","caption":"admin"},"sameAs":["https:\/\/www.ondernemendvenlo.nl"]}]}},"_links":{"self":[{"href":"https:\/\/www.ondernemendvenlo.nl\/fr\/wp-json\/wp\/v2\/posts\/2995","targetHints":{"allow":["GET"]}}],"collection":[{"href":"https:\/\/www.ondernemendvenlo.nl\/fr\/wp-json\/wp\/v2\/posts"}],"about":[{"href":"https:\/\/www.ondernemendvenlo.nl\/fr\/wp-json\/wp\/v2\/types\/post"}],"author":[{"embeddable":true,"href":"https:\/\/www.ondernemendvenlo.nl\/fr\/wp-json\/wp\/v2\/users\/1"}],"replies":[{"embeddable":true,"href":"https:\/\/www.ondernemendvenlo.nl\/fr\/wp-json\/wp\/v2\/comments?post=2995"}],"version-history":[{"count":0,"href":"https:\/\/www.ondernemendvenlo.nl\/fr\/wp-json\/wp\/v2\/posts\/2995\/revisions"}],"wp:featuredmedia":[{"embeddable":true,"href":"https:\/\/www.ondernemendvenlo.nl\/fr\/wp-json\/wp\/v2\/media\/2996"}],"wp:attachment":[{"href":"https:\/\/www.ondernemendvenlo.nl\/fr\/wp-json\/wp\/v2\/media?parent=2995"}],"wp:term":[{"taxonomy":"category","embeddable":true,"href":"https:\/\/www.ondernemendvenlo.nl\/fr\/wp-json\/wp\/v2\/categories?post=2995"},{"taxonomy":"post_tag","embeddable":true,"href":"https:\/\/www.ondernemendvenlo.nl\/fr\/wp-json\/wp\/v2\/tags?post=2995"}],"curies":[{"name":"wp","href":"https:\/\/api.w.org\/{rel}","templated":true}]}}