{"id":3053,"date":"2023-11-24T10:49:57","date_gmt":"2023-11-24T09:49:57","guid":{"rendered":"https:\/\/www.ondernemendvenlo.nl\/digitalisering-van-je-logistiek\/"},"modified":"2023-11-24T10:49:57","modified_gmt":"2023-11-24T09:49:57","slug":"digitalisering-van-je-logistiek","status":"publish","type":"post","link":"https:\/\/www.ondernemendvenlo.nl\/fr\/digitalisering-van-je-logistiek\/","title":{"rendered":"Num\u00e9risation de votre logistique"},"content":{"rendered":"<h2 class=\"BasistekstGloed\"><b><span style=\"color: windowtext;\">Logistiek Caf\u00e9 \u2018Digitalisering van je logistiek \u2013 zo pak je dat slim aan\u2019 <\/span><\/b><\/h2>\n<p class=\"BasistekstGloed\"><span style=\"color: windowtext;\">Je logistieke proces digitaliseren kent vele voordelen. Het kan de kosten verlagen door een effici\u00ebntere rittenplanning. Het kan je ook helpt bij het rapporteren van de emissies van transport. Deze CSRD-rapportage is de komende jaren voor veel bedrijven en hun transporteurs en toeleveranciers verplicht. <\/span><span style=\"color: windowtext;\">Thema van dit Logistiek Caf\u00e9 is dan ook: <strong>\u2018Digitalisering van je logistiek \u2013 zo pak je dat slim aan\u2019. <\/strong>Bedrijven die de voordelen van digitalisering ervaren, vertellen je daar alles over tijdens het Logistiek Caf\u00e9 op 30 november 2023, in Roermond. Ook leuk: doe mee aan de rondleiding bij steenwolvezelproducent Rockwool.<\/span><\/p>\n<p><span style=\"color: windowtext;\">\u2018Digitalisering van je logistiek \u2013 zo pak je dat slim aan\u2019 vindt plaats op<\/span> donderdag 30 november 2023. Transportbedrijven, ondernemers met eigen vervoer en productiebedrijven met in- en uitgaande goederenstromen zijn van harte welkom om gratis deel te nemen.<br \/>\nInhoudelijk programma is van 14.30 tot 17.00 uur.<br \/>\nOok ben je welkom voor en borrel (17.00 \u2013 18.00 uur) .<br \/>\nHelaas is aanmelden voor de rondleiding (13.30 \u2013 14.30 uur) niet meer mogelijk, deze is reeds volgeboekt.<\/p>\n<ul>\n<li><strong>Localisation<\/strong>: Rockwool, Industrieweg 15, 6045 JG Roermond<\/li>\n<li><strong>Les co\u00fbts :\u00a0<\/strong>geen<\/li>\n<\/ul>\n<p><strong>Over Logistiek Caf\u00e9<br \/>\n<\/strong>Het Logistiek Caf\u00e9 is een initiatief van de Limburgse logistiek makelaars. Wij hebben al vele bedrijven geholpen met het optimaliseren van hun logistiek proces. Onze hulp bestaat uit <a href=\"https:\/\/logistiekbereikbaar.nl\/onze-aanpak-logistieke-oplossingen-op-maat\">gratis advies op maat<\/a>, maar ook uit het organiseren van bijeenkomsten. Bijvoorbeeld inspirerende Logistiek Caf\u00e9s over een specifiek logistiek thema, die we samen met partners organiseren. Ook jouw organisatie helpen we graag om de beweging te maken naar slimme, duurzame logistiek!<\/p>\n<p class=\"BasistekstGloed\"><a href=\"https:\/\/www.logistiekbereikbaar.nl\/agenda\/30-november-2023-logistiek-cafe-digitalisering-van-je-logistiek-zo-pak-je-dat-slim-aan\">Meer informatie over het Logistiek Caf\u00e9<\/a><\/p>","protected":false},"excerpt":{"rendered":"<p>Logistiek Caf\u00e9 \u2018Digitalisering van je logistiek \u2013 zo pak je dat slim aan\u2019 Je logistieke proces digitaliseren kent vele voordelen. Het kan de kosten verlagen door een effici\u00ebntere rittenplanning. Het kan je ook helpt bij het rapporteren van de emissies van transport. Deze CSRD-rapportage is de komende jaren voor veel bedrijven en hun transporteurs en [&hellip;]<\/p>","protected":false},"author":1,"featured_media":3054,"comment_status":"closed","ping_status":"open","sticky":false,"template":"","format":"standard","meta":{"_acf_changed":false,"footnotes":""},"categories":[8],"tags":[],"class_list":["post-3053","post","type-post","status-publish","format-standard","has-post-thumbnail","hentry","category-nieuws"],"acf":[],"yoast_head":"<!-- This site is optimized with the Yoast SEO plugin v26.3 - https:\/\/yoast.com\/wordpress\/plugins\/seo\/ -->\n<title>Digitalisering van je logistiek - Ondernemend Venlo<\/title>\n<meta name=\"robots\" content=\"index, follow, max-snippet:-1, max-image-preview:large, max-video-preview:-1\" \/>\n<link rel=\"canonical\" href=\"https:\/\/www.ondernemendvenlo.nl\/fr\/digitalisering-van-je-logistiek\/\" \/>\n<meta property=\"og:locale\" content=\"fr_FR\" \/>\n<meta property=\"og:type\" content=\"article\" \/>\n<meta property=\"og:title\" content=\"Digitalisering van je logistiek - Ondernemend Venlo\" \/>\n<meta property=\"og:description\" content=\"Logistiek Caf\u00e9 \u2018Digitalisering van je logistiek \u2013 zo pak je dat slim aan\u2019 Je logistieke proces digitaliseren kent vele voordelen. Het kan de kosten verlagen door een effici\u00ebntere rittenplanning. Het kan je ook helpt bij het rapporteren van de emissies van transport. Deze CSRD-rapportage is de komende jaren voor veel bedrijven en hun transporteurs en [&hellip;]\" \/>\n<meta property=\"og:url\" content=\"https:\/\/www.ondernemendvenlo.nl\/fr\/digitalisering-van-je-logistiek\/\" \/>\n<meta property=\"og:site_name\" content=\"Ondernemend Venlo\" \/>\n<meta property=\"article:published_time\" content=\"2023-11-24T09:49:57+00:00\" \/>\n<meta property=\"og:image\" content=\"https:\/\/www.ondernemendvenlo.nl\/wp-content\/uploads\/2025\/04\/Logistiek-CafeUitnodiging.jpg\" \/>\n\t<meta property=\"og:image:width\" content=\"1920\" \/>\n\t<meta property=\"og:image:height\" content=\"1080\" \/>\n\t<meta property=\"og:image:type\" content=\"image\/jpeg\" \/>\n<meta name=\"author\" content=\"admin\" \/>\n<meta name=\"twitter:card\" content=\"summary_large_image\" \/>\n<meta name=\"twitter:label1\" content=\"\u00c9crit par\" \/>\n\t<meta name=\"twitter:data1\" content=\"admin\" \/>\n\t<meta name=\"twitter:label2\" content=\"Dur\u00e9e de lecture estim\u00e9e\" \/>\n\t<meta name=\"twitter:data2\" content=\"1 minute\" \/>\n<script type=\"application\/ld+json\" class=\"yoast-schema-graph\">{\"@context\":\"https:\/\/schema.org\",\"@graph\":[{\"@type\":\"Article\",\"@id\":\"https:\/\/www.ondernemendvenlo.nl\/digitalisering-van-je-logistiek\/#article\",\"isPartOf\":{\"@id\":\"https:\/\/www.ondernemendvenlo.nl\/digitalisering-van-je-logistiek\/\"},\"author\":{\"name\":\"admin\",\"@id\":\"https:\/\/www.ondernemendvenlo.nl\/#\/schema\/person\/347e935f8ad4c7030608ef74bb57aa6e\"},\"headline\":\"Digitalisering van je logistiek\",\"datePublished\":\"2023-11-24T09:49:57+00:00\",\"mainEntityOfPage\":{\"@id\":\"https:\/\/www.ondernemendvenlo.nl\/digitalisering-van-je-logistiek\/\"},\"wordCount\":259,\"publisher\":{\"@id\":\"https:\/\/www.ondernemendvenlo.nl\/#organization\"},\"image\":{\"@id\":\"https:\/\/www.ondernemendvenlo.nl\/digitalisering-van-je-logistiek\/#primaryimage\"},\"thumbnailUrl\":\"https:\/\/www.ondernemendvenlo.nl\/wp-content\/uploads\/2025\/04\/Logistiek-CafeUitnodiging.jpg\",\"articleSection\":[\"Nieuws\"],\"inLanguage\":\"fr-FR\"},{\"@type\":\"WebPage\",\"@id\":\"https:\/\/www.ondernemendvenlo.nl\/digitalisering-van-je-logistiek\/\",\"url\":\"https:\/\/www.ondernemendvenlo.nl\/digitalisering-van-je-logistiek\/\",\"name\":\"Digitalisering van je logistiek - Ondernemend Venlo\",\"isPartOf\":{\"@id\":\"https:\/\/www.ondernemendvenlo.nl\/#website\"},\"primaryImageOfPage\":{\"@id\":\"https:\/\/www.ondernemendvenlo.nl\/digitalisering-van-je-logistiek\/#primaryimage\"},\"image\":{\"@id\":\"https:\/\/www.ondernemendvenlo.nl\/digitalisering-van-je-logistiek\/#primaryimage\"},\"thumbnailUrl\":\"https:\/\/www.ondernemendvenlo.nl\/wp-content\/uploads\/2025\/04\/Logistiek-CafeUitnodiging.jpg\",\"datePublished\":\"2023-11-24T09:49:57+00:00\",\"breadcrumb\":{\"@id\":\"https:\/\/www.ondernemendvenlo.nl\/digitalisering-van-je-logistiek\/#breadcrumb\"},\"inLanguage\":\"fr-FR\",\"potentialAction\":[{\"@type\":\"ReadAction\",\"target\":[\"https:\/\/www.ondernemendvenlo.nl\/digitalisering-van-je-logistiek\/\"]}]},{\"@type\":\"ImageObject\",\"inLanguage\":\"fr-FR\",\"@id\":\"https:\/\/www.ondernemendvenlo.nl\/digitalisering-van-je-logistiek\/#primaryimage\",\"url\":\"https:\/\/www.ondernemendvenlo.nl\/wp-content\/uploads\/2025\/04\/Logistiek-CafeUitnodiging.jpg\",\"contentUrl\":\"https:\/\/www.ondernemendvenlo.nl\/wp-content\/uploads\/2025\/04\/Logistiek-CafeUitnodiging.jpg\",\"width\":1920,\"height\":1080},{\"@type\":\"BreadcrumbList\",\"@id\":\"https:\/\/www.ondernemendvenlo.nl\/digitalisering-van-je-logistiek\/#breadcrumb\",\"itemListElement\":[{\"@type\":\"ListItem\",\"position\":1,\"name\":\"Ondernemend Venlo\",\"item\":\"https:\/\/www.ondernemendvenlo.nl\/\"},{\"@type\":\"ListItem\",\"position\":2,\"name\":\"Nieuws\",\"item\":\"https:\/\/www.ondernemendvenlo.nl\/categorie\/nieuws\/\"},{\"@type\":\"ListItem\",\"position\":3,\"name\":\"Digitalisering van je logistiek\"}]},{\"@type\":\"WebSite\",\"@id\":\"https:\/\/www.ondernemendvenlo.nl\/#website\",\"url\":\"https:\/\/www.ondernemendvenlo.nl\/\",\"name\":\"Ondernemend Venlo\",\"description\":\"Samen succesvol ondernemen\",\"publisher\":{\"@id\":\"https:\/\/www.ondernemendvenlo.nl\/#organization\"},\"potentialAction\":[{\"@type\":\"SearchAction\",\"target\":{\"@type\":\"EntryPoint\",\"urlTemplate\":\"https:\/\/www.ondernemendvenlo.nl\/?s={search_term_string}\"},\"query-input\":{\"@type\":\"PropertyValueSpecification\",\"valueRequired\":true,\"valueName\":\"search_term_string\"}}],\"inLanguage\":\"fr-FR\"},{\"@type\":\"Organization\",\"@id\":\"https:\/\/www.ondernemendvenlo.nl\/#organization\",\"name\":\"Ondernemend Venlo\",\"url\":\"https:\/\/www.ondernemendvenlo.nl\/\",\"logo\":{\"@type\":\"ImageObject\",\"inLanguage\":\"fr-FR\",\"@id\":\"https:\/\/www.ondernemendvenlo.nl\/#\/schema\/logo\/image\/\",\"url\":\"https:\/\/www.ondernemendvenlo.nl\/wp-content\/uploads\/2025\/02\/Ondernemend-Venlo-logo-scaled.webp\",\"contentUrl\":\"https:\/\/www.ondernemendvenlo.nl\/wp-content\/uploads\/2025\/02\/Ondernemend-Venlo-logo-scaled.webp\",\"width\":2560,\"height\":1010,\"caption\":\"Ondernemend Venlo\"},\"image\":{\"@id\":\"https:\/\/www.ondernemendvenlo.nl\/#\/schema\/logo\/image\/\"},\"sameAs\":[\"https:\/\/www.linkedin.com\/company\/ondernemend-venlo\/\"]},{\"@type\":\"Person\",\"@id\":\"https:\/\/www.ondernemendvenlo.nl\/#\/schema\/person\/347e935f8ad4c7030608ef74bb57aa6e\",\"name\":\"admin\",\"image\":{\"@type\":\"ImageObject\",\"inLanguage\":\"fr-FR\",\"@id\":\"https:\/\/www.ondernemendvenlo.nl\/#\/schema\/person\/image\/\",\"url\":\"https:\/\/www.ondernemendvenlo.nl\/wp-content\/litespeed\/avatar\/720af750b037aecf6e33e12833479059.jpg?ver=1777382954\",\"contentUrl\":\"https:\/\/www.ondernemendvenlo.nl\/wp-content\/litespeed\/avatar\/720af750b037aecf6e33e12833479059.jpg?ver=1777382954\",\"caption\":\"admin\"},\"sameAs\":[\"https:\/\/www.ondernemendvenlo.nl\"]}]}<\/script>\n<!-- \/ Yoast SEO plugin. -->","yoast_head_json":{"title":"Digitalisering van je logistiek - Ondernemend Venlo","robots":{"index":"index","follow":"follow","max-snippet":"max-snippet:-1","max-image-preview":"max-image-preview:large","max-video-preview":"max-video-preview:-1"},"canonical":"https:\/\/www.ondernemendvenlo.nl\/fr\/digitalisering-van-je-logistiek\/","og_locale":"fr_FR","og_type":"article","og_title":"Digitalisering van je logistiek - Ondernemend Venlo","og_description":"Logistiek Caf\u00e9 \u2018Digitalisering van je logistiek \u2013 zo pak je dat slim aan\u2019 Je logistieke proces digitaliseren kent vele voordelen. Het kan de kosten verlagen door een effici\u00ebntere rittenplanning. Het kan je ook helpt bij het rapporteren van de emissies van transport. Deze CSRD-rapportage is de komende jaren voor veel bedrijven en hun transporteurs en [&hellip;]","og_url":"https:\/\/www.ondernemendvenlo.nl\/fr\/digitalisering-van-je-logistiek\/","og_site_name":"Ondernemend Venlo","article_published_time":"2023-11-24T09:49:57+00:00","og_image":[{"width":1920,"height":1080,"url":"https:\/\/www.ondernemendvenlo.nl\/wp-content\/uploads\/2025\/04\/Logistiek-CafeUitnodiging.jpg","type":"image\/jpeg"}],"author":"admin","twitter_card":"summary_large_image","twitter_misc":{"\u00c9crit par":"admin","Dur\u00e9e de lecture estim\u00e9e":"1 minute"},"schema":{"@context":"https:\/\/schema.org","@graph":[{"@type":"Article","@id":"https:\/\/www.ondernemendvenlo.nl\/digitalisering-van-je-logistiek\/#article","isPartOf":{"@id":"https:\/\/www.ondernemendvenlo.nl\/digitalisering-van-je-logistiek\/"},"author":{"name":"admin","@id":"https:\/\/www.ondernemendvenlo.nl\/#\/schema\/person\/347e935f8ad4c7030608ef74bb57aa6e"},"headline":"Digitalisering van je logistiek","datePublished":"2023-11-24T09:49:57+00:00","mainEntityOfPage":{"@id":"https:\/\/www.ondernemendvenlo.nl\/digitalisering-van-je-logistiek\/"},"wordCount":259,"publisher":{"@id":"https:\/\/www.ondernemendvenlo.nl\/#organization"},"image":{"@id":"https:\/\/www.ondernemendvenlo.nl\/digitalisering-van-je-logistiek\/#primaryimage"},"thumbnailUrl":"https:\/\/www.ondernemendvenlo.nl\/wp-content\/uploads\/2025\/04\/Logistiek-CafeUitnodiging.jpg","articleSection":["Nieuws"],"inLanguage":"fr-FR"},{"@type":"WebPage","@id":"https:\/\/www.ondernemendvenlo.nl\/digitalisering-van-je-logistiek\/","url":"https:\/\/www.ondernemendvenlo.nl\/digitalisering-van-je-logistiek\/","name":"Digitalisering van je logistiek - Ondernemend Venlo","isPartOf":{"@id":"https:\/\/www.ondernemendvenlo.nl\/#website"},"primaryImageOfPage":{"@id":"https:\/\/www.ondernemendvenlo.nl\/digitalisering-van-je-logistiek\/#primaryimage"},"image":{"@id":"https:\/\/www.ondernemendvenlo.nl\/digitalisering-van-je-logistiek\/#primaryimage"},"thumbnailUrl":"https:\/\/www.ondernemendvenlo.nl\/wp-content\/uploads\/2025\/04\/Logistiek-CafeUitnodiging.jpg","datePublished":"2023-11-24T09:49:57+00:00","breadcrumb":{"@id":"https:\/\/www.ondernemendvenlo.nl\/digitalisering-van-je-logistiek\/#breadcrumb"},"inLanguage":"fr-FR","potentialAction":[{"@type":"ReadAction","target":["https:\/\/www.ondernemendvenlo.nl\/digitalisering-van-je-logistiek\/"]}]},{"@type":"ImageObject","inLanguage":"fr-FR","@id":"https:\/\/www.ondernemendvenlo.nl\/digitalisering-van-je-logistiek\/#primaryimage","url":"https:\/\/www.ondernemendvenlo.nl\/wp-content\/uploads\/2025\/04\/Logistiek-CafeUitnodiging.jpg","contentUrl":"https:\/\/www.ondernemendvenlo.nl\/wp-content\/uploads\/2025\/04\/Logistiek-CafeUitnodiging.jpg","width":1920,"height":1080},{"@type":"BreadcrumbList","@id":"https:\/\/www.ondernemendvenlo.nl\/digitalisering-van-je-logistiek\/#breadcrumb","itemListElement":[{"@type":"ListItem","position":1,"name":"Ondernemend Venlo","item":"https:\/\/www.ondernemendvenlo.nl\/"},{"@type":"ListItem","position":2,"name":"Nieuws","item":"https:\/\/www.ondernemendvenlo.nl\/categorie\/nieuws\/"},{"@type":"ListItem","position":3,"name":"Digitalisering van je logistiek"}]},{"@type":"WebSite","@id":"https:\/\/www.ondernemendvenlo.nl\/#website","url":"https:\/\/www.ondernemendvenlo.nl\/","name":"Venlo entrepreneurial","description":"Travailler ensemble avec succ\u00e8s","publisher":{"@id":"https:\/\/www.ondernemendvenlo.nl\/#organization"},"potentialAction":[{"@type":"SearchAction","target":{"@type":"EntryPoint","urlTemplate":"https:\/\/www.ondernemendvenlo.nl\/?s={search_term_string}"},"query-input":{"@type":"PropertyValueSpecification","valueRequired":true,"valueName":"search_term_string"}}],"inLanguage":"fr-FR"},{"@type":"Organization","@id":"https:\/\/www.ondernemendvenlo.nl\/#organization","name":"Venlo entrepreneurial","url":"https:\/\/www.ondernemendvenlo.nl\/","logo":{"@type":"ImageObject","inLanguage":"fr-FR","@id":"https:\/\/www.ondernemendvenlo.nl\/#\/schema\/logo\/image\/","url":"https:\/\/www.ondernemendvenlo.nl\/wp-content\/uploads\/2025\/02\/Ondernemend-Venlo-logo-scaled.webp","contentUrl":"https:\/\/www.ondernemendvenlo.nl\/wp-content\/uploads\/2025\/02\/Ondernemend-Venlo-logo-scaled.webp","width":2560,"height":1010,"caption":"Ondernemend Venlo"},"image":{"@id":"https:\/\/www.ondernemendvenlo.nl\/#\/schema\/logo\/image\/"},"sameAs":["https:\/\/www.linkedin.com\/company\/ondernemend-venlo\/"]},{"@type":"Person","@id":"https:\/\/www.ondernemendvenlo.nl\/#\/schema\/person\/347e935f8ad4c7030608ef74bb57aa6e","name":"admin","image":{"@type":"ImageObject","inLanguage":"fr-FR","@id":"https:\/\/www.ondernemendvenlo.nl\/#\/schema\/person\/image\/","url":"https:\/\/www.ondernemendvenlo.nl\/wp-content\/litespeed\/avatar\/720af750b037aecf6e33e12833479059.jpg?ver=1777382954","contentUrl":"https:\/\/www.ondernemendvenlo.nl\/wp-content\/litespeed\/avatar\/720af750b037aecf6e33e12833479059.jpg?ver=1777382954","caption":"admin"},"sameAs":["https:\/\/www.ondernemendvenlo.nl"]}]}},"_links":{"self":[{"href":"https:\/\/www.ondernemendvenlo.nl\/fr\/wp-json\/wp\/v2\/posts\/3053","targetHints":{"allow":["GET"]}}],"collection":[{"href":"https:\/\/www.ondernemendvenlo.nl\/fr\/wp-json\/wp\/v2\/posts"}],"about":[{"href":"https:\/\/www.ondernemendvenlo.nl\/fr\/wp-json\/wp\/v2\/types\/post"}],"author":[{"embeddable":true,"href":"https:\/\/www.ondernemendvenlo.nl\/fr\/wp-json\/wp\/v2\/users\/1"}],"replies":[{"embeddable":true,"href":"https:\/\/www.ondernemendvenlo.nl\/fr\/wp-json\/wp\/v2\/comments?post=3053"}],"version-history":[{"count":0,"href":"https:\/\/www.ondernemendvenlo.nl\/fr\/wp-json\/wp\/v2\/posts\/3053\/revisions"}],"wp:featuredmedia":[{"embeddable":true,"href":"https:\/\/www.ondernemendvenlo.nl\/fr\/wp-json\/wp\/v2\/media\/3054"}],"wp:attachment":[{"href":"https:\/\/www.ondernemendvenlo.nl\/fr\/wp-json\/wp\/v2\/media?parent=3053"}],"wp:term":[{"taxonomy":"category","embeddable":true,"href":"https:\/\/www.ondernemendvenlo.nl\/fr\/wp-json\/wp\/v2\/categories?post=3053"},{"taxonomy":"post_tag","embeddable":true,"href":"https:\/\/www.ondernemendvenlo.nl\/fr\/wp-json\/wp\/v2\/tags?post=3053"}],"curies":[{"name":"wp","href":"https:\/\/api.w.org\/{rel}","templated":true}]}}