{"id":3057,"date":"2023-12-13T14:42:16","date_gmt":"2023-12-13T13:42:16","guid":{"rendered":"https:\/\/www.ondernemendvenlo.nl\/winnaars-lodewijk-vd-grinten-prijs-en-talent-award\/"},"modified":"2023-12-13T14:42:16","modified_gmt":"2023-12-13T13:42:16","slug":"winnaars-lodewijk-vd-grinten-prijs-en-talent-award","status":"publish","type":"post","link":"https:\/\/www.ondernemendvenlo.nl\/fr\/winnaars-lodewijk-vd-grinten-prijs-en-talent-award\/","title":{"rendered":"Laur\u00e9ats du prix Lodewijk vd Grinten et du prix du talent"},"content":{"rendered":"<p class=\"p2\">Zakelijk Venlo verzamelde zich op dinsdag 12 december in de Maaspoort voor een inspirerend en feestelijk programma waar <strong>Jan Houwen van Volantis<\/strong> et <strong>Marco Baetsen de City Builders<\/strong> werden uitgeroepen tot winnaar van de Lodewijk van der Grinten Prijs en winnaar van de Talent Award 2023. De prijsuitreiking, inmiddels een niet meer weg te denken event in Groot Venlo, biedt ondernemers een bijzonder podium en is tevens een gelegenheid voor de lokale zakelijke gemeenschap om elkaar te ontmoeten.<\/p>\n<p class=\"p2\"><strong>Prix Lodewijk van der Grinten<\/strong><b><br \/>\n<\/b>De jury selecteerde Houwen na een zorgvuldige beoordeling van de pitches en bedrijfsbezoeken van de drie genomineerden. Hij streed dit jaar samen met Anouk Hendrikx Afonso van maatwerk HRM en Giselle Vluggen van Forta4U om deze prestigieuze prijs. Houwen maakte de meeste indruk op de juryleden met zijn visie en aanpak op het gebied van het thema van dit jaar \u2018personeel &amp; ontwikkeling\u2019.<\/p>\n<p class=\"p2\">De presentatie van het veelzijdige programma was dit jaar in handen van Stefan Hendrikx. De avond startte met pitches van de genomineerde talenten in een bomvolle Maaspoort, waarbij het publiek de uiteindelijke winnaar bepaalde via een digitale stemming. Fay de Klein zorgde voor de muzikale intermezzo\u2019s, afgewisseld met spectaculaire showelementen en Burgemeester Scholten van Venlo overhandigde uiteindelijk de Lodewijk van der Grinten Prijs aan de winnende ondernemer. Bijzondere aandacht was er voor het kunstwerk dat aan de winnaars werd uitgereikt, dit jaar gemaakt door de gerenommeerde Venlose kunstenaar Fons Schobbers.<\/p>\n<p class=\"p2\"><strong>Winnaar Jan Houwen<\/strong><b><br \/>\n<\/b>Sedert 2000 is Jan Houwen algemeen directeur\/CEO bij Volantis Groep B.V. en alle bedrijven die daar onder vallen. Volantis is een snelgroeiende ingenieurs-, architectuur- en consultancyorganisatie met 115 medewerkers. Over het thema personeel &amp; ontwikkeling zegt Houwen: \u201cEr is ten tijde van de economische crisis van 2009-2012 een stip aan de horizon gezet om de beste werkgever van de regio te worden. Vanuit die ambitie hebben we een plan ontwikkeld en in 2020, 2021 \u00e9n 2022 waren we \u2018de aantrekkelijkste werkgever van Limburg\u2019, categorie MKB\u201d.<\/p>\n<p><img fetchpriority=\"high\" decoding=\"async\" class=\"alignnone size-full wp-image-21273\" src=\"https:\/\/www.ondernemendvenlo.nl\/wp-content\/uploads\/2025\/04\/Jan-Houwen-1.jpg\" alt=\"\" width=\"683\" height=\"683\" \/><\/p>\n<p class=\"p2\"><strong>Talent Award naar Marco Baetsen<\/strong><b><br \/>\n<\/b>In 2015, direct na het afronden van zijn studie, schreef Marco Baetsen zijn onderneming Stadsbouwers in bij de Kamer van Koophandel. Met Stadsbouwers geeft hij advies in de ontwikkeling en herbestemming van vastgoed. Zijn passie ligt in projecten die voor een grote groep mensen een bijzondere betekenis hebben en plekken die onderdeel zijn van de identiteit van de stad.<\/p>\n<p><img decoding=\"async\" class=\"alignnone size-full wp-image-21274\" src=\"https:\/\/www.ondernemendvenlo.nl\/wp-content\/uploads\/2025\/04\/Marco-Baetsen.jpg\" alt=\"\" width=\"683\" height=\"683\" \/><\/p>\n<p class=\"p2\">De jury en het publiek waren het er over eens dat de Talent Award, de prijs voor de meest toonaangevende Young Professional onder de 35 jaar binnen de gemeente Venlo, dit jaar toekwam aan Marco Baetsen. Naast het kunstwerk krijgt Marco een studievoucher die wordt aangeboden door UMIO Maastricht University en de Gemeente Venlo.<\/p>\n<p class=\"p2\"><strong>Bijzonder initiatief<\/strong><b><br \/>\n<\/b>Heel bijzonder dit jaar is het gezamenlijke initiatief van alle zes de genomineerden. Niet alleen streden ze als individu voor de prijs, ze hebben hun krachten gebundeld voor een bijzonder doel. Samen met OGVO, Fontys en Gemeente Venlo gaan ze zich inzetten om ondernemers en leerlingen van het regionale middelbaar onderwijs te verbinden. Het idee hierachter is dat opleiding en praktijk hand in hand gaan, waarbij zowel het onderwijs als de praktijkgerichte ontwikkeling worden bevorderd.<\/p>\n<p class=\"p2\"><strong>Partenaires et sponsors<\/strong><b><br \/>\n<\/b>De Lodewijk van der Grinten Prijs is een initiatief van de Stichting Lodewijk van der Grinten Prijs, waarin LLTB, MKB Noord-Limburg, Ondernemend Venlo en de Gemeente Venlo samenwerken.<\/p>\n<p class=\"p2\">Het feit dat 40 bedrijven en organisaties dit jaar de Lodewijk van der Grinten Prijs ondersteunen, getuigt van een groot draagvlak om ondernemerschap in de Gemeente Venlo te stimuleren. Deze partners en sponsoren maken de organisatie van het evenement ieder jaar weer mogelijk.<\/p>\n<p class=\"p2\">Naamgever van de prijs is Lodewijk van der Grinten (1831 \u2013 1895), de oprichter van het voormalige Oc\u00e9, het huidige Canon Production Printing. Dit bedrijf is uitgegroeid tot een van de grootste economische krachten in Venlo.<\/p>","protected":false},"excerpt":{"rendered":"<p>Zakelijk Venlo verzamelde zich op dinsdag 12 december in de Maaspoort voor een inspirerend en feestelijk programma waar Jan Houwen van Volantis en Marco Baetsen van Stadsbouwers werden uitgeroepen tot winnaar van de Lodewijk van der Grinten Prijs en winnaar van de Talent Award 2023. De prijsuitreiking, inmiddels een niet meer weg te denken event [&hellip;]<\/p>","protected":false},"author":1,"featured_media":3058,"comment_status":"closed","ping_status":"open","sticky":false,"template":"","format":"standard","meta":{"_acf_changed":false,"footnotes":""},"categories":[8],"tags":[],"class_list":["post-3057","post","type-post","status-publish","format-standard","has-post-thumbnail","hentry","category-nieuws"],"acf":[],"yoast_head":"<!-- This site is optimized with the Yoast SEO plugin v26.3 - https:\/\/yoast.com\/wordpress\/plugins\/seo\/ -->\n<title>Winnaars Lodewijk vd Grinten Prijs en Talent Award - Ondernemend Venlo<\/title>\n<meta name=\"robots\" content=\"index, follow, max-snippet:-1, max-image-preview:large, max-video-preview:-1\" \/>\n<link rel=\"canonical\" href=\"https:\/\/www.ondernemendvenlo.nl\/fr\/winnaars-lodewijk-vd-grinten-prijs-en-talent-award\/\" \/>\n<meta property=\"og:locale\" content=\"fr_FR\" \/>\n<meta property=\"og:type\" content=\"article\" \/>\n<meta property=\"og:title\" content=\"Winnaars Lodewijk vd Grinten Prijs en Talent Award - Ondernemend Venlo\" \/>\n<meta property=\"og:description\" content=\"Zakelijk Venlo verzamelde zich op dinsdag 12 december in de Maaspoort voor een inspirerend en feestelijk programma waar Jan Houwen van Volantis en Marco Baetsen van Stadsbouwers werden uitgeroepen tot winnaar van de Lodewijk van der Grinten Prijs en winnaar van de Talent Award 2023. De prijsuitreiking, inmiddels een niet meer weg te denken event [&hellip;]\" \/>\n<meta property=\"og:url\" content=\"https:\/\/www.ondernemendvenlo.nl\/fr\/winnaars-lodewijk-vd-grinten-prijs-en-talent-award\/\" \/>\n<meta property=\"og:site_name\" content=\"Ondernemend Venlo\" \/>\n<meta property=\"article:published_time\" content=\"2023-12-13T13:42:16+00:00\" \/>\n<meta property=\"og:image\" content=\"https:\/\/www.ondernemendvenlo.nl\/wp-content\/uploads\/2025\/04\/Jan-Houwen-1.jpg\" \/>\n\t<meta property=\"og:image:width\" content=\"683\" \/>\n\t<meta property=\"og:image:height\" content=\"683\" \/>\n\t<meta property=\"og:image:type\" content=\"image\/jpeg\" \/>\n<meta name=\"author\" content=\"admin\" \/>\n<meta name=\"twitter:card\" content=\"summary_large_image\" \/>\n<meta name=\"twitter:label1\" content=\"\u00c9crit par\" \/>\n\t<meta name=\"twitter:data1\" content=\"admin\" \/>\n\t<meta name=\"twitter:label2\" content=\"Dur\u00e9e de lecture estim\u00e9e\" \/>\n\t<meta name=\"twitter:data2\" content=\"3 minutes\" \/>\n<script type=\"application\/ld+json\" class=\"yoast-schema-graph\">{\"@context\":\"https:\/\/schema.org\",\"@graph\":[{\"@type\":\"Article\",\"@id\":\"https:\/\/www.ondernemendvenlo.nl\/winnaars-lodewijk-vd-grinten-prijs-en-talent-award\/#article\",\"isPartOf\":{\"@id\":\"https:\/\/www.ondernemendvenlo.nl\/winnaars-lodewijk-vd-grinten-prijs-en-talent-award\/\"},\"author\":{\"name\":\"admin\",\"@id\":\"https:\/\/www.ondernemendvenlo.nl\/#\/schema\/person\/347e935f8ad4c7030608ef74bb57aa6e\"},\"headline\":\"Winnaars Lodewijk vd Grinten Prijs en Talent Award\",\"datePublished\":\"2023-12-13T13:42:16+00:00\",\"mainEntityOfPage\":{\"@id\":\"https:\/\/www.ondernemendvenlo.nl\/winnaars-lodewijk-vd-grinten-prijs-en-talent-award\/\"},\"wordCount\":627,\"publisher\":{\"@id\":\"https:\/\/www.ondernemendvenlo.nl\/#organization\"},\"image\":{\"@id\":\"https:\/\/www.ondernemendvenlo.nl\/winnaars-lodewijk-vd-grinten-prijs-en-talent-award\/#primaryimage\"},\"thumbnailUrl\":\"https:\/\/www.ondernemendvenlo.nl\/wp-content\/uploads\/2025\/04\/Jan-Houwen-1.jpg\",\"articleSection\":[\"Nieuws\"],\"inLanguage\":\"fr-FR\"},{\"@type\":\"WebPage\",\"@id\":\"https:\/\/www.ondernemendvenlo.nl\/winnaars-lodewijk-vd-grinten-prijs-en-talent-award\/\",\"url\":\"https:\/\/www.ondernemendvenlo.nl\/winnaars-lodewijk-vd-grinten-prijs-en-talent-award\/\",\"name\":\"Winnaars Lodewijk vd Grinten Prijs en Talent Award - Ondernemend Venlo\",\"isPartOf\":{\"@id\":\"https:\/\/www.ondernemendvenlo.nl\/#website\"},\"primaryImageOfPage\":{\"@id\":\"https:\/\/www.ondernemendvenlo.nl\/winnaars-lodewijk-vd-grinten-prijs-en-talent-award\/#primaryimage\"},\"image\":{\"@id\":\"https:\/\/www.ondernemendvenlo.nl\/winnaars-lodewijk-vd-grinten-prijs-en-talent-award\/#primaryimage\"},\"thumbnailUrl\":\"https:\/\/www.ondernemendvenlo.nl\/wp-content\/uploads\/2025\/04\/Jan-Houwen-1.jpg\",\"datePublished\":\"2023-12-13T13:42:16+00:00\",\"breadcrumb\":{\"@id\":\"https:\/\/www.ondernemendvenlo.nl\/winnaars-lodewijk-vd-grinten-prijs-en-talent-award\/#breadcrumb\"},\"inLanguage\":\"fr-FR\",\"potentialAction\":[{\"@type\":\"ReadAction\",\"target\":[\"https:\/\/www.ondernemendvenlo.nl\/winnaars-lodewijk-vd-grinten-prijs-en-talent-award\/\"]}]},{\"@type\":\"ImageObject\",\"inLanguage\":\"fr-FR\",\"@id\":\"https:\/\/www.ondernemendvenlo.nl\/winnaars-lodewijk-vd-grinten-prijs-en-talent-award\/#primaryimage\",\"url\":\"https:\/\/www.ondernemendvenlo.nl\/wp-content\/uploads\/2025\/04\/Jan-Houwen-1.jpg\",\"contentUrl\":\"https:\/\/www.ondernemendvenlo.nl\/wp-content\/uploads\/2025\/04\/Jan-Houwen-1.jpg\",\"width\":683,\"height\":683},{\"@type\":\"BreadcrumbList\",\"@id\":\"https:\/\/www.ondernemendvenlo.nl\/winnaars-lodewijk-vd-grinten-prijs-en-talent-award\/#breadcrumb\",\"itemListElement\":[{\"@type\":\"ListItem\",\"position\":1,\"name\":\"Ondernemend Venlo\",\"item\":\"https:\/\/www.ondernemendvenlo.nl\/\"},{\"@type\":\"ListItem\",\"position\":2,\"name\":\"Nieuws\",\"item\":\"https:\/\/www.ondernemendvenlo.nl\/categorie\/nieuws\/\"},{\"@type\":\"ListItem\",\"position\":3,\"name\":\"Winnaars Lodewijk vd Grinten Prijs en Talent Award\"}]},{\"@type\":\"WebSite\",\"@id\":\"https:\/\/www.ondernemendvenlo.nl\/#website\",\"url\":\"https:\/\/www.ondernemendvenlo.nl\/\",\"name\":\"Ondernemend Venlo\",\"description\":\"Samen succesvol ondernemen\",\"publisher\":{\"@id\":\"https:\/\/www.ondernemendvenlo.nl\/#organization\"},\"potentialAction\":[{\"@type\":\"SearchAction\",\"target\":{\"@type\":\"EntryPoint\",\"urlTemplate\":\"https:\/\/www.ondernemendvenlo.nl\/?s={search_term_string}\"},\"query-input\":{\"@type\":\"PropertyValueSpecification\",\"valueRequired\":true,\"valueName\":\"search_term_string\"}}],\"inLanguage\":\"fr-FR\"},{\"@type\":\"Organization\",\"@id\":\"https:\/\/www.ondernemendvenlo.nl\/#organization\",\"name\":\"Ondernemend Venlo\",\"url\":\"https:\/\/www.ondernemendvenlo.nl\/\",\"logo\":{\"@type\":\"ImageObject\",\"inLanguage\":\"fr-FR\",\"@id\":\"https:\/\/www.ondernemendvenlo.nl\/#\/schema\/logo\/image\/\",\"url\":\"https:\/\/www.ondernemendvenlo.nl\/wp-content\/uploads\/2025\/02\/Ondernemend-Venlo-logo-scaled.webp\",\"contentUrl\":\"https:\/\/www.ondernemendvenlo.nl\/wp-content\/uploads\/2025\/02\/Ondernemend-Venlo-logo-scaled.webp\",\"width\":2560,\"height\":1010,\"caption\":\"Ondernemend Venlo\"},\"image\":{\"@id\":\"https:\/\/www.ondernemendvenlo.nl\/#\/schema\/logo\/image\/\"},\"sameAs\":[\"https:\/\/www.linkedin.com\/company\/ondernemend-venlo\/\"]},{\"@type\":\"Person\",\"@id\":\"https:\/\/www.ondernemendvenlo.nl\/#\/schema\/person\/347e935f8ad4c7030608ef74bb57aa6e\",\"name\":\"admin\",\"image\":{\"@type\":\"ImageObject\",\"inLanguage\":\"fr-FR\",\"@id\":\"https:\/\/www.ondernemendvenlo.nl\/#\/schema\/person\/image\/\",\"url\":\"https:\/\/www.ondernemendvenlo.nl\/wp-content\/litespeed\/avatar\/720af750b037aecf6e33e12833479059.jpg?ver=1777382954\",\"contentUrl\":\"https:\/\/www.ondernemendvenlo.nl\/wp-content\/litespeed\/avatar\/720af750b037aecf6e33e12833479059.jpg?ver=1777382954\",\"caption\":\"admin\"},\"sameAs\":[\"https:\/\/www.ondernemendvenlo.nl\"]}]}<\/script>\n<!-- \/ Yoast SEO plugin. -->","yoast_head_json":{"title":"Winnaars Lodewijk vd Grinten Prijs en Talent Award - Ondernemend Venlo","robots":{"index":"index","follow":"follow","max-snippet":"max-snippet:-1","max-image-preview":"max-image-preview:large","max-video-preview":"max-video-preview:-1"},"canonical":"https:\/\/www.ondernemendvenlo.nl\/fr\/winnaars-lodewijk-vd-grinten-prijs-en-talent-award\/","og_locale":"fr_FR","og_type":"article","og_title":"Winnaars Lodewijk vd Grinten Prijs en Talent Award - Ondernemend Venlo","og_description":"Zakelijk Venlo verzamelde zich op dinsdag 12 december in de Maaspoort voor een inspirerend en feestelijk programma waar Jan Houwen van Volantis en Marco Baetsen van Stadsbouwers werden uitgeroepen tot winnaar van de Lodewijk van der Grinten Prijs en winnaar van de Talent Award 2023. De prijsuitreiking, inmiddels een niet meer weg te denken event [&hellip;]","og_url":"https:\/\/www.ondernemendvenlo.nl\/fr\/winnaars-lodewijk-vd-grinten-prijs-en-talent-award\/","og_site_name":"Ondernemend Venlo","article_published_time":"2023-12-13T13:42:16+00:00","og_image":[{"width":683,"height":683,"url":"https:\/\/www.ondernemendvenlo.nl\/wp-content\/uploads\/2025\/04\/Jan-Houwen-1.jpg","type":"image\/jpeg"}],"author":"admin","twitter_card":"summary_large_image","twitter_misc":{"\u00c9crit par":"admin","Dur\u00e9e de lecture estim\u00e9e":"3 minutes"},"schema":{"@context":"https:\/\/schema.org","@graph":[{"@type":"Article","@id":"https:\/\/www.ondernemendvenlo.nl\/winnaars-lodewijk-vd-grinten-prijs-en-talent-award\/#article","isPartOf":{"@id":"https:\/\/www.ondernemendvenlo.nl\/winnaars-lodewijk-vd-grinten-prijs-en-talent-award\/"},"author":{"name":"admin","@id":"https:\/\/www.ondernemendvenlo.nl\/#\/schema\/person\/347e935f8ad4c7030608ef74bb57aa6e"},"headline":"Winnaars Lodewijk vd Grinten Prijs en Talent Award","datePublished":"2023-12-13T13:42:16+00:00","mainEntityOfPage":{"@id":"https:\/\/www.ondernemendvenlo.nl\/winnaars-lodewijk-vd-grinten-prijs-en-talent-award\/"},"wordCount":627,"publisher":{"@id":"https:\/\/www.ondernemendvenlo.nl\/#organization"},"image":{"@id":"https:\/\/www.ondernemendvenlo.nl\/winnaars-lodewijk-vd-grinten-prijs-en-talent-award\/#primaryimage"},"thumbnailUrl":"https:\/\/www.ondernemendvenlo.nl\/wp-content\/uploads\/2025\/04\/Jan-Houwen-1.jpg","articleSection":["Nieuws"],"inLanguage":"fr-FR"},{"@type":"WebPage","@id":"https:\/\/www.ondernemendvenlo.nl\/winnaars-lodewijk-vd-grinten-prijs-en-talent-award\/","url":"https:\/\/www.ondernemendvenlo.nl\/winnaars-lodewijk-vd-grinten-prijs-en-talent-award\/","name":"Winnaars Lodewijk vd Grinten Prijs en Talent Award - Ondernemend Venlo","isPartOf":{"@id":"https:\/\/www.ondernemendvenlo.nl\/#website"},"primaryImageOfPage":{"@id":"https:\/\/www.ondernemendvenlo.nl\/winnaars-lodewijk-vd-grinten-prijs-en-talent-award\/#primaryimage"},"image":{"@id":"https:\/\/www.ondernemendvenlo.nl\/winnaars-lodewijk-vd-grinten-prijs-en-talent-award\/#primaryimage"},"thumbnailUrl":"https:\/\/www.ondernemendvenlo.nl\/wp-content\/uploads\/2025\/04\/Jan-Houwen-1.jpg","datePublished":"2023-12-13T13:42:16+00:00","breadcrumb":{"@id":"https:\/\/www.ondernemendvenlo.nl\/winnaars-lodewijk-vd-grinten-prijs-en-talent-award\/#breadcrumb"},"inLanguage":"fr-FR","potentialAction":[{"@type":"ReadAction","target":["https:\/\/www.ondernemendvenlo.nl\/winnaars-lodewijk-vd-grinten-prijs-en-talent-award\/"]}]},{"@type":"ImageObject","inLanguage":"fr-FR","@id":"https:\/\/www.ondernemendvenlo.nl\/winnaars-lodewijk-vd-grinten-prijs-en-talent-award\/#primaryimage","url":"https:\/\/www.ondernemendvenlo.nl\/wp-content\/uploads\/2025\/04\/Jan-Houwen-1.jpg","contentUrl":"https:\/\/www.ondernemendvenlo.nl\/wp-content\/uploads\/2025\/04\/Jan-Houwen-1.jpg","width":683,"height":683},{"@type":"BreadcrumbList","@id":"https:\/\/www.ondernemendvenlo.nl\/winnaars-lodewijk-vd-grinten-prijs-en-talent-award\/#breadcrumb","itemListElement":[{"@type":"ListItem","position":1,"name":"Ondernemend Venlo","item":"https:\/\/www.ondernemendvenlo.nl\/"},{"@type":"ListItem","position":2,"name":"Nieuws","item":"https:\/\/www.ondernemendvenlo.nl\/categorie\/nieuws\/"},{"@type":"ListItem","position":3,"name":"Winnaars Lodewijk vd Grinten Prijs en Talent Award"}]},{"@type":"WebSite","@id":"https:\/\/www.ondernemendvenlo.nl\/#website","url":"https:\/\/www.ondernemendvenlo.nl\/","name":"Venlo entrepreneurial","description":"Travailler ensemble avec succ\u00e8s","publisher":{"@id":"https:\/\/www.ondernemendvenlo.nl\/#organization"},"potentialAction":[{"@type":"SearchAction","target":{"@type":"EntryPoint","urlTemplate":"https:\/\/www.ondernemendvenlo.nl\/?s={search_term_string}"},"query-input":{"@type":"PropertyValueSpecification","valueRequired":true,"valueName":"search_term_string"}}],"inLanguage":"fr-FR"},{"@type":"Organization","@id":"https:\/\/www.ondernemendvenlo.nl\/#organization","name":"Venlo entrepreneurial","url":"https:\/\/www.ondernemendvenlo.nl\/","logo":{"@type":"ImageObject","inLanguage":"fr-FR","@id":"https:\/\/www.ondernemendvenlo.nl\/#\/schema\/logo\/image\/","url":"https:\/\/www.ondernemendvenlo.nl\/wp-content\/uploads\/2025\/02\/Ondernemend-Venlo-logo-scaled.webp","contentUrl":"https:\/\/www.ondernemendvenlo.nl\/wp-content\/uploads\/2025\/02\/Ondernemend-Venlo-logo-scaled.webp","width":2560,"height":1010,"caption":"Ondernemend Venlo"},"image":{"@id":"https:\/\/www.ondernemendvenlo.nl\/#\/schema\/logo\/image\/"},"sameAs":["https:\/\/www.linkedin.com\/company\/ondernemend-venlo\/"]},{"@type":"Person","@id":"https:\/\/www.ondernemendvenlo.nl\/#\/schema\/person\/347e935f8ad4c7030608ef74bb57aa6e","name":"admin","image":{"@type":"ImageObject","inLanguage":"fr-FR","@id":"https:\/\/www.ondernemendvenlo.nl\/#\/schema\/person\/image\/","url":"https:\/\/www.ondernemendvenlo.nl\/wp-content\/litespeed\/avatar\/720af750b037aecf6e33e12833479059.jpg?ver=1777382954","contentUrl":"https:\/\/www.ondernemendvenlo.nl\/wp-content\/litespeed\/avatar\/720af750b037aecf6e33e12833479059.jpg?ver=1777382954","caption":"admin"},"sameAs":["https:\/\/www.ondernemendvenlo.nl"]}]}},"_links":{"self":[{"href":"https:\/\/www.ondernemendvenlo.nl\/fr\/wp-json\/wp\/v2\/posts\/3057","targetHints":{"allow":["GET"]}}],"collection":[{"href":"https:\/\/www.ondernemendvenlo.nl\/fr\/wp-json\/wp\/v2\/posts"}],"about":[{"href":"https:\/\/www.ondernemendvenlo.nl\/fr\/wp-json\/wp\/v2\/types\/post"}],"author":[{"embeddable":true,"href":"https:\/\/www.ondernemendvenlo.nl\/fr\/wp-json\/wp\/v2\/users\/1"}],"replies":[{"embeddable":true,"href":"https:\/\/www.ondernemendvenlo.nl\/fr\/wp-json\/wp\/v2\/comments?post=3057"}],"version-history":[{"count":0,"href":"https:\/\/www.ondernemendvenlo.nl\/fr\/wp-json\/wp\/v2\/posts\/3057\/revisions"}],"wp:featuredmedia":[{"embeddable":true,"href":"https:\/\/www.ondernemendvenlo.nl\/fr\/wp-json\/wp\/v2\/media\/3058"}],"wp:attachment":[{"href":"https:\/\/www.ondernemendvenlo.nl\/fr\/wp-json\/wp\/v2\/media?parent=3057"}],"wp:term":[{"taxonomy":"category","embeddable":true,"href":"https:\/\/www.ondernemendvenlo.nl\/fr\/wp-json\/wp\/v2\/categories?post=3057"},{"taxonomy":"post_tag","embeddable":true,"href":"https:\/\/www.ondernemendvenlo.nl\/fr\/wp-json\/wp\/v2\/tags?post=3057"}],"curies":[{"name":"wp","href":"https:\/\/api.w.org\/{rel}","templated":true}]}}