{"id":3062,"date":"2023-12-15T08:26:50","date_gmt":"2023-12-15T07:26:50","guid":{"rendered":"https:\/\/www.ondernemendvenlo.nl\/uitstel-indieningstermijn-energiebesparingsverplichting\/"},"modified":"2023-12-15T08:26:50","modified_gmt":"2023-12-15T07:26:50","slug":"uitstel-indieningstermijn-energiebesparingsverplichting","status":"publish","type":"post","link":"https:\/\/www.ondernemendvenlo.nl\/fr\/uitstel-indieningstermijn-energiebesparingsverplichting\/","title":{"rendered":"Report de la date limite de d\u00e9p\u00f4t Energy Saving Obligation (obligation d'\u00e9conomie d'\u00e9nergie)"},"content":{"rendered":"<p><strong>Uitstel indieningstermijn energiebesparingsverplichting bedrijven 2023. Doordat er veel storingen zijn geweest in het e-loket kunnen heel veel bedrijven en energieadviseurs niet tijdig voldoen. Landelijk is afgesproken dat er tot 1 januari 2024 niet zal worden gehandhaafd op het niet indienen en dat daarmee de bedrijven 1 maand extra tijd krijgen. Mochten bedrijven van mening zijn dat het niet haalbaar is om voor 1 januari 2024 aan de verplichtingen te voldoen dan kan het bedrijf een schriftelijk een gemotiveerd verzoek tot uitstel indienen bij de gemeente.<\/strong><\/p>\n<p>Bedrijven met een energiegebruik van meer dan 50.000 kWh of meer dan 25.000 m3 gas zijn verplicht om energiebesparende maatregelen die binnen 5 jaar zijn terug te verdienen uit te voeren. Het toezicht op de naleving gebeurt door de toezichthouders van de Regionale Uitvoeringsdienst Limburg Noord (RUDLN). Dit doen zij namens alle gemeenten in noord en midden Limburg.<\/p>\n<p>Elke vier jaar dienen deze bedrijven te rapporteren welke energiebesparende maatregelen ze al hebben genomen en welke maatregelen ze nog moeten nemen. Deze rapportage moet via het e-loket van RvO worden ingediend. De wettelijk vastgestelde indieningstermijn voor de tweede ronde van de informatieplicht liep op 1 december 2023 af.<\/p>\n<p>Bedrijven met een energieverbruik groter dan 10.000.000 kWh of meer dan 170.000 m3 gas hebben naast de voornoemde informatieplicht ook de verplichting om een energiebesparingsonderzoek uit te voeren en de rapportage in te dienen via het e-loket van RvO.<\/p>\n<p><strong>Meer Informatie<br \/>\n<\/strong>Meer informatie over de regels ten aanzien van energiebesparingen treft u aan in de <a href=\"https:\/\/www.ondernemendvenlo.nl\/wp-content\/uploads\/2023\/12\/Folder-Verduurzaming-Energiegebruik-Bedrijven-RUDLN23-1-def.pdf\">folder die via deze link is te openen.<\/a><\/p>","protected":false},"excerpt":{"rendered":"<p>Uitstel indieningstermijn energiebesparingsverplichting bedrijven 2023. Doordat er veel storingen zijn geweest in het e-loket kunnen heel veel bedrijven en energieadviseurs niet tijdig voldoen. Landelijk is afgesproken dat er tot 1 januari 2024 niet zal worden gehandhaafd op het niet indienen en dat daarmee de bedrijven 1 maand extra tijd krijgen. Mochten bedrijven van mening zijn [&hellip;]<\/p>","protected":false},"author":1,"featured_media":3063,"comment_status":"closed","ping_status":"open","sticky":false,"template":"","format":"standard","meta":{"_acf_changed":false,"footnotes":""},"categories":[8],"tags":[],"class_list":["post-3062","post","type-post","status-publish","format-standard","has-post-thumbnail","hentry","category-nieuws"],"acf":[],"yoast_head":"<!-- This site is optimized with the Yoast SEO plugin v26.3 - https:\/\/yoast.com\/wordpress\/plugins\/seo\/ -->\n<title>Uitstel indieningstermijn Energiebesparingsverplichting - Ondernemend Venlo<\/title>\n<meta name=\"robots\" content=\"index, follow, max-snippet:-1, max-image-preview:large, max-video-preview:-1\" \/>\n<link rel=\"canonical\" href=\"https:\/\/www.ondernemendvenlo.nl\/fr\/uitstel-indieningstermijn-energiebesparingsverplichting\/\" \/>\n<meta property=\"og:locale\" content=\"fr_FR\" \/>\n<meta property=\"og:type\" content=\"article\" \/>\n<meta property=\"og:title\" content=\"Uitstel indieningstermijn Energiebesparingsverplichting - Ondernemend Venlo\" \/>\n<meta property=\"og:description\" content=\"Uitstel indieningstermijn energiebesparingsverplichting bedrijven 2023. Doordat er veel storingen zijn geweest in het e-loket kunnen heel veel bedrijven en energieadviseurs niet tijdig voldoen. Landelijk is afgesproken dat er tot 1 januari 2024 niet zal worden gehandhaafd op het niet indienen en dat daarmee de bedrijven 1 maand extra tijd krijgen. Mochten bedrijven van mening zijn [&hellip;]\" \/>\n<meta property=\"og:url\" content=\"https:\/\/www.ondernemendvenlo.nl\/fr\/uitstel-indieningstermijn-energiebesparingsverplichting\/\" \/>\n<meta property=\"og:site_name\" content=\"Ondernemend Venlo\" \/>\n<meta property=\"article:published_time\" content=\"2023-12-15T07:26:50+00:00\" \/>\n<meta property=\"og:image\" content=\"https:\/\/www.ondernemendvenlo.nl\/wp-content\/uploads\/2025\/04\/Energiebesparing.jpg\" \/>\n\t<meta property=\"og:image:width\" content=\"1920\" \/>\n\t<meta property=\"og:image:height\" content=\"1080\" \/>\n\t<meta property=\"og:image:type\" content=\"image\/jpeg\" \/>\n<meta name=\"author\" content=\"admin\" \/>\n<meta name=\"twitter:card\" content=\"summary_large_image\" \/>\n<meta name=\"twitter:label1\" content=\"\u00c9crit par\" \/>\n\t<meta name=\"twitter:data1\" content=\"admin\" \/>\n\t<meta name=\"twitter:label2\" content=\"Dur\u00e9e de lecture estim\u00e9e\" \/>\n\t<meta name=\"twitter:data2\" content=\"1 minute\" \/>\n<script type=\"application\/ld+json\" class=\"yoast-schema-graph\">{\"@context\":\"https:\/\/schema.org\",\"@graph\":[{\"@type\":\"Article\",\"@id\":\"https:\/\/www.ondernemendvenlo.nl\/uitstel-indieningstermijn-energiebesparingsverplichting\/#article\",\"isPartOf\":{\"@id\":\"https:\/\/www.ondernemendvenlo.nl\/uitstel-indieningstermijn-energiebesparingsverplichting\/\"},\"author\":{\"name\":\"admin\",\"@id\":\"https:\/\/www.ondernemendvenlo.nl\/#\/schema\/person\/347e935f8ad4c7030608ef74bb57aa6e\"},\"headline\":\"Uitstel indieningstermijn Energiebesparingsverplichting\",\"datePublished\":\"2023-12-15T07:26:50+00:00\",\"mainEntityOfPage\":{\"@id\":\"https:\/\/www.ondernemendvenlo.nl\/uitstel-indieningstermijn-energiebesparingsverplichting\/\"},\"wordCount\":245,\"publisher\":{\"@id\":\"https:\/\/www.ondernemendvenlo.nl\/#organization\"},\"image\":{\"@id\":\"https:\/\/www.ondernemendvenlo.nl\/uitstel-indieningstermijn-energiebesparingsverplichting\/#primaryimage\"},\"thumbnailUrl\":\"https:\/\/www.ondernemendvenlo.nl\/wp-content\/uploads\/2025\/04\/Energiebesparing.jpg\",\"articleSection\":[\"Nieuws\"],\"inLanguage\":\"fr-FR\"},{\"@type\":\"WebPage\",\"@id\":\"https:\/\/www.ondernemendvenlo.nl\/uitstel-indieningstermijn-energiebesparingsverplichting\/\",\"url\":\"https:\/\/www.ondernemendvenlo.nl\/uitstel-indieningstermijn-energiebesparingsverplichting\/\",\"name\":\"Uitstel indieningstermijn Energiebesparingsverplichting - Ondernemend Venlo\",\"isPartOf\":{\"@id\":\"https:\/\/www.ondernemendvenlo.nl\/#website\"},\"primaryImageOfPage\":{\"@id\":\"https:\/\/www.ondernemendvenlo.nl\/uitstel-indieningstermijn-energiebesparingsverplichting\/#primaryimage\"},\"image\":{\"@id\":\"https:\/\/www.ondernemendvenlo.nl\/uitstel-indieningstermijn-energiebesparingsverplichting\/#primaryimage\"},\"thumbnailUrl\":\"https:\/\/www.ondernemendvenlo.nl\/wp-content\/uploads\/2025\/04\/Energiebesparing.jpg\",\"datePublished\":\"2023-12-15T07:26:50+00:00\",\"breadcrumb\":{\"@id\":\"https:\/\/www.ondernemendvenlo.nl\/uitstel-indieningstermijn-energiebesparingsverplichting\/#breadcrumb\"},\"inLanguage\":\"fr-FR\",\"potentialAction\":[{\"@type\":\"ReadAction\",\"target\":[\"https:\/\/www.ondernemendvenlo.nl\/uitstel-indieningstermijn-energiebesparingsverplichting\/\"]}]},{\"@type\":\"ImageObject\",\"inLanguage\":\"fr-FR\",\"@id\":\"https:\/\/www.ondernemendvenlo.nl\/uitstel-indieningstermijn-energiebesparingsverplichting\/#primaryimage\",\"url\":\"https:\/\/www.ondernemendvenlo.nl\/wp-content\/uploads\/2025\/04\/Energiebesparing.jpg\",\"contentUrl\":\"https:\/\/www.ondernemendvenlo.nl\/wp-content\/uploads\/2025\/04\/Energiebesparing.jpg\",\"width\":1920,\"height\":1080},{\"@type\":\"BreadcrumbList\",\"@id\":\"https:\/\/www.ondernemendvenlo.nl\/uitstel-indieningstermijn-energiebesparingsverplichting\/#breadcrumb\",\"itemListElement\":[{\"@type\":\"ListItem\",\"position\":1,\"name\":\"Ondernemend Venlo\",\"item\":\"https:\/\/www.ondernemendvenlo.nl\/\"},{\"@type\":\"ListItem\",\"position\":2,\"name\":\"Nieuws\",\"item\":\"https:\/\/www.ondernemendvenlo.nl\/categorie\/nieuws\/\"},{\"@type\":\"ListItem\",\"position\":3,\"name\":\"Uitstel indieningstermijn Energiebesparingsverplichting\"}]},{\"@type\":\"WebSite\",\"@id\":\"https:\/\/www.ondernemendvenlo.nl\/#website\",\"url\":\"https:\/\/www.ondernemendvenlo.nl\/\",\"name\":\"Ondernemend Venlo\",\"description\":\"Samen succesvol ondernemen\",\"publisher\":{\"@id\":\"https:\/\/www.ondernemendvenlo.nl\/#organization\"},\"potentialAction\":[{\"@type\":\"SearchAction\",\"target\":{\"@type\":\"EntryPoint\",\"urlTemplate\":\"https:\/\/www.ondernemendvenlo.nl\/?s={search_term_string}\"},\"query-input\":{\"@type\":\"PropertyValueSpecification\",\"valueRequired\":true,\"valueName\":\"search_term_string\"}}],\"inLanguage\":\"fr-FR\"},{\"@type\":\"Organization\",\"@id\":\"https:\/\/www.ondernemendvenlo.nl\/#organization\",\"name\":\"Ondernemend Venlo\",\"url\":\"https:\/\/www.ondernemendvenlo.nl\/\",\"logo\":{\"@type\":\"ImageObject\",\"inLanguage\":\"fr-FR\",\"@id\":\"https:\/\/www.ondernemendvenlo.nl\/#\/schema\/logo\/image\/\",\"url\":\"https:\/\/www.ondernemendvenlo.nl\/wp-content\/uploads\/2025\/02\/Ondernemend-Venlo-logo-scaled.webp\",\"contentUrl\":\"https:\/\/www.ondernemendvenlo.nl\/wp-content\/uploads\/2025\/02\/Ondernemend-Venlo-logo-scaled.webp\",\"width\":2560,\"height\":1010,\"caption\":\"Ondernemend Venlo\"},\"image\":{\"@id\":\"https:\/\/www.ondernemendvenlo.nl\/#\/schema\/logo\/image\/\"},\"sameAs\":[\"https:\/\/www.linkedin.com\/company\/ondernemend-venlo\/\"]},{\"@type\":\"Person\",\"@id\":\"https:\/\/www.ondernemendvenlo.nl\/#\/schema\/person\/347e935f8ad4c7030608ef74bb57aa6e\",\"name\":\"admin\",\"image\":{\"@type\":\"ImageObject\",\"inLanguage\":\"fr-FR\",\"@id\":\"https:\/\/www.ondernemendvenlo.nl\/#\/schema\/person\/image\/\",\"url\":\"https:\/\/www.ondernemendvenlo.nl\/wp-content\/litespeed\/avatar\/720af750b037aecf6e33e12833479059.jpg?ver=1777382954\",\"contentUrl\":\"https:\/\/www.ondernemendvenlo.nl\/wp-content\/litespeed\/avatar\/720af750b037aecf6e33e12833479059.jpg?ver=1777382954\",\"caption\":\"admin\"},\"sameAs\":[\"https:\/\/www.ondernemendvenlo.nl\"]}]}<\/script>\n<!-- \/ Yoast SEO plugin. -->","yoast_head_json":{"title":"Uitstel indieningstermijn Energiebesparingsverplichting - Ondernemend Venlo","robots":{"index":"index","follow":"follow","max-snippet":"max-snippet:-1","max-image-preview":"max-image-preview:large","max-video-preview":"max-video-preview:-1"},"canonical":"https:\/\/www.ondernemendvenlo.nl\/fr\/uitstel-indieningstermijn-energiebesparingsverplichting\/","og_locale":"fr_FR","og_type":"article","og_title":"Uitstel indieningstermijn Energiebesparingsverplichting - Ondernemend Venlo","og_description":"Uitstel indieningstermijn energiebesparingsverplichting bedrijven 2023. Doordat er veel storingen zijn geweest in het e-loket kunnen heel veel bedrijven en energieadviseurs niet tijdig voldoen. Landelijk is afgesproken dat er tot 1 januari 2024 niet zal worden gehandhaafd op het niet indienen en dat daarmee de bedrijven 1 maand extra tijd krijgen. Mochten bedrijven van mening zijn [&hellip;]","og_url":"https:\/\/www.ondernemendvenlo.nl\/fr\/uitstel-indieningstermijn-energiebesparingsverplichting\/","og_site_name":"Ondernemend Venlo","article_published_time":"2023-12-15T07:26:50+00:00","og_image":[{"width":1920,"height":1080,"url":"https:\/\/www.ondernemendvenlo.nl\/wp-content\/uploads\/2025\/04\/Energiebesparing.jpg","type":"image\/jpeg"}],"author":"admin","twitter_card":"summary_large_image","twitter_misc":{"\u00c9crit par":"admin","Dur\u00e9e de lecture estim\u00e9e":"1 minute"},"schema":{"@context":"https:\/\/schema.org","@graph":[{"@type":"Article","@id":"https:\/\/www.ondernemendvenlo.nl\/uitstel-indieningstermijn-energiebesparingsverplichting\/#article","isPartOf":{"@id":"https:\/\/www.ondernemendvenlo.nl\/uitstel-indieningstermijn-energiebesparingsverplichting\/"},"author":{"name":"admin","@id":"https:\/\/www.ondernemendvenlo.nl\/#\/schema\/person\/347e935f8ad4c7030608ef74bb57aa6e"},"headline":"Uitstel indieningstermijn Energiebesparingsverplichting","datePublished":"2023-12-15T07:26:50+00:00","mainEntityOfPage":{"@id":"https:\/\/www.ondernemendvenlo.nl\/uitstel-indieningstermijn-energiebesparingsverplichting\/"},"wordCount":245,"publisher":{"@id":"https:\/\/www.ondernemendvenlo.nl\/#organization"},"image":{"@id":"https:\/\/www.ondernemendvenlo.nl\/uitstel-indieningstermijn-energiebesparingsverplichting\/#primaryimage"},"thumbnailUrl":"https:\/\/www.ondernemendvenlo.nl\/wp-content\/uploads\/2025\/04\/Energiebesparing.jpg","articleSection":["Nieuws"],"inLanguage":"fr-FR"},{"@type":"WebPage","@id":"https:\/\/www.ondernemendvenlo.nl\/uitstel-indieningstermijn-energiebesparingsverplichting\/","url":"https:\/\/www.ondernemendvenlo.nl\/uitstel-indieningstermijn-energiebesparingsverplichting\/","name":"Uitstel indieningstermijn Energiebesparingsverplichting - Ondernemend Venlo","isPartOf":{"@id":"https:\/\/www.ondernemendvenlo.nl\/#website"},"primaryImageOfPage":{"@id":"https:\/\/www.ondernemendvenlo.nl\/uitstel-indieningstermijn-energiebesparingsverplichting\/#primaryimage"},"image":{"@id":"https:\/\/www.ondernemendvenlo.nl\/uitstel-indieningstermijn-energiebesparingsverplichting\/#primaryimage"},"thumbnailUrl":"https:\/\/www.ondernemendvenlo.nl\/wp-content\/uploads\/2025\/04\/Energiebesparing.jpg","datePublished":"2023-12-15T07:26:50+00:00","breadcrumb":{"@id":"https:\/\/www.ondernemendvenlo.nl\/uitstel-indieningstermijn-energiebesparingsverplichting\/#breadcrumb"},"inLanguage":"fr-FR","potentialAction":[{"@type":"ReadAction","target":["https:\/\/www.ondernemendvenlo.nl\/uitstel-indieningstermijn-energiebesparingsverplichting\/"]}]},{"@type":"ImageObject","inLanguage":"fr-FR","@id":"https:\/\/www.ondernemendvenlo.nl\/uitstel-indieningstermijn-energiebesparingsverplichting\/#primaryimage","url":"https:\/\/www.ondernemendvenlo.nl\/wp-content\/uploads\/2025\/04\/Energiebesparing.jpg","contentUrl":"https:\/\/www.ondernemendvenlo.nl\/wp-content\/uploads\/2025\/04\/Energiebesparing.jpg","width":1920,"height":1080},{"@type":"BreadcrumbList","@id":"https:\/\/www.ondernemendvenlo.nl\/uitstel-indieningstermijn-energiebesparingsverplichting\/#breadcrumb","itemListElement":[{"@type":"ListItem","position":1,"name":"Ondernemend Venlo","item":"https:\/\/www.ondernemendvenlo.nl\/"},{"@type":"ListItem","position":2,"name":"Nieuws","item":"https:\/\/www.ondernemendvenlo.nl\/categorie\/nieuws\/"},{"@type":"ListItem","position":3,"name":"Uitstel indieningstermijn Energiebesparingsverplichting"}]},{"@type":"WebSite","@id":"https:\/\/www.ondernemendvenlo.nl\/#website","url":"https:\/\/www.ondernemendvenlo.nl\/","name":"Venlo entrepreneurial","description":"Travailler ensemble avec succ\u00e8s","publisher":{"@id":"https:\/\/www.ondernemendvenlo.nl\/#organization"},"potentialAction":[{"@type":"SearchAction","target":{"@type":"EntryPoint","urlTemplate":"https:\/\/www.ondernemendvenlo.nl\/?s={search_term_string}"},"query-input":{"@type":"PropertyValueSpecification","valueRequired":true,"valueName":"search_term_string"}}],"inLanguage":"fr-FR"},{"@type":"Organization","@id":"https:\/\/www.ondernemendvenlo.nl\/#organization","name":"Venlo entrepreneurial","url":"https:\/\/www.ondernemendvenlo.nl\/","logo":{"@type":"ImageObject","inLanguage":"fr-FR","@id":"https:\/\/www.ondernemendvenlo.nl\/#\/schema\/logo\/image\/","url":"https:\/\/www.ondernemendvenlo.nl\/wp-content\/uploads\/2025\/02\/Ondernemend-Venlo-logo-scaled.webp","contentUrl":"https:\/\/www.ondernemendvenlo.nl\/wp-content\/uploads\/2025\/02\/Ondernemend-Venlo-logo-scaled.webp","width":2560,"height":1010,"caption":"Ondernemend Venlo"},"image":{"@id":"https:\/\/www.ondernemendvenlo.nl\/#\/schema\/logo\/image\/"},"sameAs":["https:\/\/www.linkedin.com\/company\/ondernemend-venlo\/"]},{"@type":"Person","@id":"https:\/\/www.ondernemendvenlo.nl\/#\/schema\/person\/347e935f8ad4c7030608ef74bb57aa6e","name":"admin","image":{"@type":"ImageObject","inLanguage":"fr-FR","@id":"https:\/\/www.ondernemendvenlo.nl\/#\/schema\/person\/image\/","url":"https:\/\/www.ondernemendvenlo.nl\/wp-content\/litespeed\/avatar\/720af750b037aecf6e33e12833479059.jpg?ver=1777382954","contentUrl":"https:\/\/www.ondernemendvenlo.nl\/wp-content\/litespeed\/avatar\/720af750b037aecf6e33e12833479059.jpg?ver=1777382954","caption":"admin"},"sameAs":["https:\/\/www.ondernemendvenlo.nl"]}]}},"_links":{"self":[{"href":"https:\/\/www.ondernemendvenlo.nl\/fr\/wp-json\/wp\/v2\/posts\/3062","targetHints":{"allow":["GET"]}}],"collection":[{"href":"https:\/\/www.ondernemendvenlo.nl\/fr\/wp-json\/wp\/v2\/posts"}],"about":[{"href":"https:\/\/www.ondernemendvenlo.nl\/fr\/wp-json\/wp\/v2\/types\/post"}],"author":[{"embeddable":true,"href":"https:\/\/www.ondernemendvenlo.nl\/fr\/wp-json\/wp\/v2\/users\/1"}],"replies":[{"embeddable":true,"href":"https:\/\/www.ondernemendvenlo.nl\/fr\/wp-json\/wp\/v2\/comments?post=3062"}],"version-history":[{"count":0,"href":"https:\/\/www.ondernemendvenlo.nl\/fr\/wp-json\/wp\/v2\/posts\/3062\/revisions"}],"wp:featuredmedia":[{"embeddable":true,"href":"https:\/\/www.ondernemendvenlo.nl\/fr\/wp-json\/wp\/v2\/media\/3063"}],"wp:attachment":[{"href":"https:\/\/www.ondernemendvenlo.nl\/fr\/wp-json\/wp\/v2\/media?parent=3062"}],"wp:term":[{"taxonomy":"category","embeddable":true,"href":"https:\/\/www.ondernemendvenlo.nl\/fr\/wp-json\/wp\/v2\/categories?post=3062"},{"taxonomy":"post_tag","embeddable":true,"href":"https:\/\/www.ondernemendvenlo.nl\/fr\/wp-json\/wp\/v2\/tags?post=3062"}],"curies":[{"name":"wp","href":"https:\/\/api.w.org\/{rel}","templated":true}]}}