{"id":3064,"date":"2023-12-15T08:44:15","date_gmt":"2023-12-15T07:44:15","guid":{"rendered":"https:\/\/www.ondernemendvenlo.nl\/update-project-cyberbewust-venlo\/"},"modified":"2023-12-15T08:44:15","modified_gmt":"2023-12-15T07:44:15","slug":"update-project-cyberbewust-venlo","status":"publish","type":"post","link":"https:\/\/www.ondernemendvenlo.nl\/fr\/update-project-cyberbewust-venlo\/","title":{"rendered":"Mise \u00e0 jour du projet CyberAware Venlo"},"content":{"rendered":"<p style=\"font-weight: 400;\"><strong>Ondernemend Venlo maakt zich sterk voor de bij hun aangesloten ondernemers. Ondermeer op het gebied van cyber security, zodat de ondernemers optimaal op een zo veilig mogelijke wijze kunnen functioneren. Daarom hebben we in samenwerking met Platform Veilig Ondernemen Nederland afdeling Limburg, ZeroPlex en Koenen en Co de nieuwe tool \u2018CyberBewust Venlo\u2019 ontwikkeld om onze ondernemers te helpen zich beter te wapenen tegen cybercrime. Sinds de start van het project, in september 2023, zijn er 28 deelnemers die gratis deelnemen aan de pilot.<\/strong><\/p>\n<p style=\"font-weight: 400;\">Om u een beeld te geven wat er al bereikt is geven we hier een beknopt overzicht:<\/p>\n<p style=\"font-weight: 400;\"><strong>Er zijn diverse <u>webinars<\/u> georganiseerd om de deelnemers van <u>informatie<\/u> te voorzien<\/strong><br \/>\n&#8211; De politie heeft gesproken over het aangifte proces.<br \/>\n&#8211; Er zijn vragen beantwoord van deelnemers over beveiligingsmaatregelen die ze kunnen nemen.<\/p>\n<p style=\"font-weight: 400;\"><strong>ZeroPlex heeft een <u>kwetsbaarhedenscan<\/u> gedaan.<br \/>\n<\/strong>&#8211; Bij 45% van de deelnemers zijn daadwerkelijk kwetsbaarheden gevonden.<br \/>\n&#8211; Deze punten zijn besproken met de deelnemer zodat ze zich beter kunnen beveiligen.<br \/>\n&#8211; Veel positieve reacties omdat dit hele concrete, en relevante acties levert.<\/p>\n<p style=\"font-weight: 400;\">Begin 2024 vindt een 2<sup>e<\/sup> kwetsbaarheidsscan plaats om te kijken wat de invloed van dit project tot dan toe heeft opgeleverd.<\/p>\n<p style=\"font-weight: 400;\">Koenen en Co en ZeroPlex plannen hiervoor <u>1-op-1 vragenuurtjes<\/u> in met deelnemende partijen. Dankzij deze zogenaamde &#8216;huisarts spreekuren&#8217; kunnen deelnemers persoonlijk advies krijgen. Voor informatie over deze pilot kunt u contact opnemen met <a href=\"https:\/\/www.ondernemendvenlo.nl\/fr\/parkmanager\/\">parkmanager Lidy Rutten<\/a>.<\/p>","protected":false},"excerpt":{"rendered":"<p>Ondernemend Venlo maakt zich sterk voor de bij hun aangesloten ondernemers. Ondermeer op het gebied van cyber security, zodat de ondernemers optimaal op een zo veilig mogelijke wijze kunnen functioneren. Daarom hebben we in samenwerking met Platform Veilig Ondernemen Nederland afdeling Limburg, ZeroPlex en Koenen en Co de nieuwe tool \u2018CyberBewust Venlo\u2019 ontwikkeld om onze [&hellip;]<\/p>","protected":false},"author":1,"featured_media":3065,"comment_status":"closed","ping_status":"open","sticky":false,"template":"","format":"standard","meta":{"_acf_changed":false,"footnotes":""},"categories":[8],"tags":[],"class_list":["post-3064","post","type-post","status-publish","format-standard","has-post-thumbnail","hentry","category-nieuws"],"acf":[],"yoast_head":"<!-- This site is optimized with the Yoast SEO plugin v26.3 - https:\/\/yoast.com\/wordpress\/plugins\/seo\/ -->\n<title>Update project CyberBewust Venlo - Ondernemend Venlo<\/title>\n<meta name=\"robots\" content=\"index, follow, max-snippet:-1, max-image-preview:large, max-video-preview:-1\" \/>\n<link rel=\"canonical\" href=\"https:\/\/www.ondernemendvenlo.nl\/fr\/update-project-cyberbewust-venlo\/\" \/>\n<meta property=\"og:locale\" content=\"fr_FR\" \/>\n<meta property=\"og:type\" content=\"article\" \/>\n<meta property=\"og:title\" content=\"Update project CyberBewust Venlo - Ondernemend Venlo\" \/>\n<meta property=\"og:description\" content=\"Ondernemend Venlo maakt zich sterk voor de bij hun aangesloten ondernemers. Ondermeer op het gebied van cyber security, zodat de ondernemers optimaal op een zo veilig mogelijke wijze kunnen functioneren. Daarom hebben we in samenwerking met Platform Veilig Ondernemen Nederland afdeling Limburg, ZeroPlex en Koenen en Co de nieuwe tool \u2018CyberBewust Venlo\u2019 ontwikkeld om onze [&hellip;]\" \/>\n<meta property=\"og:url\" content=\"https:\/\/www.ondernemendvenlo.nl\/fr\/update-project-cyberbewust-venlo\/\" \/>\n<meta property=\"og:site_name\" content=\"Ondernemend Venlo\" \/>\n<meta property=\"article:published_time\" content=\"2023-12-15T07:44:15+00:00\" \/>\n<meta property=\"og:image\" content=\"https:\/\/www.ondernemendvenlo.nl\/wp-content\/uploads\/2025\/04\/CiberBewustVenlo-1.jpg\" \/>\n\t<meta property=\"og:image:width\" content=\"1920\" \/>\n\t<meta property=\"og:image:height\" content=\"1080\" \/>\n\t<meta property=\"og:image:type\" content=\"image\/jpeg\" \/>\n<meta name=\"author\" content=\"admin\" \/>\n<meta name=\"twitter:card\" content=\"summary_large_image\" \/>\n<meta name=\"twitter:label1\" content=\"\u00c9crit par\" \/>\n\t<meta name=\"twitter:data1\" content=\"admin\" \/>\n\t<meta name=\"twitter:label2\" content=\"Dur\u00e9e de lecture estim\u00e9e\" \/>\n\t<meta name=\"twitter:data2\" content=\"1 minute\" \/>\n<script type=\"application\/ld+json\" class=\"yoast-schema-graph\">{\"@context\":\"https:\/\/schema.org\",\"@graph\":[{\"@type\":\"Article\",\"@id\":\"https:\/\/www.ondernemendvenlo.nl\/update-project-cyberbewust-venlo\/#article\",\"isPartOf\":{\"@id\":\"https:\/\/www.ondernemendvenlo.nl\/update-project-cyberbewust-venlo\/\"},\"author\":{\"name\":\"admin\",\"@id\":\"https:\/\/www.ondernemendvenlo.nl\/#\/schema\/person\/347e935f8ad4c7030608ef74bb57aa6e\"},\"headline\":\"Update project CyberBewust Venlo\",\"datePublished\":\"2023-12-15T07:44:15+00:00\",\"mainEntityOfPage\":{\"@id\":\"https:\/\/www.ondernemendvenlo.nl\/update-project-cyberbewust-venlo\/\"},\"wordCount\":232,\"publisher\":{\"@id\":\"https:\/\/www.ondernemendvenlo.nl\/#organization\"},\"image\":{\"@id\":\"https:\/\/www.ondernemendvenlo.nl\/update-project-cyberbewust-venlo\/#primaryimage\"},\"thumbnailUrl\":\"https:\/\/www.ondernemendvenlo.nl\/wp-content\/uploads\/2025\/04\/CiberBewustVenlo-1.jpg\",\"articleSection\":[\"Nieuws\"],\"inLanguage\":\"fr-FR\"},{\"@type\":\"WebPage\",\"@id\":\"https:\/\/www.ondernemendvenlo.nl\/update-project-cyberbewust-venlo\/\",\"url\":\"https:\/\/www.ondernemendvenlo.nl\/update-project-cyberbewust-venlo\/\",\"name\":\"Update project CyberBewust Venlo - Ondernemend Venlo\",\"isPartOf\":{\"@id\":\"https:\/\/www.ondernemendvenlo.nl\/#website\"},\"primaryImageOfPage\":{\"@id\":\"https:\/\/www.ondernemendvenlo.nl\/update-project-cyberbewust-venlo\/#primaryimage\"},\"image\":{\"@id\":\"https:\/\/www.ondernemendvenlo.nl\/update-project-cyberbewust-venlo\/#primaryimage\"},\"thumbnailUrl\":\"https:\/\/www.ondernemendvenlo.nl\/wp-content\/uploads\/2025\/04\/CiberBewustVenlo-1.jpg\",\"datePublished\":\"2023-12-15T07:44:15+00:00\",\"breadcrumb\":{\"@id\":\"https:\/\/www.ondernemendvenlo.nl\/update-project-cyberbewust-venlo\/#breadcrumb\"},\"inLanguage\":\"fr-FR\",\"potentialAction\":[{\"@type\":\"ReadAction\",\"target\":[\"https:\/\/www.ondernemendvenlo.nl\/update-project-cyberbewust-venlo\/\"]}]},{\"@type\":\"ImageObject\",\"inLanguage\":\"fr-FR\",\"@id\":\"https:\/\/www.ondernemendvenlo.nl\/update-project-cyberbewust-venlo\/#primaryimage\",\"url\":\"https:\/\/www.ondernemendvenlo.nl\/wp-content\/uploads\/2025\/04\/CiberBewustVenlo-1.jpg\",\"contentUrl\":\"https:\/\/www.ondernemendvenlo.nl\/wp-content\/uploads\/2025\/04\/CiberBewustVenlo-1.jpg\",\"width\":1920,\"height\":1080},{\"@type\":\"BreadcrumbList\",\"@id\":\"https:\/\/www.ondernemendvenlo.nl\/update-project-cyberbewust-venlo\/#breadcrumb\",\"itemListElement\":[{\"@type\":\"ListItem\",\"position\":1,\"name\":\"Ondernemend Venlo\",\"item\":\"https:\/\/www.ondernemendvenlo.nl\/\"},{\"@type\":\"ListItem\",\"position\":2,\"name\":\"Nieuws\",\"item\":\"https:\/\/www.ondernemendvenlo.nl\/categorie\/nieuws\/\"},{\"@type\":\"ListItem\",\"position\":3,\"name\":\"Update project CyberBewust Venlo\"}]},{\"@type\":\"WebSite\",\"@id\":\"https:\/\/www.ondernemendvenlo.nl\/#website\",\"url\":\"https:\/\/www.ondernemendvenlo.nl\/\",\"name\":\"Ondernemend Venlo\",\"description\":\"Samen succesvol ondernemen\",\"publisher\":{\"@id\":\"https:\/\/www.ondernemendvenlo.nl\/#organization\"},\"potentialAction\":[{\"@type\":\"SearchAction\",\"target\":{\"@type\":\"EntryPoint\",\"urlTemplate\":\"https:\/\/www.ondernemendvenlo.nl\/?s={search_term_string}\"},\"query-input\":{\"@type\":\"PropertyValueSpecification\",\"valueRequired\":true,\"valueName\":\"search_term_string\"}}],\"inLanguage\":\"fr-FR\"},{\"@type\":\"Organization\",\"@id\":\"https:\/\/www.ondernemendvenlo.nl\/#organization\",\"name\":\"Ondernemend Venlo\",\"url\":\"https:\/\/www.ondernemendvenlo.nl\/\",\"logo\":{\"@type\":\"ImageObject\",\"inLanguage\":\"fr-FR\",\"@id\":\"https:\/\/www.ondernemendvenlo.nl\/#\/schema\/logo\/image\/\",\"url\":\"https:\/\/www.ondernemendvenlo.nl\/wp-content\/uploads\/2025\/02\/Ondernemend-Venlo-logo-scaled.webp\",\"contentUrl\":\"https:\/\/www.ondernemendvenlo.nl\/wp-content\/uploads\/2025\/02\/Ondernemend-Venlo-logo-scaled.webp\",\"width\":2560,\"height\":1010,\"caption\":\"Ondernemend Venlo\"},\"image\":{\"@id\":\"https:\/\/www.ondernemendvenlo.nl\/#\/schema\/logo\/image\/\"},\"sameAs\":[\"https:\/\/www.linkedin.com\/company\/ondernemend-venlo\/\"]},{\"@type\":\"Person\",\"@id\":\"https:\/\/www.ondernemendvenlo.nl\/#\/schema\/person\/347e935f8ad4c7030608ef74bb57aa6e\",\"name\":\"admin\",\"image\":{\"@type\":\"ImageObject\",\"inLanguage\":\"fr-FR\",\"@id\":\"https:\/\/www.ondernemendvenlo.nl\/#\/schema\/person\/image\/\",\"url\":\"https:\/\/www.ondernemendvenlo.nl\/wp-content\/litespeed\/avatar\/720af750b037aecf6e33e12833479059.jpg?ver=1777382954\",\"contentUrl\":\"https:\/\/www.ondernemendvenlo.nl\/wp-content\/litespeed\/avatar\/720af750b037aecf6e33e12833479059.jpg?ver=1777382954\",\"caption\":\"admin\"},\"sameAs\":[\"https:\/\/www.ondernemendvenlo.nl\"]}]}<\/script>\n<!-- \/ Yoast SEO plugin. -->","yoast_head_json":{"title":"Update project CyberBewust Venlo - Ondernemend Venlo","robots":{"index":"index","follow":"follow","max-snippet":"max-snippet:-1","max-image-preview":"max-image-preview:large","max-video-preview":"max-video-preview:-1"},"canonical":"https:\/\/www.ondernemendvenlo.nl\/fr\/update-project-cyberbewust-venlo\/","og_locale":"fr_FR","og_type":"article","og_title":"Update project CyberBewust Venlo - Ondernemend Venlo","og_description":"Ondernemend Venlo maakt zich sterk voor de bij hun aangesloten ondernemers. Ondermeer op het gebied van cyber security, zodat de ondernemers optimaal op een zo veilig mogelijke wijze kunnen functioneren. Daarom hebben we in samenwerking met Platform Veilig Ondernemen Nederland afdeling Limburg, ZeroPlex en Koenen en Co de nieuwe tool \u2018CyberBewust Venlo\u2019 ontwikkeld om onze [&hellip;]","og_url":"https:\/\/www.ondernemendvenlo.nl\/fr\/update-project-cyberbewust-venlo\/","og_site_name":"Ondernemend Venlo","article_published_time":"2023-12-15T07:44:15+00:00","og_image":[{"width":1920,"height":1080,"url":"https:\/\/www.ondernemendvenlo.nl\/wp-content\/uploads\/2025\/04\/CiberBewustVenlo-1.jpg","type":"image\/jpeg"}],"author":"admin","twitter_card":"summary_large_image","twitter_misc":{"\u00c9crit par":"admin","Dur\u00e9e de lecture estim\u00e9e":"1 minute"},"schema":{"@context":"https:\/\/schema.org","@graph":[{"@type":"Article","@id":"https:\/\/www.ondernemendvenlo.nl\/update-project-cyberbewust-venlo\/#article","isPartOf":{"@id":"https:\/\/www.ondernemendvenlo.nl\/update-project-cyberbewust-venlo\/"},"author":{"name":"admin","@id":"https:\/\/www.ondernemendvenlo.nl\/#\/schema\/person\/347e935f8ad4c7030608ef74bb57aa6e"},"headline":"Update project CyberBewust Venlo","datePublished":"2023-12-15T07:44:15+00:00","mainEntityOfPage":{"@id":"https:\/\/www.ondernemendvenlo.nl\/update-project-cyberbewust-venlo\/"},"wordCount":232,"publisher":{"@id":"https:\/\/www.ondernemendvenlo.nl\/#organization"},"image":{"@id":"https:\/\/www.ondernemendvenlo.nl\/update-project-cyberbewust-venlo\/#primaryimage"},"thumbnailUrl":"https:\/\/www.ondernemendvenlo.nl\/wp-content\/uploads\/2025\/04\/CiberBewustVenlo-1.jpg","articleSection":["Nieuws"],"inLanguage":"fr-FR"},{"@type":"WebPage","@id":"https:\/\/www.ondernemendvenlo.nl\/update-project-cyberbewust-venlo\/","url":"https:\/\/www.ondernemendvenlo.nl\/update-project-cyberbewust-venlo\/","name":"Update project CyberBewust Venlo - Ondernemend Venlo","isPartOf":{"@id":"https:\/\/www.ondernemendvenlo.nl\/#website"},"primaryImageOfPage":{"@id":"https:\/\/www.ondernemendvenlo.nl\/update-project-cyberbewust-venlo\/#primaryimage"},"image":{"@id":"https:\/\/www.ondernemendvenlo.nl\/update-project-cyberbewust-venlo\/#primaryimage"},"thumbnailUrl":"https:\/\/www.ondernemendvenlo.nl\/wp-content\/uploads\/2025\/04\/CiberBewustVenlo-1.jpg","datePublished":"2023-12-15T07:44:15+00:00","breadcrumb":{"@id":"https:\/\/www.ondernemendvenlo.nl\/update-project-cyberbewust-venlo\/#breadcrumb"},"inLanguage":"fr-FR","potentialAction":[{"@type":"ReadAction","target":["https:\/\/www.ondernemendvenlo.nl\/update-project-cyberbewust-venlo\/"]}]},{"@type":"ImageObject","inLanguage":"fr-FR","@id":"https:\/\/www.ondernemendvenlo.nl\/update-project-cyberbewust-venlo\/#primaryimage","url":"https:\/\/www.ondernemendvenlo.nl\/wp-content\/uploads\/2025\/04\/CiberBewustVenlo-1.jpg","contentUrl":"https:\/\/www.ondernemendvenlo.nl\/wp-content\/uploads\/2025\/04\/CiberBewustVenlo-1.jpg","width":1920,"height":1080},{"@type":"BreadcrumbList","@id":"https:\/\/www.ondernemendvenlo.nl\/update-project-cyberbewust-venlo\/#breadcrumb","itemListElement":[{"@type":"ListItem","position":1,"name":"Ondernemend Venlo","item":"https:\/\/www.ondernemendvenlo.nl\/"},{"@type":"ListItem","position":2,"name":"Nieuws","item":"https:\/\/www.ondernemendvenlo.nl\/categorie\/nieuws\/"},{"@type":"ListItem","position":3,"name":"Update project CyberBewust Venlo"}]},{"@type":"WebSite","@id":"https:\/\/www.ondernemendvenlo.nl\/#website","url":"https:\/\/www.ondernemendvenlo.nl\/","name":"Venlo entrepreneurial","description":"Travailler ensemble avec succ\u00e8s","publisher":{"@id":"https:\/\/www.ondernemendvenlo.nl\/#organization"},"potentialAction":[{"@type":"SearchAction","target":{"@type":"EntryPoint","urlTemplate":"https:\/\/www.ondernemendvenlo.nl\/?s={search_term_string}"},"query-input":{"@type":"PropertyValueSpecification","valueRequired":true,"valueName":"search_term_string"}}],"inLanguage":"fr-FR"},{"@type":"Organization","@id":"https:\/\/www.ondernemendvenlo.nl\/#organization","name":"Venlo entrepreneurial","url":"https:\/\/www.ondernemendvenlo.nl\/","logo":{"@type":"ImageObject","inLanguage":"fr-FR","@id":"https:\/\/www.ondernemendvenlo.nl\/#\/schema\/logo\/image\/","url":"https:\/\/www.ondernemendvenlo.nl\/wp-content\/uploads\/2025\/02\/Ondernemend-Venlo-logo-scaled.webp","contentUrl":"https:\/\/www.ondernemendvenlo.nl\/wp-content\/uploads\/2025\/02\/Ondernemend-Venlo-logo-scaled.webp","width":2560,"height":1010,"caption":"Ondernemend Venlo"},"image":{"@id":"https:\/\/www.ondernemendvenlo.nl\/#\/schema\/logo\/image\/"},"sameAs":["https:\/\/www.linkedin.com\/company\/ondernemend-venlo\/"]},{"@type":"Person","@id":"https:\/\/www.ondernemendvenlo.nl\/#\/schema\/person\/347e935f8ad4c7030608ef74bb57aa6e","name":"admin","image":{"@type":"ImageObject","inLanguage":"fr-FR","@id":"https:\/\/www.ondernemendvenlo.nl\/#\/schema\/person\/image\/","url":"https:\/\/www.ondernemendvenlo.nl\/wp-content\/litespeed\/avatar\/720af750b037aecf6e33e12833479059.jpg?ver=1777382954","contentUrl":"https:\/\/www.ondernemendvenlo.nl\/wp-content\/litespeed\/avatar\/720af750b037aecf6e33e12833479059.jpg?ver=1777382954","caption":"admin"},"sameAs":["https:\/\/www.ondernemendvenlo.nl"]}]}},"_links":{"self":[{"href":"https:\/\/www.ondernemendvenlo.nl\/fr\/wp-json\/wp\/v2\/posts\/3064","targetHints":{"allow":["GET"]}}],"collection":[{"href":"https:\/\/www.ondernemendvenlo.nl\/fr\/wp-json\/wp\/v2\/posts"}],"about":[{"href":"https:\/\/www.ondernemendvenlo.nl\/fr\/wp-json\/wp\/v2\/types\/post"}],"author":[{"embeddable":true,"href":"https:\/\/www.ondernemendvenlo.nl\/fr\/wp-json\/wp\/v2\/users\/1"}],"replies":[{"embeddable":true,"href":"https:\/\/www.ondernemendvenlo.nl\/fr\/wp-json\/wp\/v2\/comments?post=3064"}],"version-history":[{"count":0,"href":"https:\/\/www.ondernemendvenlo.nl\/fr\/wp-json\/wp\/v2\/posts\/3064\/revisions"}],"wp:featuredmedia":[{"embeddable":true,"href":"https:\/\/www.ondernemendvenlo.nl\/fr\/wp-json\/wp\/v2\/media\/3065"}],"wp:attachment":[{"href":"https:\/\/www.ondernemendvenlo.nl\/fr\/wp-json\/wp\/v2\/media?parent=3064"}],"wp:term":[{"taxonomy":"category","embeddable":true,"href":"https:\/\/www.ondernemendvenlo.nl\/fr\/wp-json\/wp\/v2\/categories?post=3064"},{"taxonomy":"post_tag","embeddable":true,"href":"https:\/\/www.ondernemendvenlo.nl\/fr\/wp-json\/wp\/v2\/tags?post=3064"}],"curies":[{"name":"wp","href":"https:\/\/api.w.org\/{rel}","templated":true}]}}