{"id":3122,"date":"2024-04-25T14:06:48","date_gmt":"2024-04-25T12:06:48","guid":{"rendered":"https:\/\/www.ondernemendvenlo.nl\/a73-tunnelrenovatie-april-2024\/"},"modified":"2024-04-25T14:06:48","modified_gmt":"2024-04-25T12:06:48","slug":"a73-tunnelrenovatie-april-2024","status":"publish","type":"post","link":"https:\/\/www.ondernemendvenlo.nl\/fr\/a73-tunnelrenovatie-april-2024\/","title":{"rendered":"R\u00e9novation du tunnel de l'A73 Avril 2024"},"content":{"rendered":"<p><strong>L'heure de pointe du soir sur les routes n\u00e9erlandaises devrait \u00eatre plus charg\u00e9e que d'habitude le jeudi 25 et le vendredi 26 avril. Rijkswaterstaat conseille donc aux usagers de la route de sortir en dehors des heures de pointe et de v\u00e9rifier leur itin\u00e9raire \u00e0 l'avance.<\/strong><\/p>\n<p><strong>Les tunnels de l'A73 fermeront \u00e0 19 heures le vendredi 26 avril apr\u00e8s l'heure de pointe jusqu'\u00e0 6 heures le lundi 29 avril. <\/strong>Pendant la fermeture du week-end, des itin\u00e9raires de d\u00e9viation s'appliquent - suivez les panneaux jaunes familiers - via l'A67, l'A2 et la N273. En Allemagne, via l'A61, voir \u00e9galement les cartes de d\u00e9viation ci-dessous :<\/p>\n<p><img fetchpriority=\"high\" decoding=\"async\" class=\"alignnone size-full wp-image-21608\" src=\"https:\/\/www.ondernemendvenlo.nl\/wp-content\/uploads\/2025\/04\/TunnelRen_Map1.jpg\" alt=\"\" width=\"1920\" height=\"1113\" \/><\/p>\n<p>&nbsp;<\/p>\n<p><img decoding=\"async\" class=\"alignnone size-full wp-image-21609\" src=\"https:\/\/www.ondernemendvenlo.nl\/wp-content\/uploads\/2025\/04\/TunnelRen_Map2.jpg\" alt=\"\" width=\"1920\" height=\"1113\" \/><\/p>\n<p style=\"font-weight: 400;\">Les fermetures nocturnes du deuxi\u00e8me tunnel auront lieu du lundi 13 au samedi 18 mai.<br \/>\nVous pouvez voir le reste de l'horaire en cliquant sur <a href=\"https:\/\/www.middenlimburgbereikbaar.nl\/a73-tunnelrenovatie\/\"><em><strong>cliquez sur ce lien<\/strong><\/em><\/a>.<\/p>\n<p style=\"font-weight: 400;\"><strong>R\u00e9novation du tunnel de l'A73 \u00c9t\u00e9 2024<\/strong><br \/>\nRijkswaterstaat entamera ce printemps la deuxi\u00e8me phase des travaux d'entretien majeurs sur le Roertunnel et le Tunnel Swalmen (A73).<br \/>\nLa premi\u00e8re partie des travaux a eu lieu en 2023 et cette ann\u00e9e, les travaux de r\u00e9novation seront achev\u00e9s pendant les mois d'\u00e9t\u00e9.<\/p>\n<p><a href=\"https:\/\/middenlimburgbereikbaar.us3.list-manage.com\/track\/click?u=10de8758176a3ff16f6732133&amp;id=504d2e1015&amp;e=2cd2f2ad26\" data-outlook-id=\"0a809e1e-b05a-48cd-af68-133a470b51cd\"><strong>Consultez toutes les informations \u00e0 l'adresse suivante : middenlimburgbereikbaar.nl\/a73-tunnelrenovation<\/strong><\/a><\/p>","protected":false},"excerpt":{"rendered":"<p>Naar verwachting wordt de avondspits op de Nederlandse wegen donderdag 25 en vrijdag 26 april drukker dan anders. Rijkswaterstaat raadt daarom weggebruikers aan buiten de spits op pad te gaan en vooraf je route te checken. De A73 Tunnels sluiten vrijdag 26 april na de spits om 19.00 uur tot maandag 29 april 6.00 uur. [&hellip;]<\/p>","protected":false},"author":1,"featured_media":3123,"comment_status":"closed","ping_status":"open","sticky":false,"template":"","format":"standard","meta":{"_acf_changed":false,"footnotes":""},"categories":[8],"tags":[],"class_list":["post-3122","post","type-post","status-publish","format-standard","has-post-thumbnail","hentry","category-nieuws"],"acf":[],"yoast_head":"<!-- This site is optimized with the Yoast SEO plugin v26.3 - https:\/\/yoast.com\/wordpress\/plugins\/seo\/ -->\n<title>A73 Tunnelrenovatie april 2024 - Ondernemend Venlo<\/title>\n<meta name=\"robots\" content=\"index, follow, max-snippet:-1, max-image-preview:large, max-video-preview:-1\" \/>\n<link rel=\"canonical\" href=\"https:\/\/www.ondernemendvenlo.nl\/fr\/a73-tunnelrenovatie-april-2024\/\" \/>\n<meta property=\"og:locale\" content=\"fr_FR\" \/>\n<meta property=\"og:type\" content=\"article\" \/>\n<meta property=\"og:title\" content=\"A73 Tunnelrenovatie april 2024 - Ondernemend Venlo\" \/>\n<meta property=\"og:description\" content=\"Naar verwachting wordt de avondspits op de Nederlandse wegen donderdag 25 en vrijdag 26 april drukker dan anders. Rijkswaterstaat raadt daarom weggebruikers aan buiten de spits op pad te gaan en vooraf je route te checken. De A73 Tunnels sluiten vrijdag 26 april na de spits om 19.00 uur tot maandag 29 april 6.00 uur. [&hellip;]\" \/>\n<meta property=\"og:url\" content=\"https:\/\/www.ondernemendvenlo.nl\/fr\/a73-tunnelrenovatie-april-2024\/\" \/>\n<meta property=\"og:site_name\" content=\"Ondernemend Venlo\" \/>\n<meta property=\"article:published_time\" content=\"2024-04-25T12:06:48+00:00\" \/>\n<meta property=\"og:image\" content=\"https:\/\/www.ondernemendvenlo.nl\/wp-content\/uploads\/2025\/04\/TunnelRen_Map1.jpg\" \/>\n\t<meta property=\"og:image:width\" content=\"1920\" \/>\n\t<meta property=\"og:image:height\" content=\"1113\" \/>\n\t<meta property=\"og:image:type\" content=\"image\/jpeg\" \/>\n<meta name=\"author\" content=\"admin\" \/>\n<meta name=\"twitter:card\" content=\"summary_large_image\" \/>\n<meta name=\"twitter:label1\" content=\"\u00c9crit par\" \/>\n\t<meta name=\"twitter:data1\" content=\"admin\" \/>\n\t<meta name=\"twitter:label2\" content=\"Dur\u00e9e de lecture estim\u00e9e\" \/>\n\t<meta name=\"twitter:data2\" content=\"1 minute\" \/>\n<script type=\"application\/ld+json\" class=\"yoast-schema-graph\">{\"@context\":\"https:\/\/schema.org\",\"@graph\":[{\"@type\":\"Article\",\"@id\":\"https:\/\/www.ondernemendvenlo.nl\/a73-tunnelrenovatie-april-2024\/#article\",\"isPartOf\":{\"@id\":\"https:\/\/www.ondernemendvenlo.nl\/a73-tunnelrenovatie-april-2024\/\"},\"author\":{\"name\":\"admin\",\"@id\":\"https:\/\/www.ondernemendvenlo.nl\/#\/schema\/person\/347e935f8ad4c7030608ef74bb57aa6e\"},\"headline\":\"A73 Tunnelrenovatie april 2024\",\"datePublished\":\"2024-04-25T12:06:48+00:00\",\"mainEntityOfPage\":{\"@id\":\"https:\/\/www.ondernemendvenlo.nl\/a73-tunnelrenovatie-april-2024\/\"},\"wordCount\":158,\"publisher\":{\"@id\":\"https:\/\/www.ondernemendvenlo.nl\/#organization\"},\"image\":{\"@id\":\"https:\/\/www.ondernemendvenlo.nl\/a73-tunnelrenovatie-april-2024\/#primaryimage\"},\"thumbnailUrl\":\"https:\/\/www.ondernemendvenlo.nl\/wp-content\/uploads\/2025\/04\/TunnelRen_Map1.jpg\",\"articleSection\":[\"Nieuws\"],\"inLanguage\":\"fr-FR\"},{\"@type\":\"WebPage\",\"@id\":\"https:\/\/www.ondernemendvenlo.nl\/a73-tunnelrenovatie-april-2024\/\",\"url\":\"https:\/\/www.ondernemendvenlo.nl\/a73-tunnelrenovatie-april-2024\/\",\"name\":\"A73 Tunnelrenovatie april 2024 - Ondernemend Venlo\",\"isPartOf\":{\"@id\":\"https:\/\/www.ondernemendvenlo.nl\/#website\"},\"primaryImageOfPage\":{\"@id\":\"https:\/\/www.ondernemendvenlo.nl\/a73-tunnelrenovatie-april-2024\/#primaryimage\"},\"image\":{\"@id\":\"https:\/\/www.ondernemendvenlo.nl\/a73-tunnelrenovatie-april-2024\/#primaryimage\"},\"thumbnailUrl\":\"https:\/\/www.ondernemendvenlo.nl\/wp-content\/uploads\/2025\/04\/TunnelRen_Map1.jpg\",\"datePublished\":\"2024-04-25T12:06:48+00:00\",\"breadcrumb\":{\"@id\":\"https:\/\/www.ondernemendvenlo.nl\/a73-tunnelrenovatie-april-2024\/#breadcrumb\"},\"inLanguage\":\"fr-FR\",\"potentialAction\":[{\"@type\":\"ReadAction\",\"target\":[\"https:\/\/www.ondernemendvenlo.nl\/a73-tunnelrenovatie-april-2024\/\"]}]},{\"@type\":\"ImageObject\",\"inLanguage\":\"fr-FR\",\"@id\":\"https:\/\/www.ondernemendvenlo.nl\/a73-tunnelrenovatie-april-2024\/#primaryimage\",\"url\":\"https:\/\/www.ondernemendvenlo.nl\/wp-content\/uploads\/2025\/04\/TunnelRen_Map1.jpg\",\"contentUrl\":\"https:\/\/www.ondernemendvenlo.nl\/wp-content\/uploads\/2025\/04\/TunnelRen_Map1.jpg\",\"width\":1920,\"height\":1113},{\"@type\":\"BreadcrumbList\",\"@id\":\"https:\/\/www.ondernemendvenlo.nl\/a73-tunnelrenovatie-april-2024\/#breadcrumb\",\"itemListElement\":[{\"@type\":\"ListItem\",\"position\":1,\"name\":\"Ondernemend Venlo\",\"item\":\"https:\/\/www.ondernemendvenlo.nl\/\"},{\"@type\":\"ListItem\",\"position\":2,\"name\":\"Nieuws\",\"item\":\"https:\/\/www.ondernemendvenlo.nl\/categorie\/nieuws\/\"},{\"@type\":\"ListItem\",\"position\":3,\"name\":\"A73 Tunnelrenovatie april 2024\"}]},{\"@type\":\"WebSite\",\"@id\":\"https:\/\/www.ondernemendvenlo.nl\/#website\",\"url\":\"https:\/\/www.ondernemendvenlo.nl\/\",\"name\":\"Ondernemend Venlo\",\"description\":\"Samen succesvol ondernemen\",\"publisher\":{\"@id\":\"https:\/\/www.ondernemendvenlo.nl\/#organization\"},\"potentialAction\":[{\"@type\":\"SearchAction\",\"target\":{\"@type\":\"EntryPoint\",\"urlTemplate\":\"https:\/\/www.ondernemendvenlo.nl\/?s={search_term_string}\"},\"query-input\":{\"@type\":\"PropertyValueSpecification\",\"valueRequired\":true,\"valueName\":\"search_term_string\"}}],\"inLanguage\":\"fr-FR\"},{\"@type\":\"Organization\",\"@id\":\"https:\/\/www.ondernemendvenlo.nl\/#organization\",\"name\":\"Ondernemend Venlo\",\"url\":\"https:\/\/www.ondernemendvenlo.nl\/\",\"logo\":{\"@type\":\"ImageObject\",\"inLanguage\":\"fr-FR\",\"@id\":\"https:\/\/www.ondernemendvenlo.nl\/#\/schema\/logo\/image\/\",\"url\":\"https:\/\/www.ondernemendvenlo.nl\/wp-content\/uploads\/2025\/02\/Ondernemend-Venlo-logo-scaled.webp\",\"contentUrl\":\"https:\/\/www.ondernemendvenlo.nl\/wp-content\/uploads\/2025\/02\/Ondernemend-Venlo-logo-scaled.webp\",\"width\":2560,\"height\":1010,\"caption\":\"Ondernemend Venlo\"},\"image\":{\"@id\":\"https:\/\/www.ondernemendvenlo.nl\/#\/schema\/logo\/image\/\"},\"sameAs\":[\"https:\/\/www.linkedin.com\/company\/ondernemend-venlo\/\"]},{\"@type\":\"Person\",\"@id\":\"https:\/\/www.ondernemendvenlo.nl\/#\/schema\/person\/347e935f8ad4c7030608ef74bb57aa6e\",\"name\":\"admin\",\"image\":{\"@type\":\"ImageObject\",\"inLanguage\":\"fr-FR\",\"@id\":\"https:\/\/www.ondernemendvenlo.nl\/#\/schema\/person\/image\/\",\"url\":\"https:\/\/www.ondernemendvenlo.nl\/wp-content\/litespeed\/avatar\/720af750b037aecf6e33e12833479059.jpg?ver=1777382954\",\"contentUrl\":\"https:\/\/www.ondernemendvenlo.nl\/wp-content\/litespeed\/avatar\/720af750b037aecf6e33e12833479059.jpg?ver=1777382954\",\"caption\":\"admin\"},\"sameAs\":[\"https:\/\/www.ondernemendvenlo.nl\"]}]}<\/script>\n<!-- \/ Yoast SEO plugin. -->","yoast_head_json":{"title":"A73 Tunnelrenovatie april 2024 - Ondernemend Venlo","robots":{"index":"index","follow":"follow","max-snippet":"max-snippet:-1","max-image-preview":"max-image-preview:large","max-video-preview":"max-video-preview:-1"},"canonical":"https:\/\/www.ondernemendvenlo.nl\/fr\/a73-tunnelrenovatie-april-2024\/","og_locale":"fr_FR","og_type":"article","og_title":"A73 Tunnelrenovatie april 2024 - Ondernemend Venlo","og_description":"Naar verwachting wordt de avondspits op de Nederlandse wegen donderdag 25 en vrijdag 26 april drukker dan anders. Rijkswaterstaat raadt daarom weggebruikers aan buiten de spits op pad te gaan en vooraf je route te checken. De A73 Tunnels sluiten vrijdag 26 april na de spits om 19.00 uur tot maandag 29 april 6.00 uur. [&hellip;]","og_url":"https:\/\/www.ondernemendvenlo.nl\/fr\/a73-tunnelrenovatie-april-2024\/","og_site_name":"Ondernemend Venlo","article_published_time":"2024-04-25T12:06:48+00:00","og_image":[{"width":1920,"height":1113,"url":"https:\/\/www.ondernemendvenlo.nl\/wp-content\/uploads\/2025\/04\/TunnelRen_Map1.jpg","type":"image\/jpeg"}],"author":"admin","twitter_card":"summary_large_image","twitter_misc":{"\u00c9crit par":"admin","Dur\u00e9e de lecture estim\u00e9e":"1 minute"},"schema":{"@context":"https:\/\/schema.org","@graph":[{"@type":"Article","@id":"https:\/\/www.ondernemendvenlo.nl\/a73-tunnelrenovatie-april-2024\/#article","isPartOf":{"@id":"https:\/\/www.ondernemendvenlo.nl\/a73-tunnelrenovatie-april-2024\/"},"author":{"name":"admin","@id":"https:\/\/www.ondernemendvenlo.nl\/#\/schema\/person\/347e935f8ad4c7030608ef74bb57aa6e"},"headline":"A73 Tunnelrenovatie april 2024","datePublished":"2024-04-25T12:06:48+00:00","mainEntityOfPage":{"@id":"https:\/\/www.ondernemendvenlo.nl\/a73-tunnelrenovatie-april-2024\/"},"wordCount":158,"publisher":{"@id":"https:\/\/www.ondernemendvenlo.nl\/#organization"},"image":{"@id":"https:\/\/www.ondernemendvenlo.nl\/a73-tunnelrenovatie-april-2024\/#primaryimage"},"thumbnailUrl":"https:\/\/www.ondernemendvenlo.nl\/wp-content\/uploads\/2025\/04\/TunnelRen_Map1.jpg","articleSection":["Nieuws"],"inLanguage":"fr-FR"},{"@type":"WebPage","@id":"https:\/\/www.ondernemendvenlo.nl\/a73-tunnelrenovatie-april-2024\/","url":"https:\/\/www.ondernemendvenlo.nl\/a73-tunnelrenovatie-april-2024\/","name":"A73 Tunnelrenovatie april 2024 - Ondernemend Venlo","isPartOf":{"@id":"https:\/\/www.ondernemendvenlo.nl\/#website"},"primaryImageOfPage":{"@id":"https:\/\/www.ondernemendvenlo.nl\/a73-tunnelrenovatie-april-2024\/#primaryimage"},"image":{"@id":"https:\/\/www.ondernemendvenlo.nl\/a73-tunnelrenovatie-april-2024\/#primaryimage"},"thumbnailUrl":"https:\/\/www.ondernemendvenlo.nl\/wp-content\/uploads\/2025\/04\/TunnelRen_Map1.jpg","datePublished":"2024-04-25T12:06:48+00:00","breadcrumb":{"@id":"https:\/\/www.ondernemendvenlo.nl\/a73-tunnelrenovatie-april-2024\/#breadcrumb"},"inLanguage":"fr-FR","potentialAction":[{"@type":"ReadAction","target":["https:\/\/www.ondernemendvenlo.nl\/a73-tunnelrenovatie-april-2024\/"]}]},{"@type":"ImageObject","inLanguage":"fr-FR","@id":"https:\/\/www.ondernemendvenlo.nl\/a73-tunnelrenovatie-april-2024\/#primaryimage","url":"https:\/\/www.ondernemendvenlo.nl\/wp-content\/uploads\/2025\/04\/TunnelRen_Map1.jpg","contentUrl":"https:\/\/www.ondernemendvenlo.nl\/wp-content\/uploads\/2025\/04\/TunnelRen_Map1.jpg","width":1920,"height":1113},{"@type":"BreadcrumbList","@id":"https:\/\/www.ondernemendvenlo.nl\/a73-tunnelrenovatie-april-2024\/#breadcrumb","itemListElement":[{"@type":"ListItem","position":1,"name":"Ondernemend Venlo","item":"https:\/\/www.ondernemendvenlo.nl\/"},{"@type":"ListItem","position":2,"name":"Nieuws","item":"https:\/\/www.ondernemendvenlo.nl\/categorie\/nieuws\/"},{"@type":"ListItem","position":3,"name":"A73 Tunnelrenovatie april 2024"}]},{"@type":"WebSite","@id":"https:\/\/www.ondernemendvenlo.nl\/#website","url":"https:\/\/www.ondernemendvenlo.nl\/","name":"Venlo entrepreneurial","description":"Travailler ensemble avec succ\u00e8s","publisher":{"@id":"https:\/\/www.ondernemendvenlo.nl\/#organization"},"potentialAction":[{"@type":"SearchAction","target":{"@type":"EntryPoint","urlTemplate":"https:\/\/www.ondernemendvenlo.nl\/?s={search_term_string}"},"query-input":{"@type":"PropertyValueSpecification","valueRequired":true,"valueName":"search_term_string"}}],"inLanguage":"fr-FR"},{"@type":"Organization","@id":"https:\/\/www.ondernemendvenlo.nl\/#organization","name":"Venlo entrepreneurial","url":"https:\/\/www.ondernemendvenlo.nl\/","logo":{"@type":"ImageObject","inLanguage":"fr-FR","@id":"https:\/\/www.ondernemendvenlo.nl\/#\/schema\/logo\/image\/","url":"https:\/\/www.ondernemendvenlo.nl\/wp-content\/uploads\/2025\/02\/Ondernemend-Venlo-logo-scaled.webp","contentUrl":"https:\/\/www.ondernemendvenlo.nl\/wp-content\/uploads\/2025\/02\/Ondernemend-Venlo-logo-scaled.webp","width":2560,"height":1010,"caption":"Ondernemend Venlo"},"image":{"@id":"https:\/\/www.ondernemendvenlo.nl\/#\/schema\/logo\/image\/"},"sameAs":["https:\/\/www.linkedin.com\/company\/ondernemend-venlo\/"]},{"@type":"Person","@id":"https:\/\/www.ondernemendvenlo.nl\/#\/schema\/person\/347e935f8ad4c7030608ef74bb57aa6e","name":"admin","image":{"@type":"ImageObject","inLanguage":"fr-FR","@id":"https:\/\/www.ondernemendvenlo.nl\/#\/schema\/person\/image\/","url":"https:\/\/www.ondernemendvenlo.nl\/wp-content\/litespeed\/avatar\/720af750b037aecf6e33e12833479059.jpg?ver=1777382954","contentUrl":"https:\/\/www.ondernemendvenlo.nl\/wp-content\/litespeed\/avatar\/720af750b037aecf6e33e12833479059.jpg?ver=1777382954","caption":"admin"},"sameAs":["https:\/\/www.ondernemendvenlo.nl"]}]}},"_links":{"self":[{"href":"https:\/\/www.ondernemendvenlo.nl\/fr\/wp-json\/wp\/v2\/posts\/3122","targetHints":{"allow":["GET"]}}],"collection":[{"href":"https:\/\/www.ondernemendvenlo.nl\/fr\/wp-json\/wp\/v2\/posts"}],"about":[{"href":"https:\/\/www.ondernemendvenlo.nl\/fr\/wp-json\/wp\/v2\/types\/post"}],"author":[{"embeddable":true,"href":"https:\/\/www.ondernemendvenlo.nl\/fr\/wp-json\/wp\/v2\/users\/1"}],"replies":[{"embeddable":true,"href":"https:\/\/www.ondernemendvenlo.nl\/fr\/wp-json\/wp\/v2\/comments?post=3122"}],"version-history":[{"count":0,"href":"https:\/\/www.ondernemendvenlo.nl\/fr\/wp-json\/wp\/v2\/posts\/3122\/revisions"}],"wp:featuredmedia":[{"embeddable":true,"href":"https:\/\/www.ondernemendvenlo.nl\/fr\/wp-json\/wp\/v2\/media\/3123"}],"wp:attachment":[{"href":"https:\/\/www.ondernemendvenlo.nl\/fr\/wp-json\/wp\/v2\/media?parent=3122"}],"wp:term":[{"taxonomy":"category","embeddable":true,"href":"https:\/\/www.ondernemendvenlo.nl\/fr\/wp-json\/wp\/v2\/categories?post=3122"},{"taxonomy":"post_tag","embeddable":true,"href":"https:\/\/www.ondernemendvenlo.nl\/fr\/wp-json\/wp\/v2\/tags?post=3122"}],"curies":[{"name":"wp","href":"https:\/\/api.w.org\/{rel}","templated":true}]}}