{"id":3127,"date":"2024-05-08T13:59:25","date_gmt":"2024-05-08T11:59:25","guid":{"rendered":"https:\/\/www.ondernemendvenlo.nl\/vanaf-27-mei-2024-wegwerkzaamheden-aan-de-n271\/"},"modified":"2024-05-08T13:59:25","modified_gmt":"2024-05-08T11:59:25","slug":"vanaf-27-mei-2024-wegwerkzaamheden-aan-de-n271","status":"publish","type":"post","link":"https:\/\/www.ondernemendvenlo.nl\/fr\/vanaf-27-mei-2024-wegwerkzaamheden-aan-de-n271\/","title":{"rendered":"Travaux routiers sur la N271 \u00e0 partir du 27 mai 2024"},"content":{"rendered":"<p style=\"font-weight: 400;\"><strong>\u00c0 partir du 27 mai 2024, KWS Infra Eindhoven, mandat\u00e9e par la province du Limbourg, commencera \u00e0 effectuer des travaux d'entretien de l'asphalte sur la N271 Velden. Les travaux se d\u00e9rouleront en journ\u00e9e du lundi au vendredi entre 07h00 et 18h00, si les conditions m\u00e9t\u00e9orologiques le permettent.<\/strong><\/p>\n<p style=\"font-weight: 400;\">Pendant les travaux, une d\u00e9viation a \u00e9t\u00e9 mise en place pour la circulation via l'A73, l'A77 et la N270. Cette d\u00e9viation est bien entendu signal\u00e9e sur place.  Les cyclistes continueront \u00e0 utiliser la piste cyclable existante. Les services d'urgence ont \u00e9t\u00e9 inform\u00e9s et pourront utiliser la piste cyclable. Pour les bus, il y aura une d\u00e9viation locale via l'ancienne Venloseweg. Des informations actualis\u00e9es sur les horaires sont disponibles dans les gares routi\u00e8res.<\/p>\n<p>Les travaux sur la route nationale commenceront le 27 mai 2024 et s'ach\u00e8veront le 7 juin 2024, si les conditions m\u00e9t\u00e9orologiques le permettent. La p\u00e9riode de r\u00e9serve est pr\u00e9vue du 8 au 16 juin 2024. L'image montre la zone de travail concern\u00e9e pour plus de clart\u00e9.<\/p>\n<p style=\"font-weight: 400;\">Phase 1 : du 28 au 31 mai 2024,<br \/>\nPhase 2 : du 3 au 7 juin 2024<\/p>\n<p style=\"font-weight: 400;\">Bergen : 10 juin - 14 juin 2024<br \/>\nLomm\/Velden : 15 juillet - 19 juillet 2024<\/p>\n<p style=\"font-weight: 400;\">Si vous avez des questions, n'h\u00e9sitez pas \u00e0 les poser ! Pour les commentaires, les suggestions et les plaintes, veuillez nous contacter \u00e0 l'adresse suivante : <a href=\"mailto:onderhoudlimburg@kws.nl\" data-outlook-id=\"e8b3d61e-969a-4485-b420-f50e0f1d1549\">onderhoudlimburg@kws.nl<\/a>.<\/p>\n<p><strong>Autres travaux routiers<\/strong><\/p>\n<p>- Entre-temps, des travaux sont \u00e9galement en cours sur le passage \u00e0 niveau de Four Horseshoe. Ces travaux ont \u00e9t\u00e9 retard\u00e9s. Pour en savoir plus, consultez le site : <a href=\"https:\/\/melvin.ndw.nu\/public\/situation\/297363?areas=%5B154%5D&amp;sw=51.339167,6.044835&amp;ne=51.482427,6.284474&amp;showHeader=false\" data-outlook-id=\"eeff8069-4698-4723-9073-b364a5a0c0eb\"><em><strong>Melvin - D\u00e9tails de la situation M297363 (ndw.nu)<\/strong><\/em><\/a><br \/>\n- Des travaux sont \u00e9galement pr\u00e9vus dans les tunnels de l'A73. Plus d'informations ici : <strong><em><a href=\"https:\/\/middenlimburgbereikbaar.us3.list-manage.com\/track\/click?u=10de8758176a3ff16f6732133&amp;id=14709297da&amp;e=2cd2f2ad26\" data-outlook-id=\"86519f86-0961-4cf8-b46d-b38b5e94b930\">www.rijkswaterstaat.nl\/a73tunnels<\/a><\/em>\u00a0<\/strong><\/p>","protected":false},"excerpt":{"rendered":"<p>Vanaf 27 mei 2024 start KWS Infra Eindhoven, in opdracht van de provincie Limburg, met de uitvoering van het asfaltonderhoud aan de N271 Velden. De werkzaamheden vinden overdag plaats van maandag t\/m vrijdag tussen 07:00 uur en 18:00 uur mits de weersomstandigheden het toelaten. Tijdens de werkzaamheden is er voor verkeer een omleiding ingesteld via [&hellip;]<\/p>","protected":false},"author":1,"featured_media":3128,"comment_status":"closed","ping_status":"open","sticky":false,"template":"","format":"standard","meta":{"_acf_changed":false,"footnotes":""},"categories":[8],"tags":[],"class_list":["post-3127","post","type-post","status-publish","format-standard","has-post-thumbnail","hentry","category-nieuws"],"acf":[],"yoast_head":"<!-- This site is optimized with the Yoast SEO plugin v26.3 - https:\/\/yoast.com\/wordpress\/plugins\/seo\/ -->\n<title>Vanaf 27 mei 2024 wegwerkzaamheden aan de N271 - Ondernemend Venlo<\/title>\n<meta name=\"robots\" content=\"index, follow, max-snippet:-1, max-image-preview:large, max-video-preview:-1\" \/>\n<link rel=\"canonical\" href=\"https:\/\/www.ondernemendvenlo.nl\/fr\/vanaf-27-mei-2024-wegwerkzaamheden-aan-de-n271\/\" \/>\n<meta property=\"og:locale\" content=\"fr_FR\" \/>\n<meta property=\"og:type\" content=\"article\" \/>\n<meta property=\"og:title\" content=\"Vanaf 27 mei 2024 wegwerkzaamheden aan de N271 - Ondernemend Venlo\" \/>\n<meta property=\"og:description\" content=\"Vanaf 27 mei 2024 start KWS Infra Eindhoven, in opdracht van de provincie Limburg, met de uitvoering van het asfaltonderhoud aan de N271 Velden. De werkzaamheden vinden overdag plaats van maandag t\/m vrijdag tussen 07:00 uur en 18:00 uur mits de weersomstandigheden het toelaten. Tijdens de werkzaamheden is er voor verkeer een omleiding ingesteld via [&hellip;]\" \/>\n<meta property=\"og:url\" content=\"https:\/\/www.ondernemendvenlo.nl\/fr\/vanaf-27-mei-2024-wegwerkzaamheden-aan-de-n271\/\" \/>\n<meta property=\"og:site_name\" content=\"Ondernemend Venlo\" \/>\n<meta property=\"article:published_time\" content=\"2024-05-08T11:59:25+00:00\" \/>\n<meta property=\"og:image\" content=\"https:\/\/www.ondernemendvenlo.nl\/wp-content\/uploads\/2025\/04\/WegwerkzaamhedenN271.jpg\" \/>\n\t<meta property=\"og:image:width\" content=\"1920\" \/>\n\t<meta property=\"og:image:height\" content=\"1080\" \/>\n\t<meta property=\"og:image:type\" content=\"image\/jpeg\" \/>\n<meta name=\"author\" content=\"admin\" \/>\n<meta name=\"twitter:card\" content=\"summary_large_image\" \/>\n<meta name=\"twitter:label1\" content=\"\u00c9crit par\" \/>\n\t<meta name=\"twitter:data1\" content=\"admin\" \/>\n\t<meta name=\"twitter:label2\" content=\"Dur\u00e9e de lecture estim\u00e9e\" \/>\n\t<meta name=\"twitter:data2\" content=\"1 minute\" \/>\n<script type=\"application\/ld+json\" class=\"yoast-schema-graph\">{\"@context\":\"https:\/\/schema.org\",\"@graph\":[{\"@type\":\"Article\",\"@id\":\"https:\/\/www.ondernemendvenlo.nl\/vanaf-27-mei-2024-wegwerkzaamheden-aan-de-n271\/#article\",\"isPartOf\":{\"@id\":\"https:\/\/www.ondernemendvenlo.nl\/vanaf-27-mei-2024-wegwerkzaamheden-aan-de-n271\/\"},\"author\":{\"name\":\"admin\",\"@id\":\"https:\/\/www.ondernemendvenlo.nl\/#\/schema\/person\/347e935f8ad4c7030608ef74bb57aa6e\"},\"headline\":\"Vanaf 27 mei 2024 wegwerkzaamheden aan de N271\",\"datePublished\":\"2024-05-08T11:59:25+00:00\",\"mainEntityOfPage\":{\"@id\":\"https:\/\/www.ondernemendvenlo.nl\/vanaf-27-mei-2024-wegwerkzaamheden-aan-de-n271\/\"},\"wordCount\":241,\"publisher\":{\"@id\":\"https:\/\/www.ondernemendvenlo.nl\/#organization\"},\"image\":{\"@id\":\"https:\/\/www.ondernemendvenlo.nl\/vanaf-27-mei-2024-wegwerkzaamheden-aan-de-n271\/#primaryimage\"},\"thumbnailUrl\":\"https:\/\/www.ondernemendvenlo.nl\/wp-content\/uploads\/2025\/04\/WegwerkzaamhedenN271.jpg\",\"articleSection\":[\"Nieuws\"],\"inLanguage\":\"fr-FR\"},{\"@type\":\"WebPage\",\"@id\":\"https:\/\/www.ondernemendvenlo.nl\/vanaf-27-mei-2024-wegwerkzaamheden-aan-de-n271\/\",\"url\":\"https:\/\/www.ondernemendvenlo.nl\/vanaf-27-mei-2024-wegwerkzaamheden-aan-de-n271\/\",\"name\":\"Vanaf 27 mei 2024 wegwerkzaamheden aan de N271 - Ondernemend Venlo\",\"isPartOf\":{\"@id\":\"https:\/\/www.ondernemendvenlo.nl\/#website\"},\"primaryImageOfPage\":{\"@id\":\"https:\/\/www.ondernemendvenlo.nl\/vanaf-27-mei-2024-wegwerkzaamheden-aan-de-n271\/#primaryimage\"},\"image\":{\"@id\":\"https:\/\/www.ondernemendvenlo.nl\/vanaf-27-mei-2024-wegwerkzaamheden-aan-de-n271\/#primaryimage\"},\"thumbnailUrl\":\"https:\/\/www.ondernemendvenlo.nl\/wp-content\/uploads\/2025\/04\/WegwerkzaamhedenN271.jpg\",\"datePublished\":\"2024-05-08T11:59:25+00:00\",\"breadcrumb\":{\"@id\":\"https:\/\/www.ondernemendvenlo.nl\/vanaf-27-mei-2024-wegwerkzaamheden-aan-de-n271\/#breadcrumb\"},\"inLanguage\":\"fr-FR\",\"potentialAction\":[{\"@type\":\"ReadAction\",\"target\":[\"https:\/\/www.ondernemendvenlo.nl\/vanaf-27-mei-2024-wegwerkzaamheden-aan-de-n271\/\"]}]},{\"@type\":\"ImageObject\",\"inLanguage\":\"fr-FR\",\"@id\":\"https:\/\/www.ondernemendvenlo.nl\/vanaf-27-mei-2024-wegwerkzaamheden-aan-de-n271\/#primaryimage\",\"url\":\"https:\/\/www.ondernemendvenlo.nl\/wp-content\/uploads\/2025\/04\/WegwerkzaamhedenN271.jpg\",\"contentUrl\":\"https:\/\/www.ondernemendvenlo.nl\/wp-content\/uploads\/2025\/04\/WegwerkzaamhedenN271.jpg\",\"width\":1920,\"height\":1080},{\"@type\":\"BreadcrumbList\",\"@id\":\"https:\/\/www.ondernemendvenlo.nl\/vanaf-27-mei-2024-wegwerkzaamheden-aan-de-n271\/#breadcrumb\",\"itemListElement\":[{\"@type\":\"ListItem\",\"position\":1,\"name\":\"Ondernemend Venlo\",\"item\":\"https:\/\/www.ondernemendvenlo.nl\/\"},{\"@type\":\"ListItem\",\"position\":2,\"name\":\"Nieuws\",\"item\":\"https:\/\/www.ondernemendvenlo.nl\/categorie\/nieuws\/\"},{\"@type\":\"ListItem\",\"position\":3,\"name\":\"Vanaf 27 mei 2024 wegwerkzaamheden aan de N271\"}]},{\"@type\":\"WebSite\",\"@id\":\"https:\/\/www.ondernemendvenlo.nl\/#website\",\"url\":\"https:\/\/www.ondernemendvenlo.nl\/\",\"name\":\"Ondernemend Venlo\",\"description\":\"Samen succesvol ondernemen\",\"publisher\":{\"@id\":\"https:\/\/www.ondernemendvenlo.nl\/#organization\"},\"potentialAction\":[{\"@type\":\"SearchAction\",\"target\":{\"@type\":\"EntryPoint\",\"urlTemplate\":\"https:\/\/www.ondernemendvenlo.nl\/?s={search_term_string}\"},\"query-input\":{\"@type\":\"PropertyValueSpecification\",\"valueRequired\":true,\"valueName\":\"search_term_string\"}}],\"inLanguage\":\"fr-FR\"},{\"@type\":\"Organization\",\"@id\":\"https:\/\/www.ondernemendvenlo.nl\/#organization\",\"name\":\"Ondernemend Venlo\",\"url\":\"https:\/\/www.ondernemendvenlo.nl\/\",\"logo\":{\"@type\":\"ImageObject\",\"inLanguage\":\"fr-FR\",\"@id\":\"https:\/\/www.ondernemendvenlo.nl\/#\/schema\/logo\/image\/\",\"url\":\"https:\/\/www.ondernemendvenlo.nl\/wp-content\/uploads\/2025\/02\/Ondernemend-Venlo-logo-scaled.webp\",\"contentUrl\":\"https:\/\/www.ondernemendvenlo.nl\/wp-content\/uploads\/2025\/02\/Ondernemend-Venlo-logo-scaled.webp\",\"width\":2560,\"height\":1010,\"caption\":\"Ondernemend Venlo\"},\"image\":{\"@id\":\"https:\/\/www.ondernemendvenlo.nl\/#\/schema\/logo\/image\/\"},\"sameAs\":[\"https:\/\/www.linkedin.com\/company\/ondernemend-venlo\/\"]},{\"@type\":\"Person\",\"@id\":\"https:\/\/www.ondernemendvenlo.nl\/#\/schema\/person\/347e935f8ad4c7030608ef74bb57aa6e\",\"name\":\"admin\",\"image\":{\"@type\":\"ImageObject\",\"inLanguage\":\"fr-FR\",\"@id\":\"https:\/\/www.ondernemendvenlo.nl\/#\/schema\/person\/image\/\",\"url\":\"https:\/\/www.ondernemendvenlo.nl\/wp-content\/litespeed\/avatar\/720af750b037aecf6e33e12833479059.jpg?ver=1777382954\",\"contentUrl\":\"https:\/\/www.ondernemendvenlo.nl\/wp-content\/litespeed\/avatar\/720af750b037aecf6e33e12833479059.jpg?ver=1777382954\",\"caption\":\"admin\"},\"sameAs\":[\"https:\/\/www.ondernemendvenlo.nl\"]}]}<\/script>\n<!-- \/ Yoast SEO plugin. -->","yoast_head_json":{"title":"Vanaf 27 mei 2024 wegwerkzaamheden aan de N271 - Ondernemend Venlo","robots":{"index":"index","follow":"follow","max-snippet":"max-snippet:-1","max-image-preview":"max-image-preview:large","max-video-preview":"max-video-preview:-1"},"canonical":"https:\/\/www.ondernemendvenlo.nl\/fr\/vanaf-27-mei-2024-wegwerkzaamheden-aan-de-n271\/","og_locale":"fr_FR","og_type":"article","og_title":"Vanaf 27 mei 2024 wegwerkzaamheden aan de N271 - Ondernemend Venlo","og_description":"Vanaf 27 mei 2024 start KWS Infra Eindhoven, in opdracht van de provincie Limburg, met de uitvoering van het asfaltonderhoud aan de N271 Velden. De werkzaamheden vinden overdag plaats van maandag t\/m vrijdag tussen 07:00 uur en 18:00 uur mits de weersomstandigheden het toelaten. Tijdens de werkzaamheden is er voor verkeer een omleiding ingesteld via [&hellip;]","og_url":"https:\/\/www.ondernemendvenlo.nl\/fr\/vanaf-27-mei-2024-wegwerkzaamheden-aan-de-n271\/","og_site_name":"Ondernemend Venlo","article_published_time":"2024-05-08T11:59:25+00:00","og_image":[{"width":1920,"height":1080,"url":"https:\/\/www.ondernemendvenlo.nl\/wp-content\/uploads\/2025\/04\/WegwerkzaamhedenN271.jpg","type":"image\/jpeg"}],"author":"admin","twitter_card":"summary_large_image","twitter_misc":{"\u00c9crit par":"admin","Dur\u00e9e de lecture estim\u00e9e":"1 minute"},"schema":{"@context":"https:\/\/schema.org","@graph":[{"@type":"Article","@id":"https:\/\/www.ondernemendvenlo.nl\/vanaf-27-mei-2024-wegwerkzaamheden-aan-de-n271\/#article","isPartOf":{"@id":"https:\/\/www.ondernemendvenlo.nl\/vanaf-27-mei-2024-wegwerkzaamheden-aan-de-n271\/"},"author":{"name":"admin","@id":"https:\/\/www.ondernemendvenlo.nl\/#\/schema\/person\/347e935f8ad4c7030608ef74bb57aa6e"},"headline":"Vanaf 27 mei 2024 wegwerkzaamheden aan de N271","datePublished":"2024-05-08T11:59:25+00:00","mainEntityOfPage":{"@id":"https:\/\/www.ondernemendvenlo.nl\/vanaf-27-mei-2024-wegwerkzaamheden-aan-de-n271\/"},"wordCount":241,"publisher":{"@id":"https:\/\/www.ondernemendvenlo.nl\/#organization"},"image":{"@id":"https:\/\/www.ondernemendvenlo.nl\/vanaf-27-mei-2024-wegwerkzaamheden-aan-de-n271\/#primaryimage"},"thumbnailUrl":"https:\/\/www.ondernemendvenlo.nl\/wp-content\/uploads\/2025\/04\/WegwerkzaamhedenN271.jpg","articleSection":["Nieuws"],"inLanguage":"fr-FR"},{"@type":"WebPage","@id":"https:\/\/www.ondernemendvenlo.nl\/vanaf-27-mei-2024-wegwerkzaamheden-aan-de-n271\/","url":"https:\/\/www.ondernemendvenlo.nl\/vanaf-27-mei-2024-wegwerkzaamheden-aan-de-n271\/","name":"Vanaf 27 mei 2024 wegwerkzaamheden aan de N271 - Ondernemend Venlo","isPartOf":{"@id":"https:\/\/www.ondernemendvenlo.nl\/#website"},"primaryImageOfPage":{"@id":"https:\/\/www.ondernemendvenlo.nl\/vanaf-27-mei-2024-wegwerkzaamheden-aan-de-n271\/#primaryimage"},"image":{"@id":"https:\/\/www.ondernemendvenlo.nl\/vanaf-27-mei-2024-wegwerkzaamheden-aan-de-n271\/#primaryimage"},"thumbnailUrl":"https:\/\/www.ondernemendvenlo.nl\/wp-content\/uploads\/2025\/04\/WegwerkzaamhedenN271.jpg","datePublished":"2024-05-08T11:59:25+00:00","breadcrumb":{"@id":"https:\/\/www.ondernemendvenlo.nl\/vanaf-27-mei-2024-wegwerkzaamheden-aan-de-n271\/#breadcrumb"},"inLanguage":"fr-FR","potentialAction":[{"@type":"ReadAction","target":["https:\/\/www.ondernemendvenlo.nl\/vanaf-27-mei-2024-wegwerkzaamheden-aan-de-n271\/"]}]},{"@type":"ImageObject","inLanguage":"fr-FR","@id":"https:\/\/www.ondernemendvenlo.nl\/vanaf-27-mei-2024-wegwerkzaamheden-aan-de-n271\/#primaryimage","url":"https:\/\/www.ondernemendvenlo.nl\/wp-content\/uploads\/2025\/04\/WegwerkzaamhedenN271.jpg","contentUrl":"https:\/\/www.ondernemendvenlo.nl\/wp-content\/uploads\/2025\/04\/WegwerkzaamhedenN271.jpg","width":1920,"height":1080},{"@type":"BreadcrumbList","@id":"https:\/\/www.ondernemendvenlo.nl\/vanaf-27-mei-2024-wegwerkzaamheden-aan-de-n271\/#breadcrumb","itemListElement":[{"@type":"ListItem","position":1,"name":"Ondernemend Venlo","item":"https:\/\/www.ondernemendvenlo.nl\/"},{"@type":"ListItem","position":2,"name":"Nieuws","item":"https:\/\/www.ondernemendvenlo.nl\/categorie\/nieuws\/"},{"@type":"ListItem","position":3,"name":"Vanaf 27 mei 2024 wegwerkzaamheden aan de N271"}]},{"@type":"WebSite","@id":"https:\/\/www.ondernemendvenlo.nl\/#website","url":"https:\/\/www.ondernemendvenlo.nl\/","name":"Venlo entrepreneurial","description":"Travailler ensemble avec succ\u00e8s","publisher":{"@id":"https:\/\/www.ondernemendvenlo.nl\/#organization"},"potentialAction":[{"@type":"SearchAction","target":{"@type":"EntryPoint","urlTemplate":"https:\/\/www.ondernemendvenlo.nl\/?s={search_term_string}"},"query-input":{"@type":"PropertyValueSpecification","valueRequired":true,"valueName":"search_term_string"}}],"inLanguage":"fr-FR"},{"@type":"Organization","@id":"https:\/\/www.ondernemendvenlo.nl\/#organization","name":"Venlo entrepreneurial","url":"https:\/\/www.ondernemendvenlo.nl\/","logo":{"@type":"ImageObject","inLanguage":"fr-FR","@id":"https:\/\/www.ondernemendvenlo.nl\/#\/schema\/logo\/image\/","url":"https:\/\/www.ondernemendvenlo.nl\/wp-content\/uploads\/2025\/02\/Ondernemend-Venlo-logo-scaled.webp","contentUrl":"https:\/\/www.ondernemendvenlo.nl\/wp-content\/uploads\/2025\/02\/Ondernemend-Venlo-logo-scaled.webp","width":2560,"height":1010,"caption":"Ondernemend Venlo"},"image":{"@id":"https:\/\/www.ondernemendvenlo.nl\/#\/schema\/logo\/image\/"},"sameAs":["https:\/\/www.linkedin.com\/company\/ondernemend-venlo\/"]},{"@type":"Person","@id":"https:\/\/www.ondernemendvenlo.nl\/#\/schema\/person\/347e935f8ad4c7030608ef74bb57aa6e","name":"admin","image":{"@type":"ImageObject","inLanguage":"fr-FR","@id":"https:\/\/www.ondernemendvenlo.nl\/#\/schema\/person\/image\/","url":"https:\/\/www.ondernemendvenlo.nl\/wp-content\/litespeed\/avatar\/720af750b037aecf6e33e12833479059.jpg?ver=1777382954","contentUrl":"https:\/\/www.ondernemendvenlo.nl\/wp-content\/litespeed\/avatar\/720af750b037aecf6e33e12833479059.jpg?ver=1777382954","caption":"admin"},"sameAs":["https:\/\/www.ondernemendvenlo.nl"]}]}},"_links":{"self":[{"href":"https:\/\/www.ondernemendvenlo.nl\/fr\/wp-json\/wp\/v2\/posts\/3127","targetHints":{"allow":["GET"]}}],"collection":[{"href":"https:\/\/www.ondernemendvenlo.nl\/fr\/wp-json\/wp\/v2\/posts"}],"about":[{"href":"https:\/\/www.ondernemendvenlo.nl\/fr\/wp-json\/wp\/v2\/types\/post"}],"author":[{"embeddable":true,"href":"https:\/\/www.ondernemendvenlo.nl\/fr\/wp-json\/wp\/v2\/users\/1"}],"replies":[{"embeddable":true,"href":"https:\/\/www.ondernemendvenlo.nl\/fr\/wp-json\/wp\/v2\/comments?post=3127"}],"version-history":[{"count":0,"href":"https:\/\/www.ondernemendvenlo.nl\/fr\/wp-json\/wp\/v2\/posts\/3127\/revisions"}],"wp:featuredmedia":[{"embeddable":true,"href":"https:\/\/www.ondernemendvenlo.nl\/fr\/wp-json\/wp\/v2\/media\/3128"}],"wp:attachment":[{"href":"https:\/\/www.ondernemendvenlo.nl\/fr\/wp-json\/wp\/v2\/media?parent=3127"}],"wp:term":[{"taxonomy":"category","embeddable":true,"href":"https:\/\/www.ondernemendvenlo.nl\/fr\/wp-json\/wp\/v2\/categories?post=3127"},{"taxonomy":"post_tag","embeddable":true,"href":"https:\/\/www.ondernemendvenlo.nl\/fr\/wp-json\/wp\/v2\/tags?post=3127"}],"curies":[{"name":"wp","href":"https:\/\/api.w.org\/{rel}","templated":true}]}}