{"id":3170,"date":"2024-07-22T09:17:48","date_gmt":"2024-07-22T07:17:48","guid":{"rendered":"https:\/\/www.ondernemendvenlo.nl\/subsidie-voor-begeleiding-statushouders\/"},"modified":"2024-07-22T09:17:48","modified_gmt":"2024-07-22T07:17:48","slug":"subsidie-voor-begeleiding-statushouders","status":"publish","type":"post","link":"https:\/\/www.ondernemendvenlo.nl\/fr\/subsidie-voor-begeleiding-statushouders\/","title":{"rendered":"Subvention pour le conseil aux titulaires de statut"},"content":{"rendered":"<p><strong>Le minist\u00e8re de la s\u00e9curit\u00e9 sociale a mis en place un syst\u00e8me de subventions pour les employeurs. <a href=\"https:\/\/zoek.officielebekendmakingen.nl\/stcrt-2024-19739.html\" data-outlook-id=\"d8d22427-eb03-44c3-96ef-afd2f68f2cf6\">Soutien aux employeurs pour le d\u00e9ploiement des d\u00e9tenteurs de statut<\/a> a \u00e9t\u00e9 cr\u00e9\u00e9. Ce r\u00e9gime de subvention vise \u00e0 r\u00e9duire les diff\u00e9rences linguistiques et culturelles et offre aux employeurs une allocation financi\u00e8re pour l'accompagnement suppl\u00e9mentaire des titulaires de statut sur le lieu de travail.<\/strong><\/p>\n<p>L'emploi des titulaires de statut contribue \u00e0 r\u00e9duire les p\u00e9nuries de main-d'\u0153uvre. Pour le titulaire du statut, le travail contribue \u00e9galement \u00e0 son autonomie. Une bonne int\u00e9gration au travail permet aux titulaires de statut d'apprendre plus rapidement la langue et la culture n\u00e9erlandaises. C'est donc sur le lieu de travail que l'on peut le mieux l'orienter. Les employeurs peuvent demander la subvention du 2 au 30 septembre 2024, via\u00a0<a href=\"https:\/\/www.mijnuitvoeringvanbeleidszw.nl\/runtime\/server\/session\/login.html\" data-outlook-id=\"56fda0ea-1b02-4fa6-9a36-0c763f791e64\">le portail des subventions<\/a>.<\/p>\n<p>Pour toute question concernant le r\u00e9gime de subvention, veuillez contacter la personne de contact du Werkgevers Servicepunt Noord-Limburg (WSP) :<\/p>\n<p><em><strong>Marion Brouwers-Kox<\/strong><\/em><br \/>\nAccount manager WSP North Limburg<br \/>\nE\u00a0<a href=\"mailto:m.brouwers@venlo.nl\" data-outlook-id=\"eb34e294-d12e-41b1-9242-bb544e8ec55c\">m.brouwers@venlo.nl <\/a>T <a href=\"tel:+31611719001\">+31 6 117 19001<\/a><\/p>\n<p>&nbsp;<\/p>","protected":false},"excerpt":{"rendered":"<p>Het ministerie van SZW heeft voor werkgevers de subsidieregeling &#8216;Ondersteuning werkgevers inzet statushouders&#8217; in het leven geroepen. Deze subsidieregeling is gericht op het verkleinen van de taal- en cultuurverschillen en biedt werkgevers een financi\u00eble tegemoetkoming voor de extra begeleiding van statushouders op de werkvloer. De inzet van statushouders draagt bij aan het verminderen van arbeidskrapte. [&hellip;]<\/p>","protected":false},"author":1,"featured_media":3171,"comment_status":"closed","ping_status":"open","sticky":false,"template":"","format":"standard","meta":{"_acf_changed":false,"footnotes":""},"categories":[8],"tags":[],"class_list":["post-3170","post","type-post","status-publish","format-standard","has-post-thumbnail","hentry","category-nieuws"],"acf":[],"yoast_head":"<!-- This site is optimized with the Yoast SEO plugin v26.3 - https:\/\/yoast.com\/wordpress\/plugins\/seo\/ -->\n<title>Subsidie voor begeleiding statushouders - Ondernemend Venlo<\/title>\n<meta name=\"robots\" content=\"index, follow, max-snippet:-1, max-image-preview:large, max-video-preview:-1\" \/>\n<link rel=\"canonical\" href=\"https:\/\/www.ondernemendvenlo.nl\/fr\/subsidie-voor-begeleiding-statushouders\/\" \/>\n<meta property=\"og:locale\" content=\"fr_FR\" \/>\n<meta property=\"og:type\" content=\"article\" \/>\n<meta property=\"og:title\" content=\"Subsidie voor begeleiding statushouders - Ondernemend Venlo\" \/>\n<meta property=\"og:description\" content=\"Het ministerie van SZW heeft voor werkgevers de subsidieregeling &#8216;Ondersteuning werkgevers inzet statushouders&#8217; in het leven geroepen. Deze subsidieregeling is gericht op het verkleinen van de taal- en cultuurverschillen en biedt werkgevers een financi\u00eble tegemoetkoming voor de extra begeleiding van statushouders op de werkvloer. De inzet van statushouders draagt bij aan het verminderen van arbeidskrapte. [&hellip;]\" \/>\n<meta property=\"og:url\" content=\"https:\/\/www.ondernemendvenlo.nl\/fr\/subsidie-voor-begeleiding-statushouders\/\" \/>\n<meta property=\"og:site_name\" content=\"Ondernemend Venlo\" \/>\n<meta property=\"article:published_time\" content=\"2024-07-22T07:17:48+00:00\" \/>\n<meta property=\"og:image\" content=\"https:\/\/www.ondernemendvenlo.nl\/wp-content\/uploads\/2025\/04\/Work-1920x1080-1.jpg\" \/>\n\t<meta property=\"og:image:width\" content=\"1920\" \/>\n\t<meta property=\"og:image:height\" content=\"1080\" \/>\n\t<meta property=\"og:image:type\" content=\"image\/jpeg\" \/>\n<meta name=\"author\" content=\"admin\" \/>\n<meta name=\"twitter:card\" content=\"summary_large_image\" \/>\n<meta name=\"twitter:label1\" content=\"\u00c9crit par\" \/>\n\t<meta name=\"twitter:data1\" content=\"admin\" \/>\n\t<meta name=\"twitter:label2\" content=\"Dur\u00e9e de lecture estim\u00e9e\" \/>\n\t<meta name=\"twitter:data2\" content=\"1 minute\" \/>\n<script type=\"application\/ld+json\" class=\"yoast-schema-graph\">{\"@context\":\"https:\/\/schema.org\",\"@graph\":[{\"@type\":\"Article\",\"@id\":\"https:\/\/www.ondernemendvenlo.nl\/subsidie-voor-begeleiding-statushouders\/#article\",\"isPartOf\":{\"@id\":\"https:\/\/www.ondernemendvenlo.nl\/subsidie-voor-begeleiding-statushouders\/\"},\"author\":{\"name\":\"admin\",\"@id\":\"https:\/\/www.ondernemendvenlo.nl\/#\/schema\/person\/347e935f8ad4c7030608ef74bb57aa6e\"},\"headline\":\"Subsidie voor begeleiding statushouders\",\"datePublished\":\"2024-07-22T07:17:48+00:00\",\"mainEntityOfPage\":{\"@id\":\"https:\/\/www.ondernemendvenlo.nl\/subsidie-voor-begeleiding-statushouders\/\"},\"wordCount\":142,\"publisher\":{\"@id\":\"https:\/\/www.ondernemendvenlo.nl\/#organization\"},\"image\":{\"@id\":\"https:\/\/www.ondernemendvenlo.nl\/subsidie-voor-begeleiding-statushouders\/#primaryimage\"},\"thumbnailUrl\":\"https:\/\/www.ondernemendvenlo.nl\/wp-content\/uploads\/2025\/04\/Work-1920x1080-1.jpg\",\"articleSection\":[\"Nieuws\"],\"inLanguage\":\"fr-FR\"},{\"@type\":\"WebPage\",\"@id\":\"https:\/\/www.ondernemendvenlo.nl\/subsidie-voor-begeleiding-statushouders\/\",\"url\":\"https:\/\/www.ondernemendvenlo.nl\/subsidie-voor-begeleiding-statushouders\/\",\"name\":\"Subsidie voor begeleiding statushouders - Ondernemend Venlo\",\"isPartOf\":{\"@id\":\"https:\/\/www.ondernemendvenlo.nl\/#website\"},\"primaryImageOfPage\":{\"@id\":\"https:\/\/www.ondernemendvenlo.nl\/subsidie-voor-begeleiding-statushouders\/#primaryimage\"},\"image\":{\"@id\":\"https:\/\/www.ondernemendvenlo.nl\/subsidie-voor-begeleiding-statushouders\/#primaryimage\"},\"thumbnailUrl\":\"https:\/\/www.ondernemendvenlo.nl\/wp-content\/uploads\/2025\/04\/Work-1920x1080-1.jpg\",\"datePublished\":\"2024-07-22T07:17:48+00:00\",\"breadcrumb\":{\"@id\":\"https:\/\/www.ondernemendvenlo.nl\/subsidie-voor-begeleiding-statushouders\/#breadcrumb\"},\"inLanguage\":\"fr-FR\",\"potentialAction\":[{\"@type\":\"ReadAction\",\"target\":[\"https:\/\/www.ondernemendvenlo.nl\/subsidie-voor-begeleiding-statushouders\/\"]}]},{\"@type\":\"ImageObject\",\"inLanguage\":\"fr-FR\",\"@id\":\"https:\/\/www.ondernemendvenlo.nl\/subsidie-voor-begeleiding-statushouders\/#primaryimage\",\"url\":\"https:\/\/www.ondernemendvenlo.nl\/wp-content\/uploads\/2025\/04\/Work-1920x1080-1.jpg\",\"contentUrl\":\"https:\/\/www.ondernemendvenlo.nl\/wp-content\/uploads\/2025\/04\/Work-1920x1080-1.jpg\",\"width\":1920,\"height\":1080},{\"@type\":\"BreadcrumbList\",\"@id\":\"https:\/\/www.ondernemendvenlo.nl\/subsidie-voor-begeleiding-statushouders\/#breadcrumb\",\"itemListElement\":[{\"@type\":\"ListItem\",\"position\":1,\"name\":\"Ondernemend Venlo\",\"item\":\"https:\/\/www.ondernemendvenlo.nl\/\"},{\"@type\":\"ListItem\",\"position\":2,\"name\":\"Nieuws\",\"item\":\"https:\/\/www.ondernemendvenlo.nl\/categorie\/nieuws\/\"},{\"@type\":\"ListItem\",\"position\":3,\"name\":\"Subsidie voor begeleiding statushouders\"}]},{\"@type\":\"WebSite\",\"@id\":\"https:\/\/www.ondernemendvenlo.nl\/#website\",\"url\":\"https:\/\/www.ondernemendvenlo.nl\/\",\"name\":\"Ondernemend Venlo\",\"description\":\"Samen succesvol ondernemen\",\"publisher\":{\"@id\":\"https:\/\/www.ondernemendvenlo.nl\/#organization\"},\"potentialAction\":[{\"@type\":\"SearchAction\",\"target\":{\"@type\":\"EntryPoint\",\"urlTemplate\":\"https:\/\/www.ondernemendvenlo.nl\/?s={search_term_string}\"},\"query-input\":{\"@type\":\"PropertyValueSpecification\",\"valueRequired\":true,\"valueName\":\"search_term_string\"}}],\"inLanguage\":\"fr-FR\"},{\"@type\":\"Organization\",\"@id\":\"https:\/\/www.ondernemendvenlo.nl\/#organization\",\"name\":\"Ondernemend Venlo\",\"url\":\"https:\/\/www.ondernemendvenlo.nl\/\",\"logo\":{\"@type\":\"ImageObject\",\"inLanguage\":\"fr-FR\",\"@id\":\"https:\/\/www.ondernemendvenlo.nl\/#\/schema\/logo\/image\/\",\"url\":\"https:\/\/www.ondernemendvenlo.nl\/wp-content\/uploads\/2025\/02\/Ondernemend-Venlo-logo-scaled.webp\",\"contentUrl\":\"https:\/\/www.ondernemendvenlo.nl\/wp-content\/uploads\/2025\/02\/Ondernemend-Venlo-logo-scaled.webp\",\"width\":2560,\"height\":1010,\"caption\":\"Ondernemend Venlo\"},\"image\":{\"@id\":\"https:\/\/www.ondernemendvenlo.nl\/#\/schema\/logo\/image\/\"},\"sameAs\":[\"https:\/\/www.linkedin.com\/company\/ondernemend-venlo\/\"]},{\"@type\":\"Person\",\"@id\":\"https:\/\/www.ondernemendvenlo.nl\/#\/schema\/person\/347e935f8ad4c7030608ef74bb57aa6e\",\"name\":\"admin\",\"image\":{\"@type\":\"ImageObject\",\"inLanguage\":\"fr-FR\",\"@id\":\"https:\/\/www.ondernemendvenlo.nl\/#\/schema\/person\/image\/\",\"url\":\"https:\/\/www.ondernemendvenlo.nl\/wp-content\/litespeed\/avatar\/720af750b037aecf6e33e12833479059.jpg?ver=1777382954\",\"contentUrl\":\"https:\/\/www.ondernemendvenlo.nl\/wp-content\/litespeed\/avatar\/720af750b037aecf6e33e12833479059.jpg?ver=1777382954\",\"caption\":\"admin\"},\"sameAs\":[\"https:\/\/www.ondernemendvenlo.nl\"]}]}<\/script>\n<!-- \/ Yoast SEO plugin. -->","yoast_head_json":{"title":"Subsidie voor begeleiding statushouders - Ondernemend Venlo","robots":{"index":"index","follow":"follow","max-snippet":"max-snippet:-1","max-image-preview":"max-image-preview:large","max-video-preview":"max-video-preview:-1"},"canonical":"https:\/\/www.ondernemendvenlo.nl\/fr\/subsidie-voor-begeleiding-statushouders\/","og_locale":"fr_FR","og_type":"article","og_title":"Subsidie voor begeleiding statushouders - Ondernemend Venlo","og_description":"Het ministerie van SZW heeft voor werkgevers de subsidieregeling &#8216;Ondersteuning werkgevers inzet statushouders&#8217; in het leven geroepen. Deze subsidieregeling is gericht op het verkleinen van de taal- en cultuurverschillen en biedt werkgevers een financi\u00eble tegemoetkoming voor de extra begeleiding van statushouders op de werkvloer. De inzet van statushouders draagt bij aan het verminderen van arbeidskrapte. [&hellip;]","og_url":"https:\/\/www.ondernemendvenlo.nl\/fr\/subsidie-voor-begeleiding-statushouders\/","og_site_name":"Ondernemend Venlo","article_published_time":"2024-07-22T07:17:48+00:00","og_image":[{"width":1920,"height":1080,"url":"https:\/\/www.ondernemendvenlo.nl\/wp-content\/uploads\/2025\/04\/Work-1920x1080-1.jpg","type":"image\/jpeg"}],"author":"admin","twitter_card":"summary_large_image","twitter_misc":{"\u00c9crit par":"admin","Dur\u00e9e de lecture estim\u00e9e":"1 minute"},"schema":{"@context":"https:\/\/schema.org","@graph":[{"@type":"Article","@id":"https:\/\/www.ondernemendvenlo.nl\/subsidie-voor-begeleiding-statushouders\/#article","isPartOf":{"@id":"https:\/\/www.ondernemendvenlo.nl\/subsidie-voor-begeleiding-statushouders\/"},"author":{"name":"admin","@id":"https:\/\/www.ondernemendvenlo.nl\/#\/schema\/person\/347e935f8ad4c7030608ef74bb57aa6e"},"headline":"Subsidie voor begeleiding statushouders","datePublished":"2024-07-22T07:17:48+00:00","mainEntityOfPage":{"@id":"https:\/\/www.ondernemendvenlo.nl\/subsidie-voor-begeleiding-statushouders\/"},"wordCount":142,"publisher":{"@id":"https:\/\/www.ondernemendvenlo.nl\/#organization"},"image":{"@id":"https:\/\/www.ondernemendvenlo.nl\/subsidie-voor-begeleiding-statushouders\/#primaryimage"},"thumbnailUrl":"https:\/\/www.ondernemendvenlo.nl\/wp-content\/uploads\/2025\/04\/Work-1920x1080-1.jpg","articleSection":["Nieuws"],"inLanguage":"fr-FR"},{"@type":"WebPage","@id":"https:\/\/www.ondernemendvenlo.nl\/subsidie-voor-begeleiding-statushouders\/","url":"https:\/\/www.ondernemendvenlo.nl\/subsidie-voor-begeleiding-statushouders\/","name":"Subsidie voor begeleiding statushouders - Ondernemend Venlo","isPartOf":{"@id":"https:\/\/www.ondernemendvenlo.nl\/#website"},"primaryImageOfPage":{"@id":"https:\/\/www.ondernemendvenlo.nl\/subsidie-voor-begeleiding-statushouders\/#primaryimage"},"image":{"@id":"https:\/\/www.ondernemendvenlo.nl\/subsidie-voor-begeleiding-statushouders\/#primaryimage"},"thumbnailUrl":"https:\/\/www.ondernemendvenlo.nl\/wp-content\/uploads\/2025\/04\/Work-1920x1080-1.jpg","datePublished":"2024-07-22T07:17:48+00:00","breadcrumb":{"@id":"https:\/\/www.ondernemendvenlo.nl\/subsidie-voor-begeleiding-statushouders\/#breadcrumb"},"inLanguage":"fr-FR","potentialAction":[{"@type":"ReadAction","target":["https:\/\/www.ondernemendvenlo.nl\/subsidie-voor-begeleiding-statushouders\/"]}]},{"@type":"ImageObject","inLanguage":"fr-FR","@id":"https:\/\/www.ondernemendvenlo.nl\/subsidie-voor-begeleiding-statushouders\/#primaryimage","url":"https:\/\/www.ondernemendvenlo.nl\/wp-content\/uploads\/2025\/04\/Work-1920x1080-1.jpg","contentUrl":"https:\/\/www.ondernemendvenlo.nl\/wp-content\/uploads\/2025\/04\/Work-1920x1080-1.jpg","width":1920,"height":1080},{"@type":"BreadcrumbList","@id":"https:\/\/www.ondernemendvenlo.nl\/subsidie-voor-begeleiding-statushouders\/#breadcrumb","itemListElement":[{"@type":"ListItem","position":1,"name":"Ondernemend Venlo","item":"https:\/\/www.ondernemendvenlo.nl\/"},{"@type":"ListItem","position":2,"name":"Nieuws","item":"https:\/\/www.ondernemendvenlo.nl\/categorie\/nieuws\/"},{"@type":"ListItem","position":3,"name":"Subsidie voor begeleiding statushouders"}]},{"@type":"WebSite","@id":"https:\/\/www.ondernemendvenlo.nl\/#website","url":"https:\/\/www.ondernemendvenlo.nl\/","name":"Venlo entrepreneurial","description":"Travailler ensemble avec succ\u00e8s","publisher":{"@id":"https:\/\/www.ondernemendvenlo.nl\/#organization"},"potentialAction":[{"@type":"SearchAction","target":{"@type":"EntryPoint","urlTemplate":"https:\/\/www.ondernemendvenlo.nl\/?s={search_term_string}"},"query-input":{"@type":"PropertyValueSpecification","valueRequired":true,"valueName":"search_term_string"}}],"inLanguage":"fr-FR"},{"@type":"Organization","@id":"https:\/\/www.ondernemendvenlo.nl\/#organization","name":"Venlo entrepreneurial","url":"https:\/\/www.ondernemendvenlo.nl\/","logo":{"@type":"ImageObject","inLanguage":"fr-FR","@id":"https:\/\/www.ondernemendvenlo.nl\/#\/schema\/logo\/image\/","url":"https:\/\/www.ondernemendvenlo.nl\/wp-content\/uploads\/2025\/02\/Ondernemend-Venlo-logo-scaled.webp","contentUrl":"https:\/\/www.ondernemendvenlo.nl\/wp-content\/uploads\/2025\/02\/Ondernemend-Venlo-logo-scaled.webp","width":2560,"height":1010,"caption":"Ondernemend Venlo"},"image":{"@id":"https:\/\/www.ondernemendvenlo.nl\/#\/schema\/logo\/image\/"},"sameAs":["https:\/\/www.linkedin.com\/company\/ondernemend-venlo\/"]},{"@type":"Person","@id":"https:\/\/www.ondernemendvenlo.nl\/#\/schema\/person\/347e935f8ad4c7030608ef74bb57aa6e","name":"admin","image":{"@type":"ImageObject","inLanguage":"fr-FR","@id":"https:\/\/www.ondernemendvenlo.nl\/#\/schema\/person\/image\/","url":"https:\/\/www.ondernemendvenlo.nl\/wp-content\/litespeed\/avatar\/720af750b037aecf6e33e12833479059.jpg?ver=1777382954","contentUrl":"https:\/\/www.ondernemendvenlo.nl\/wp-content\/litespeed\/avatar\/720af750b037aecf6e33e12833479059.jpg?ver=1777382954","caption":"admin"},"sameAs":["https:\/\/www.ondernemendvenlo.nl"]}]}},"_links":{"self":[{"href":"https:\/\/www.ondernemendvenlo.nl\/fr\/wp-json\/wp\/v2\/posts\/3170","targetHints":{"allow":["GET"]}}],"collection":[{"href":"https:\/\/www.ondernemendvenlo.nl\/fr\/wp-json\/wp\/v2\/posts"}],"about":[{"href":"https:\/\/www.ondernemendvenlo.nl\/fr\/wp-json\/wp\/v2\/types\/post"}],"author":[{"embeddable":true,"href":"https:\/\/www.ondernemendvenlo.nl\/fr\/wp-json\/wp\/v2\/users\/1"}],"replies":[{"embeddable":true,"href":"https:\/\/www.ondernemendvenlo.nl\/fr\/wp-json\/wp\/v2\/comments?post=3170"}],"version-history":[{"count":0,"href":"https:\/\/www.ondernemendvenlo.nl\/fr\/wp-json\/wp\/v2\/posts\/3170\/revisions"}],"wp:featuredmedia":[{"embeddable":true,"href":"https:\/\/www.ondernemendvenlo.nl\/fr\/wp-json\/wp\/v2\/media\/3171"}],"wp:attachment":[{"href":"https:\/\/www.ondernemendvenlo.nl\/fr\/wp-json\/wp\/v2\/media?parent=3170"}],"wp:term":[{"taxonomy":"category","embeddable":true,"href":"https:\/\/www.ondernemendvenlo.nl\/fr\/wp-json\/wp\/v2\/categories?post=3170"},{"taxonomy":"post_tag","embeddable":true,"href":"https:\/\/www.ondernemendvenlo.nl\/fr\/wp-json\/wp\/v2\/tags?post=3170"}],"curies":[{"name":"wp","href":"https:\/\/api.w.org\/{rel}","templated":true}]}}