{"id":3172,"date":"2024-07-24T12:19:50","date_gmt":"2024-07-24T10:19:50","guid":{"rendered":"https:\/\/www.ondernemendvenlo.nl\/start-landelijke-campagne-mijn-leercultuur\/"},"modified":"2024-07-24T12:19:50","modified_gmt":"2024-07-24T10:19:50","slug":"start-landelijke-campagne-mijn-leercultuur","status":"publish","type":"post","link":"https:\/\/www.ondernemendvenlo.nl\/fr\/start-landelijke-campagne-mijn-leercultuur\/","title":{"rendered":"Lancement de la campagne nationale \"Ma culture de l'apprentissage"},"content":{"rendered":"<p class=\"xxmsonormal\"><strong>Ben jij benieuwd wat leren op de werkvloer voor jouw bedrijf kan betekenen? Met een sterke leercultuur verhoog je de productiviteit en de tevredenheid van je team. Ook kun je sneller inspelen op veranderingen en vergroot je de innovatiekracht van het bedrijf. Door leren op de werkvloer aan te moedigen, gaat het werk door terwijl je medewerkers zich ontwikkelen. Dat geeft meer werkplezier en het is goed voor het bedrijf.<\/strong><\/p>\n<p class=\"xxmsonormal\">De campagne \u2018Mijn Leercultuur\u2019 is opgezet vanuit ministerie SZW, maar in samenwerking met de O&amp;O fondsen van diverse sectoren. Naast informatie over leven lang ontwikkelen, informeel leren, voorbeelden, financi\u00ebn, etc, is er ook een quickscan beschikbaar voor bedrijven. Deze quickscan helpt bedrijven de leercultuur verder te ontwikkelen.<\/p>\n<p class=\"xxmsonormal\">Zie voor meer informatie onderstaande websites:<br \/>\n<em><strong><a title=\"http:\/\/www.mijnleercultuur.nl\/\" href=\"http:\/\/www.mijnleercultuur.nl\/\" data-outlook-id=\"4649edcf-5cc7-41b4-a192-83c88a2415e7\">www.mijnleercultuur.nl<\/a><br \/>\n<\/strong><\/em><em><strong><a title=\"http:\/\/www.mijnleercultuur.wijzijnkatapult.nl\/\" href=\"http:\/\/www.mijnleercultuur.wijzijnkatapult.nl\/\" data-outlook-id=\"2c0aa8ce-576f-41f1-8c2e-de87982eb40e\">www.mijnleercultuur.wijzijnkatapult.nl<\/a><\/strong><\/em><\/p>","protected":false},"excerpt":{"rendered":"<p>Ben jij benieuwd wat leren op de werkvloer voor jouw bedrijf kan betekenen? Met een sterke leercultuur verhoog je de productiviteit en de tevredenheid van je team. Ook kun je sneller inspelen op veranderingen en vergroot je de innovatiekracht van het bedrijf. Door leren op de werkvloer aan te moedigen, gaat het werk door terwijl [&hellip;]<\/p>","protected":false},"author":1,"featured_media":3173,"comment_status":"closed","ping_status":"open","sticky":false,"template":"","format":"standard","meta":{"_acf_changed":false,"footnotes":""},"categories":[8],"tags":[],"class_list":["post-3172","post","type-post","status-publish","format-standard","has-post-thumbnail","hentry","category-nieuws"],"acf":[],"yoast_head":"<!-- This site is optimized with the Yoast SEO plugin v26.3 - https:\/\/yoast.com\/wordpress\/plugins\/seo\/ -->\n<title>Start landelijke campagne \u2018Mijn Leercultuur\u2019 - Ondernemend Venlo<\/title>\n<meta name=\"robots\" content=\"index, follow, max-snippet:-1, max-image-preview:large, max-video-preview:-1\" \/>\n<link rel=\"canonical\" href=\"https:\/\/www.ondernemendvenlo.nl\/fr\/start-landelijke-campagne-mijn-leercultuur\/\" \/>\n<meta property=\"og:locale\" content=\"fr_FR\" \/>\n<meta property=\"og:type\" content=\"article\" \/>\n<meta property=\"og:title\" content=\"Start landelijke campagne \u2018Mijn Leercultuur\u2019 - Ondernemend Venlo\" \/>\n<meta property=\"og:description\" content=\"Ben jij benieuwd wat leren op de werkvloer voor jouw bedrijf kan betekenen? Met een sterke leercultuur verhoog je de productiviteit en de tevredenheid van je team. Ook kun je sneller inspelen op veranderingen en vergroot je de innovatiekracht van het bedrijf. Door leren op de werkvloer aan te moedigen, gaat het werk door terwijl [&hellip;]\" \/>\n<meta property=\"og:url\" content=\"https:\/\/www.ondernemendvenlo.nl\/fr\/start-landelijke-campagne-mijn-leercultuur\/\" \/>\n<meta property=\"og:site_name\" content=\"Ondernemend Venlo\" \/>\n<meta property=\"article:published_time\" content=\"2024-07-24T10:19:50+00:00\" \/>\n<meta property=\"og:image\" content=\"https:\/\/www.ondernemendvenlo.nl\/wp-content\/uploads\/2025\/04\/OVERHEID_mlc_1920x1080.jpg\" \/>\n\t<meta property=\"og:image:width\" content=\"1920\" \/>\n\t<meta property=\"og:image:height\" content=\"1080\" \/>\n\t<meta property=\"og:image:type\" content=\"image\/jpeg\" \/>\n<meta name=\"author\" content=\"admin\" \/>\n<meta name=\"twitter:card\" content=\"summary_large_image\" \/>\n<meta name=\"twitter:label1\" content=\"\u00c9crit par\" \/>\n\t<meta name=\"twitter:data1\" content=\"admin\" \/>\n\t<meta name=\"twitter:label2\" content=\"Dur\u00e9e de lecture estim\u00e9e\" \/>\n\t<meta name=\"twitter:data2\" content=\"1 minute\" \/>\n<script type=\"application\/ld+json\" class=\"yoast-schema-graph\">{\"@context\":\"https:\/\/schema.org\",\"@graph\":[{\"@type\":\"Article\",\"@id\":\"https:\/\/www.ondernemendvenlo.nl\/start-landelijke-campagne-mijn-leercultuur\/#article\",\"isPartOf\":{\"@id\":\"https:\/\/www.ondernemendvenlo.nl\/start-landelijke-campagne-mijn-leercultuur\/\"},\"author\":{\"name\":\"admin\",\"@id\":\"https:\/\/www.ondernemendvenlo.nl\/#\/schema\/person\/347e935f8ad4c7030608ef74bb57aa6e\"},\"headline\":\"Start landelijke campagne \u2018Mijn Leercultuur\u2019\",\"datePublished\":\"2024-07-24T10:19:50+00:00\",\"mainEntityOfPage\":{\"@id\":\"https:\/\/www.ondernemendvenlo.nl\/start-landelijke-campagne-mijn-leercultuur\/\"},\"wordCount\":138,\"publisher\":{\"@id\":\"https:\/\/www.ondernemendvenlo.nl\/#organization\"},\"image\":{\"@id\":\"https:\/\/www.ondernemendvenlo.nl\/start-landelijke-campagne-mijn-leercultuur\/#primaryimage\"},\"thumbnailUrl\":\"https:\/\/www.ondernemendvenlo.nl\/wp-content\/uploads\/2025\/04\/OVERHEID_mlc_1920x1080.jpg\",\"articleSection\":[\"Nieuws\"],\"inLanguage\":\"fr-FR\"},{\"@type\":\"WebPage\",\"@id\":\"https:\/\/www.ondernemendvenlo.nl\/start-landelijke-campagne-mijn-leercultuur\/\",\"url\":\"https:\/\/www.ondernemendvenlo.nl\/start-landelijke-campagne-mijn-leercultuur\/\",\"name\":\"Start landelijke campagne \u2018Mijn Leercultuur\u2019 - Ondernemend Venlo\",\"isPartOf\":{\"@id\":\"https:\/\/www.ondernemendvenlo.nl\/#website\"},\"primaryImageOfPage\":{\"@id\":\"https:\/\/www.ondernemendvenlo.nl\/start-landelijke-campagne-mijn-leercultuur\/#primaryimage\"},\"image\":{\"@id\":\"https:\/\/www.ondernemendvenlo.nl\/start-landelijke-campagne-mijn-leercultuur\/#primaryimage\"},\"thumbnailUrl\":\"https:\/\/www.ondernemendvenlo.nl\/wp-content\/uploads\/2025\/04\/OVERHEID_mlc_1920x1080.jpg\",\"datePublished\":\"2024-07-24T10:19:50+00:00\",\"breadcrumb\":{\"@id\":\"https:\/\/www.ondernemendvenlo.nl\/start-landelijke-campagne-mijn-leercultuur\/#breadcrumb\"},\"inLanguage\":\"fr-FR\",\"potentialAction\":[{\"@type\":\"ReadAction\",\"target\":[\"https:\/\/www.ondernemendvenlo.nl\/start-landelijke-campagne-mijn-leercultuur\/\"]}]},{\"@type\":\"ImageObject\",\"inLanguage\":\"fr-FR\",\"@id\":\"https:\/\/www.ondernemendvenlo.nl\/start-landelijke-campagne-mijn-leercultuur\/#primaryimage\",\"url\":\"https:\/\/www.ondernemendvenlo.nl\/wp-content\/uploads\/2025\/04\/OVERHEID_mlc_1920x1080.jpg\",\"contentUrl\":\"https:\/\/www.ondernemendvenlo.nl\/wp-content\/uploads\/2025\/04\/OVERHEID_mlc_1920x1080.jpg\",\"width\":1920,\"height\":1080},{\"@type\":\"BreadcrumbList\",\"@id\":\"https:\/\/www.ondernemendvenlo.nl\/start-landelijke-campagne-mijn-leercultuur\/#breadcrumb\",\"itemListElement\":[{\"@type\":\"ListItem\",\"position\":1,\"name\":\"Ondernemend Venlo\",\"item\":\"https:\/\/www.ondernemendvenlo.nl\/\"},{\"@type\":\"ListItem\",\"position\":2,\"name\":\"Nieuws\",\"item\":\"https:\/\/www.ondernemendvenlo.nl\/categorie\/nieuws\/\"},{\"@type\":\"ListItem\",\"position\":3,\"name\":\"Start landelijke campagne \u2018Mijn Leercultuur\u2019\"}]},{\"@type\":\"WebSite\",\"@id\":\"https:\/\/www.ondernemendvenlo.nl\/#website\",\"url\":\"https:\/\/www.ondernemendvenlo.nl\/\",\"name\":\"Ondernemend Venlo\",\"description\":\"Samen succesvol ondernemen\",\"publisher\":{\"@id\":\"https:\/\/www.ondernemendvenlo.nl\/#organization\"},\"potentialAction\":[{\"@type\":\"SearchAction\",\"target\":{\"@type\":\"EntryPoint\",\"urlTemplate\":\"https:\/\/www.ondernemendvenlo.nl\/?s={search_term_string}\"},\"query-input\":{\"@type\":\"PropertyValueSpecification\",\"valueRequired\":true,\"valueName\":\"search_term_string\"}}],\"inLanguage\":\"fr-FR\"},{\"@type\":\"Organization\",\"@id\":\"https:\/\/www.ondernemendvenlo.nl\/#organization\",\"name\":\"Ondernemend Venlo\",\"url\":\"https:\/\/www.ondernemendvenlo.nl\/\",\"logo\":{\"@type\":\"ImageObject\",\"inLanguage\":\"fr-FR\",\"@id\":\"https:\/\/www.ondernemendvenlo.nl\/#\/schema\/logo\/image\/\",\"url\":\"https:\/\/www.ondernemendvenlo.nl\/wp-content\/uploads\/2025\/02\/Ondernemend-Venlo-logo-scaled.webp\",\"contentUrl\":\"https:\/\/www.ondernemendvenlo.nl\/wp-content\/uploads\/2025\/02\/Ondernemend-Venlo-logo-scaled.webp\",\"width\":2560,\"height\":1010,\"caption\":\"Ondernemend Venlo\"},\"image\":{\"@id\":\"https:\/\/www.ondernemendvenlo.nl\/#\/schema\/logo\/image\/\"},\"sameAs\":[\"https:\/\/www.linkedin.com\/company\/ondernemend-venlo\/\"]},{\"@type\":\"Person\",\"@id\":\"https:\/\/www.ondernemendvenlo.nl\/#\/schema\/person\/347e935f8ad4c7030608ef74bb57aa6e\",\"name\":\"admin\",\"image\":{\"@type\":\"ImageObject\",\"inLanguage\":\"fr-FR\",\"@id\":\"https:\/\/www.ondernemendvenlo.nl\/#\/schema\/person\/image\/\",\"url\":\"https:\/\/www.ondernemendvenlo.nl\/wp-content\/litespeed\/avatar\/720af750b037aecf6e33e12833479059.jpg?ver=1777382954\",\"contentUrl\":\"https:\/\/www.ondernemendvenlo.nl\/wp-content\/litespeed\/avatar\/720af750b037aecf6e33e12833479059.jpg?ver=1777382954\",\"caption\":\"admin\"},\"sameAs\":[\"https:\/\/www.ondernemendvenlo.nl\"]}]}<\/script>\n<!-- \/ Yoast SEO plugin. -->","yoast_head_json":{"title":"Start landelijke campagne \u2018Mijn Leercultuur\u2019 - Ondernemend Venlo","robots":{"index":"index","follow":"follow","max-snippet":"max-snippet:-1","max-image-preview":"max-image-preview:large","max-video-preview":"max-video-preview:-1"},"canonical":"https:\/\/www.ondernemendvenlo.nl\/fr\/start-landelijke-campagne-mijn-leercultuur\/","og_locale":"fr_FR","og_type":"article","og_title":"Start landelijke campagne \u2018Mijn Leercultuur\u2019 - Ondernemend Venlo","og_description":"Ben jij benieuwd wat leren op de werkvloer voor jouw bedrijf kan betekenen? Met een sterke leercultuur verhoog je de productiviteit en de tevredenheid van je team. Ook kun je sneller inspelen op veranderingen en vergroot je de innovatiekracht van het bedrijf. Door leren op de werkvloer aan te moedigen, gaat het werk door terwijl [&hellip;]","og_url":"https:\/\/www.ondernemendvenlo.nl\/fr\/start-landelijke-campagne-mijn-leercultuur\/","og_site_name":"Ondernemend Venlo","article_published_time":"2024-07-24T10:19:50+00:00","og_image":[{"width":1920,"height":1080,"url":"https:\/\/www.ondernemendvenlo.nl\/wp-content\/uploads\/2025\/04\/OVERHEID_mlc_1920x1080.jpg","type":"image\/jpeg"}],"author":"admin","twitter_card":"summary_large_image","twitter_misc":{"\u00c9crit par":"admin","Dur\u00e9e de lecture estim\u00e9e":"1 minute"},"schema":{"@context":"https:\/\/schema.org","@graph":[{"@type":"Article","@id":"https:\/\/www.ondernemendvenlo.nl\/start-landelijke-campagne-mijn-leercultuur\/#article","isPartOf":{"@id":"https:\/\/www.ondernemendvenlo.nl\/start-landelijke-campagne-mijn-leercultuur\/"},"author":{"name":"admin","@id":"https:\/\/www.ondernemendvenlo.nl\/#\/schema\/person\/347e935f8ad4c7030608ef74bb57aa6e"},"headline":"Start landelijke campagne \u2018Mijn Leercultuur\u2019","datePublished":"2024-07-24T10:19:50+00:00","mainEntityOfPage":{"@id":"https:\/\/www.ondernemendvenlo.nl\/start-landelijke-campagne-mijn-leercultuur\/"},"wordCount":138,"publisher":{"@id":"https:\/\/www.ondernemendvenlo.nl\/#organization"},"image":{"@id":"https:\/\/www.ondernemendvenlo.nl\/start-landelijke-campagne-mijn-leercultuur\/#primaryimage"},"thumbnailUrl":"https:\/\/www.ondernemendvenlo.nl\/wp-content\/uploads\/2025\/04\/OVERHEID_mlc_1920x1080.jpg","articleSection":["Nieuws"],"inLanguage":"fr-FR"},{"@type":"WebPage","@id":"https:\/\/www.ondernemendvenlo.nl\/start-landelijke-campagne-mijn-leercultuur\/","url":"https:\/\/www.ondernemendvenlo.nl\/start-landelijke-campagne-mijn-leercultuur\/","name":"Start landelijke campagne \u2018Mijn Leercultuur\u2019 - Ondernemend Venlo","isPartOf":{"@id":"https:\/\/www.ondernemendvenlo.nl\/#website"},"primaryImageOfPage":{"@id":"https:\/\/www.ondernemendvenlo.nl\/start-landelijke-campagne-mijn-leercultuur\/#primaryimage"},"image":{"@id":"https:\/\/www.ondernemendvenlo.nl\/start-landelijke-campagne-mijn-leercultuur\/#primaryimage"},"thumbnailUrl":"https:\/\/www.ondernemendvenlo.nl\/wp-content\/uploads\/2025\/04\/OVERHEID_mlc_1920x1080.jpg","datePublished":"2024-07-24T10:19:50+00:00","breadcrumb":{"@id":"https:\/\/www.ondernemendvenlo.nl\/start-landelijke-campagne-mijn-leercultuur\/#breadcrumb"},"inLanguage":"fr-FR","potentialAction":[{"@type":"ReadAction","target":["https:\/\/www.ondernemendvenlo.nl\/start-landelijke-campagne-mijn-leercultuur\/"]}]},{"@type":"ImageObject","inLanguage":"fr-FR","@id":"https:\/\/www.ondernemendvenlo.nl\/start-landelijke-campagne-mijn-leercultuur\/#primaryimage","url":"https:\/\/www.ondernemendvenlo.nl\/wp-content\/uploads\/2025\/04\/OVERHEID_mlc_1920x1080.jpg","contentUrl":"https:\/\/www.ondernemendvenlo.nl\/wp-content\/uploads\/2025\/04\/OVERHEID_mlc_1920x1080.jpg","width":1920,"height":1080},{"@type":"BreadcrumbList","@id":"https:\/\/www.ondernemendvenlo.nl\/start-landelijke-campagne-mijn-leercultuur\/#breadcrumb","itemListElement":[{"@type":"ListItem","position":1,"name":"Ondernemend Venlo","item":"https:\/\/www.ondernemendvenlo.nl\/"},{"@type":"ListItem","position":2,"name":"Nieuws","item":"https:\/\/www.ondernemendvenlo.nl\/categorie\/nieuws\/"},{"@type":"ListItem","position":3,"name":"Start landelijke campagne \u2018Mijn Leercultuur\u2019"}]},{"@type":"WebSite","@id":"https:\/\/www.ondernemendvenlo.nl\/#website","url":"https:\/\/www.ondernemendvenlo.nl\/","name":"Venlo entrepreneurial","description":"Travailler ensemble avec succ\u00e8s","publisher":{"@id":"https:\/\/www.ondernemendvenlo.nl\/#organization"},"potentialAction":[{"@type":"SearchAction","target":{"@type":"EntryPoint","urlTemplate":"https:\/\/www.ondernemendvenlo.nl\/?s={search_term_string}"},"query-input":{"@type":"PropertyValueSpecification","valueRequired":true,"valueName":"search_term_string"}}],"inLanguage":"fr-FR"},{"@type":"Organization","@id":"https:\/\/www.ondernemendvenlo.nl\/#organization","name":"Venlo entrepreneurial","url":"https:\/\/www.ondernemendvenlo.nl\/","logo":{"@type":"ImageObject","inLanguage":"fr-FR","@id":"https:\/\/www.ondernemendvenlo.nl\/#\/schema\/logo\/image\/","url":"https:\/\/www.ondernemendvenlo.nl\/wp-content\/uploads\/2025\/02\/Ondernemend-Venlo-logo-scaled.webp","contentUrl":"https:\/\/www.ondernemendvenlo.nl\/wp-content\/uploads\/2025\/02\/Ondernemend-Venlo-logo-scaled.webp","width":2560,"height":1010,"caption":"Ondernemend Venlo"},"image":{"@id":"https:\/\/www.ondernemendvenlo.nl\/#\/schema\/logo\/image\/"},"sameAs":["https:\/\/www.linkedin.com\/company\/ondernemend-venlo\/"]},{"@type":"Person","@id":"https:\/\/www.ondernemendvenlo.nl\/#\/schema\/person\/347e935f8ad4c7030608ef74bb57aa6e","name":"admin","image":{"@type":"ImageObject","inLanguage":"fr-FR","@id":"https:\/\/www.ondernemendvenlo.nl\/#\/schema\/person\/image\/","url":"https:\/\/www.ondernemendvenlo.nl\/wp-content\/litespeed\/avatar\/720af750b037aecf6e33e12833479059.jpg?ver=1777382954","contentUrl":"https:\/\/www.ondernemendvenlo.nl\/wp-content\/litespeed\/avatar\/720af750b037aecf6e33e12833479059.jpg?ver=1777382954","caption":"admin"},"sameAs":["https:\/\/www.ondernemendvenlo.nl"]}]}},"_links":{"self":[{"href":"https:\/\/www.ondernemendvenlo.nl\/fr\/wp-json\/wp\/v2\/posts\/3172","targetHints":{"allow":["GET"]}}],"collection":[{"href":"https:\/\/www.ondernemendvenlo.nl\/fr\/wp-json\/wp\/v2\/posts"}],"about":[{"href":"https:\/\/www.ondernemendvenlo.nl\/fr\/wp-json\/wp\/v2\/types\/post"}],"author":[{"embeddable":true,"href":"https:\/\/www.ondernemendvenlo.nl\/fr\/wp-json\/wp\/v2\/users\/1"}],"replies":[{"embeddable":true,"href":"https:\/\/www.ondernemendvenlo.nl\/fr\/wp-json\/wp\/v2\/comments?post=3172"}],"version-history":[{"count":0,"href":"https:\/\/www.ondernemendvenlo.nl\/fr\/wp-json\/wp\/v2\/posts\/3172\/revisions"}],"wp:featuredmedia":[{"embeddable":true,"href":"https:\/\/www.ondernemendvenlo.nl\/fr\/wp-json\/wp\/v2\/media\/3173"}],"wp:attachment":[{"href":"https:\/\/www.ondernemendvenlo.nl\/fr\/wp-json\/wp\/v2\/media?parent=3172"}],"wp:term":[{"taxonomy":"category","embeddable":true,"href":"https:\/\/www.ondernemendvenlo.nl\/fr\/wp-json\/wp\/v2\/categories?post=3172"},{"taxonomy":"post_tag","embeddable":true,"href":"https:\/\/www.ondernemendvenlo.nl\/fr\/wp-json\/wp\/v2\/tags?post=3172"}],"curies":[{"name":"wp","href":"https:\/\/api.w.org\/{rel}","templated":true}]}}