{"id":3181,"date":"2024-09-02T07:31:09","date_gmt":"2024-09-02T05:31:09","guid":{"rendered":"https:\/\/www.ondernemendvenlo.nl\/beleef-de-logistieke-keten\/"},"modified":"2024-09-02T07:31:09","modified_gmt":"2024-09-02T05:31:09","slug":"beleef-de-logistieke-keten","status":"publish","type":"post","link":"https:\/\/www.ondernemendvenlo.nl\/fr\/beleef-de-logistieke-keten\/","title":{"rendered":"D\u00e9couvrez la cha\u00eene logistique"},"content":{"rendered":"<h2 class=\"p2\"><i>Une fois de plus, les acteurs de la logistique \u00e0 Venlo unissent leurs forces pour redorer l'image de leur secteur. <\/i><\/h2>\n<p class=\"p3\"><strong>Venlo - Plusieurs entreprises de logistique, des communaut\u00e9s scolaires, des institutions de connaissance et le WerkgeversServicepunt Noord-Limburg organiseront conjointement \"Beleef de Logistieke Keten\" pour la septi\u00e8me ann\u00e9e cons\u00e9cutive. Cet \u00e9v\u00e9nement couronn\u00e9 de succ\u00e8s, qui vise \u00e0 enthousiasmer les \u00e9l\u00e8ves, les \u00e9tudiants et les demandeurs d'emploi pour une formation et une carri\u00e8re dans le secteur de la logistique, sera organis\u00e9 par le minist\u00e8re de l'\u00e9conomie, des finances et de l'industrie. <\/strong><\/p>\n<p class=\"p4\"><strong>Un secteur plein de rapidit\u00e9 et d'innovation<br \/>\n<\/strong>Le secteur de la logistique se transforme rapidement en une industrie \u00e0 forte intensit\u00e9 de connaissances. C'est pourquoi les organisateurs de l'\u00e9v\u00e9nement \"Vivez la cha\u00eene logistique\" souhaitent donner aux participants une vision attrayante de la logistique et faire tomber les pr\u00e9jug\u00e9s. De nombreuses personnes pensent encore qu'un emploi dans la logistique se r\u00e9sume \u00e0 des lettres de voiture et au fait de soulever de lourdes caisses. Au cours du programme, il appara\u00eetra clairement que le secteur est aujourd'hui domin\u00e9 par la vitesse, les gadgets techniques, l'innovation et la durabilit\u00e9 qui joue un r\u00f4le important. Dans le secteur de la logistique, la demande de personnel a \u00e9galement fortement augment\u00e9 ces derni\u00e8res ann\u00e9es. Les employeurs ont de plus en plus de mal \u00e0 pourvoir les postes vacants. La demande de bons professionnels d\u00e9passe tout simplement l'offre. Gr\u00e2ce \u00e0 \"Experience the logistics chain\", ce secteur polyvalent peut \u00eatre pr\u00e9sent\u00e9 de mani\u00e8re accessible. Cela permettra de planter les graines de l'avenir parmi ce jeune groupe cible.<\/p>\n<p class=\"p4\"><strong>Les \u00e9ditions pr\u00e9c\u00e9dentes ont connu un grand succ\u00e8s<br \/>\n<\/strong>Cette initiative s'est av\u00e9r\u00e9e tr\u00e8s fructueuse par le pass\u00e9. L'\u00e9v\u00e9nement a permis d'augmenter le nombre de stages dans le domaine de la logistique et de former des demandeurs d'emploi afin de les pr\u00e9parer \u00e0 un emploi ou de leur permettre de commencer \u00e0 travailler imm\u00e9diatement. Gr\u00e2ce \u00e0 \"Beleef de Logistieke Keten\", les \u00e9l\u00e8ves et les \u00e9tudiants des \u00e9coles professionnelles interm\u00e9diaires et sup\u00e9rieures ainsi que les demandeurs d'emploi du WerkgeversServicePunt Noord-Limburg ont pu d\u00e9couvrir ce secteur aux multiples facettes d'une mani\u00e8re accessible.<\/p>\n<p class=\"p4\"><b>Les parties \u00e0 l'origine de cette tourn\u00e9e logistique<br \/>\n<\/b>Plusieurs entreprises bas\u00e9es dans la r\u00e9gion de Venlo contribuent \u00e0 ce projet depuis plusieurs ann\u00e9es, \u00e0 savoir : Ewals Cargo Care, KLG Europe, Logic Leap, Seacon Logistics et Rhenus Road b.v.. D'autres entreprises se sont jointes \u00e0 l'\u00e9v\u00e9nement cette ann\u00e9e : Arvato, Canon Production Printing Netherlands B.V., DHL Supply Chain, GXO Logistics, Neptunus Structures BV et Redcare Pharmacy NV. Du c\u00f4t\u00e9 des \u00e9tablissements d'enseignement, Gilde Opleidingen, Fontys Hogescholen et l'universit\u00e9 de Maastricht sont des participants fid\u00e8les depuis de nombreuses ann\u00e9es. Cette ann\u00e9e, le Summa College est \u00e9galement de la partie. D'autres organisations contribuent \u00e0 cet \u00e9v\u00e9nement : Meet the Youngsters, Supply Chain Valley et UWV\/ WSP. WerkgeversServicepunt Noord-Limburg invite les demandeurs d'emploi \u00e0 se familiariser avec ce secteur dynamique. Cette \u00e9dition aura lieu \u00e0 Supply Chain Valley, qui est \u00e9galement co-organisateur. La mission de Beleef de Logistieke Keten est de renforcer le secteur de la logistique dans le Limbourg.<\/p>\n<p class=\"p4\"><strong>Programme Mercredi 4 septembre<br \/>\n<\/strong>La journ\u00e9e \"Vivez la cha\u00eene logistique\" pour les \u00e9tudiants de l'\u00e9cole secondaire et de l'\u00e9cole sup\u00e9rieure a eu lieu le 4 septembre.<\/p>\n<p><strong>Partie 2 \u00e0 la fin du mois de septembre et partie 3 en novembre<br \/>\n<\/strong>La deuxi\u00e8me partie de \"Experience the Logistics Chain\" est pr\u00e9vue le mercredi. <strong>25 septembre<\/strong>. Cette journ\u00e9e est consacr\u00e9e \u00e0 une (nouvelle) introduction g\u00e9n\u00e9rale au secteur de la logistique par le biais de plusieurs activit\u00e9s, dont une s\u00e9ance de RV. Il y aura \u00e9galement une s\u00e9ance de rencontre et d'accueil au cours de laquelle des informations seront fournies sur les possibilit\u00e9s de d\u00e9veloppement, de formation et de carri\u00e8re.<\/p>\n<p class=\"p4\">En novembre, la troisi\u00e8me partie aura lieu, sp\u00e9cialement organis\u00e9e pour les \u00e9l\u00e8ves de l'enseignement secondaire. Cette journ\u00e9e aura un format informel avec des activit\u00e9s attrayantes pour donner aux \u00e9l\u00e8ves une bonne id\u00e9e du secteur de la logistique, y compris des explications sur les possibilit\u00e9s de formation.<\/p>\n<p class=\"p4\"><strong>Collaborer<\/strong><b><br \/>\n<\/b>Venlo est connue comme un point chaud de la logistique et, en tant que r\u00e9gion, elle offre de nombreuses possibilit\u00e9s de carri\u00e8re dans ce secteur. En am\u00e9liorant encore l'image et en montrant que la logistique est r\u00e9ellement innovante, les parties participantes pensent que l'enthousiasme pour travailler dans la logistique sera encore renforc\u00e9. Dans une cha\u00eene d'approvisionnement, la coop\u00e9ration et la coordination sont l'un des facteurs les plus importants. \"Experience the Logistics Chain\" est une coop\u00e9ration unique tourn\u00e9e vers l'avenir, tant pour les \u00e9tablissements d'enseignement que pour les gouvernements et les entreprises.<\/p>\n<p class=\"p4\">De plus amples informations sont disponibles sur le site web <a href=\"http:\/\/www.experiencethesupplychain.com\"><span class=\"s2\">www.experiencethesupplychain.com <\/span><\/a>ou via les r\u00e9seaux sociaux.<\/p>","protected":false},"excerpt":{"rendered":"<p>Opnieuw slaan de logistieke spelers in Venlo de handen ineen om het imago van hun sector te versterken. Venlo &#8211; Diverse logistieke bedrijven, scholengemeenschappen, kennisinstellingen en het WerkgeversServicepunt Noord-Limburg organiseren samen voor het zevende opeenvolgende jaar \u2018Beleef de Logistieke Keten\u2019. Het succesvolle evenement wat leerlingen, studenten en werkzoekenden enthousiast moet maken voor een opleiding en [&hellip;]<\/p>","protected":false},"author":1,"featured_media":3182,"comment_status":"closed","ping_status":"open","sticky":false,"template":"","format":"standard","meta":{"_acf_changed":false,"footnotes":""},"categories":[8],"tags":[],"class_list":["post-3181","post","type-post","status-publish","format-standard","has-post-thumbnail","hentry","category-nieuws"],"acf":[],"yoast_head":"<!-- This site is optimized with the Yoast SEO plugin v26.3 - https:\/\/yoast.com\/wordpress\/plugins\/seo\/ -->\n<title>Beleef de Logistieke Keten - Ondernemend Venlo<\/title>\n<meta name=\"robots\" content=\"index, follow, max-snippet:-1, max-image-preview:large, max-video-preview:-1\" \/>\n<link rel=\"canonical\" href=\"https:\/\/www.ondernemendvenlo.nl\/fr\/beleef-de-logistieke-keten\/\" \/>\n<meta property=\"og:locale\" content=\"fr_FR\" \/>\n<meta property=\"og:type\" content=\"article\" \/>\n<meta property=\"og:title\" content=\"Beleef de Logistieke Keten - Ondernemend Venlo\" \/>\n<meta property=\"og:description\" content=\"Opnieuw slaan de logistieke spelers in Venlo de handen ineen om het imago van hun sector te versterken. Venlo &#8211; Diverse logistieke bedrijven, scholengemeenschappen, kennisinstellingen en het WerkgeversServicepunt Noord-Limburg organiseren samen voor het zevende opeenvolgende jaar \u2018Beleef de Logistieke Keten\u2019. Het succesvolle evenement wat leerlingen, studenten en werkzoekenden enthousiast moet maken voor een opleiding en [&hellip;]\" \/>\n<meta property=\"og:url\" content=\"https:\/\/www.ondernemendvenlo.nl\/fr\/beleef-de-logistieke-keten\/\" \/>\n<meta property=\"og:site_name\" content=\"Ondernemend Venlo\" \/>\n<meta property=\"article:published_time\" content=\"2024-09-02T05:31:09+00:00\" \/>\n<meta property=\"og:image\" content=\"https:\/\/www.ondernemendvenlo.nl\/wp-content\/uploads\/2025\/04\/BDLK-2024.jpg\" \/>\n\t<meta property=\"og:image:width\" content=\"1920\" \/>\n\t<meta property=\"og:image:height\" content=\"1080\" \/>\n\t<meta property=\"og:image:type\" content=\"image\/jpeg\" \/>\n<meta name=\"author\" content=\"admin\" \/>\n<meta name=\"twitter:card\" content=\"summary_large_image\" \/>\n<meta name=\"twitter:label1\" content=\"\u00c9crit par\" \/>\n\t<meta name=\"twitter:data1\" content=\"admin\" \/>\n\t<meta name=\"twitter:label2\" content=\"Dur\u00e9e de lecture estim\u00e9e\" \/>\n\t<meta name=\"twitter:data2\" content=\"3 minutes\" \/>\n<script type=\"application\/ld+json\" class=\"yoast-schema-graph\">{\"@context\":\"https:\/\/schema.org\",\"@graph\":[{\"@type\":\"Article\",\"@id\":\"https:\/\/www.ondernemendvenlo.nl\/beleef-de-logistieke-keten\/#article\",\"isPartOf\":{\"@id\":\"https:\/\/www.ondernemendvenlo.nl\/beleef-de-logistieke-keten\/\"},\"author\":{\"name\":\"admin\",\"@id\":\"https:\/\/www.ondernemendvenlo.nl\/#\/schema\/person\/347e935f8ad4c7030608ef74bb57aa6e\"},\"headline\":\"Beleef de Logistieke Keten\",\"datePublished\":\"2024-09-02T05:31:09+00:00\",\"mainEntityOfPage\":{\"@id\":\"https:\/\/www.ondernemendvenlo.nl\/beleef-de-logistieke-keten\/\"},\"wordCount\":667,\"publisher\":{\"@id\":\"https:\/\/www.ondernemendvenlo.nl\/#organization\"},\"image\":{\"@id\":\"https:\/\/www.ondernemendvenlo.nl\/beleef-de-logistieke-keten\/#primaryimage\"},\"thumbnailUrl\":\"https:\/\/www.ondernemendvenlo.nl\/wp-content\/uploads\/2025\/04\/BDLK-2024.jpg\",\"articleSection\":[\"Nieuws\"],\"inLanguage\":\"fr-FR\"},{\"@type\":\"WebPage\",\"@id\":\"https:\/\/www.ondernemendvenlo.nl\/beleef-de-logistieke-keten\/\",\"url\":\"https:\/\/www.ondernemendvenlo.nl\/beleef-de-logistieke-keten\/\",\"name\":\"Beleef de Logistieke Keten - Ondernemend Venlo\",\"isPartOf\":{\"@id\":\"https:\/\/www.ondernemendvenlo.nl\/#website\"},\"primaryImageOfPage\":{\"@id\":\"https:\/\/www.ondernemendvenlo.nl\/beleef-de-logistieke-keten\/#primaryimage\"},\"image\":{\"@id\":\"https:\/\/www.ondernemendvenlo.nl\/beleef-de-logistieke-keten\/#primaryimage\"},\"thumbnailUrl\":\"https:\/\/www.ondernemendvenlo.nl\/wp-content\/uploads\/2025\/04\/BDLK-2024.jpg\",\"datePublished\":\"2024-09-02T05:31:09+00:00\",\"breadcrumb\":{\"@id\":\"https:\/\/www.ondernemendvenlo.nl\/beleef-de-logistieke-keten\/#breadcrumb\"},\"inLanguage\":\"fr-FR\",\"potentialAction\":[{\"@type\":\"ReadAction\",\"target\":[\"https:\/\/www.ondernemendvenlo.nl\/beleef-de-logistieke-keten\/\"]}]},{\"@type\":\"ImageObject\",\"inLanguage\":\"fr-FR\",\"@id\":\"https:\/\/www.ondernemendvenlo.nl\/beleef-de-logistieke-keten\/#primaryimage\",\"url\":\"https:\/\/www.ondernemendvenlo.nl\/wp-content\/uploads\/2025\/04\/BDLK-2024.jpg\",\"contentUrl\":\"https:\/\/www.ondernemendvenlo.nl\/wp-content\/uploads\/2025\/04\/BDLK-2024.jpg\",\"width\":1920,\"height\":1080},{\"@type\":\"BreadcrumbList\",\"@id\":\"https:\/\/www.ondernemendvenlo.nl\/beleef-de-logistieke-keten\/#breadcrumb\",\"itemListElement\":[{\"@type\":\"ListItem\",\"position\":1,\"name\":\"Ondernemend Venlo\",\"item\":\"https:\/\/www.ondernemendvenlo.nl\/\"},{\"@type\":\"ListItem\",\"position\":2,\"name\":\"Nieuws\",\"item\":\"https:\/\/www.ondernemendvenlo.nl\/categorie\/nieuws\/\"},{\"@type\":\"ListItem\",\"position\":3,\"name\":\"Beleef de Logistieke Keten\"}]},{\"@type\":\"WebSite\",\"@id\":\"https:\/\/www.ondernemendvenlo.nl\/#website\",\"url\":\"https:\/\/www.ondernemendvenlo.nl\/\",\"name\":\"Ondernemend Venlo\",\"description\":\"Samen succesvol ondernemen\",\"publisher\":{\"@id\":\"https:\/\/www.ondernemendvenlo.nl\/#organization\"},\"potentialAction\":[{\"@type\":\"SearchAction\",\"target\":{\"@type\":\"EntryPoint\",\"urlTemplate\":\"https:\/\/www.ondernemendvenlo.nl\/?s={search_term_string}\"},\"query-input\":{\"@type\":\"PropertyValueSpecification\",\"valueRequired\":true,\"valueName\":\"search_term_string\"}}],\"inLanguage\":\"fr-FR\"},{\"@type\":\"Organization\",\"@id\":\"https:\/\/www.ondernemendvenlo.nl\/#organization\",\"name\":\"Ondernemend Venlo\",\"url\":\"https:\/\/www.ondernemendvenlo.nl\/\",\"logo\":{\"@type\":\"ImageObject\",\"inLanguage\":\"fr-FR\",\"@id\":\"https:\/\/www.ondernemendvenlo.nl\/#\/schema\/logo\/image\/\",\"url\":\"https:\/\/www.ondernemendvenlo.nl\/wp-content\/uploads\/2025\/02\/Ondernemend-Venlo-logo-scaled.webp\",\"contentUrl\":\"https:\/\/www.ondernemendvenlo.nl\/wp-content\/uploads\/2025\/02\/Ondernemend-Venlo-logo-scaled.webp\",\"width\":2560,\"height\":1010,\"caption\":\"Ondernemend Venlo\"},\"image\":{\"@id\":\"https:\/\/www.ondernemendvenlo.nl\/#\/schema\/logo\/image\/\"},\"sameAs\":[\"https:\/\/www.linkedin.com\/company\/ondernemend-venlo\/\"]},{\"@type\":\"Person\",\"@id\":\"https:\/\/www.ondernemendvenlo.nl\/#\/schema\/person\/347e935f8ad4c7030608ef74bb57aa6e\",\"name\":\"admin\",\"image\":{\"@type\":\"ImageObject\",\"inLanguage\":\"fr-FR\",\"@id\":\"https:\/\/www.ondernemendvenlo.nl\/#\/schema\/person\/image\/\",\"url\":\"https:\/\/www.ondernemendvenlo.nl\/wp-content\/litespeed\/avatar\/720af750b037aecf6e33e12833479059.jpg?ver=1777382954\",\"contentUrl\":\"https:\/\/www.ondernemendvenlo.nl\/wp-content\/litespeed\/avatar\/720af750b037aecf6e33e12833479059.jpg?ver=1777382954\",\"caption\":\"admin\"},\"sameAs\":[\"https:\/\/www.ondernemendvenlo.nl\"]}]}<\/script>\n<!-- \/ Yoast SEO plugin. -->","yoast_head_json":{"title":"Beleef de Logistieke Keten - Ondernemend Venlo","robots":{"index":"index","follow":"follow","max-snippet":"max-snippet:-1","max-image-preview":"max-image-preview:large","max-video-preview":"max-video-preview:-1"},"canonical":"https:\/\/www.ondernemendvenlo.nl\/fr\/beleef-de-logistieke-keten\/","og_locale":"fr_FR","og_type":"article","og_title":"Beleef de Logistieke Keten - Ondernemend Venlo","og_description":"Opnieuw slaan de logistieke spelers in Venlo de handen ineen om het imago van hun sector te versterken. Venlo &#8211; Diverse logistieke bedrijven, scholengemeenschappen, kennisinstellingen en het WerkgeversServicepunt Noord-Limburg organiseren samen voor het zevende opeenvolgende jaar \u2018Beleef de Logistieke Keten\u2019. Het succesvolle evenement wat leerlingen, studenten en werkzoekenden enthousiast moet maken voor een opleiding en [&hellip;]","og_url":"https:\/\/www.ondernemendvenlo.nl\/fr\/beleef-de-logistieke-keten\/","og_site_name":"Ondernemend Venlo","article_published_time":"2024-09-02T05:31:09+00:00","og_image":[{"width":1920,"height":1080,"url":"https:\/\/www.ondernemendvenlo.nl\/wp-content\/uploads\/2025\/04\/BDLK-2024.jpg","type":"image\/jpeg"}],"author":"admin","twitter_card":"summary_large_image","twitter_misc":{"\u00c9crit par":"admin","Dur\u00e9e de lecture estim\u00e9e":"3 minutes"},"schema":{"@context":"https:\/\/schema.org","@graph":[{"@type":"Article","@id":"https:\/\/www.ondernemendvenlo.nl\/beleef-de-logistieke-keten\/#article","isPartOf":{"@id":"https:\/\/www.ondernemendvenlo.nl\/beleef-de-logistieke-keten\/"},"author":{"name":"admin","@id":"https:\/\/www.ondernemendvenlo.nl\/#\/schema\/person\/347e935f8ad4c7030608ef74bb57aa6e"},"headline":"Beleef de Logistieke Keten","datePublished":"2024-09-02T05:31:09+00:00","mainEntityOfPage":{"@id":"https:\/\/www.ondernemendvenlo.nl\/beleef-de-logistieke-keten\/"},"wordCount":667,"publisher":{"@id":"https:\/\/www.ondernemendvenlo.nl\/#organization"},"image":{"@id":"https:\/\/www.ondernemendvenlo.nl\/beleef-de-logistieke-keten\/#primaryimage"},"thumbnailUrl":"https:\/\/www.ondernemendvenlo.nl\/wp-content\/uploads\/2025\/04\/BDLK-2024.jpg","articleSection":["Nieuws"],"inLanguage":"fr-FR"},{"@type":"WebPage","@id":"https:\/\/www.ondernemendvenlo.nl\/beleef-de-logistieke-keten\/","url":"https:\/\/www.ondernemendvenlo.nl\/beleef-de-logistieke-keten\/","name":"Beleef de Logistieke Keten - Ondernemend Venlo","isPartOf":{"@id":"https:\/\/www.ondernemendvenlo.nl\/#website"},"primaryImageOfPage":{"@id":"https:\/\/www.ondernemendvenlo.nl\/beleef-de-logistieke-keten\/#primaryimage"},"image":{"@id":"https:\/\/www.ondernemendvenlo.nl\/beleef-de-logistieke-keten\/#primaryimage"},"thumbnailUrl":"https:\/\/www.ondernemendvenlo.nl\/wp-content\/uploads\/2025\/04\/BDLK-2024.jpg","datePublished":"2024-09-02T05:31:09+00:00","breadcrumb":{"@id":"https:\/\/www.ondernemendvenlo.nl\/beleef-de-logistieke-keten\/#breadcrumb"},"inLanguage":"fr-FR","potentialAction":[{"@type":"ReadAction","target":["https:\/\/www.ondernemendvenlo.nl\/beleef-de-logistieke-keten\/"]}]},{"@type":"ImageObject","inLanguage":"fr-FR","@id":"https:\/\/www.ondernemendvenlo.nl\/beleef-de-logistieke-keten\/#primaryimage","url":"https:\/\/www.ondernemendvenlo.nl\/wp-content\/uploads\/2025\/04\/BDLK-2024.jpg","contentUrl":"https:\/\/www.ondernemendvenlo.nl\/wp-content\/uploads\/2025\/04\/BDLK-2024.jpg","width":1920,"height":1080},{"@type":"BreadcrumbList","@id":"https:\/\/www.ondernemendvenlo.nl\/beleef-de-logistieke-keten\/#breadcrumb","itemListElement":[{"@type":"ListItem","position":1,"name":"Ondernemend Venlo","item":"https:\/\/www.ondernemendvenlo.nl\/"},{"@type":"ListItem","position":2,"name":"Nieuws","item":"https:\/\/www.ondernemendvenlo.nl\/categorie\/nieuws\/"},{"@type":"ListItem","position":3,"name":"Beleef de Logistieke Keten"}]},{"@type":"WebSite","@id":"https:\/\/www.ondernemendvenlo.nl\/#website","url":"https:\/\/www.ondernemendvenlo.nl\/","name":"Venlo entrepreneurial","description":"Travailler ensemble avec succ\u00e8s","publisher":{"@id":"https:\/\/www.ondernemendvenlo.nl\/#organization"},"potentialAction":[{"@type":"SearchAction","target":{"@type":"EntryPoint","urlTemplate":"https:\/\/www.ondernemendvenlo.nl\/?s={search_term_string}"},"query-input":{"@type":"PropertyValueSpecification","valueRequired":true,"valueName":"search_term_string"}}],"inLanguage":"fr-FR"},{"@type":"Organization","@id":"https:\/\/www.ondernemendvenlo.nl\/#organization","name":"Venlo entrepreneurial","url":"https:\/\/www.ondernemendvenlo.nl\/","logo":{"@type":"ImageObject","inLanguage":"fr-FR","@id":"https:\/\/www.ondernemendvenlo.nl\/#\/schema\/logo\/image\/","url":"https:\/\/www.ondernemendvenlo.nl\/wp-content\/uploads\/2025\/02\/Ondernemend-Venlo-logo-scaled.webp","contentUrl":"https:\/\/www.ondernemendvenlo.nl\/wp-content\/uploads\/2025\/02\/Ondernemend-Venlo-logo-scaled.webp","width":2560,"height":1010,"caption":"Ondernemend Venlo"},"image":{"@id":"https:\/\/www.ondernemendvenlo.nl\/#\/schema\/logo\/image\/"},"sameAs":["https:\/\/www.linkedin.com\/company\/ondernemend-venlo\/"]},{"@type":"Person","@id":"https:\/\/www.ondernemendvenlo.nl\/#\/schema\/person\/347e935f8ad4c7030608ef74bb57aa6e","name":"admin","image":{"@type":"ImageObject","inLanguage":"fr-FR","@id":"https:\/\/www.ondernemendvenlo.nl\/#\/schema\/person\/image\/","url":"https:\/\/www.ondernemendvenlo.nl\/wp-content\/litespeed\/avatar\/720af750b037aecf6e33e12833479059.jpg?ver=1777382954","contentUrl":"https:\/\/www.ondernemendvenlo.nl\/wp-content\/litespeed\/avatar\/720af750b037aecf6e33e12833479059.jpg?ver=1777382954","caption":"admin"},"sameAs":["https:\/\/www.ondernemendvenlo.nl"]}]}},"_links":{"self":[{"href":"https:\/\/www.ondernemendvenlo.nl\/fr\/wp-json\/wp\/v2\/posts\/3181","targetHints":{"allow":["GET"]}}],"collection":[{"href":"https:\/\/www.ondernemendvenlo.nl\/fr\/wp-json\/wp\/v2\/posts"}],"about":[{"href":"https:\/\/www.ondernemendvenlo.nl\/fr\/wp-json\/wp\/v2\/types\/post"}],"author":[{"embeddable":true,"href":"https:\/\/www.ondernemendvenlo.nl\/fr\/wp-json\/wp\/v2\/users\/1"}],"replies":[{"embeddable":true,"href":"https:\/\/www.ondernemendvenlo.nl\/fr\/wp-json\/wp\/v2\/comments?post=3181"}],"version-history":[{"count":0,"href":"https:\/\/www.ondernemendvenlo.nl\/fr\/wp-json\/wp\/v2\/posts\/3181\/revisions"}],"wp:featuredmedia":[{"embeddable":true,"href":"https:\/\/www.ondernemendvenlo.nl\/fr\/wp-json\/wp\/v2\/media\/3182"}],"wp:attachment":[{"href":"https:\/\/www.ondernemendvenlo.nl\/fr\/wp-json\/wp\/v2\/media?parent=3181"}],"wp:term":[{"taxonomy":"category","embeddable":true,"href":"https:\/\/www.ondernemendvenlo.nl\/fr\/wp-json\/wp\/v2\/categories?post=3181"},{"taxonomy":"post_tag","embeddable":true,"href":"https:\/\/www.ondernemendvenlo.nl\/fr\/wp-json\/wp\/v2\/tags?post=3181"}],"curies":[{"name":"wp","href":"https:\/\/api.w.org\/{rel}","templated":true}]}}