{"id":3183,"date":"2024-09-03T06:24:11","date_gmt":"2024-09-03T04:24:11","guid":{"rendered":"https:\/\/www.ondernemendvenlo.nl\/nieuwe-voorzitter-stichting-topvrouwen-limburg\/"},"modified":"2024-09-03T06:24:11","modified_gmt":"2024-09-03T04:24:11","slug":"nieuwe-voorzitter-stichting-topvrouwen-limburg","status":"publish","type":"post","link":"https:\/\/www.ondernemendvenlo.nl\/fr\/nieuwe-voorzitter-stichting-topvrouwen-limburg\/","title":{"rendered":"Nouvelle pr\u00e9sidente de la Top Women Foundation Limburg"},"content":{"rendered":"<p><strong>Esther Paulus-Maalst\u00e9, directrice du magasin Bijenkorf Eindhoven et Top Woman Limburg 2021, succ\u00e8de \u00e0 Hannie Bovens en tant que pr\u00e9sidente de la Fondation Top Women Limburg \u00e0 compter du 1er septembre. <\/strong><\/p>\n<p>Hannie \u00e9tait membre du conseil d'administration depuis 2021. En tant que pr\u00e9sidente, elle a particuli\u00e8rement mis l'accent sur le pouvoir du leadership f\u00e9minin et de l'entrepreneuriat f\u00e9minin. Outre l'\u00e9lection annuelle de Top Women Limburg, le premier prix Young Female Talent Limburg a \u00e9t\u00e9 d\u00e9cern\u00e9 sous sa pr\u00e9sidence. Elle a \u00e9galement \u00e9tabli des liens avec d'autres r\u00e9seaux de femmes et pour les femmes. Avec eux, la fondation a organis\u00e9 un grand nombre de r\u00e9unions sur l'entrepreneuriat f\u00e9minin au cours des derni\u00e8res ann\u00e9es.<\/p>\n<p><em><strong>Hannie Bovens :<\/strong> \"Au cours des derni\u00e8res ann\u00e9es, j'ai eu le plaisir de me consacrer aux activit\u00e9s de la Fondation et de contribuer ainsi \u00e0 l'\u00e9galit\u00e9 de traitement des femmes dans notre belle province. Une chose qui, malheureusement, n'est pas encore acquise. Pendant de nombreuses ann\u00e9es, l'\u00e9lection a montr\u00e9 comment les femmes puissantes peuvent \u00eatre des mod\u00e8les pour les autres, et avec le Prix Jeune Talent F\u00e9minin Limbourg, la fondation s'appuie sur cette id\u00e9e. Bien que je doive malheureusement mettre un terme \u00e0 mes activit\u00e9s au sein de la fondation en raison de mes activit\u00e9s professionnelles, je suis fi\u00e8re et reconnaissante qu'Esther Paulus-Maalst\u00e9 reprenne mes fonctions de pr\u00e9sidente. En tant qu'ancienne Top Woman Limburg, elle sait mieux que quiconque ce que c'est que d'\u00eatre sous les feux de la rampe en tant que finaliste et ce qu'elle peut repr\u00e9senter pour les autres en tant que mod\u00e8le.<\/em><\/p>\n<p><strong>Nouveau pr\u00e9sident<br \/>\n<\/strong>Esther poss\u00e8de une vaste exp\u00e9rience en tant que cadre dans le secteur du commerce de d\u00e9tail. Apr\u00e8s de nombreuses ann\u00e9es en tant que chef des ventes responsable de plus de 100 magasins d'une cha\u00eene de mode f\u00e9minine, elle est pass\u00e9e au Bijenkorf en 2017. En tant que directrice de magasin, elle \u00e9tait finalement responsable de la succursale de Maastricht jusqu'en 2023. Une fonction qu'elle a depuis remplie au Bijenkorf d'Eindhoven. Depuis plusieurs ann\u00e9es, Esther s'implique dans des activit\u00e9s sociales en tant qu'ambassadrice de la fondation Dress for Success \u00e0 Maastricht et en tant que membre du jury pour le prix de l'hospitalit\u00e9 aux Maastricht Awards. En 2021, Esther a elle-m\u00eame remport\u00e9 le titre de Top Woman Limburg !<br \/>\n<em><br \/>\n<strong>Esther Paulus-Maalst\u00e9 :<\/strong> \"Ma motivation est \u00e0 la fois personnelle et professionnelle. Je sais par exp\u00e9rience ce que signifie \u00eatre Top Woman Limburg et ce qui l'a pr\u00e9c\u00e9d\u00e9. En tant que nouvelle pr\u00e9sidente, j'aimerais collaborer avec les autres membres du conseil d'administration de la fondation pour accro\u00eetre la visibilit\u00e9 des femmes occupant des postes de haut niveau. Il existe toujours un foss\u00e9 entre les hommes et les femmes aux Pays-Bas, tant sur le march\u00e9 du travail que sur le lieu de travail. Le leadership f\u00e9minin contribue non seulement \u00e0 cr\u00e9er un environnement de travail plus inclusif et plus \u00e9galitaire, mais aussi \u00e0 renforcer la position et l'influence des femmes au sein des organisations. Top Woman Limburg devrait inclure un solide r\u00e9seau de femmes qui se soutiennent et s'inspirent mutuellement. Les laur\u00e9ates du titre Top Woman Limburg jouent un r\u00f4le important \u00e0 cet \u00e9gard en tant que mod\u00e8les pour les autres femmes. Le mentorat des jeunes talents et des femmes leaders \u00e9mergentes est \u00e9galement une priorit\u00e9.<\/em><em>\"<\/em><\/p>\n<hr \/>\n<p><strong>\u00c9lection de la premi\u00e8re femme du Limbourg<br \/>\n<\/strong>L'\u00e9lection annuelle Top Woman Limburg est un hommage attrayant aux femmes de haut niveau du Limbourg qui apportent une contribution pr\u00e9cieuse et marquante au monde des affaires, \u00e0 la communaut\u00e9, au gouvernement ou \u00e0 la science. L'\u00e9lection met sous les feux de la rampe des femmes d'exception inspirantes. De cette mani\u00e8re, l'attention est attir\u00e9e sur les contributions pr\u00e9cieuses de ces femmes et elles peuvent \u00eatre un exemple pour les autres et les stimuler.<\/p>\n<p><strong>Jeunes talents f\u00e9minins du Limbourg<br \/>\n<\/strong>Le concours des jeunes talents f\u00e9minins du Limbourg met l'accent sur les jeunes talents f\u00e9minins de la province.  Avec la remise du prix Young Female Talent Limburg, les jeunes femmes talentueuses ont la possibilit\u00e9 d'exprimer leurs ambitions devant un large public.<\/p>\n<p><strong>\u00a0<\/strong><strong>La derni\u00e8re nuit<br \/>\n<\/strong>La 12e \u00e9dition de l'\u00e9lection Top Female Limburg et la remise du deuxi\u00e8me prix Young Female Talent Limburg auront lieu le 7 novembre 2024, au th\u00e9\u00e2tre Toon Hermans \u00e0 Sittard. La vente des billets a commenc\u00e9. Pour plus d'informations, veuillez consulter le site : <a href=\"https:\/\/www.plt.nl\/programma\/verkiezing-topvrouw-limburg-2024\/07-11-2024-20-00\">\u00c9lection Top Woman Limburg | do 7 novembre 2024<\/a><\/p>","protected":false},"excerpt":{"rendered":"<p>Esther Paulus-Maalst\u00e9, Storemanager van de Bijenkorf Eindhoven \u00e9n Topvrouw Limburg 2021, volgt Hannie Bovens met ingang van 1 september op als voorzitter van Stichting Topvrouwen Limburg. Hannie was sinds 2021 bestuurslid. Als voorzitter heeft zij met name de kracht van vrouwelijk leiderschap en vrouwelijk ondernemerschap benadrukt. Naast de jaarlijkse Verkiezing Topvrouw Limburg, is onder haar [&hellip;]<\/p>","protected":false},"author":1,"featured_media":3184,"comment_status":"closed","ping_status":"open","sticky":false,"template":"","format":"standard","meta":{"_acf_changed":false,"footnotes":""},"categories":[8],"tags":[],"class_list":["post-3183","post","type-post","status-publish","format-standard","has-post-thumbnail","hentry","category-nieuws"],"acf":[],"yoast_head":"<!-- This site is optimized with the Yoast SEO plugin v26.3 - https:\/\/yoast.com\/wordpress\/plugins\/seo\/ -->\n<title>Nieuwe voorzitter Stichting Topvrouwen Limburg - Ondernemend Venlo<\/title>\n<meta name=\"robots\" content=\"index, follow, max-snippet:-1, max-image-preview:large, max-video-preview:-1\" \/>\n<link rel=\"canonical\" href=\"https:\/\/www.ondernemendvenlo.nl\/fr\/nieuwe-voorzitter-stichting-topvrouwen-limburg\/\" \/>\n<meta property=\"og:locale\" content=\"fr_FR\" \/>\n<meta property=\"og:type\" content=\"article\" \/>\n<meta property=\"og:title\" content=\"Nieuwe voorzitter Stichting Topvrouwen Limburg - Ondernemend Venlo\" \/>\n<meta property=\"og:description\" content=\"Esther Paulus-Maalst\u00e9, Storemanager van de Bijenkorf Eindhoven \u00e9n Topvrouw Limburg 2021, volgt Hannie Bovens met ingang van 1 september op als voorzitter van Stichting Topvrouwen Limburg. Hannie was sinds 2021 bestuurslid. Als voorzitter heeft zij met name de kracht van vrouwelijk leiderschap en vrouwelijk ondernemerschap benadrukt. Naast de jaarlijkse Verkiezing Topvrouw Limburg, is onder haar [&hellip;]\" \/>\n<meta property=\"og:url\" content=\"https:\/\/www.ondernemendvenlo.nl\/fr\/nieuwe-voorzitter-stichting-topvrouwen-limburg\/\" \/>\n<meta property=\"og:site_name\" content=\"Ondernemend Venlo\" \/>\n<meta property=\"article:published_time\" content=\"2024-09-03T04:24:11+00:00\" \/>\n<meta property=\"og:image\" content=\"https:\/\/www.ondernemendvenlo.nl\/wp-content\/uploads\/2025\/04\/TOPVROUWEN_LIMBURG_2021_Esther_Paulus_Maalste_1.1b8f7c1a.png\" \/>\n\t<meta property=\"og:image:width\" content=\"1920\" \/>\n\t<meta property=\"og:image:height\" content=\"1080\" \/>\n\t<meta property=\"og:image:type\" content=\"image\/png\" \/>\n<meta name=\"author\" content=\"admin\" \/>\n<meta name=\"twitter:card\" content=\"summary_large_image\" \/>\n<meta name=\"twitter:label1\" content=\"\u00c9crit par\" \/>\n\t<meta name=\"twitter:data1\" content=\"admin\" \/>\n\t<meta name=\"twitter:label2\" content=\"Dur\u00e9e de lecture estim\u00e9e\" \/>\n\t<meta name=\"twitter:data2\" content=\"3 minutes\" \/>\n<script type=\"application\/ld+json\" class=\"yoast-schema-graph\">{\"@context\":\"https:\/\/schema.org\",\"@graph\":[{\"@type\":\"Article\",\"@id\":\"https:\/\/www.ondernemendvenlo.nl\/nieuwe-voorzitter-stichting-topvrouwen-limburg\/#article\",\"isPartOf\":{\"@id\":\"https:\/\/www.ondernemendvenlo.nl\/nieuwe-voorzitter-stichting-topvrouwen-limburg\/\"},\"author\":{\"name\":\"admin\",\"@id\":\"https:\/\/www.ondernemendvenlo.nl\/#\/schema\/person\/347e935f8ad4c7030608ef74bb57aa6e\"},\"headline\":\"Nieuwe voorzitter Stichting Topvrouwen Limburg\",\"datePublished\":\"2024-09-03T04:24:11+00:00\",\"mainEntityOfPage\":{\"@id\":\"https:\/\/www.ondernemendvenlo.nl\/nieuwe-voorzitter-stichting-topvrouwen-limburg\/\"},\"wordCount\":622,\"publisher\":{\"@id\":\"https:\/\/www.ondernemendvenlo.nl\/#organization\"},\"image\":{\"@id\":\"https:\/\/www.ondernemendvenlo.nl\/nieuwe-voorzitter-stichting-topvrouwen-limburg\/#primaryimage\"},\"thumbnailUrl\":\"https:\/\/www.ondernemendvenlo.nl\/wp-content\/uploads\/2025\/04\/TOPVROUWEN_LIMBURG_2021_Esther_Paulus_Maalste_1.1b8f7c1a.png\",\"articleSection\":[\"Nieuws\"],\"inLanguage\":\"fr-FR\"},{\"@type\":\"WebPage\",\"@id\":\"https:\/\/www.ondernemendvenlo.nl\/nieuwe-voorzitter-stichting-topvrouwen-limburg\/\",\"url\":\"https:\/\/www.ondernemendvenlo.nl\/nieuwe-voorzitter-stichting-topvrouwen-limburg\/\",\"name\":\"Nieuwe voorzitter Stichting Topvrouwen Limburg - Ondernemend Venlo\",\"isPartOf\":{\"@id\":\"https:\/\/www.ondernemendvenlo.nl\/#website\"},\"primaryImageOfPage\":{\"@id\":\"https:\/\/www.ondernemendvenlo.nl\/nieuwe-voorzitter-stichting-topvrouwen-limburg\/#primaryimage\"},\"image\":{\"@id\":\"https:\/\/www.ondernemendvenlo.nl\/nieuwe-voorzitter-stichting-topvrouwen-limburg\/#primaryimage\"},\"thumbnailUrl\":\"https:\/\/www.ondernemendvenlo.nl\/wp-content\/uploads\/2025\/04\/TOPVROUWEN_LIMBURG_2021_Esther_Paulus_Maalste_1.1b8f7c1a.png\",\"datePublished\":\"2024-09-03T04:24:11+00:00\",\"breadcrumb\":{\"@id\":\"https:\/\/www.ondernemendvenlo.nl\/nieuwe-voorzitter-stichting-topvrouwen-limburg\/#breadcrumb\"},\"inLanguage\":\"fr-FR\",\"potentialAction\":[{\"@type\":\"ReadAction\",\"target\":[\"https:\/\/www.ondernemendvenlo.nl\/nieuwe-voorzitter-stichting-topvrouwen-limburg\/\"]}]},{\"@type\":\"ImageObject\",\"inLanguage\":\"fr-FR\",\"@id\":\"https:\/\/www.ondernemendvenlo.nl\/nieuwe-voorzitter-stichting-topvrouwen-limburg\/#primaryimage\",\"url\":\"https:\/\/www.ondernemendvenlo.nl\/wp-content\/uploads\/2025\/04\/TOPVROUWEN_LIMBURG_2021_Esther_Paulus_Maalste_1.1b8f7c1a.png\",\"contentUrl\":\"https:\/\/www.ondernemendvenlo.nl\/wp-content\/uploads\/2025\/04\/TOPVROUWEN_LIMBURG_2021_Esther_Paulus_Maalste_1.1b8f7c1a.png\",\"width\":1920,\"height\":1080},{\"@type\":\"BreadcrumbList\",\"@id\":\"https:\/\/www.ondernemendvenlo.nl\/nieuwe-voorzitter-stichting-topvrouwen-limburg\/#breadcrumb\",\"itemListElement\":[{\"@type\":\"ListItem\",\"position\":1,\"name\":\"Ondernemend Venlo\",\"item\":\"https:\/\/www.ondernemendvenlo.nl\/\"},{\"@type\":\"ListItem\",\"position\":2,\"name\":\"Nieuws\",\"item\":\"https:\/\/www.ondernemendvenlo.nl\/categorie\/nieuws\/\"},{\"@type\":\"ListItem\",\"position\":3,\"name\":\"Nieuwe voorzitter Stichting Topvrouwen Limburg\"}]},{\"@type\":\"WebSite\",\"@id\":\"https:\/\/www.ondernemendvenlo.nl\/#website\",\"url\":\"https:\/\/www.ondernemendvenlo.nl\/\",\"name\":\"Ondernemend Venlo\",\"description\":\"Samen succesvol ondernemen\",\"publisher\":{\"@id\":\"https:\/\/www.ondernemendvenlo.nl\/#organization\"},\"potentialAction\":[{\"@type\":\"SearchAction\",\"target\":{\"@type\":\"EntryPoint\",\"urlTemplate\":\"https:\/\/www.ondernemendvenlo.nl\/?s={search_term_string}\"},\"query-input\":{\"@type\":\"PropertyValueSpecification\",\"valueRequired\":true,\"valueName\":\"search_term_string\"}}],\"inLanguage\":\"fr-FR\"},{\"@type\":\"Organization\",\"@id\":\"https:\/\/www.ondernemendvenlo.nl\/#organization\",\"name\":\"Ondernemend Venlo\",\"url\":\"https:\/\/www.ondernemendvenlo.nl\/\",\"logo\":{\"@type\":\"ImageObject\",\"inLanguage\":\"fr-FR\",\"@id\":\"https:\/\/www.ondernemendvenlo.nl\/#\/schema\/logo\/image\/\",\"url\":\"https:\/\/www.ondernemendvenlo.nl\/wp-content\/uploads\/2025\/02\/Ondernemend-Venlo-logo-scaled.webp\",\"contentUrl\":\"https:\/\/www.ondernemendvenlo.nl\/wp-content\/uploads\/2025\/02\/Ondernemend-Venlo-logo-scaled.webp\",\"width\":2560,\"height\":1010,\"caption\":\"Ondernemend Venlo\"},\"image\":{\"@id\":\"https:\/\/www.ondernemendvenlo.nl\/#\/schema\/logo\/image\/\"},\"sameAs\":[\"https:\/\/www.linkedin.com\/company\/ondernemend-venlo\/\"]},{\"@type\":\"Person\",\"@id\":\"https:\/\/www.ondernemendvenlo.nl\/#\/schema\/person\/347e935f8ad4c7030608ef74bb57aa6e\",\"name\":\"admin\",\"image\":{\"@type\":\"ImageObject\",\"inLanguage\":\"fr-FR\",\"@id\":\"https:\/\/www.ondernemendvenlo.nl\/#\/schema\/person\/image\/\",\"url\":\"https:\/\/www.ondernemendvenlo.nl\/wp-content\/litespeed\/avatar\/720af750b037aecf6e33e12833479059.jpg?ver=1777382954\",\"contentUrl\":\"https:\/\/www.ondernemendvenlo.nl\/wp-content\/litespeed\/avatar\/720af750b037aecf6e33e12833479059.jpg?ver=1777382954\",\"caption\":\"admin\"},\"sameAs\":[\"https:\/\/www.ondernemendvenlo.nl\"]}]}<\/script>\n<!-- \/ Yoast SEO plugin. -->","yoast_head_json":{"title":"Nieuwe voorzitter Stichting Topvrouwen Limburg - Ondernemend Venlo","robots":{"index":"index","follow":"follow","max-snippet":"max-snippet:-1","max-image-preview":"max-image-preview:large","max-video-preview":"max-video-preview:-1"},"canonical":"https:\/\/www.ondernemendvenlo.nl\/fr\/nieuwe-voorzitter-stichting-topvrouwen-limburg\/","og_locale":"fr_FR","og_type":"article","og_title":"Nieuwe voorzitter Stichting Topvrouwen Limburg - Ondernemend Venlo","og_description":"Esther Paulus-Maalst\u00e9, Storemanager van de Bijenkorf Eindhoven \u00e9n Topvrouw Limburg 2021, volgt Hannie Bovens met ingang van 1 september op als voorzitter van Stichting Topvrouwen Limburg. Hannie was sinds 2021 bestuurslid. Als voorzitter heeft zij met name de kracht van vrouwelijk leiderschap en vrouwelijk ondernemerschap benadrukt. Naast de jaarlijkse Verkiezing Topvrouw Limburg, is onder haar [&hellip;]","og_url":"https:\/\/www.ondernemendvenlo.nl\/fr\/nieuwe-voorzitter-stichting-topvrouwen-limburg\/","og_site_name":"Ondernemend Venlo","article_published_time":"2024-09-03T04:24:11+00:00","og_image":[{"width":1920,"height":1080,"url":"https:\/\/www.ondernemendvenlo.nl\/wp-content\/uploads\/2025\/04\/TOPVROUWEN_LIMBURG_2021_Esther_Paulus_Maalste_1.1b8f7c1a.png","type":"image\/png"}],"author":"admin","twitter_card":"summary_large_image","twitter_misc":{"\u00c9crit par":"admin","Dur\u00e9e de lecture estim\u00e9e":"3 minutes"},"schema":{"@context":"https:\/\/schema.org","@graph":[{"@type":"Article","@id":"https:\/\/www.ondernemendvenlo.nl\/nieuwe-voorzitter-stichting-topvrouwen-limburg\/#article","isPartOf":{"@id":"https:\/\/www.ondernemendvenlo.nl\/nieuwe-voorzitter-stichting-topvrouwen-limburg\/"},"author":{"name":"admin","@id":"https:\/\/www.ondernemendvenlo.nl\/#\/schema\/person\/347e935f8ad4c7030608ef74bb57aa6e"},"headline":"Nieuwe voorzitter Stichting Topvrouwen Limburg","datePublished":"2024-09-03T04:24:11+00:00","mainEntityOfPage":{"@id":"https:\/\/www.ondernemendvenlo.nl\/nieuwe-voorzitter-stichting-topvrouwen-limburg\/"},"wordCount":622,"publisher":{"@id":"https:\/\/www.ondernemendvenlo.nl\/#organization"},"image":{"@id":"https:\/\/www.ondernemendvenlo.nl\/nieuwe-voorzitter-stichting-topvrouwen-limburg\/#primaryimage"},"thumbnailUrl":"https:\/\/www.ondernemendvenlo.nl\/wp-content\/uploads\/2025\/04\/TOPVROUWEN_LIMBURG_2021_Esther_Paulus_Maalste_1.1b8f7c1a.png","articleSection":["Nieuws"],"inLanguage":"fr-FR"},{"@type":"WebPage","@id":"https:\/\/www.ondernemendvenlo.nl\/nieuwe-voorzitter-stichting-topvrouwen-limburg\/","url":"https:\/\/www.ondernemendvenlo.nl\/nieuwe-voorzitter-stichting-topvrouwen-limburg\/","name":"Nieuwe voorzitter Stichting Topvrouwen Limburg - Ondernemend Venlo","isPartOf":{"@id":"https:\/\/www.ondernemendvenlo.nl\/#website"},"primaryImageOfPage":{"@id":"https:\/\/www.ondernemendvenlo.nl\/nieuwe-voorzitter-stichting-topvrouwen-limburg\/#primaryimage"},"image":{"@id":"https:\/\/www.ondernemendvenlo.nl\/nieuwe-voorzitter-stichting-topvrouwen-limburg\/#primaryimage"},"thumbnailUrl":"https:\/\/www.ondernemendvenlo.nl\/wp-content\/uploads\/2025\/04\/TOPVROUWEN_LIMBURG_2021_Esther_Paulus_Maalste_1.1b8f7c1a.png","datePublished":"2024-09-03T04:24:11+00:00","breadcrumb":{"@id":"https:\/\/www.ondernemendvenlo.nl\/nieuwe-voorzitter-stichting-topvrouwen-limburg\/#breadcrumb"},"inLanguage":"fr-FR","potentialAction":[{"@type":"ReadAction","target":["https:\/\/www.ondernemendvenlo.nl\/nieuwe-voorzitter-stichting-topvrouwen-limburg\/"]}]},{"@type":"ImageObject","inLanguage":"fr-FR","@id":"https:\/\/www.ondernemendvenlo.nl\/nieuwe-voorzitter-stichting-topvrouwen-limburg\/#primaryimage","url":"https:\/\/www.ondernemendvenlo.nl\/wp-content\/uploads\/2025\/04\/TOPVROUWEN_LIMBURG_2021_Esther_Paulus_Maalste_1.1b8f7c1a.png","contentUrl":"https:\/\/www.ondernemendvenlo.nl\/wp-content\/uploads\/2025\/04\/TOPVROUWEN_LIMBURG_2021_Esther_Paulus_Maalste_1.1b8f7c1a.png","width":1920,"height":1080},{"@type":"BreadcrumbList","@id":"https:\/\/www.ondernemendvenlo.nl\/nieuwe-voorzitter-stichting-topvrouwen-limburg\/#breadcrumb","itemListElement":[{"@type":"ListItem","position":1,"name":"Ondernemend Venlo","item":"https:\/\/www.ondernemendvenlo.nl\/"},{"@type":"ListItem","position":2,"name":"Nieuws","item":"https:\/\/www.ondernemendvenlo.nl\/categorie\/nieuws\/"},{"@type":"ListItem","position":3,"name":"Nieuwe voorzitter Stichting Topvrouwen Limburg"}]},{"@type":"WebSite","@id":"https:\/\/www.ondernemendvenlo.nl\/#website","url":"https:\/\/www.ondernemendvenlo.nl\/","name":"Venlo entrepreneurial","description":"Travailler ensemble avec succ\u00e8s","publisher":{"@id":"https:\/\/www.ondernemendvenlo.nl\/#organization"},"potentialAction":[{"@type":"SearchAction","target":{"@type":"EntryPoint","urlTemplate":"https:\/\/www.ondernemendvenlo.nl\/?s={search_term_string}"},"query-input":{"@type":"PropertyValueSpecification","valueRequired":true,"valueName":"search_term_string"}}],"inLanguage":"fr-FR"},{"@type":"Organization","@id":"https:\/\/www.ondernemendvenlo.nl\/#organization","name":"Venlo entrepreneurial","url":"https:\/\/www.ondernemendvenlo.nl\/","logo":{"@type":"ImageObject","inLanguage":"fr-FR","@id":"https:\/\/www.ondernemendvenlo.nl\/#\/schema\/logo\/image\/","url":"https:\/\/www.ondernemendvenlo.nl\/wp-content\/uploads\/2025\/02\/Ondernemend-Venlo-logo-scaled.webp","contentUrl":"https:\/\/www.ondernemendvenlo.nl\/wp-content\/uploads\/2025\/02\/Ondernemend-Venlo-logo-scaled.webp","width":2560,"height":1010,"caption":"Ondernemend Venlo"},"image":{"@id":"https:\/\/www.ondernemendvenlo.nl\/#\/schema\/logo\/image\/"},"sameAs":["https:\/\/www.linkedin.com\/company\/ondernemend-venlo\/"]},{"@type":"Person","@id":"https:\/\/www.ondernemendvenlo.nl\/#\/schema\/person\/347e935f8ad4c7030608ef74bb57aa6e","name":"admin","image":{"@type":"ImageObject","inLanguage":"fr-FR","@id":"https:\/\/www.ondernemendvenlo.nl\/#\/schema\/person\/image\/","url":"https:\/\/www.ondernemendvenlo.nl\/wp-content\/litespeed\/avatar\/720af750b037aecf6e33e12833479059.jpg?ver=1777382954","contentUrl":"https:\/\/www.ondernemendvenlo.nl\/wp-content\/litespeed\/avatar\/720af750b037aecf6e33e12833479059.jpg?ver=1777382954","caption":"admin"},"sameAs":["https:\/\/www.ondernemendvenlo.nl"]}]}},"_links":{"self":[{"href":"https:\/\/www.ondernemendvenlo.nl\/fr\/wp-json\/wp\/v2\/posts\/3183","targetHints":{"allow":["GET"]}}],"collection":[{"href":"https:\/\/www.ondernemendvenlo.nl\/fr\/wp-json\/wp\/v2\/posts"}],"about":[{"href":"https:\/\/www.ondernemendvenlo.nl\/fr\/wp-json\/wp\/v2\/types\/post"}],"author":[{"embeddable":true,"href":"https:\/\/www.ondernemendvenlo.nl\/fr\/wp-json\/wp\/v2\/users\/1"}],"replies":[{"embeddable":true,"href":"https:\/\/www.ondernemendvenlo.nl\/fr\/wp-json\/wp\/v2\/comments?post=3183"}],"version-history":[{"count":0,"href":"https:\/\/www.ondernemendvenlo.nl\/fr\/wp-json\/wp\/v2\/posts\/3183\/revisions"}],"wp:featuredmedia":[{"embeddable":true,"href":"https:\/\/www.ondernemendvenlo.nl\/fr\/wp-json\/wp\/v2\/media\/3184"}],"wp:attachment":[{"href":"https:\/\/www.ondernemendvenlo.nl\/fr\/wp-json\/wp\/v2\/media?parent=3183"}],"wp:term":[{"taxonomy":"category","embeddable":true,"href":"https:\/\/www.ondernemendvenlo.nl\/fr\/wp-json\/wp\/v2\/categories?post=3183"},{"taxonomy":"post_tag","embeddable":true,"href":"https:\/\/www.ondernemendvenlo.nl\/fr\/wp-json\/wp\/v2\/tags?post=3183"}],"curies":[{"name":"wp","href":"https:\/\/api.w.org\/{rel}","templated":true}]}}