{"id":3189,"date":"2024-09-09T12:47:55","date_gmt":"2024-09-09T10:47:55","guid":{"rendered":"https:\/\/www.ondernemendvenlo.nl\/meet-greet-met-toekomstige-werknemers-19-september-2024\/"},"modified":"2024-09-09T12:47:55","modified_gmt":"2024-09-09T10:47:55","slug":"meet-greet-met-toekomstige-werknemers-19-september-2024","status":"publish","type":"post","link":"https:\/\/www.ondernemendvenlo.nl\/fr\/meet-greet-met-toekomstige-werknemers-19-september-2024\/","title":{"rendered":"Rencontre avec les futurs employ\u00e9s - 19 septembre 2024"},"content":{"rendered":"<h2 class=\"p1\"><b>Mettez votre entreprise sous les feux de la rampe avec l'employ\u00e9 du futur !<\/b><\/h2>\n<p class=\"p1\">Les d\u00e9veloppements technologiques sont rapides et offrent des opportunit\u00e9s incroyables. Avec <b>Choisir la technique Venlo<\/b> nous voyons une opportunit\u00e9 d'enthousiasmer et de pr\u00e9senter les \u00e9l\u00e8ves, les \u00e9tudiants et les jeunes en formation lat\u00e9rale \u00e0 de nombreuses entreprises de la r\u00e9gion qui peuvent d\u00e9ployer des activit\u00e9s tech-do inspirantes. De cette mani\u00e8re, nous mettons en relation les tech(nics) avec les jeunes et les entreprises de la r\u00e9gion.<\/p>\n<p class=\"p2\">Lors de la Supply Chain Valley du 19 septembre, nous invitons toutes les \u00e9coles primaires et, dans le cadre d'un programme distinct, les \u00e9l\u00e8ves de l'enseignement secondaire, les \u00e9tudiants de l'enseignement sup\u00e9rieur et les \u00e9tudiants universitaires. <strong>Le th\u00e8me de Kies Techniek Venlo 2024 est : L'avenir vous appartient !<\/strong> En tant qu'entreprise de la r\u00e9gion, vous pouvez vous pr\u00e9senter \u00e0 la jeune g\u00e9n\u00e9ration par le biais d'activit\u00e9s pratiques, inspirantes et exp\u00e9rimentales, et pr\u00e9senter vos derniers produits. <strong>Choisir la technique Venlo<\/strong> repr\u00e9sente les derni\u00e8res innovations en mati\u00e8re de pr\u00e9sentation et d'exp\u00e9rience intelligentes et percutantes des tech(nics). Il donnera aux jeunes l'occasion de d\u00e9couvrir les tech(nics) et de travailler directement avec elles. L'\u00e9v\u00e9nement peut accueillir jusqu'\u00e0 30 participants et nous attendons entre 200 et 300 \u00e9l\u00e8ves et \u00e9tudiants de la r\u00e9gion.<\/p>\n<p class=\"p1\"><strong>Rejoignez-nous en tant qu'entreprise et pr\u00e9sentez-vous \u00e0 la nouvelle g\u00e9n\u00e9ration de techniciens !<\/strong><br \/>\nCliquez sur <strong><a href=\"https:\/\/supplychainvalley.com\/evenementen\/kies-techniek-venlo\"><span class=\"s1\">ici<\/span><\/a><\/strong> Pour plus d'informations, remplissez le formulaire et nous vous enverrons les informations compl\u00e8tes ainsi que les frais de participation correspondants.<\/p>\n<p><img fetchpriority=\"high\" decoding=\"async\" class=\"alignnone size-full wp-image-21916\" src=\"https:\/\/www.ondernemendvenlo.nl\/wp-content\/uploads\/2025\/04\/MeetGreetToekomstigeWerkknemers.jpg\" alt=\"\" width=\"1920\" height=\"1080\" \/><\/p>\n<p>&nbsp;<\/p>\n<hr \/>\n<p class=\"p2\"><strong>Programme d'enseignement primaire<\/strong><\/p>\n<p class=\"p2\">10:00h D\u00e9but et ouverture<br \/>\n-Acte d'ouverture<br \/>\n-Distribuer la carte d'activit\u00e9<br \/>\n-Ex\u00e9cuter des t\u00e2ches avec un minimum de 10 participants, telles que : imprimante de cr\u00eapes ou de chocolat, exp\u00e9rience VR, IA, jouer au football avec des robots, etc.<br \/>\n-Remise du prix de la carte d'activit\u00e9<\/p>\n<p class=\"p2\">12:00h Fin du programme<\/p>\n<hr \/>\n<p class=\"p2\"><strong>Programme vo, mbo, hbo, universit\u00e9s et candidats lat\u00e9raux<\/strong><\/p>\n<p class=\"p2\">12:30h D\u00e9but et ouverture<br \/>\n-Acte d'ouverture<br \/>\n-Visite exclusive des participants<br \/>\n-Sessions d'inspiration<br \/>\n-Capacit\u00e9s du r\u00e9seau<br \/>\n-D\u00e9couvrir les derni\u00e8res technologies de la r\u00e9gion<\/p>\n<p class=\"p2\">16:00 Fin du programme<\/p>\n<p class=\"p2\"><em><strong>Vous \u00eates le bienvenu, au nom de<br \/>\nChoisir la technique Venlo | Supply Chain Valley<\/strong><\/em><\/p>","protected":false},"excerpt":{"rendered":"<p>Zet jouw bedrijf in de spotlights bij de werknemer van de toekomst! De tech-ontwikkelingen gaan snel en bieden ongelofelijk veel kansen. Met Kies Techniek Venlo zien we een kans om leerlingen, studenten en zij- instromers te enthousiasmeren en kennis te laten maken met tal van bedrijven uit de regio die inspirerende tech-doe activiteiten kunnen inzetten. [&hellip;]<\/p>","protected":false},"author":1,"featured_media":3190,"comment_status":"closed","ping_status":"open","sticky":false,"template":"","format":"standard","meta":{"_acf_changed":false,"footnotes":""},"categories":[8],"tags":[],"class_list":["post-3189","post","type-post","status-publish","format-standard","has-post-thumbnail","hentry","category-nieuws"],"acf":[],"yoast_head":"<!-- This site is optimized with the Yoast SEO plugin v26.3 - https:\/\/yoast.com\/wordpress\/plugins\/seo\/ -->\n<title>Meet &amp; Greet met toekomstige werknemers - 19 september 2024 - Ondernemend Venlo<\/title>\n<meta name=\"robots\" content=\"index, follow, max-snippet:-1, max-image-preview:large, max-video-preview:-1\" \/>\n<link rel=\"canonical\" href=\"https:\/\/www.ondernemendvenlo.nl\/fr\/meet-greet-met-toekomstige-werknemers-19-september-2024\/\" \/>\n<meta property=\"og:locale\" content=\"fr_FR\" \/>\n<meta property=\"og:type\" content=\"article\" \/>\n<meta property=\"og:title\" content=\"Meet &amp; Greet met toekomstige werknemers - 19 september 2024 - Ondernemend Venlo\" \/>\n<meta property=\"og:description\" content=\"Zet jouw bedrijf in de spotlights bij de werknemer van de toekomst! De tech-ontwikkelingen gaan snel en bieden ongelofelijk veel kansen. Met Kies Techniek Venlo zien we een kans om leerlingen, studenten en zij- instromers te enthousiasmeren en kennis te laten maken met tal van bedrijven uit de regio die inspirerende tech-doe activiteiten kunnen inzetten. [&hellip;]\" \/>\n<meta property=\"og:url\" content=\"https:\/\/www.ondernemendvenlo.nl\/fr\/meet-greet-met-toekomstige-werknemers-19-september-2024\/\" \/>\n<meta property=\"og:site_name\" content=\"Ondernemend Venlo\" \/>\n<meta property=\"article:published_time\" content=\"2024-09-09T10:47:55+00:00\" \/>\n<meta property=\"og:image\" content=\"https:\/\/www.ondernemendvenlo.nl\/wp-content\/uploads\/2025\/04\/MeetGreetToekomstigeWerkknemers.jpg\" \/>\n\t<meta property=\"og:image:width\" content=\"1920\" \/>\n\t<meta property=\"og:image:height\" content=\"1080\" \/>\n\t<meta property=\"og:image:type\" content=\"image\/jpeg\" \/>\n<meta name=\"author\" content=\"admin\" \/>\n<meta name=\"twitter:card\" content=\"summary_large_image\" \/>\n<meta name=\"twitter:label1\" content=\"\u00c9crit par\" \/>\n\t<meta name=\"twitter:data1\" content=\"admin\" \/>\n\t<meta name=\"twitter:label2\" content=\"Dur\u00e9e de lecture estim\u00e9e\" \/>\n\t<meta name=\"twitter:data2\" content=\"1 minute\" \/>\n<script type=\"application\/ld+json\" class=\"yoast-schema-graph\">{\"@context\":\"https:\/\/schema.org\",\"@graph\":[{\"@type\":\"Article\",\"@id\":\"https:\/\/www.ondernemendvenlo.nl\/meet-greet-met-toekomstige-werknemers-19-september-2024\/#article\",\"isPartOf\":{\"@id\":\"https:\/\/www.ondernemendvenlo.nl\/meet-greet-met-toekomstige-werknemers-19-september-2024\/\"},\"author\":{\"name\":\"admin\",\"@id\":\"https:\/\/www.ondernemendvenlo.nl\/#\/schema\/person\/347e935f8ad4c7030608ef74bb57aa6e\"},\"headline\":\"Meet &#038; Greet met toekomstige werknemers &#8211; 19 september 2024\",\"datePublished\":\"2024-09-09T10:47:55+00:00\",\"mainEntityOfPage\":{\"@id\":\"https:\/\/www.ondernemendvenlo.nl\/meet-greet-met-toekomstige-werknemers-19-september-2024\/\"},\"wordCount\":306,\"publisher\":{\"@id\":\"https:\/\/www.ondernemendvenlo.nl\/#organization\"},\"image\":{\"@id\":\"https:\/\/www.ondernemendvenlo.nl\/meet-greet-met-toekomstige-werknemers-19-september-2024\/#primaryimage\"},\"thumbnailUrl\":\"https:\/\/www.ondernemendvenlo.nl\/wp-content\/uploads\/2025\/04\/MeetGreetToekomstigeWerkknemers.jpg\",\"articleSection\":[\"Nieuws\"],\"inLanguage\":\"fr-FR\"},{\"@type\":\"WebPage\",\"@id\":\"https:\/\/www.ondernemendvenlo.nl\/meet-greet-met-toekomstige-werknemers-19-september-2024\/\",\"url\":\"https:\/\/www.ondernemendvenlo.nl\/meet-greet-met-toekomstige-werknemers-19-september-2024\/\",\"name\":\"Meet & Greet met toekomstige werknemers - 19 september 2024 - Ondernemend Venlo\",\"isPartOf\":{\"@id\":\"https:\/\/www.ondernemendvenlo.nl\/#website\"},\"primaryImageOfPage\":{\"@id\":\"https:\/\/www.ondernemendvenlo.nl\/meet-greet-met-toekomstige-werknemers-19-september-2024\/#primaryimage\"},\"image\":{\"@id\":\"https:\/\/www.ondernemendvenlo.nl\/meet-greet-met-toekomstige-werknemers-19-september-2024\/#primaryimage\"},\"thumbnailUrl\":\"https:\/\/www.ondernemendvenlo.nl\/wp-content\/uploads\/2025\/04\/MeetGreetToekomstigeWerkknemers.jpg\",\"datePublished\":\"2024-09-09T10:47:55+00:00\",\"breadcrumb\":{\"@id\":\"https:\/\/www.ondernemendvenlo.nl\/meet-greet-met-toekomstige-werknemers-19-september-2024\/#breadcrumb\"},\"inLanguage\":\"fr-FR\",\"potentialAction\":[{\"@type\":\"ReadAction\",\"target\":[\"https:\/\/www.ondernemendvenlo.nl\/meet-greet-met-toekomstige-werknemers-19-september-2024\/\"]}]},{\"@type\":\"ImageObject\",\"inLanguage\":\"fr-FR\",\"@id\":\"https:\/\/www.ondernemendvenlo.nl\/meet-greet-met-toekomstige-werknemers-19-september-2024\/#primaryimage\",\"url\":\"https:\/\/www.ondernemendvenlo.nl\/wp-content\/uploads\/2025\/04\/MeetGreetToekomstigeWerkknemers.jpg\",\"contentUrl\":\"https:\/\/www.ondernemendvenlo.nl\/wp-content\/uploads\/2025\/04\/MeetGreetToekomstigeWerkknemers.jpg\",\"width\":1920,\"height\":1080},{\"@type\":\"BreadcrumbList\",\"@id\":\"https:\/\/www.ondernemendvenlo.nl\/meet-greet-met-toekomstige-werknemers-19-september-2024\/#breadcrumb\",\"itemListElement\":[{\"@type\":\"ListItem\",\"position\":1,\"name\":\"Ondernemend Venlo\",\"item\":\"https:\/\/www.ondernemendvenlo.nl\/\"},{\"@type\":\"ListItem\",\"position\":2,\"name\":\"Nieuws\",\"item\":\"https:\/\/www.ondernemendvenlo.nl\/categorie\/nieuws\/\"},{\"@type\":\"ListItem\",\"position\":3,\"name\":\"Meet &#038; Greet met toekomstige werknemers &#8211; 19 september 2024\"}]},{\"@type\":\"WebSite\",\"@id\":\"https:\/\/www.ondernemendvenlo.nl\/#website\",\"url\":\"https:\/\/www.ondernemendvenlo.nl\/\",\"name\":\"Ondernemend Venlo\",\"description\":\"Samen succesvol ondernemen\",\"publisher\":{\"@id\":\"https:\/\/www.ondernemendvenlo.nl\/#organization\"},\"potentialAction\":[{\"@type\":\"SearchAction\",\"target\":{\"@type\":\"EntryPoint\",\"urlTemplate\":\"https:\/\/www.ondernemendvenlo.nl\/?s={search_term_string}\"},\"query-input\":{\"@type\":\"PropertyValueSpecification\",\"valueRequired\":true,\"valueName\":\"search_term_string\"}}],\"inLanguage\":\"fr-FR\"},{\"@type\":\"Organization\",\"@id\":\"https:\/\/www.ondernemendvenlo.nl\/#organization\",\"name\":\"Ondernemend Venlo\",\"url\":\"https:\/\/www.ondernemendvenlo.nl\/\",\"logo\":{\"@type\":\"ImageObject\",\"inLanguage\":\"fr-FR\",\"@id\":\"https:\/\/www.ondernemendvenlo.nl\/#\/schema\/logo\/image\/\",\"url\":\"https:\/\/www.ondernemendvenlo.nl\/wp-content\/uploads\/2025\/02\/Ondernemend-Venlo-logo-scaled.webp\",\"contentUrl\":\"https:\/\/www.ondernemendvenlo.nl\/wp-content\/uploads\/2025\/02\/Ondernemend-Venlo-logo-scaled.webp\",\"width\":2560,\"height\":1010,\"caption\":\"Ondernemend Venlo\"},\"image\":{\"@id\":\"https:\/\/www.ondernemendvenlo.nl\/#\/schema\/logo\/image\/\"},\"sameAs\":[\"https:\/\/www.linkedin.com\/company\/ondernemend-venlo\/\"]},{\"@type\":\"Person\",\"@id\":\"https:\/\/www.ondernemendvenlo.nl\/#\/schema\/person\/347e935f8ad4c7030608ef74bb57aa6e\",\"name\":\"admin\",\"image\":{\"@type\":\"ImageObject\",\"inLanguage\":\"fr-FR\",\"@id\":\"https:\/\/www.ondernemendvenlo.nl\/#\/schema\/person\/image\/\",\"url\":\"https:\/\/www.ondernemendvenlo.nl\/wp-content\/litespeed\/avatar\/720af750b037aecf6e33e12833479059.jpg?ver=1777382954\",\"contentUrl\":\"https:\/\/www.ondernemendvenlo.nl\/wp-content\/litespeed\/avatar\/720af750b037aecf6e33e12833479059.jpg?ver=1777382954\",\"caption\":\"admin\"},\"sameAs\":[\"https:\/\/www.ondernemendvenlo.nl\"]}]}<\/script>\n<!-- \/ Yoast SEO plugin. -->","yoast_head_json":{"title":"Meet & Greet met toekomstige werknemers - 19 september 2024 - Ondernemend Venlo","robots":{"index":"index","follow":"follow","max-snippet":"max-snippet:-1","max-image-preview":"max-image-preview:large","max-video-preview":"max-video-preview:-1"},"canonical":"https:\/\/www.ondernemendvenlo.nl\/fr\/meet-greet-met-toekomstige-werknemers-19-september-2024\/","og_locale":"fr_FR","og_type":"article","og_title":"Meet & Greet met toekomstige werknemers - 19 september 2024 - Ondernemend Venlo","og_description":"Zet jouw bedrijf in de spotlights bij de werknemer van de toekomst! De tech-ontwikkelingen gaan snel en bieden ongelofelijk veel kansen. Met Kies Techniek Venlo zien we een kans om leerlingen, studenten en zij- instromers te enthousiasmeren en kennis te laten maken met tal van bedrijven uit de regio die inspirerende tech-doe activiteiten kunnen inzetten. [&hellip;]","og_url":"https:\/\/www.ondernemendvenlo.nl\/fr\/meet-greet-met-toekomstige-werknemers-19-september-2024\/","og_site_name":"Ondernemend Venlo","article_published_time":"2024-09-09T10:47:55+00:00","og_image":[{"width":1920,"height":1080,"url":"https:\/\/www.ondernemendvenlo.nl\/wp-content\/uploads\/2025\/04\/MeetGreetToekomstigeWerkknemers.jpg","type":"image\/jpeg"}],"author":"admin","twitter_card":"summary_large_image","twitter_misc":{"\u00c9crit par":"admin","Dur\u00e9e de lecture estim\u00e9e":"1 minute"},"schema":{"@context":"https:\/\/schema.org","@graph":[{"@type":"Article","@id":"https:\/\/www.ondernemendvenlo.nl\/meet-greet-met-toekomstige-werknemers-19-september-2024\/#article","isPartOf":{"@id":"https:\/\/www.ondernemendvenlo.nl\/meet-greet-met-toekomstige-werknemers-19-september-2024\/"},"author":{"name":"admin","@id":"https:\/\/www.ondernemendvenlo.nl\/#\/schema\/person\/347e935f8ad4c7030608ef74bb57aa6e"},"headline":"Meet &#038; Greet met toekomstige werknemers &#8211; 19 september 2024","datePublished":"2024-09-09T10:47:55+00:00","mainEntityOfPage":{"@id":"https:\/\/www.ondernemendvenlo.nl\/meet-greet-met-toekomstige-werknemers-19-september-2024\/"},"wordCount":306,"publisher":{"@id":"https:\/\/www.ondernemendvenlo.nl\/#organization"},"image":{"@id":"https:\/\/www.ondernemendvenlo.nl\/meet-greet-met-toekomstige-werknemers-19-september-2024\/#primaryimage"},"thumbnailUrl":"https:\/\/www.ondernemendvenlo.nl\/wp-content\/uploads\/2025\/04\/MeetGreetToekomstigeWerkknemers.jpg","articleSection":["Nieuws"],"inLanguage":"fr-FR"},{"@type":"WebPage","@id":"https:\/\/www.ondernemendvenlo.nl\/meet-greet-met-toekomstige-werknemers-19-september-2024\/","url":"https:\/\/www.ondernemendvenlo.nl\/meet-greet-met-toekomstige-werknemers-19-september-2024\/","name":"Meet & Greet met toekomstige werknemers - 19 september 2024 - Ondernemend Venlo","isPartOf":{"@id":"https:\/\/www.ondernemendvenlo.nl\/#website"},"primaryImageOfPage":{"@id":"https:\/\/www.ondernemendvenlo.nl\/meet-greet-met-toekomstige-werknemers-19-september-2024\/#primaryimage"},"image":{"@id":"https:\/\/www.ondernemendvenlo.nl\/meet-greet-met-toekomstige-werknemers-19-september-2024\/#primaryimage"},"thumbnailUrl":"https:\/\/www.ondernemendvenlo.nl\/wp-content\/uploads\/2025\/04\/MeetGreetToekomstigeWerkknemers.jpg","datePublished":"2024-09-09T10:47:55+00:00","breadcrumb":{"@id":"https:\/\/www.ondernemendvenlo.nl\/meet-greet-met-toekomstige-werknemers-19-september-2024\/#breadcrumb"},"inLanguage":"fr-FR","potentialAction":[{"@type":"ReadAction","target":["https:\/\/www.ondernemendvenlo.nl\/meet-greet-met-toekomstige-werknemers-19-september-2024\/"]}]},{"@type":"ImageObject","inLanguage":"fr-FR","@id":"https:\/\/www.ondernemendvenlo.nl\/meet-greet-met-toekomstige-werknemers-19-september-2024\/#primaryimage","url":"https:\/\/www.ondernemendvenlo.nl\/wp-content\/uploads\/2025\/04\/MeetGreetToekomstigeWerkknemers.jpg","contentUrl":"https:\/\/www.ondernemendvenlo.nl\/wp-content\/uploads\/2025\/04\/MeetGreetToekomstigeWerkknemers.jpg","width":1920,"height":1080},{"@type":"BreadcrumbList","@id":"https:\/\/www.ondernemendvenlo.nl\/meet-greet-met-toekomstige-werknemers-19-september-2024\/#breadcrumb","itemListElement":[{"@type":"ListItem","position":1,"name":"Ondernemend Venlo","item":"https:\/\/www.ondernemendvenlo.nl\/"},{"@type":"ListItem","position":2,"name":"Nieuws","item":"https:\/\/www.ondernemendvenlo.nl\/categorie\/nieuws\/"},{"@type":"ListItem","position":3,"name":"Meet &#038; Greet met toekomstige werknemers &#8211; 19 september 2024"}]},{"@type":"WebSite","@id":"https:\/\/www.ondernemendvenlo.nl\/#website","url":"https:\/\/www.ondernemendvenlo.nl\/","name":"Venlo entrepreneurial","description":"Travailler ensemble avec succ\u00e8s","publisher":{"@id":"https:\/\/www.ondernemendvenlo.nl\/#organization"},"potentialAction":[{"@type":"SearchAction","target":{"@type":"EntryPoint","urlTemplate":"https:\/\/www.ondernemendvenlo.nl\/?s={search_term_string}"},"query-input":{"@type":"PropertyValueSpecification","valueRequired":true,"valueName":"search_term_string"}}],"inLanguage":"fr-FR"},{"@type":"Organization","@id":"https:\/\/www.ondernemendvenlo.nl\/#organization","name":"Venlo entrepreneurial","url":"https:\/\/www.ondernemendvenlo.nl\/","logo":{"@type":"ImageObject","inLanguage":"fr-FR","@id":"https:\/\/www.ondernemendvenlo.nl\/#\/schema\/logo\/image\/","url":"https:\/\/www.ondernemendvenlo.nl\/wp-content\/uploads\/2025\/02\/Ondernemend-Venlo-logo-scaled.webp","contentUrl":"https:\/\/www.ondernemendvenlo.nl\/wp-content\/uploads\/2025\/02\/Ondernemend-Venlo-logo-scaled.webp","width":2560,"height":1010,"caption":"Ondernemend Venlo"},"image":{"@id":"https:\/\/www.ondernemendvenlo.nl\/#\/schema\/logo\/image\/"},"sameAs":["https:\/\/www.linkedin.com\/company\/ondernemend-venlo\/"]},{"@type":"Person","@id":"https:\/\/www.ondernemendvenlo.nl\/#\/schema\/person\/347e935f8ad4c7030608ef74bb57aa6e","name":"admin","image":{"@type":"ImageObject","inLanguage":"fr-FR","@id":"https:\/\/www.ondernemendvenlo.nl\/#\/schema\/person\/image\/","url":"https:\/\/www.ondernemendvenlo.nl\/wp-content\/litespeed\/avatar\/720af750b037aecf6e33e12833479059.jpg?ver=1777382954","contentUrl":"https:\/\/www.ondernemendvenlo.nl\/wp-content\/litespeed\/avatar\/720af750b037aecf6e33e12833479059.jpg?ver=1777382954","caption":"admin"},"sameAs":["https:\/\/www.ondernemendvenlo.nl"]}]}},"_links":{"self":[{"href":"https:\/\/www.ondernemendvenlo.nl\/fr\/wp-json\/wp\/v2\/posts\/3189","targetHints":{"allow":["GET"]}}],"collection":[{"href":"https:\/\/www.ondernemendvenlo.nl\/fr\/wp-json\/wp\/v2\/posts"}],"about":[{"href":"https:\/\/www.ondernemendvenlo.nl\/fr\/wp-json\/wp\/v2\/types\/post"}],"author":[{"embeddable":true,"href":"https:\/\/www.ondernemendvenlo.nl\/fr\/wp-json\/wp\/v2\/users\/1"}],"replies":[{"embeddable":true,"href":"https:\/\/www.ondernemendvenlo.nl\/fr\/wp-json\/wp\/v2\/comments?post=3189"}],"version-history":[{"count":0,"href":"https:\/\/www.ondernemendvenlo.nl\/fr\/wp-json\/wp\/v2\/posts\/3189\/revisions"}],"wp:featuredmedia":[{"embeddable":true,"href":"https:\/\/www.ondernemendvenlo.nl\/fr\/wp-json\/wp\/v2\/media\/3190"}],"wp:attachment":[{"href":"https:\/\/www.ondernemendvenlo.nl\/fr\/wp-json\/wp\/v2\/media?parent=3189"}],"wp:term":[{"taxonomy":"category","embeddable":true,"href":"https:\/\/www.ondernemendvenlo.nl\/fr\/wp-json\/wp\/v2\/categories?post=3189"},{"taxonomy":"post_tag","embeddable":true,"href":"https:\/\/www.ondernemendvenlo.nl\/fr\/wp-json\/wp\/v2\/tags?post=3189"}],"curies":[{"name":"wp","href":"https:\/\/api.w.org\/{rel}","templated":true}]}}