{"id":3191,"date":"2024-09-09T13:24:46","date_gmt":"2024-09-09T11:24:46","guid":{"rendered":"https:\/\/www.ondernemendvenlo.nl\/agenda-duurzame-events-van-esc\/"},"modified":"2024-09-09T13:24:46","modified_gmt":"2024-09-09T11:24:46","slug":"agenda-duurzame-events-van-esc","status":"publish","type":"post","link":"https:\/\/www.ondernemendvenlo.nl\/fr\/agenda-duurzame-events-van-esc\/","title":{"rendered":"Calendrier des \u00e9v\u00e9nements durables du CES"},"content":{"rendered":"<p class=\"p1\"><strong>Visitez en ligne les \u00e9v\u00e9nements durables organis\u00e9s par le CES<\/strong><\/p>\n<p class=\"p1\">L'ESC (Euregional Sustainability Centre) est une initiative de Fontys Venlo. En collaboration avec diverses institutions de connaissances, entreprises (associations) et gouvernements, nous promouvons la durabilit\u00e9, la transition \u00e9nerg\u00e9tique et l'\u00e9conomie circulaire dans la r\u00e9gion frontali\u00e8re par le biais de la coop\u00e9ration et de l'\u00e9change de connaissances.<\/p>\n<p class=\"p2\">Les \u00e9v\u00e9nements \u00e0 venir sont les suivants :<\/p>\n<p><em> <span lang=\"EN-US\">&#8211;<\/span>       <\/em><br \/>\n<span lang=\"EN-US\"><em>\u00c9v\u00e9nement en ligne gratuit \/ Anglais parl\u00e9<\/em><\/span><\/p>\n<p><span lang=\"EN-US\">Date : 19 septembre 2024<br \/>\n<\/span><span lang=\"EN-US\">Le temps : <\/span><span lang=\"EN-US\">13:30 - 17:30<\/span><\/p>\n<p class=\"p1\">Opportunit\u00e9s et incitations pour la construction durable et saine dans la r\u00e9gion transfrontali\u00e8re des Pays-Bas et de l'Allemagne<br \/>\n<span lang=\"EN-US\">Intervenants : <\/span><a title=\"https:\/\/www.linkedin.com\/in\/david-peck-b47ba412\/\" href=\"https:\/\/www.linkedin.com\/in\/david-peck-b47ba412\/\" target=\"_blank\" rel=\"noopener\"><span lang=\"EN-US\">David Peck<\/span><\/a><span lang=\"EN-US\">, <\/span><a title=\"https:\/\/www.linkedin.com\/in\/moritz-krogmann-0a9b35b2\/\" href=\"https:\/\/www.linkedin.com\/in\/moritz-krogmann-0a9b35b2\/\" target=\"_blank\" rel=\"noopener\"><span lang=\"EN-US\">Moritz Krogmann<\/span><\/a><span lang=\"EN-US\">, <\/span><a title=\"https:\/\/www.linkedin.com\/in\/justusschuenemann\/\" href=\"https:\/\/www.linkedin.com\/in\/justusschuenemann\/\" target=\"_blank\" rel=\"noopener\"><span lang=\"EN-US\">Justus Sch\u00fcnemann<\/span><\/a><span lang=\"EN-US\">, <\/span><a title=\"https:\/\/www.linkedin.com\/in\/janpeter-beckmann-6014371b3\/\" href=\"https:\/\/www.linkedin.com\/in\/janpeter-beckmann-6014371b3\/\" target=\"_blank\" rel=\"noopener\"><span lang=\"EN-US\">Janpeter Beckmann<\/span><\/a><span lang=\"EN-US\">, <\/span><a title=\"https:\/\/www.linkedin.com\/in\/remkozuidema\/\" href=\"https:\/\/www.linkedin.com\/in\/remkozuidema\/\" target=\"_blank\" rel=\"noopener\"><span lang=\"EN-US\">Remko Zuidema<\/span><\/a><span lang=\"EN-US\"><br \/>\n<\/span><span lang=\"EN-US\">Plus d'informations et inscription : <\/span><strong><a title=\"https:\/\/lnkd.in\/e-xZX96K\" href=\"https:\/\/lnkd.in\/e-xZX96K\" target=\"_blank\" rel=\"noopener\"><span lang=\"EN-US\">Bourse transfrontali\u00e8re de la construction durable<\/span><\/a><\/strong><span lang=\"EN-US\"><br \/>\n<\/span><\/p>\n<hr \/>\n<p class=\"p1\"><span lang=\"EN-US\"><br \/>\n<\/span>         <span lang=\"EN-US\"> (<\/span><a title=\"https:\/\/www.linkedin.com\/company\/maastricht-university\/\" href=\"https:\/\/www.linkedin.com\/company\/maastricht-university\/\" target=\"_blank\" rel=\"noopener\"><span lang=\"EN-US\">Universit\u00e9 de Maastricht<\/span><\/a><span lang=\"EN-US\">)<br \/>\n<\/span><span lang=\"EN-US\"><em>\u00c9v\u00e9nement en ligne gratuit \/ Anglais parl\u00e9<\/em><\/span><\/p>\n<p class=\"p1\"><span lang=\"EN-US\">Date : 30 octobre 2024<br \/>\n<\/span><span lang=\"EN-US\">Heure : 14:30 - 16:00<br \/>\n<\/span><\/p>\n<p class=\"p1\"><span lang=\"EN-US\">Les \u00e9nergies renouvelables dans les r\u00e9gions frontali\u00e8res<br \/>\n<\/span><span lang=\"EN-US\">S'abonner : <\/span><strong><a title=\"https:\/\/lnkd.in\/ezPAtaJN\" href=\"https:\/\/lnkd.in\/ezPAtaJN\" target=\"_blank\" rel=\"noopener\"><span lang=\"EN-US\">S\u00e9ance d'inspiration avec Martin Unfried<\/span><\/a><\/strong><span lang=\"EN-US\"><br \/>\n<\/span><\/p>\n<hr \/>\n<p class=\"p1\"><span lang=\"EN-US\"><br \/>\n<\/span><strong>       <span lang=\"EN-US\">. <\/span> <span lang=\"EN-US\">. <\/span><a title=\"https:\/\/www.linkedin.com\/in\/martina-fromhold-eisebith-a61a847\/\" href=\"https:\/\/www.linkedin.com\/in\/martina-fromhold-eisebith-a61a847\/\" target=\"_blank\" rel=\"noopener\"><span lang=\"EN-US\">Martina Fromhold-Eisebith<\/span><\/a><br \/>\n<\/strong><span lang=\"EN-US\"><em>\u00c9v\u00e9nement en ligne gratuit \/ Anglais parl\u00e9<\/em><\/span><\/p>\n<p class=\"p1\"><span lang=\"EN-US\">Date : 6 novembre 2024<br \/>\n<\/span><span lang=\"EN-US\">Heure : 14:30 - 16:00<\/span><\/p>\n<p class=\"p1\"><span lang=\"EN-US\">Produits durables et \u00e9conomie circulaire<br \/>\n<\/span><span lang=\"EN-US\">S'abonner : <\/span><strong><a title=\"https:\/\/lnkd.in\/ea2qsSDx\" href=\"https:\/\/lnkd.in\/ea2qsSDx\" target=\"_blank\" rel=\"noopener\"><span lang=\"EN-US\">Session d'inspiration avec le Prof. Dr. Martina Fromhold-Eisebith<\/span><\/a><\/strong><\/p>\n<hr \/>\n<p>Vous avez l'occasion d'\u00e9largir vos connaissances, de nouer des liens et de travailler ensemble sur des solutions durables !<br \/>\nPlus d'informations : <strong><a href=\"https:\/\/sustainabilitycenter.eu\/esc-events\/\">esc events<\/a><\/strong><\/p>","protected":false},"excerpt":{"rendered":"<p>Bezoek online de duurzame evenementen georganiseerd door het ESC \u200b\u200bHet ESC (Euregionaal Duurzaamheidscentrum) is een initiatief van Fontys Venlo. Samen met diverse kennisinstellingen, bedrijven (verenigingen) en overheden bevorderen wij door samenwerking en kennisuitwisseling de duurzaamheid, de energietransitie en de circulaire economie in de grensregio. Komende evwnts zijn: &#8211; Gratis online event \/ Engels gesproken Datum: [&hellip;]<\/p>","protected":false},"author":1,"featured_media":3192,"comment_status":"closed","ping_status":"open","sticky":false,"template":"","format":"standard","meta":{"_acf_changed":false,"footnotes":""},"categories":[8],"tags":[],"class_list":["post-3191","post","type-post","status-publish","format-standard","has-post-thumbnail","hentry","category-nieuws"],"acf":[],"yoast_head":"<!-- This site is optimized with the Yoast SEO plugin v26.3 - https:\/\/yoast.com\/wordpress\/plugins\/seo\/ -->\n<title>Agenda duurzame events van ESC - Ondernemend Venlo<\/title>\n<meta name=\"robots\" content=\"index, follow, max-snippet:-1, max-image-preview:large, max-video-preview:-1\" \/>\n<link rel=\"canonical\" href=\"https:\/\/www.ondernemendvenlo.nl\/fr\/agenda-duurzame-events-van-esc\/\" \/>\n<meta property=\"og:locale\" content=\"fr_FR\" \/>\n<meta property=\"og:type\" content=\"article\" \/>\n<meta property=\"og:title\" content=\"Agenda duurzame events van ESC - Ondernemend Venlo\" \/>\n<meta property=\"og:description\" content=\"Bezoek online de duurzame evenementen georganiseerd door het ESC \u200b\u200bHet ESC (Euregionaal Duurzaamheidscentrum) is een initiatief van Fontys Venlo. Samen met diverse kennisinstellingen, bedrijven (verenigingen) en overheden bevorderen wij door samenwerking en kennisuitwisseling de duurzaamheid, de energietransitie en de circulaire economie in de grensregio. Komende evwnts zijn: &#8211; Gratis online event \/ Engels gesproken Datum: [&hellip;]\" \/>\n<meta property=\"og:url\" content=\"https:\/\/www.ondernemendvenlo.nl\/fr\/agenda-duurzame-events-van-esc\/\" \/>\n<meta property=\"og:site_name\" content=\"Ondernemend Venlo\" \/>\n<meta property=\"article:published_time\" content=\"2024-09-09T11:24:46+00:00\" \/>\n<meta property=\"og:image\" content=\"https:\/\/www.ondernemendvenlo.nl\/wp-content\/uploads\/2025\/04\/esc-ComingUpEvents.jpg\" \/>\n\t<meta property=\"og:image:width\" content=\"1920\" \/>\n\t<meta property=\"og:image:height\" content=\"1080\" \/>\n\t<meta property=\"og:image:type\" content=\"image\/jpeg\" \/>\n<meta name=\"author\" content=\"admin\" \/>\n<meta name=\"twitter:card\" content=\"summary_large_image\" \/>\n<meta name=\"twitter:label1\" content=\"\u00c9crit par\" \/>\n\t<meta name=\"twitter:data1\" content=\"admin\" \/>\n\t<meta name=\"twitter:label2\" content=\"Dur\u00e9e de lecture estim\u00e9e\" \/>\n\t<meta name=\"twitter:data2\" content=\"1 minute\" \/>\n<script type=\"application\/ld+json\" class=\"yoast-schema-graph\">{\"@context\":\"https:\/\/schema.org\",\"@graph\":[{\"@type\":\"Article\",\"@id\":\"https:\/\/www.ondernemendvenlo.nl\/agenda-duurzame-events-van-esc\/#article\",\"isPartOf\":{\"@id\":\"https:\/\/www.ondernemendvenlo.nl\/agenda-duurzame-events-van-esc\/\"},\"author\":{\"name\":\"admin\",\"@id\":\"https:\/\/www.ondernemendvenlo.nl\/#\/schema\/person\/347e935f8ad4c7030608ef74bb57aa6e\"},\"headline\":\"Agenda duurzame events van ESC\",\"datePublished\":\"2024-09-09T11:24:46+00:00\",\"mainEntityOfPage\":{\"@id\":\"https:\/\/www.ondernemendvenlo.nl\/agenda-duurzame-events-van-esc\/\"},\"wordCount\":170,\"publisher\":{\"@id\":\"https:\/\/www.ondernemendvenlo.nl\/#organization\"},\"image\":{\"@id\":\"https:\/\/www.ondernemendvenlo.nl\/agenda-duurzame-events-van-esc\/#primaryimage\"},\"thumbnailUrl\":\"https:\/\/www.ondernemendvenlo.nl\/wp-content\/uploads\/2025\/04\/esc-ComingUpEvents.jpg\",\"articleSection\":[\"Nieuws\"],\"inLanguage\":\"fr-FR\"},{\"@type\":\"WebPage\",\"@id\":\"https:\/\/www.ondernemendvenlo.nl\/agenda-duurzame-events-van-esc\/\",\"url\":\"https:\/\/www.ondernemendvenlo.nl\/agenda-duurzame-events-van-esc\/\",\"name\":\"Agenda duurzame events van ESC - Ondernemend Venlo\",\"isPartOf\":{\"@id\":\"https:\/\/www.ondernemendvenlo.nl\/#website\"},\"primaryImageOfPage\":{\"@id\":\"https:\/\/www.ondernemendvenlo.nl\/agenda-duurzame-events-van-esc\/#primaryimage\"},\"image\":{\"@id\":\"https:\/\/www.ondernemendvenlo.nl\/agenda-duurzame-events-van-esc\/#primaryimage\"},\"thumbnailUrl\":\"https:\/\/www.ondernemendvenlo.nl\/wp-content\/uploads\/2025\/04\/esc-ComingUpEvents.jpg\",\"datePublished\":\"2024-09-09T11:24:46+00:00\",\"breadcrumb\":{\"@id\":\"https:\/\/www.ondernemendvenlo.nl\/agenda-duurzame-events-van-esc\/#breadcrumb\"},\"inLanguage\":\"fr-FR\",\"potentialAction\":[{\"@type\":\"ReadAction\",\"target\":[\"https:\/\/www.ondernemendvenlo.nl\/agenda-duurzame-events-van-esc\/\"]}]},{\"@type\":\"ImageObject\",\"inLanguage\":\"fr-FR\",\"@id\":\"https:\/\/www.ondernemendvenlo.nl\/agenda-duurzame-events-van-esc\/#primaryimage\",\"url\":\"https:\/\/www.ondernemendvenlo.nl\/wp-content\/uploads\/2025\/04\/esc-ComingUpEvents.jpg\",\"contentUrl\":\"https:\/\/www.ondernemendvenlo.nl\/wp-content\/uploads\/2025\/04\/esc-ComingUpEvents.jpg\",\"width\":1920,\"height\":1080},{\"@type\":\"BreadcrumbList\",\"@id\":\"https:\/\/www.ondernemendvenlo.nl\/agenda-duurzame-events-van-esc\/#breadcrumb\",\"itemListElement\":[{\"@type\":\"ListItem\",\"position\":1,\"name\":\"Ondernemend Venlo\",\"item\":\"https:\/\/www.ondernemendvenlo.nl\/\"},{\"@type\":\"ListItem\",\"position\":2,\"name\":\"Nieuws\",\"item\":\"https:\/\/www.ondernemendvenlo.nl\/categorie\/nieuws\/\"},{\"@type\":\"ListItem\",\"position\":3,\"name\":\"Agenda duurzame events van ESC\"}]},{\"@type\":\"WebSite\",\"@id\":\"https:\/\/www.ondernemendvenlo.nl\/#website\",\"url\":\"https:\/\/www.ondernemendvenlo.nl\/\",\"name\":\"Ondernemend Venlo\",\"description\":\"Samen succesvol ondernemen\",\"publisher\":{\"@id\":\"https:\/\/www.ondernemendvenlo.nl\/#organization\"},\"potentialAction\":[{\"@type\":\"SearchAction\",\"target\":{\"@type\":\"EntryPoint\",\"urlTemplate\":\"https:\/\/www.ondernemendvenlo.nl\/?s={search_term_string}\"},\"query-input\":{\"@type\":\"PropertyValueSpecification\",\"valueRequired\":true,\"valueName\":\"search_term_string\"}}],\"inLanguage\":\"fr-FR\"},{\"@type\":\"Organization\",\"@id\":\"https:\/\/www.ondernemendvenlo.nl\/#organization\",\"name\":\"Ondernemend Venlo\",\"url\":\"https:\/\/www.ondernemendvenlo.nl\/\",\"logo\":{\"@type\":\"ImageObject\",\"inLanguage\":\"fr-FR\",\"@id\":\"https:\/\/www.ondernemendvenlo.nl\/#\/schema\/logo\/image\/\",\"url\":\"https:\/\/www.ondernemendvenlo.nl\/wp-content\/uploads\/2025\/02\/Ondernemend-Venlo-logo-scaled.webp\",\"contentUrl\":\"https:\/\/www.ondernemendvenlo.nl\/wp-content\/uploads\/2025\/02\/Ondernemend-Venlo-logo-scaled.webp\",\"width\":2560,\"height\":1010,\"caption\":\"Ondernemend Venlo\"},\"image\":{\"@id\":\"https:\/\/www.ondernemendvenlo.nl\/#\/schema\/logo\/image\/\"},\"sameAs\":[\"https:\/\/www.linkedin.com\/company\/ondernemend-venlo\/\"]},{\"@type\":\"Person\",\"@id\":\"https:\/\/www.ondernemendvenlo.nl\/#\/schema\/person\/347e935f8ad4c7030608ef74bb57aa6e\",\"name\":\"admin\",\"image\":{\"@type\":\"ImageObject\",\"inLanguage\":\"fr-FR\",\"@id\":\"https:\/\/www.ondernemendvenlo.nl\/#\/schema\/person\/image\/\",\"url\":\"https:\/\/www.ondernemendvenlo.nl\/wp-content\/litespeed\/avatar\/720af750b037aecf6e33e12833479059.jpg?ver=1777382954\",\"contentUrl\":\"https:\/\/www.ondernemendvenlo.nl\/wp-content\/litespeed\/avatar\/720af750b037aecf6e33e12833479059.jpg?ver=1777382954\",\"caption\":\"admin\"},\"sameAs\":[\"https:\/\/www.ondernemendvenlo.nl\"]}]}<\/script>\n<!-- \/ Yoast SEO plugin. -->","yoast_head_json":{"title":"Agenda duurzame events van ESC - Ondernemend Venlo","robots":{"index":"index","follow":"follow","max-snippet":"max-snippet:-1","max-image-preview":"max-image-preview:large","max-video-preview":"max-video-preview:-1"},"canonical":"https:\/\/www.ondernemendvenlo.nl\/fr\/agenda-duurzame-events-van-esc\/","og_locale":"fr_FR","og_type":"article","og_title":"Agenda duurzame events van ESC - Ondernemend Venlo","og_description":"Bezoek online de duurzame evenementen georganiseerd door het ESC \u200b\u200bHet ESC (Euregionaal Duurzaamheidscentrum) is een initiatief van Fontys Venlo. Samen met diverse kennisinstellingen, bedrijven (verenigingen) en overheden bevorderen wij door samenwerking en kennisuitwisseling de duurzaamheid, de energietransitie en de circulaire economie in de grensregio. Komende evwnts zijn: &#8211; Gratis online event \/ Engels gesproken Datum: [&hellip;]","og_url":"https:\/\/www.ondernemendvenlo.nl\/fr\/agenda-duurzame-events-van-esc\/","og_site_name":"Ondernemend Venlo","article_published_time":"2024-09-09T11:24:46+00:00","og_image":[{"width":1920,"height":1080,"url":"https:\/\/www.ondernemendvenlo.nl\/wp-content\/uploads\/2025\/04\/esc-ComingUpEvents.jpg","type":"image\/jpeg"}],"author":"admin","twitter_card":"summary_large_image","twitter_misc":{"\u00c9crit par":"admin","Dur\u00e9e de lecture estim\u00e9e":"1 minute"},"schema":{"@context":"https:\/\/schema.org","@graph":[{"@type":"Article","@id":"https:\/\/www.ondernemendvenlo.nl\/agenda-duurzame-events-van-esc\/#article","isPartOf":{"@id":"https:\/\/www.ondernemendvenlo.nl\/agenda-duurzame-events-van-esc\/"},"author":{"name":"admin","@id":"https:\/\/www.ondernemendvenlo.nl\/#\/schema\/person\/347e935f8ad4c7030608ef74bb57aa6e"},"headline":"Agenda duurzame events van ESC","datePublished":"2024-09-09T11:24:46+00:00","mainEntityOfPage":{"@id":"https:\/\/www.ondernemendvenlo.nl\/agenda-duurzame-events-van-esc\/"},"wordCount":170,"publisher":{"@id":"https:\/\/www.ondernemendvenlo.nl\/#organization"},"image":{"@id":"https:\/\/www.ondernemendvenlo.nl\/agenda-duurzame-events-van-esc\/#primaryimage"},"thumbnailUrl":"https:\/\/www.ondernemendvenlo.nl\/wp-content\/uploads\/2025\/04\/esc-ComingUpEvents.jpg","articleSection":["Nieuws"],"inLanguage":"fr-FR"},{"@type":"WebPage","@id":"https:\/\/www.ondernemendvenlo.nl\/agenda-duurzame-events-van-esc\/","url":"https:\/\/www.ondernemendvenlo.nl\/agenda-duurzame-events-van-esc\/","name":"Agenda duurzame events van ESC - Ondernemend Venlo","isPartOf":{"@id":"https:\/\/www.ondernemendvenlo.nl\/#website"},"primaryImageOfPage":{"@id":"https:\/\/www.ondernemendvenlo.nl\/agenda-duurzame-events-van-esc\/#primaryimage"},"image":{"@id":"https:\/\/www.ondernemendvenlo.nl\/agenda-duurzame-events-van-esc\/#primaryimage"},"thumbnailUrl":"https:\/\/www.ondernemendvenlo.nl\/wp-content\/uploads\/2025\/04\/esc-ComingUpEvents.jpg","datePublished":"2024-09-09T11:24:46+00:00","breadcrumb":{"@id":"https:\/\/www.ondernemendvenlo.nl\/agenda-duurzame-events-van-esc\/#breadcrumb"},"inLanguage":"fr-FR","potentialAction":[{"@type":"ReadAction","target":["https:\/\/www.ondernemendvenlo.nl\/agenda-duurzame-events-van-esc\/"]}]},{"@type":"ImageObject","inLanguage":"fr-FR","@id":"https:\/\/www.ondernemendvenlo.nl\/agenda-duurzame-events-van-esc\/#primaryimage","url":"https:\/\/www.ondernemendvenlo.nl\/wp-content\/uploads\/2025\/04\/esc-ComingUpEvents.jpg","contentUrl":"https:\/\/www.ondernemendvenlo.nl\/wp-content\/uploads\/2025\/04\/esc-ComingUpEvents.jpg","width":1920,"height":1080},{"@type":"BreadcrumbList","@id":"https:\/\/www.ondernemendvenlo.nl\/agenda-duurzame-events-van-esc\/#breadcrumb","itemListElement":[{"@type":"ListItem","position":1,"name":"Ondernemend Venlo","item":"https:\/\/www.ondernemendvenlo.nl\/"},{"@type":"ListItem","position":2,"name":"Nieuws","item":"https:\/\/www.ondernemendvenlo.nl\/categorie\/nieuws\/"},{"@type":"ListItem","position":3,"name":"Agenda duurzame events van ESC"}]},{"@type":"WebSite","@id":"https:\/\/www.ondernemendvenlo.nl\/#website","url":"https:\/\/www.ondernemendvenlo.nl\/","name":"Venlo entrepreneurial","description":"Travailler ensemble avec succ\u00e8s","publisher":{"@id":"https:\/\/www.ondernemendvenlo.nl\/#organization"},"potentialAction":[{"@type":"SearchAction","target":{"@type":"EntryPoint","urlTemplate":"https:\/\/www.ondernemendvenlo.nl\/?s={search_term_string}"},"query-input":{"@type":"PropertyValueSpecification","valueRequired":true,"valueName":"search_term_string"}}],"inLanguage":"fr-FR"},{"@type":"Organization","@id":"https:\/\/www.ondernemendvenlo.nl\/#organization","name":"Venlo entrepreneurial","url":"https:\/\/www.ondernemendvenlo.nl\/","logo":{"@type":"ImageObject","inLanguage":"fr-FR","@id":"https:\/\/www.ondernemendvenlo.nl\/#\/schema\/logo\/image\/","url":"https:\/\/www.ondernemendvenlo.nl\/wp-content\/uploads\/2025\/02\/Ondernemend-Venlo-logo-scaled.webp","contentUrl":"https:\/\/www.ondernemendvenlo.nl\/wp-content\/uploads\/2025\/02\/Ondernemend-Venlo-logo-scaled.webp","width":2560,"height":1010,"caption":"Ondernemend Venlo"},"image":{"@id":"https:\/\/www.ondernemendvenlo.nl\/#\/schema\/logo\/image\/"},"sameAs":["https:\/\/www.linkedin.com\/company\/ondernemend-venlo\/"]},{"@type":"Person","@id":"https:\/\/www.ondernemendvenlo.nl\/#\/schema\/person\/347e935f8ad4c7030608ef74bb57aa6e","name":"admin","image":{"@type":"ImageObject","inLanguage":"fr-FR","@id":"https:\/\/www.ondernemendvenlo.nl\/#\/schema\/person\/image\/","url":"https:\/\/www.ondernemendvenlo.nl\/wp-content\/litespeed\/avatar\/720af750b037aecf6e33e12833479059.jpg?ver=1777382954","contentUrl":"https:\/\/www.ondernemendvenlo.nl\/wp-content\/litespeed\/avatar\/720af750b037aecf6e33e12833479059.jpg?ver=1777382954","caption":"admin"},"sameAs":["https:\/\/www.ondernemendvenlo.nl"]}]}},"_links":{"self":[{"href":"https:\/\/www.ondernemendvenlo.nl\/fr\/wp-json\/wp\/v2\/posts\/3191","targetHints":{"allow":["GET"]}}],"collection":[{"href":"https:\/\/www.ondernemendvenlo.nl\/fr\/wp-json\/wp\/v2\/posts"}],"about":[{"href":"https:\/\/www.ondernemendvenlo.nl\/fr\/wp-json\/wp\/v2\/types\/post"}],"author":[{"embeddable":true,"href":"https:\/\/www.ondernemendvenlo.nl\/fr\/wp-json\/wp\/v2\/users\/1"}],"replies":[{"embeddable":true,"href":"https:\/\/www.ondernemendvenlo.nl\/fr\/wp-json\/wp\/v2\/comments?post=3191"}],"version-history":[{"count":0,"href":"https:\/\/www.ondernemendvenlo.nl\/fr\/wp-json\/wp\/v2\/posts\/3191\/revisions"}],"wp:featuredmedia":[{"embeddable":true,"href":"https:\/\/www.ondernemendvenlo.nl\/fr\/wp-json\/wp\/v2\/media\/3192"}],"wp:attachment":[{"href":"https:\/\/www.ondernemendvenlo.nl\/fr\/wp-json\/wp\/v2\/media?parent=3191"}],"wp:term":[{"taxonomy":"category","embeddable":true,"href":"https:\/\/www.ondernemendvenlo.nl\/fr\/wp-json\/wp\/v2\/categories?post=3191"},{"taxonomy":"post_tag","embeddable":true,"href":"https:\/\/www.ondernemendvenlo.nl\/fr\/wp-json\/wp\/v2\/tags?post=3191"}],"curies":[{"name":"wp","href":"https:\/\/api.w.org\/{rel}","templated":true}]}}