{"id":3193,"date":"2024-09-10T13:16:22","date_gmt":"2024-09-10T11:16:22","guid":{"rendered":"https:\/\/www.ondernemendvenlo.nl\/genomineerden-lvdg-prijs-en-talent-award\/"},"modified":"2024-09-10T13:16:22","modified_gmt":"2024-09-10T11:16:22","slug":"genomineerden-lvdg-prijs-en-talent-award","status":"publish","type":"post","link":"https:\/\/www.ondernemendvenlo.nl\/fr\/genomineerden-lvdg-prijs-en-talent-award\/","title":{"rendered":"Nomin\u00e9s Prix LvdG et Prix du Talent 2024"},"content":{"rendered":"<p class=\"p2\"><strong>Les nomin\u00e9s du Prix Lodewijk van der Grinten et du Talent Award 2024 ont \u00e9t\u00e9 officiellement annonc\u00e9s le mardi 10 septembre sur la sc\u00e8ne du Viva Classic Live sur le Markt dans le centre de Venlo. Lors de l'\u00e9v\u00e9nement de nomination, les candidats au prix Lodewijk van der Grinten ont pr\u00e9sent\u00e9 leur projet devant tous les participants. Cette pr\u00e9sentation, ainsi qu'un certain nombre d'autres crit\u00e8res, ont \u00e9t\u00e9 pris en compte dans l'\u00e9valuation du jury d'experts. Le th\u00e8me central de cette ann\u00e9e est : <i>Omdenken<\/i>. Comment transformer un probl\u00e8me ou un d\u00e9fi en opportunit\u00e9 ? Les talents ont \u00e9t\u00e9 interview\u00e9s cet apr\u00e8s-midi par Martine van der Meijden. Dans les mois \u00e0 venir, les nomin\u00e9s se disputeront le prix tant convoit\u00e9.<\/strong><\/p>\n<p class=\"p2\">Les trois nomin\u00e9s pour le prix Lodewijk van der Grinten sont les suivants :<br \/>\n<strong>- Fred Spijksma<\/strong><br \/>\n<strong>- Rob Beurskens<\/strong><br \/>\n<strong>- Rob Ewalds\u00a0<\/strong><\/p>\n<p class=\"p2\">Trois jeunes talents prometteurs ont \u00e9galement \u00e9t\u00e9 nomin\u00e9s pour le prix Talent :<br \/>\n<strong>- Emiel Zeevenhoven<\/strong><br \/>\n<strong>- Joni Sloesen<\/strong><br \/>\n<strong>- Saar Gansner<\/strong><\/p>\n<hr \/>\n<p class=\"p2\"><strong>Informations g\u00e9n\u00e9rales sur les candidats au Prix Lodewijk van der Grinten 2024<\/strong><\/p>\n<p class=\"p2\"><em><strong>Fred Spijksma <\/strong><\/em>(52 ans), qui a commenc\u00e9 comme manutentionnaire \u00e0 l'\u00e2ge de 16 ans, est aujourd'hui propri\u00e9taire de GEBA Trans, l'un des plus grands transitaires ind\u00e9pendants des Pays-Bas. Avec 30 employ\u00e9s et une fiabilit\u00e9 de livraison de 99%, GEBA Trans assure le transport dans toute l'Europe et se positionne comme un prestataire de services complets pour ses clients. Il existe une culture de l'innovation au sein de GEBA Trans. L'une des valeurs fondamentales est la pens\u00e9e hors des sentiers battus : il s'agit d'encourager les employ\u00e9s \u00e0 penser diff\u00e9remment, en leur donnant la confiance n\u00e9cessaire pour faire des choix et des erreurs. L'innovation sociale a \u00e9galement sa place : la sant\u00e9, le d\u00e9veloppement et l'\u00e9quilibre entre vie professionnelle et vie priv\u00e9e font l'objet d'un suivi permanent.<\/p>\n<p class=\"p2\">Sur le sujet <i>Omdenken <\/i>Spijksma : \"Que ce soit dans le domaine priv\u00e9 ou professionnel, il est dans ma nature d'envisager les choses sous des angles diff\u00e9rents, parfois m\u00eame ridicules. Les menaces de mort telles que 'nous avons d\u00e9j\u00e0 essay\u00e9 cela' ou 'cela ne marchera pas de toute fa\u00e7on' me poussent pr\u00e9cis\u00e9ment \u00e0 le faire.\"<\/p>\n<p class=\"p2\"><em><strong>Rob Beurskens <\/strong><\/em>(51) a grandi dans une famille d'entrepreneurs et s'est inscrit \u00e0 la chambre de commerce \u00e0 l'\u00e2ge de 18 ans. Aujourd'hui, il est propri\u00e9taire, avec son fr\u00e8re, du Maashof, un \u00e9tablissement polyvalent qui compte 85 chambres d'h\u00f4tel, un restaurant, des salles de r\u00e9union, des installations de bien-\u00eatre, des activit\u00e9s de groupe et la salle de sport Fit Focus.<\/p>\n<p class=\"p2\">Maashof est situ\u00e9 dans un environnement calme et verdoyant, vise \u00e0 offrir une hospitalit\u00e9 professionnelle et souhaite surprendre les clients encore et encore. Les 135 employ\u00e9s sont la base de l'entreprise et Beurskens essaie de faire la diff\u00e9rence pour eux en leur offrant une formation et un enseignement et en leur permettant d'utiliser les installations de Maashof.<\/p>\n<p class=\"p2\">Sur le sujet <i>Omdenken <\/i>M. Beurskens explique : \"Le d\u00e9but de notre activit\u00e9 est peut-\u00eatre le meilleur exemple de r\u00e9flexion. Lorsque nous avons d\u00fb quitter la maison de notre enfance pour la construction de l'A73, nous avons achet\u00e9 une prairie et y avons construit des \u00e9tangs \u00e0 truites. C'est ainsi qu'est n\u00e9 Maashof\".<\/p>\n<p class=\"p2\"><em><strong>Rob Ewalds<\/strong> <\/em>(53 ans) est propri\u00e9taire de Gaston Schul, un sp\u00e9cialiste en douane. L'objectif de l'entreprise est de permettre aux clients de commercer sans limites, le personnel de Gaston Schul s'occupant du d\u00e9douanement au sens le plus large du terme. Actif dans 8 pays europ\u00e9ens, 16 bureaux et 350 employ\u00e9s, mais avec de s\u00e9rieuses ambitions de croissance pour devenir le leader en mati\u00e8re de d\u00e9douanement dans l'Union europ\u00e9enne. <i>Partenaire des douanes et du commerce <\/i>en Europe. En 2025, l'entreprise f\u00eatera son 180e anniversaire.<\/p>\n<p class=\"p2\">Rob Ewalds d\u00e9clare \u00e0 propos du th\u00e8me \"Repenser\" : \"L'\u00e9largissement de l'UE, Covid, le Brexit, l'impact majeur des guerres sur le commerce mondial, la num\u00e9risation et la consolidation du march\u00e9 douanier nous obligent \u00e0 repenser sans cesse. Pour moi, un probl\u00e8me n'est jamais quelque chose que je \"subis\" mais plut\u00f4t \"une opportunit\u00e9 qui me dynamise\". Dans le monde des douanes en particulier, il faut repenser pour \u00eatre \"\u00e0 l'\u00e9preuve du temps\".<\/p>\n<hr \/>\n<p class=\"p2\"><strong>Informations g\u00e9n\u00e9rales sur les talents propos\u00e9s :<\/strong><\/p>\n<p class=\"p2\"><em><strong>Emiel Zeevenhoven <\/strong><\/em>(32 ans) est l'heureux propri\u00e9taire d'IJsco Fantastico depuis 13 ans. Ce qui n'\u00e9tait au d\u00e9part qu'un petit comptoir de vente s'est transform\u00e9 en une entreprise disposant de plusieurs sites uniques dans la municipalit\u00e9 de Venlo. En 2011, Emiel a choisi d'abandonner ses \u00e9tudes pour se consacrer pleinement \u00e0 son r\u00eave d'entreprise, une d\u00e9cision qui lui a offert de nombreuses nouvelles opportunit\u00e9s. En 2019, avec son compagnon de l'\u00e9poque, Wim Zeevenhoven, il ach\u00e8te l'ancienne chocolaterie et confiserie. Apr\u00e8s deux ans de travail acharn\u00e9, celle-ci est devenue le lieu de production de glaces et de chocolats artisanaux. Depuis, l'entreprise compte huit ETP et 50 employ\u00e9s saisonniers.<\/p>\n<p class=\"p2\">Emiel se d\u00e9crit comme une personne active et positive, qui s'efforce d'atteindre la plus haute qualit\u00e9 dans tout ce qu'elle fait. Il n'a pas peur de faire des erreurs et saisit chaque opportunit\u00e9 \u00e0 deux mains. \"Mon entreprise est pr\u00eate \u00e0 se d\u00e9velopper davantage au sein de notre secteur\", d\u00e9clare Emiel.<\/p>\n<p class=\"p2\"><em><strong>Joni Sloesen<\/strong><\/em> (27 ans) forme avec Arno Janssen et Peter Bogema l'\u00e9quipe centrale du restaurant Sober et du domaine viticole Zavel. N\u00e9 et \u00e9lev\u00e9 \u00e0 Tegelen, il a grandi dans une famille d'entrepreneurs du c\u00f4t\u00e9 de son p\u00e8re et d'amoureux de la nature du c\u00f4t\u00e9 de sa m\u00e8re. \u00c0 19 ans, il a quitt\u00e9 Venlo avec l'id\u00e9e de ne jamais y revenir. Aujourd'hui, il est vigneron dans notre municipalit\u00e9 et dirige le restaurant Sober avec ses compagnons depuis mars 2023.<\/p>\n<p class=\"p2\">Joni se pr\u00e9sente : \"Je suis entrepreneur, sommelier, viticulteur, jardinier et agriculteur. Dans mon travail, toutes mes passions se rejoignent : la bonne cuisine, le bon vin et, surtout, la nature. Un esprit d'entreprise honn\u00eate, moderne et sinc\u00e8re, c'est possible. Il y a tant \u00e0 apporter \u00e0 notre belle r\u00e9gion. Et j'aimerais aussi montrer \u00e0 mes pairs que c'est possible et que \u00e7a marche ! Construire ensemble un avenir radieux\".<\/p>\n<p class=\"p2\"><em><strong>Saar Gansner<\/strong><\/em> (26 ans), en plus de son travail de consultante junior en alimentation chez Green People Recruitment, s'est engag\u00e9e \u00e0 cr\u00e9er un lieu unique dans le jardin du p\u00e8re \u00e0 Steyl. Avec son p\u00e8re, elle g\u00e8re la Kloosterbrouwerij Steyl, o\u00f9 les clients peuvent d\u00e9guster et appr\u00e9cier des bi\u00e8res sp\u00e9ciales brass\u00e9es de mani\u00e8re traditionnelle et des plats r\u00e9gionaux cuisin\u00e9s \u00e0 la maison.<\/p>\n<p class=\"p2\">Avec un dipl\u00f4me en innovation alimentaire en poche, ainsi que la licence de bi\u00e8re, sa passion est de d\u00e9velopper des concepts de nourriture et de bi\u00e8re honn\u00eatement, avec les tendances, la durabilit\u00e9 et les collaborations locales au centre. Saar : \"Nous sommes une entreprise sociale qui offre des opportunit\u00e9s de d\u00e9veloppement \u00e0 chacun, ind\u00e9pendamment de ses ant\u00e9c\u00e9dents ou de ses besoins de soutien. En 2025, ann\u00e9e du 150e anniversaire du village monastique, nous esp\u00e9rons ouvrir une brasserie, une salle de d\u00e9gustation et une salle de restauration sous un m\u00eame toit.<\/p>\n<hr \/>\n<p class=\"p2\">La fondation <em><strong>Prix Lodewijk van der Grinten<\/strong><\/em> vise \u00e0 stimuler l'esprit d'entreprise dans la municipalit\u00e9 de Venlo et \u00e0 mettre en lumi\u00e8re des entrepreneurs particuliers et inspirants. En outre, la fondation offre une sc\u00e8ne aux jeunes professionnels talentueux de Venlo. L'organisation travaille en collaboration avec Ondernemend Venlo, MKB Noord-Limburg, LLTB Noord-Limburg et la municipalit\u00e9 de Venlo. La remise des deux prix aura lieu le mardi 10 d\u00e9cembre 2024 au th\u00e9\u00e2tre De Maaspoort \u00e0 Venlo.<\/p>","protected":false},"excerpt":{"rendered":"<p>De genomineerden van de Lodewijk van der Grinten Prijs en de Talent Award 2024 werden dinsdag 10 september officieel bekendgemaakt op het podium van Viva Classic Live op de Markt in het centrum van Venlo. Tijdens het nominatie-evenement gaven de kandidaten voor de Lodewijk van der Grinten Prijs een pitch ten overstaan van alle aanwezigen. [&hellip;]<\/p>","protected":false},"author":1,"featured_media":3194,"comment_status":"closed","ping_status":"open","sticky":false,"template":"","format":"standard","meta":{"_acf_changed":false,"footnotes":""},"categories":[8],"tags":[],"class_list":["post-3193","post","type-post","status-publish","format-standard","has-post-thumbnail","hentry","category-nieuws"],"acf":[],"yoast_head":"<!-- This site is optimized with the Yoast SEO plugin v26.3 - https:\/\/yoast.com\/wordpress\/plugins\/seo\/ -->\n<title>Genomineerden LvdG Prijs en Talent Award 2024 - Ondernemend Venlo<\/title>\n<meta name=\"robots\" content=\"index, follow, max-snippet:-1, max-image-preview:large, max-video-preview:-1\" \/>\n<link rel=\"canonical\" href=\"https:\/\/www.ondernemendvenlo.nl\/fr\/genomineerden-lvdg-prijs-en-talent-award\/\" \/>\n<meta property=\"og:locale\" content=\"fr_FR\" \/>\n<meta property=\"og:type\" content=\"article\" \/>\n<meta property=\"og:title\" content=\"Genomineerden LvdG Prijs en Talent Award 2024 - Ondernemend Venlo\" \/>\n<meta property=\"og:description\" content=\"De genomineerden van de Lodewijk van der Grinten Prijs en de Talent Award 2024 werden dinsdag 10 september officieel bekendgemaakt op het podium van Viva Classic Live op de Markt in het centrum van Venlo. Tijdens het nominatie-evenement gaven de kandidaten voor de Lodewijk van der Grinten Prijs een pitch ten overstaan van alle aanwezigen. [&hellip;]\" \/>\n<meta property=\"og:url\" content=\"https:\/\/www.ondernemendvenlo.nl\/fr\/genomineerden-lvdg-prijs-en-talent-award\/\" \/>\n<meta property=\"og:site_name\" content=\"Ondernemend Venlo\" \/>\n<meta property=\"article:published_time\" content=\"2024-09-10T11:16:22+00:00\" \/>\n<meta property=\"og:image\" content=\"https:\/\/www.ondernemendvenlo.nl\/wp-content\/uploads\/2025\/04\/LvdGP_Bekendmaking2024.jpg\" \/>\n\t<meta property=\"og:image:width\" content=\"1920\" \/>\n\t<meta property=\"og:image:height\" content=\"1080\" \/>\n\t<meta property=\"og:image:type\" content=\"image\/jpeg\" \/>\n<meta name=\"author\" content=\"admin\" \/>\n<meta name=\"twitter:card\" content=\"summary_large_image\" \/>\n<meta name=\"twitter:label1\" content=\"\u00c9crit par\" \/>\n\t<meta name=\"twitter:data1\" content=\"admin\" \/>\n\t<meta name=\"twitter:label2\" content=\"Dur\u00e9e de lecture estim\u00e9e\" \/>\n\t<meta name=\"twitter:data2\" content=\"5 minutes\" \/>\n<script type=\"application\/ld+json\" class=\"yoast-schema-graph\">{\"@context\":\"https:\/\/schema.org\",\"@graph\":[{\"@type\":\"Article\",\"@id\":\"https:\/\/www.ondernemendvenlo.nl\/genomineerden-lvdg-prijs-en-talent-award\/#article\",\"isPartOf\":{\"@id\":\"https:\/\/www.ondernemendvenlo.nl\/genomineerden-lvdg-prijs-en-talent-award\/\"},\"author\":{\"name\":\"admin\",\"@id\":\"https:\/\/www.ondernemendvenlo.nl\/#\/schema\/person\/347e935f8ad4c7030608ef74bb57aa6e\"},\"headline\":\"Genomineerden LvdG Prijs en Talent Award 2024\",\"datePublished\":\"2024-09-10T11:16:22+00:00\",\"mainEntityOfPage\":{\"@id\":\"https:\/\/www.ondernemendvenlo.nl\/genomineerden-lvdg-prijs-en-talent-award\/\"},\"wordCount\":1075,\"publisher\":{\"@id\":\"https:\/\/www.ondernemendvenlo.nl\/#organization\"},\"image\":{\"@id\":\"https:\/\/www.ondernemendvenlo.nl\/genomineerden-lvdg-prijs-en-talent-award\/#primaryimage\"},\"thumbnailUrl\":\"https:\/\/www.ondernemendvenlo.nl\/wp-content\/uploads\/2025\/04\/LvdGP_Bekendmaking2024.jpg\",\"articleSection\":[\"Nieuws\"],\"inLanguage\":\"fr-FR\"},{\"@type\":\"WebPage\",\"@id\":\"https:\/\/www.ondernemendvenlo.nl\/genomineerden-lvdg-prijs-en-talent-award\/\",\"url\":\"https:\/\/www.ondernemendvenlo.nl\/genomineerden-lvdg-prijs-en-talent-award\/\",\"name\":\"Genomineerden LvdG Prijs en Talent Award 2024 - Ondernemend Venlo\",\"isPartOf\":{\"@id\":\"https:\/\/www.ondernemendvenlo.nl\/#website\"},\"primaryImageOfPage\":{\"@id\":\"https:\/\/www.ondernemendvenlo.nl\/genomineerden-lvdg-prijs-en-talent-award\/#primaryimage\"},\"image\":{\"@id\":\"https:\/\/www.ondernemendvenlo.nl\/genomineerden-lvdg-prijs-en-talent-award\/#primaryimage\"},\"thumbnailUrl\":\"https:\/\/www.ondernemendvenlo.nl\/wp-content\/uploads\/2025\/04\/LvdGP_Bekendmaking2024.jpg\",\"datePublished\":\"2024-09-10T11:16:22+00:00\",\"breadcrumb\":{\"@id\":\"https:\/\/www.ondernemendvenlo.nl\/genomineerden-lvdg-prijs-en-talent-award\/#breadcrumb\"},\"inLanguage\":\"fr-FR\",\"potentialAction\":[{\"@type\":\"ReadAction\",\"target\":[\"https:\/\/www.ondernemendvenlo.nl\/genomineerden-lvdg-prijs-en-talent-award\/\"]}]},{\"@type\":\"ImageObject\",\"inLanguage\":\"fr-FR\",\"@id\":\"https:\/\/www.ondernemendvenlo.nl\/genomineerden-lvdg-prijs-en-talent-award\/#primaryimage\",\"url\":\"https:\/\/www.ondernemendvenlo.nl\/wp-content\/uploads\/2025\/04\/LvdGP_Bekendmaking2024.jpg\",\"contentUrl\":\"https:\/\/www.ondernemendvenlo.nl\/wp-content\/uploads\/2025\/04\/LvdGP_Bekendmaking2024.jpg\",\"width\":1920,\"height\":1080},{\"@type\":\"BreadcrumbList\",\"@id\":\"https:\/\/www.ondernemendvenlo.nl\/genomineerden-lvdg-prijs-en-talent-award\/#breadcrumb\",\"itemListElement\":[{\"@type\":\"ListItem\",\"position\":1,\"name\":\"Ondernemend Venlo\",\"item\":\"https:\/\/www.ondernemendvenlo.nl\/\"},{\"@type\":\"ListItem\",\"position\":2,\"name\":\"Nieuws\",\"item\":\"https:\/\/www.ondernemendvenlo.nl\/categorie\/nieuws\/\"},{\"@type\":\"ListItem\",\"position\":3,\"name\":\"Genomineerden LvdG Prijs en Talent Award 2024\"}]},{\"@type\":\"WebSite\",\"@id\":\"https:\/\/www.ondernemendvenlo.nl\/#website\",\"url\":\"https:\/\/www.ondernemendvenlo.nl\/\",\"name\":\"Ondernemend Venlo\",\"description\":\"Samen succesvol ondernemen\",\"publisher\":{\"@id\":\"https:\/\/www.ondernemendvenlo.nl\/#organization\"},\"potentialAction\":[{\"@type\":\"SearchAction\",\"target\":{\"@type\":\"EntryPoint\",\"urlTemplate\":\"https:\/\/www.ondernemendvenlo.nl\/?s={search_term_string}\"},\"query-input\":{\"@type\":\"PropertyValueSpecification\",\"valueRequired\":true,\"valueName\":\"search_term_string\"}}],\"inLanguage\":\"fr-FR\"},{\"@type\":\"Organization\",\"@id\":\"https:\/\/www.ondernemendvenlo.nl\/#organization\",\"name\":\"Ondernemend Venlo\",\"url\":\"https:\/\/www.ondernemendvenlo.nl\/\",\"logo\":{\"@type\":\"ImageObject\",\"inLanguage\":\"fr-FR\",\"@id\":\"https:\/\/www.ondernemendvenlo.nl\/#\/schema\/logo\/image\/\",\"url\":\"https:\/\/www.ondernemendvenlo.nl\/wp-content\/uploads\/2025\/02\/Ondernemend-Venlo-logo-scaled.webp\",\"contentUrl\":\"https:\/\/www.ondernemendvenlo.nl\/wp-content\/uploads\/2025\/02\/Ondernemend-Venlo-logo-scaled.webp\",\"width\":2560,\"height\":1010,\"caption\":\"Ondernemend Venlo\"},\"image\":{\"@id\":\"https:\/\/www.ondernemendvenlo.nl\/#\/schema\/logo\/image\/\"},\"sameAs\":[\"https:\/\/www.linkedin.com\/company\/ondernemend-venlo\/\"]},{\"@type\":\"Person\",\"@id\":\"https:\/\/www.ondernemendvenlo.nl\/#\/schema\/person\/347e935f8ad4c7030608ef74bb57aa6e\",\"name\":\"admin\",\"image\":{\"@type\":\"ImageObject\",\"inLanguage\":\"fr-FR\",\"@id\":\"https:\/\/www.ondernemendvenlo.nl\/#\/schema\/person\/image\/\",\"url\":\"https:\/\/www.ondernemendvenlo.nl\/wp-content\/litespeed\/avatar\/720af750b037aecf6e33e12833479059.jpg?ver=1777382954\",\"contentUrl\":\"https:\/\/www.ondernemendvenlo.nl\/wp-content\/litespeed\/avatar\/720af750b037aecf6e33e12833479059.jpg?ver=1777382954\",\"caption\":\"admin\"},\"sameAs\":[\"https:\/\/www.ondernemendvenlo.nl\"]}]}<\/script>\n<!-- \/ Yoast SEO plugin. -->","yoast_head_json":{"title":"Genomineerden LvdG Prijs en Talent Award 2024 - Ondernemend Venlo","robots":{"index":"index","follow":"follow","max-snippet":"max-snippet:-1","max-image-preview":"max-image-preview:large","max-video-preview":"max-video-preview:-1"},"canonical":"https:\/\/www.ondernemendvenlo.nl\/fr\/genomineerden-lvdg-prijs-en-talent-award\/","og_locale":"fr_FR","og_type":"article","og_title":"Genomineerden LvdG Prijs en Talent Award 2024 - Ondernemend Venlo","og_description":"De genomineerden van de Lodewijk van der Grinten Prijs en de Talent Award 2024 werden dinsdag 10 september officieel bekendgemaakt op het podium van Viva Classic Live op de Markt in het centrum van Venlo. Tijdens het nominatie-evenement gaven de kandidaten voor de Lodewijk van der Grinten Prijs een pitch ten overstaan van alle aanwezigen. [&hellip;]","og_url":"https:\/\/www.ondernemendvenlo.nl\/fr\/genomineerden-lvdg-prijs-en-talent-award\/","og_site_name":"Ondernemend Venlo","article_published_time":"2024-09-10T11:16:22+00:00","og_image":[{"width":1920,"height":1080,"url":"https:\/\/www.ondernemendvenlo.nl\/wp-content\/uploads\/2025\/04\/LvdGP_Bekendmaking2024.jpg","type":"image\/jpeg"}],"author":"admin","twitter_card":"summary_large_image","twitter_misc":{"\u00c9crit par":"admin","Dur\u00e9e de lecture estim\u00e9e":"5 minutes"},"schema":{"@context":"https:\/\/schema.org","@graph":[{"@type":"Article","@id":"https:\/\/www.ondernemendvenlo.nl\/genomineerden-lvdg-prijs-en-talent-award\/#article","isPartOf":{"@id":"https:\/\/www.ondernemendvenlo.nl\/genomineerden-lvdg-prijs-en-talent-award\/"},"author":{"name":"admin","@id":"https:\/\/www.ondernemendvenlo.nl\/#\/schema\/person\/347e935f8ad4c7030608ef74bb57aa6e"},"headline":"Genomineerden LvdG Prijs en Talent Award 2024","datePublished":"2024-09-10T11:16:22+00:00","mainEntityOfPage":{"@id":"https:\/\/www.ondernemendvenlo.nl\/genomineerden-lvdg-prijs-en-talent-award\/"},"wordCount":1075,"publisher":{"@id":"https:\/\/www.ondernemendvenlo.nl\/#organization"},"image":{"@id":"https:\/\/www.ondernemendvenlo.nl\/genomineerden-lvdg-prijs-en-talent-award\/#primaryimage"},"thumbnailUrl":"https:\/\/www.ondernemendvenlo.nl\/wp-content\/uploads\/2025\/04\/LvdGP_Bekendmaking2024.jpg","articleSection":["Nieuws"],"inLanguage":"fr-FR"},{"@type":"WebPage","@id":"https:\/\/www.ondernemendvenlo.nl\/genomineerden-lvdg-prijs-en-talent-award\/","url":"https:\/\/www.ondernemendvenlo.nl\/genomineerden-lvdg-prijs-en-talent-award\/","name":"Genomineerden LvdG Prijs en Talent Award 2024 - Ondernemend Venlo","isPartOf":{"@id":"https:\/\/www.ondernemendvenlo.nl\/#website"},"primaryImageOfPage":{"@id":"https:\/\/www.ondernemendvenlo.nl\/genomineerden-lvdg-prijs-en-talent-award\/#primaryimage"},"image":{"@id":"https:\/\/www.ondernemendvenlo.nl\/genomineerden-lvdg-prijs-en-talent-award\/#primaryimage"},"thumbnailUrl":"https:\/\/www.ondernemendvenlo.nl\/wp-content\/uploads\/2025\/04\/LvdGP_Bekendmaking2024.jpg","datePublished":"2024-09-10T11:16:22+00:00","breadcrumb":{"@id":"https:\/\/www.ondernemendvenlo.nl\/genomineerden-lvdg-prijs-en-talent-award\/#breadcrumb"},"inLanguage":"fr-FR","potentialAction":[{"@type":"ReadAction","target":["https:\/\/www.ondernemendvenlo.nl\/genomineerden-lvdg-prijs-en-talent-award\/"]}]},{"@type":"ImageObject","inLanguage":"fr-FR","@id":"https:\/\/www.ondernemendvenlo.nl\/genomineerden-lvdg-prijs-en-talent-award\/#primaryimage","url":"https:\/\/www.ondernemendvenlo.nl\/wp-content\/uploads\/2025\/04\/LvdGP_Bekendmaking2024.jpg","contentUrl":"https:\/\/www.ondernemendvenlo.nl\/wp-content\/uploads\/2025\/04\/LvdGP_Bekendmaking2024.jpg","width":1920,"height":1080},{"@type":"BreadcrumbList","@id":"https:\/\/www.ondernemendvenlo.nl\/genomineerden-lvdg-prijs-en-talent-award\/#breadcrumb","itemListElement":[{"@type":"ListItem","position":1,"name":"Ondernemend Venlo","item":"https:\/\/www.ondernemendvenlo.nl\/"},{"@type":"ListItem","position":2,"name":"Nieuws","item":"https:\/\/www.ondernemendvenlo.nl\/categorie\/nieuws\/"},{"@type":"ListItem","position":3,"name":"Genomineerden LvdG Prijs en Talent Award 2024"}]},{"@type":"WebSite","@id":"https:\/\/www.ondernemendvenlo.nl\/#website","url":"https:\/\/www.ondernemendvenlo.nl\/","name":"Venlo entrepreneurial","description":"Travailler ensemble avec succ\u00e8s","publisher":{"@id":"https:\/\/www.ondernemendvenlo.nl\/#organization"},"potentialAction":[{"@type":"SearchAction","target":{"@type":"EntryPoint","urlTemplate":"https:\/\/www.ondernemendvenlo.nl\/?s={search_term_string}"},"query-input":{"@type":"PropertyValueSpecification","valueRequired":true,"valueName":"search_term_string"}}],"inLanguage":"fr-FR"},{"@type":"Organization","@id":"https:\/\/www.ondernemendvenlo.nl\/#organization","name":"Venlo entrepreneurial","url":"https:\/\/www.ondernemendvenlo.nl\/","logo":{"@type":"ImageObject","inLanguage":"fr-FR","@id":"https:\/\/www.ondernemendvenlo.nl\/#\/schema\/logo\/image\/","url":"https:\/\/www.ondernemendvenlo.nl\/wp-content\/uploads\/2025\/02\/Ondernemend-Venlo-logo-scaled.webp","contentUrl":"https:\/\/www.ondernemendvenlo.nl\/wp-content\/uploads\/2025\/02\/Ondernemend-Venlo-logo-scaled.webp","width":2560,"height":1010,"caption":"Ondernemend Venlo"},"image":{"@id":"https:\/\/www.ondernemendvenlo.nl\/#\/schema\/logo\/image\/"},"sameAs":["https:\/\/www.linkedin.com\/company\/ondernemend-venlo\/"]},{"@type":"Person","@id":"https:\/\/www.ondernemendvenlo.nl\/#\/schema\/person\/347e935f8ad4c7030608ef74bb57aa6e","name":"admin","image":{"@type":"ImageObject","inLanguage":"fr-FR","@id":"https:\/\/www.ondernemendvenlo.nl\/#\/schema\/person\/image\/","url":"https:\/\/www.ondernemendvenlo.nl\/wp-content\/litespeed\/avatar\/720af750b037aecf6e33e12833479059.jpg?ver=1777382954","contentUrl":"https:\/\/www.ondernemendvenlo.nl\/wp-content\/litespeed\/avatar\/720af750b037aecf6e33e12833479059.jpg?ver=1777382954","caption":"admin"},"sameAs":["https:\/\/www.ondernemendvenlo.nl"]}]}},"_links":{"self":[{"href":"https:\/\/www.ondernemendvenlo.nl\/fr\/wp-json\/wp\/v2\/posts\/3193","targetHints":{"allow":["GET"]}}],"collection":[{"href":"https:\/\/www.ondernemendvenlo.nl\/fr\/wp-json\/wp\/v2\/posts"}],"about":[{"href":"https:\/\/www.ondernemendvenlo.nl\/fr\/wp-json\/wp\/v2\/types\/post"}],"author":[{"embeddable":true,"href":"https:\/\/www.ondernemendvenlo.nl\/fr\/wp-json\/wp\/v2\/users\/1"}],"replies":[{"embeddable":true,"href":"https:\/\/www.ondernemendvenlo.nl\/fr\/wp-json\/wp\/v2\/comments?post=3193"}],"version-history":[{"count":0,"href":"https:\/\/www.ondernemendvenlo.nl\/fr\/wp-json\/wp\/v2\/posts\/3193\/revisions"}],"wp:featuredmedia":[{"embeddable":true,"href":"https:\/\/www.ondernemendvenlo.nl\/fr\/wp-json\/wp\/v2\/media\/3194"}],"wp:attachment":[{"href":"https:\/\/www.ondernemendvenlo.nl\/fr\/wp-json\/wp\/v2\/media?parent=3193"}],"wp:term":[{"taxonomy":"category","embeddable":true,"href":"https:\/\/www.ondernemendvenlo.nl\/fr\/wp-json\/wp\/v2\/categories?post=3193"},{"taxonomy":"post_tag","embeddable":true,"href":"https:\/\/www.ondernemendvenlo.nl\/fr\/wp-json\/wp\/v2\/tags?post=3193"}],"curies":[{"name":"wp","href":"https:\/\/api.w.org\/{rel}","templated":true}]}}