{"id":3217,"date":"2024-11-01T18:36:32","date_gmt":"2024-11-01T17:36:32","guid":{"rendered":"https:\/\/www.ondernemendvenlo.nl\/nieuwe-parkmanager\/"},"modified":"2024-11-01T18:36:32","modified_gmt":"2024-11-01T17:36:32","slug":"nieuwe-parkmanager","status":"publish","type":"post","link":"https:\/\/www.ondernemendvenlo.nl\/fr\/nieuwe-parkmanager\/","title":{"rendered":"Nouveau directeur du parc"},"content":{"rendered":"<p>Nous avons le plaisir d'annoncer que nous accueillons une nouvelle gestionnaire de parc \u00e0 Ondernemend Venlo \u00e0 partir du 1er novembre ! Elle s'appelle Nicky Verhaagh. Gr\u00e2ce \u00e0 son exp\u00e9rience et \u00e0 son regard neuf, elle s'efforcera de faire cro\u00eetre et prosp\u00e9rer encore davantage notre r\u00e9seau d'entreprises et nos parcs d'activit\u00e9s.<\/p>\n<p>Notre nouvelle directrice de parc est impatiente de commencer et partage d\u00e9j\u00e0 son enthousiasme :<br \/>\n<em>\"Je me r\u00e9jouis de pouvoir contribuer \u00e0 la croissance et \u00e0 la qualit\u00e9 du climat entrepreneurial de Venlo. Chez Venlo Partners, j'ai travaill\u00e9 avec enthousiasme pour les entrepreneurs du centre-ville et des quartiers, en collaboration avec la municipalit\u00e9 et d'autres acteurs cl\u00e9s. Dans mes nouvelles fonctions de gestionnaire de parc, je me concentrerai sur la mise en relation des entrepreneurs des parcs d'activit\u00e9s, de la municipalit\u00e9 et d'autres parties, et, avec mes coll\u00e8gues, je ferai avancer les projets qui apportent r\u00e9ellement quelque chose aux entrepreneurs de la r\u00e9gion. Parce que seul, on va plus vite, mais ensemble, on va plus loin !<\/em><\/p>\n<p>Nous esp\u00e9rons que vous pourrez bient\u00f4t la rencontrer vous-m\u00eame lors de l'une de ces r\u00e9unions. En attendant, gardez un \u0153il sur notre site web et sur LinkedIn pour plus d'informations.<br \/>\nVous pouvez joindre Nicky \u00e0 l'adresse nicky.verhaagh@ondernemendvenlo.nl ou au 06 - 4672 6540.<\/p>\n<p>Ensemble, accueillons-la chaleureusement et souhaitons-lui beaucoup de succ\u00e8s. Nous nous r\u00e9jouissons d'ores et d\u00e9j\u00e0 de cette nouvelle p\u00e9riode \u00e0 Entrepreneurial Venlo !<\/p>","protected":false},"excerpt":{"rendered":"<p>Met veel plezier laten we weten dat we per 1 november een nieuwe parkmanager verwelkomen bij Ondernemend Venlo! Haar naam is Nicky Verhaagh. Met haar ervaring en frisse blik gaat ze aan de slag om ons ondernemersnetwerk en de bedrijventerreinen nog verder te laten groeien en bloeien. Onze nieuwe parkmanager kijkt ernaar uit om aan [&hellip;]<\/p>","protected":false},"author":1,"featured_media":0,"comment_status":"closed","ping_status":"open","sticky":false,"template":"","format":"standard","meta":{"_acf_changed":false,"footnotes":""},"categories":[8],"tags":[],"class_list":["post-3217","post","type-post","status-publish","format-standard","hentry","category-nieuws"],"acf":[],"yoast_head":"<!-- This site is optimized with the Yoast SEO plugin v26.3 - https:\/\/yoast.com\/wordpress\/plugins\/seo\/ -->\n<title>Nieuwe parkmanager - Ondernemend Venlo<\/title>\n<meta name=\"robots\" content=\"index, follow, max-snippet:-1, max-image-preview:large, max-video-preview:-1\" \/>\n<link rel=\"canonical\" href=\"https:\/\/www.ondernemendvenlo.nl\/fr\/nieuwe-parkmanager\/\" \/>\n<meta property=\"og:locale\" content=\"fr_FR\" \/>\n<meta property=\"og:type\" content=\"article\" \/>\n<meta property=\"og:title\" content=\"Nieuwe parkmanager - Ondernemend Venlo\" \/>\n<meta property=\"og:description\" content=\"Met veel plezier laten we weten dat we per 1 november een nieuwe parkmanager verwelkomen bij Ondernemend Venlo! Haar naam is Nicky Verhaagh. Met haar ervaring en frisse blik gaat ze aan de slag om ons ondernemersnetwerk en de bedrijventerreinen nog verder te laten groeien en bloeien. Onze nieuwe parkmanager kijkt ernaar uit om aan [&hellip;]\" \/>\n<meta property=\"og:url\" content=\"https:\/\/www.ondernemendvenlo.nl\/fr\/nieuwe-parkmanager\/\" \/>\n<meta property=\"og:site_name\" content=\"Ondernemend Venlo\" \/>\n<meta property=\"article:published_time\" content=\"2024-11-01T17:36:32+00:00\" \/>\n<meta name=\"author\" content=\"admin\" \/>\n<meta name=\"twitter:card\" content=\"summary_large_image\" \/>\n<meta name=\"twitter:label1\" content=\"\u00c9crit par\" \/>\n\t<meta name=\"twitter:data1\" content=\"admin\" \/>\n\t<meta name=\"twitter:label2\" content=\"Dur\u00e9e de lecture estim\u00e9e\" \/>\n\t<meta name=\"twitter:data2\" content=\"1 minute\" \/>\n<script type=\"application\/ld+json\" class=\"yoast-schema-graph\">{\"@context\":\"https:\/\/schema.org\",\"@graph\":[{\"@type\":\"Article\",\"@id\":\"https:\/\/www.ondernemendvenlo.nl\/nieuwe-parkmanager\/#article\",\"isPartOf\":{\"@id\":\"https:\/\/www.ondernemendvenlo.nl\/nieuwe-parkmanager\/\"},\"author\":{\"name\":\"admin\",\"@id\":\"https:\/\/www.ondernemendvenlo.nl\/#\/schema\/person\/347e935f8ad4c7030608ef74bb57aa6e\"},\"headline\":\"Nieuwe parkmanager\",\"datePublished\":\"2024-11-01T17:36:32+00:00\",\"mainEntityOfPage\":{\"@id\":\"https:\/\/www.ondernemendvenlo.nl\/nieuwe-parkmanager\/\"},\"wordCount\":217,\"publisher\":{\"@id\":\"https:\/\/www.ondernemendvenlo.nl\/#organization\"},\"articleSection\":[\"Nieuws\"],\"inLanguage\":\"fr-FR\"},{\"@type\":\"WebPage\",\"@id\":\"https:\/\/www.ondernemendvenlo.nl\/nieuwe-parkmanager\/\",\"url\":\"https:\/\/www.ondernemendvenlo.nl\/nieuwe-parkmanager\/\",\"name\":\"Nieuwe parkmanager - Ondernemend Venlo\",\"isPartOf\":{\"@id\":\"https:\/\/www.ondernemendvenlo.nl\/#website\"},\"datePublished\":\"2024-11-01T17:36:32+00:00\",\"breadcrumb\":{\"@id\":\"https:\/\/www.ondernemendvenlo.nl\/nieuwe-parkmanager\/#breadcrumb\"},\"inLanguage\":\"fr-FR\",\"potentialAction\":[{\"@type\":\"ReadAction\",\"target\":[\"https:\/\/www.ondernemendvenlo.nl\/nieuwe-parkmanager\/\"]}]},{\"@type\":\"BreadcrumbList\",\"@id\":\"https:\/\/www.ondernemendvenlo.nl\/nieuwe-parkmanager\/#breadcrumb\",\"itemListElement\":[{\"@type\":\"ListItem\",\"position\":1,\"name\":\"Ondernemend Venlo\",\"item\":\"https:\/\/www.ondernemendvenlo.nl\/\"},{\"@type\":\"ListItem\",\"position\":2,\"name\":\"Nieuws\",\"item\":\"https:\/\/www.ondernemendvenlo.nl\/categorie\/nieuws\/\"},{\"@type\":\"ListItem\",\"position\":3,\"name\":\"Nieuwe parkmanager\"}]},{\"@type\":\"WebSite\",\"@id\":\"https:\/\/www.ondernemendvenlo.nl\/#website\",\"url\":\"https:\/\/www.ondernemendvenlo.nl\/\",\"name\":\"Ondernemend Venlo\",\"description\":\"Samen succesvol ondernemen\",\"publisher\":{\"@id\":\"https:\/\/www.ondernemendvenlo.nl\/#organization\"},\"potentialAction\":[{\"@type\":\"SearchAction\",\"target\":{\"@type\":\"EntryPoint\",\"urlTemplate\":\"https:\/\/www.ondernemendvenlo.nl\/?s={search_term_string}\"},\"query-input\":{\"@type\":\"PropertyValueSpecification\",\"valueRequired\":true,\"valueName\":\"search_term_string\"}}],\"inLanguage\":\"fr-FR\"},{\"@type\":\"Organization\",\"@id\":\"https:\/\/www.ondernemendvenlo.nl\/#organization\",\"name\":\"Ondernemend Venlo\",\"url\":\"https:\/\/www.ondernemendvenlo.nl\/\",\"logo\":{\"@type\":\"ImageObject\",\"inLanguage\":\"fr-FR\",\"@id\":\"https:\/\/www.ondernemendvenlo.nl\/#\/schema\/logo\/image\/\",\"url\":\"https:\/\/www.ondernemendvenlo.nl\/wp-content\/uploads\/2025\/02\/Ondernemend-Venlo-logo-scaled.webp\",\"contentUrl\":\"https:\/\/www.ondernemendvenlo.nl\/wp-content\/uploads\/2025\/02\/Ondernemend-Venlo-logo-scaled.webp\",\"width\":2560,\"height\":1010,\"caption\":\"Ondernemend Venlo\"},\"image\":{\"@id\":\"https:\/\/www.ondernemendvenlo.nl\/#\/schema\/logo\/image\/\"},\"sameAs\":[\"https:\/\/www.linkedin.com\/company\/ondernemend-venlo\/\"]},{\"@type\":\"Person\",\"@id\":\"https:\/\/www.ondernemendvenlo.nl\/#\/schema\/person\/347e935f8ad4c7030608ef74bb57aa6e\",\"name\":\"admin\",\"image\":{\"@type\":\"ImageObject\",\"inLanguage\":\"fr-FR\",\"@id\":\"https:\/\/www.ondernemendvenlo.nl\/#\/schema\/person\/image\/\",\"url\":\"https:\/\/www.ondernemendvenlo.nl\/wp-content\/litespeed\/avatar\/720af750b037aecf6e33e12833479059.jpg?ver=1777382954\",\"contentUrl\":\"https:\/\/www.ondernemendvenlo.nl\/wp-content\/litespeed\/avatar\/720af750b037aecf6e33e12833479059.jpg?ver=1777382954\",\"caption\":\"admin\"},\"sameAs\":[\"https:\/\/www.ondernemendvenlo.nl\"]}]}<\/script>\n<!-- \/ Yoast SEO plugin. -->","yoast_head_json":{"title":"Nieuwe parkmanager - Ondernemend Venlo","robots":{"index":"index","follow":"follow","max-snippet":"max-snippet:-1","max-image-preview":"max-image-preview:large","max-video-preview":"max-video-preview:-1"},"canonical":"https:\/\/www.ondernemendvenlo.nl\/fr\/nieuwe-parkmanager\/","og_locale":"fr_FR","og_type":"article","og_title":"Nieuwe parkmanager - Ondernemend Venlo","og_description":"Met veel plezier laten we weten dat we per 1 november een nieuwe parkmanager verwelkomen bij Ondernemend Venlo! Haar naam is Nicky Verhaagh. Met haar ervaring en frisse blik gaat ze aan de slag om ons ondernemersnetwerk en de bedrijventerreinen nog verder te laten groeien en bloeien. Onze nieuwe parkmanager kijkt ernaar uit om aan [&hellip;]","og_url":"https:\/\/www.ondernemendvenlo.nl\/fr\/nieuwe-parkmanager\/","og_site_name":"Ondernemend Venlo","article_published_time":"2024-11-01T17:36:32+00:00","author":"admin","twitter_card":"summary_large_image","twitter_misc":{"\u00c9crit par":"admin","Dur\u00e9e de lecture estim\u00e9e":"1 minute"},"schema":{"@context":"https:\/\/schema.org","@graph":[{"@type":"Article","@id":"https:\/\/www.ondernemendvenlo.nl\/nieuwe-parkmanager\/#article","isPartOf":{"@id":"https:\/\/www.ondernemendvenlo.nl\/nieuwe-parkmanager\/"},"author":{"name":"admin","@id":"https:\/\/www.ondernemendvenlo.nl\/#\/schema\/person\/347e935f8ad4c7030608ef74bb57aa6e"},"headline":"Nieuwe parkmanager","datePublished":"2024-11-01T17:36:32+00:00","mainEntityOfPage":{"@id":"https:\/\/www.ondernemendvenlo.nl\/nieuwe-parkmanager\/"},"wordCount":217,"publisher":{"@id":"https:\/\/www.ondernemendvenlo.nl\/#organization"},"articleSection":["Nieuws"],"inLanguage":"fr-FR"},{"@type":"WebPage","@id":"https:\/\/www.ondernemendvenlo.nl\/nieuwe-parkmanager\/","url":"https:\/\/www.ondernemendvenlo.nl\/nieuwe-parkmanager\/","name":"Nieuwe parkmanager - Ondernemend Venlo","isPartOf":{"@id":"https:\/\/www.ondernemendvenlo.nl\/#website"},"datePublished":"2024-11-01T17:36:32+00:00","breadcrumb":{"@id":"https:\/\/www.ondernemendvenlo.nl\/nieuwe-parkmanager\/#breadcrumb"},"inLanguage":"fr-FR","potentialAction":[{"@type":"ReadAction","target":["https:\/\/www.ondernemendvenlo.nl\/nieuwe-parkmanager\/"]}]},{"@type":"BreadcrumbList","@id":"https:\/\/www.ondernemendvenlo.nl\/nieuwe-parkmanager\/#breadcrumb","itemListElement":[{"@type":"ListItem","position":1,"name":"Ondernemend Venlo","item":"https:\/\/www.ondernemendvenlo.nl\/"},{"@type":"ListItem","position":2,"name":"Nieuws","item":"https:\/\/www.ondernemendvenlo.nl\/categorie\/nieuws\/"},{"@type":"ListItem","position":3,"name":"Nieuwe parkmanager"}]},{"@type":"WebSite","@id":"https:\/\/www.ondernemendvenlo.nl\/#website","url":"https:\/\/www.ondernemendvenlo.nl\/","name":"Venlo entrepreneurial","description":"Travailler ensemble avec succ\u00e8s","publisher":{"@id":"https:\/\/www.ondernemendvenlo.nl\/#organization"},"potentialAction":[{"@type":"SearchAction","target":{"@type":"EntryPoint","urlTemplate":"https:\/\/www.ondernemendvenlo.nl\/?s={search_term_string}"},"query-input":{"@type":"PropertyValueSpecification","valueRequired":true,"valueName":"search_term_string"}}],"inLanguage":"fr-FR"},{"@type":"Organization","@id":"https:\/\/www.ondernemendvenlo.nl\/#organization","name":"Venlo entrepreneurial","url":"https:\/\/www.ondernemendvenlo.nl\/","logo":{"@type":"ImageObject","inLanguage":"fr-FR","@id":"https:\/\/www.ondernemendvenlo.nl\/#\/schema\/logo\/image\/","url":"https:\/\/www.ondernemendvenlo.nl\/wp-content\/uploads\/2025\/02\/Ondernemend-Venlo-logo-scaled.webp","contentUrl":"https:\/\/www.ondernemendvenlo.nl\/wp-content\/uploads\/2025\/02\/Ondernemend-Venlo-logo-scaled.webp","width":2560,"height":1010,"caption":"Ondernemend Venlo"},"image":{"@id":"https:\/\/www.ondernemendvenlo.nl\/#\/schema\/logo\/image\/"},"sameAs":["https:\/\/www.linkedin.com\/company\/ondernemend-venlo\/"]},{"@type":"Person","@id":"https:\/\/www.ondernemendvenlo.nl\/#\/schema\/person\/347e935f8ad4c7030608ef74bb57aa6e","name":"admin","image":{"@type":"ImageObject","inLanguage":"fr-FR","@id":"https:\/\/www.ondernemendvenlo.nl\/#\/schema\/person\/image\/","url":"https:\/\/www.ondernemendvenlo.nl\/wp-content\/litespeed\/avatar\/720af750b037aecf6e33e12833479059.jpg?ver=1777382954","contentUrl":"https:\/\/www.ondernemendvenlo.nl\/wp-content\/litespeed\/avatar\/720af750b037aecf6e33e12833479059.jpg?ver=1777382954","caption":"admin"},"sameAs":["https:\/\/www.ondernemendvenlo.nl"]}]}},"_links":{"self":[{"href":"https:\/\/www.ondernemendvenlo.nl\/fr\/wp-json\/wp\/v2\/posts\/3217","targetHints":{"allow":["GET"]}}],"collection":[{"href":"https:\/\/www.ondernemendvenlo.nl\/fr\/wp-json\/wp\/v2\/posts"}],"about":[{"href":"https:\/\/www.ondernemendvenlo.nl\/fr\/wp-json\/wp\/v2\/types\/post"}],"author":[{"embeddable":true,"href":"https:\/\/www.ondernemendvenlo.nl\/fr\/wp-json\/wp\/v2\/users\/1"}],"replies":[{"embeddable":true,"href":"https:\/\/www.ondernemendvenlo.nl\/fr\/wp-json\/wp\/v2\/comments?post=3217"}],"version-history":[{"count":0,"href":"https:\/\/www.ondernemendvenlo.nl\/fr\/wp-json\/wp\/v2\/posts\/3217\/revisions"}],"wp:attachment":[{"href":"https:\/\/www.ondernemendvenlo.nl\/fr\/wp-json\/wp\/v2\/media?parent=3217"}],"wp:term":[{"taxonomy":"category","embeddable":true,"href":"https:\/\/www.ondernemendvenlo.nl\/fr\/wp-json\/wp\/v2\/categories?post=3217"},{"taxonomy":"post_tag","embeddable":true,"href":"https:\/\/www.ondernemendvenlo.nl\/fr\/wp-json\/wp\/v2\/tags?post=3217"}],"curies":[{"name":"wp","href":"https:\/\/api.w.org\/{rel}","templated":true}]}}