{"id":3220,"date":"2024-11-08T10:10:55","date_gmt":"2024-11-08T09:10:55","guid":{"rendered":"https:\/\/www.ondernemendvenlo.nl\/voorzitter-ondernemend-venlo-treedt-af\/"},"modified":"2024-11-08T10:10:55","modified_gmt":"2024-11-08T09:10:55","slug":"voorzitter-ondernemend-venlo-treedt-af","status":"publish","type":"post","link":"https:\/\/www.ondernemendvenlo.nl\/fr\/voorzitter-ondernemend-venlo-treedt-af\/","title":{"rendered":"Le pr\u00e9sident d'Entrepreneurial Venlo se retire"},"content":{"rendered":"<p><strong>Apr\u00e8s une p\u00e9riode fructueuse et pr\u00e9cieuse, la pr\u00e9sidente d'Ondernemend Venlo, Lizbeth van den Boogaart, a annonc\u00e9 son intention de se retirer \u00e0 la fin de l'ann\u00e9e 2024. Apr\u00e8s des ann\u00e9es d'activit\u00e9 au sein de l'organisation, elle a d\u00e9cid\u00e9 de se concentrer sur de nouveaux d\u00e9fis et sur le d\u00e9veloppement de sa carri\u00e8re.<\/strong><\/p>\n<p>\"Ce choix n'a pas \u00e9t\u00e9 facile pour moi, mais je pense qu'il est temps d'ouvrir de nouvelles perspectives, d'autant plus que ma carri\u00e8re se d\u00e9veloppe de plus en plus dans la r\u00e9gion d'Eindhoven\", a-t-elle d\u00e9clar\u00e9. Elle souligne que son lien avec Venlo a toujours \u00e9t\u00e9 fort et qu'elle a appr\u00e9ci\u00e9 de travailler avec les b\u00e9n\u00e9voles engag\u00e9s et les membres du conseil d'administration d'Entrepreneurial Venlo.<\/p>\n<p>Bien qu'elle quitte son poste de pr\u00e9sidente \u00e0 la fin de l'ann\u00e9e 2024, elle restera activement impliqu\u00e9e dans le conseil d'administration de l'organisation jusqu'\u00e0 la fin de l'ann\u00e9e 2025. Elle se concentrera principalement sur les activit\u00e9s li\u00e9es \u00e0 la gestion des parcs, telles que la s\u00e9curit\u00e9, l'accessibilit\u00e9 et la verdure dans les parcs d'activit\u00e9s. Cette ann\u00e9e de transition donnera \u00e0 Ondernemend Venlo le temps de trouver un successeur et d'assurer la continuit\u00e9 de l'organisation.<\/p>\n<p>\"Je voudrais remercier tout le monde pour la coop\u00e9ration, la confiance et les beaux moments que nous avons partag\u00e9s ensemble. Je me souviendrai avec \u00e9motion de mon mandat de pr\u00e9sidente\", conclut Lizbeth.<\/p>\n<p>Entrepreneurial Venlo entamera bient\u00f4t un processus de nomination d'un nouveau pr\u00e9sident et continuera d'\u00eatre dirig\u00e9e par les membres restants du conseil d'administration pendant cette p\u00e9riode.<\/p>","protected":false},"excerpt":{"rendered":"<p>Na een succesvolle en waardevolle periode heeft de voorzitter van Ondernemend Venlo, Lizbeth van den Boogaart, aangekondigd per eind 2024 af te treden. Na jarenlang actief te zijn geweest binnen de organisatie, heeft zij besloten zich te richten op nieuwe uitdagingen en verdere ontwikkeling in haar carri\u00e8re. &#8220;Deze keuze is voor mij niet gemakkelijk geweest, [&hellip;]<\/p>","protected":false},"author":1,"featured_media":3221,"comment_status":"closed","ping_status":"open","sticky":false,"template":"","format":"standard","meta":{"_acf_changed":false,"footnotes":""},"categories":[8],"tags":[],"class_list":["post-3220","post","type-post","status-publish","format-standard","has-post-thumbnail","hentry","category-nieuws"],"acf":[],"yoast_head":"<!-- This site is optimized with the Yoast SEO plugin v26.3 - https:\/\/yoast.com\/wordpress\/plugins\/seo\/ -->\n<title>Voorzitter Ondernemend Venlo treedt af - Ondernemend Venlo<\/title>\n<meta name=\"robots\" content=\"index, follow, max-snippet:-1, max-image-preview:large, max-video-preview:-1\" \/>\n<link rel=\"canonical\" href=\"https:\/\/www.ondernemendvenlo.nl\/fr\/voorzitter-ondernemend-venlo-treedt-af\/\" \/>\n<meta property=\"og:locale\" content=\"fr_FR\" \/>\n<meta property=\"og:type\" content=\"article\" \/>\n<meta property=\"og:title\" content=\"Voorzitter Ondernemend Venlo treedt af - Ondernemend Venlo\" \/>\n<meta property=\"og:description\" content=\"Na een succesvolle en waardevolle periode heeft de voorzitter van Ondernemend Venlo, Lizbeth van den Boogaart, aangekondigd per eind 2024 af te treden. Na jarenlang actief te zijn geweest binnen de organisatie, heeft zij besloten zich te richten op nieuwe uitdagingen en verdere ontwikkeling in haar carri\u00e8re. &#8220;Deze keuze is voor mij niet gemakkelijk geweest, [&hellip;]\" \/>\n<meta property=\"og:url\" content=\"https:\/\/www.ondernemendvenlo.nl\/fr\/voorzitter-ondernemend-venlo-treedt-af\/\" \/>\n<meta property=\"og:site_name\" content=\"Ondernemend Venlo\" \/>\n<meta property=\"article:published_time\" content=\"2024-11-08T09:10:55+00:00\" \/>\n<meta property=\"og:image\" content=\"https:\/\/www.ondernemendvenlo.nl\/wp-content\/uploads\/2025\/04\/ll-1.jpg\" \/>\n\t<meta property=\"og:image:width\" content=\"1024\" \/>\n\t<meta property=\"og:image:height\" content=\"576\" \/>\n\t<meta property=\"og:image:type\" content=\"image\/jpeg\" \/>\n<meta name=\"author\" content=\"admin\" \/>\n<meta name=\"twitter:card\" content=\"summary_large_image\" \/>\n<meta name=\"twitter:label1\" content=\"\u00c9crit par\" \/>\n\t<meta name=\"twitter:data1\" content=\"admin\" \/>\n\t<meta name=\"twitter:label2\" content=\"Dur\u00e9e de lecture estim\u00e9e\" \/>\n\t<meta name=\"twitter:data2\" content=\"1 minute\" \/>\n<script type=\"application\/ld+json\" class=\"yoast-schema-graph\">{\"@context\":\"https:\/\/schema.org\",\"@graph\":[{\"@type\":\"Article\",\"@id\":\"https:\/\/www.ondernemendvenlo.nl\/voorzitter-ondernemend-venlo-treedt-af\/#article\",\"isPartOf\":{\"@id\":\"https:\/\/www.ondernemendvenlo.nl\/voorzitter-ondernemend-venlo-treedt-af\/\"},\"author\":{\"name\":\"admin\",\"@id\":\"https:\/\/www.ondernemendvenlo.nl\/#\/schema\/person\/347e935f8ad4c7030608ef74bb57aa6e\"},\"headline\":\"Voorzitter Ondernemend Venlo treedt af\",\"datePublished\":\"2024-11-08T09:10:55+00:00\",\"mainEntityOfPage\":{\"@id\":\"https:\/\/www.ondernemendvenlo.nl\/voorzitter-ondernemend-venlo-treedt-af\/\"},\"wordCount\":229,\"publisher\":{\"@id\":\"https:\/\/www.ondernemendvenlo.nl\/#organization\"},\"image\":{\"@id\":\"https:\/\/www.ondernemendvenlo.nl\/voorzitter-ondernemend-venlo-treedt-af\/#primaryimage\"},\"thumbnailUrl\":\"https:\/\/www.ondernemendvenlo.nl\/wp-content\/uploads\/2025\/04\/ll-1.jpg\",\"articleSection\":[\"Nieuws\"],\"inLanguage\":\"fr-FR\"},{\"@type\":\"WebPage\",\"@id\":\"https:\/\/www.ondernemendvenlo.nl\/voorzitter-ondernemend-venlo-treedt-af\/\",\"url\":\"https:\/\/www.ondernemendvenlo.nl\/voorzitter-ondernemend-venlo-treedt-af\/\",\"name\":\"Voorzitter Ondernemend Venlo treedt af - Ondernemend Venlo\",\"isPartOf\":{\"@id\":\"https:\/\/www.ondernemendvenlo.nl\/#website\"},\"primaryImageOfPage\":{\"@id\":\"https:\/\/www.ondernemendvenlo.nl\/voorzitter-ondernemend-venlo-treedt-af\/#primaryimage\"},\"image\":{\"@id\":\"https:\/\/www.ondernemendvenlo.nl\/voorzitter-ondernemend-venlo-treedt-af\/#primaryimage\"},\"thumbnailUrl\":\"https:\/\/www.ondernemendvenlo.nl\/wp-content\/uploads\/2025\/04\/ll-1.jpg\",\"datePublished\":\"2024-11-08T09:10:55+00:00\",\"breadcrumb\":{\"@id\":\"https:\/\/www.ondernemendvenlo.nl\/voorzitter-ondernemend-venlo-treedt-af\/#breadcrumb\"},\"inLanguage\":\"fr-FR\",\"potentialAction\":[{\"@type\":\"ReadAction\",\"target\":[\"https:\/\/www.ondernemendvenlo.nl\/voorzitter-ondernemend-venlo-treedt-af\/\"]}]},{\"@type\":\"ImageObject\",\"inLanguage\":\"fr-FR\",\"@id\":\"https:\/\/www.ondernemendvenlo.nl\/voorzitter-ondernemend-venlo-treedt-af\/#primaryimage\",\"url\":\"https:\/\/www.ondernemendvenlo.nl\/wp-content\/uploads\/2025\/04\/ll-1.jpg\",\"contentUrl\":\"https:\/\/www.ondernemendvenlo.nl\/wp-content\/uploads\/2025\/04\/ll-1.jpg\",\"width\":1024,\"height\":576},{\"@type\":\"BreadcrumbList\",\"@id\":\"https:\/\/www.ondernemendvenlo.nl\/voorzitter-ondernemend-venlo-treedt-af\/#breadcrumb\",\"itemListElement\":[{\"@type\":\"ListItem\",\"position\":1,\"name\":\"Ondernemend Venlo\",\"item\":\"https:\/\/www.ondernemendvenlo.nl\/\"},{\"@type\":\"ListItem\",\"position\":2,\"name\":\"Nieuws\",\"item\":\"https:\/\/www.ondernemendvenlo.nl\/categorie\/nieuws\/\"},{\"@type\":\"ListItem\",\"position\":3,\"name\":\"Voorzitter Ondernemend Venlo treedt af\"}]},{\"@type\":\"WebSite\",\"@id\":\"https:\/\/www.ondernemendvenlo.nl\/#website\",\"url\":\"https:\/\/www.ondernemendvenlo.nl\/\",\"name\":\"Ondernemend Venlo\",\"description\":\"Samen succesvol ondernemen\",\"publisher\":{\"@id\":\"https:\/\/www.ondernemendvenlo.nl\/#organization\"},\"potentialAction\":[{\"@type\":\"SearchAction\",\"target\":{\"@type\":\"EntryPoint\",\"urlTemplate\":\"https:\/\/www.ondernemendvenlo.nl\/?s={search_term_string}\"},\"query-input\":{\"@type\":\"PropertyValueSpecification\",\"valueRequired\":true,\"valueName\":\"search_term_string\"}}],\"inLanguage\":\"fr-FR\"},{\"@type\":\"Organization\",\"@id\":\"https:\/\/www.ondernemendvenlo.nl\/#organization\",\"name\":\"Ondernemend Venlo\",\"url\":\"https:\/\/www.ondernemendvenlo.nl\/\",\"logo\":{\"@type\":\"ImageObject\",\"inLanguage\":\"fr-FR\",\"@id\":\"https:\/\/www.ondernemendvenlo.nl\/#\/schema\/logo\/image\/\",\"url\":\"https:\/\/www.ondernemendvenlo.nl\/wp-content\/uploads\/2025\/02\/Ondernemend-Venlo-logo-scaled.webp\",\"contentUrl\":\"https:\/\/www.ondernemendvenlo.nl\/wp-content\/uploads\/2025\/02\/Ondernemend-Venlo-logo-scaled.webp\",\"width\":2560,\"height\":1010,\"caption\":\"Ondernemend Venlo\"},\"image\":{\"@id\":\"https:\/\/www.ondernemendvenlo.nl\/#\/schema\/logo\/image\/\"},\"sameAs\":[\"https:\/\/www.linkedin.com\/company\/ondernemend-venlo\/\"]},{\"@type\":\"Person\",\"@id\":\"https:\/\/www.ondernemendvenlo.nl\/#\/schema\/person\/347e935f8ad4c7030608ef74bb57aa6e\",\"name\":\"admin\",\"image\":{\"@type\":\"ImageObject\",\"inLanguage\":\"fr-FR\",\"@id\":\"https:\/\/www.ondernemendvenlo.nl\/#\/schema\/person\/image\/\",\"url\":\"https:\/\/www.ondernemendvenlo.nl\/wp-content\/litespeed\/avatar\/720af750b037aecf6e33e12833479059.jpg?ver=1777382954\",\"contentUrl\":\"https:\/\/www.ondernemendvenlo.nl\/wp-content\/litespeed\/avatar\/720af750b037aecf6e33e12833479059.jpg?ver=1777382954\",\"caption\":\"admin\"},\"sameAs\":[\"https:\/\/www.ondernemendvenlo.nl\"]}]}<\/script>\n<!-- \/ Yoast SEO plugin. -->","yoast_head_json":{"title":"Voorzitter Ondernemend Venlo treedt af - Ondernemend Venlo","robots":{"index":"index","follow":"follow","max-snippet":"max-snippet:-1","max-image-preview":"max-image-preview:large","max-video-preview":"max-video-preview:-1"},"canonical":"https:\/\/www.ondernemendvenlo.nl\/fr\/voorzitter-ondernemend-venlo-treedt-af\/","og_locale":"fr_FR","og_type":"article","og_title":"Voorzitter Ondernemend Venlo treedt af - Ondernemend Venlo","og_description":"Na een succesvolle en waardevolle periode heeft de voorzitter van Ondernemend Venlo, Lizbeth van den Boogaart, aangekondigd per eind 2024 af te treden. Na jarenlang actief te zijn geweest binnen de organisatie, heeft zij besloten zich te richten op nieuwe uitdagingen en verdere ontwikkeling in haar carri\u00e8re. &#8220;Deze keuze is voor mij niet gemakkelijk geweest, [&hellip;]","og_url":"https:\/\/www.ondernemendvenlo.nl\/fr\/voorzitter-ondernemend-venlo-treedt-af\/","og_site_name":"Ondernemend Venlo","article_published_time":"2024-11-08T09:10:55+00:00","og_image":[{"width":1024,"height":576,"url":"https:\/\/www.ondernemendvenlo.nl\/wp-content\/uploads\/2025\/04\/ll-1.jpg","type":"image\/jpeg"}],"author":"admin","twitter_card":"summary_large_image","twitter_misc":{"\u00c9crit par":"admin","Dur\u00e9e de lecture estim\u00e9e":"1 minute"},"schema":{"@context":"https:\/\/schema.org","@graph":[{"@type":"Article","@id":"https:\/\/www.ondernemendvenlo.nl\/voorzitter-ondernemend-venlo-treedt-af\/#article","isPartOf":{"@id":"https:\/\/www.ondernemendvenlo.nl\/voorzitter-ondernemend-venlo-treedt-af\/"},"author":{"name":"admin","@id":"https:\/\/www.ondernemendvenlo.nl\/#\/schema\/person\/347e935f8ad4c7030608ef74bb57aa6e"},"headline":"Voorzitter Ondernemend Venlo treedt af","datePublished":"2024-11-08T09:10:55+00:00","mainEntityOfPage":{"@id":"https:\/\/www.ondernemendvenlo.nl\/voorzitter-ondernemend-venlo-treedt-af\/"},"wordCount":229,"publisher":{"@id":"https:\/\/www.ondernemendvenlo.nl\/#organization"},"image":{"@id":"https:\/\/www.ondernemendvenlo.nl\/voorzitter-ondernemend-venlo-treedt-af\/#primaryimage"},"thumbnailUrl":"https:\/\/www.ondernemendvenlo.nl\/wp-content\/uploads\/2025\/04\/ll-1.jpg","articleSection":["Nieuws"],"inLanguage":"fr-FR"},{"@type":"WebPage","@id":"https:\/\/www.ondernemendvenlo.nl\/voorzitter-ondernemend-venlo-treedt-af\/","url":"https:\/\/www.ondernemendvenlo.nl\/voorzitter-ondernemend-venlo-treedt-af\/","name":"Voorzitter Ondernemend Venlo treedt af - Ondernemend Venlo","isPartOf":{"@id":"https:\/\/www.ondernemendvenlo.nl\/#website"},"primaryImageOfPage":{"@id":"https:\/\/www.ondernemendvenlo.nl\/voorzitter-ondernemend-venlo-treedt-af\/#primaryimage"},"image":{"@id":"https:\/\/www.ondernemendvenlo.nl\/voorzitter-ondernemend-venlo-treedt-af\/#primaryimage"},"thumbnailUrl":"https:\/\/www.ondernemendvenlo.nl\/wp-content\/uploads\/2025\/04\/ll-1.jpg","datePublished":"2024-11-08T09:10:55+00:00","breadcrumb":{"@id":"https:\/\/www.ondernemendvenlo.nl\/voorzitter-ondernemend-venlo-treedt-af\/#breadcrumb"},"inLanguage":"fr-FR","potentialAction":[{"@type":"ReadAction","target":["https:\/\/www.ondernemendvenlo.nl\/voorzitter-ondernemend-venlo-treedt-af\/"]}]},{"@type":"ImageObject","inLanguage":"fr-FR","@id":"https:\/\/www.ondernemendvenlo.nl\/voorzitter-ondernemend-venlo-treedt-af\/#primaryimage","url":"https:\/\/www.ondernemendvenlo.nl\/wp-content\/uploads\/2025\/04\/ll-1.jpg","contentUrl":"https:\/\/www.ondernemendvenlo.nl\/wp-content\/uploads\/2025\/04\/ll-1.jpg","width":1024,"height":576},{"@type":"BreadcrumbList","@id":"https:\/\/www.ondernemendvenlo.nl\/voorzitter-ondernemend-venlo-treedt-af\/#breadcrumb","itemListElement":[{"@type":"ListItem","position":1,"name":"Ondernemend Venlo","item":"https:\/\/www.ondernemendvenlo.nl\/"},{"@type":"ListItem","position":2,"name":"Nieuws","item":"https:\/\/www.ondernemendvenlo.nl\/categorie\/nieuws\/"},{"@type":"ListItem","position":3,"name":"Voorzitter Ondernemend Venlo treedt af"}]},{"@type":"WebSite","@id":"https:\/\/www.ondernemendvenlo.nl\/#website","url":"https:\/\/www.ondernemendvenlo.nl\/","name":"Venlo entrepreneurial","description":"Travailler ensemble avec succ\u00e8s","publisher":{"@id":"https:\/\/www.ondernemendvenlo.nl\/#organization"},"potentialAction":[{"@type":"SearchAction","target":{"@type":"EntryPoint","urlTemplate":"https:\/\/www.ondernemendvenlo.nl\/?s={search_term_string}"},"query-input":{"@type":"PropertyValueSpecification","valueRequired":true,"valueName":"search_term_string"}}],"inLanguage":"fr-FR"},{"@type":"Organization","@id":"https:\/\/www.ondernemendvenlo.nl\/#organization","name":"Venlo entrepreneurial","url":"https:\/\/www.ondernemendvenlo.nl\/","logo":{"@type":"ImageObject","inLanguage":"fr-FR","@id":"https:\/\/www.ondernemendvenlo.nl\/#\/schema\/logo\/image\/","url":"https:\/\/www.ondernemendvenlo.nl\/wp-content\/uploads\/2025\/02\/Ondernemend-Venlo-logo-scaled.webp","contentUrl":"https:\/\/www.ondernemendvenlo.nl\/wp-content\/uploads\/2025\/02\/Ondernemend-Venlo-logo-scaled.webp","width":2560,"height":1010,"caption":"Ondernemend Venlo"},"image":{"@id":"https:\/\/www.ondernemendvenlo.nl\/#\/schema\/logo\/image\/"},"sameAs":["https:\/\/www.linkedin.com\/company\/ondernemend-venlo\/"]},{"@type":"Person","@id":"https:\/\/www.ondernemendvenlo.nl\/#\/schema\/person\/347e935f8ad4c7030608ef74bb57aa6e","name":"admin","image":{"@type":"ImageObject","inLanguage":"fr-FR","@id":"https:\/\/www.ondernemendvenlo.nl\/#\/schema\/person\/image\/","url":"https:\/\/www.ondernemendvenlo.nl\/wp-content\/litespeed\/avatar\/720af750b037aecf6e33e12833479059.jpg?ver=1777382954","contentUrl":"https:\/\/www.ondernemendvenlo.nl\/wp-content\/litespeed\/avatar\/720af750b037aecf6e33e12833479059.jpg?ver=1777382954","caption":"admin"},"sameAs":["https:\/\/www.ondernemendvenlo.nl"]}]}},"_links":{"self":[{"href":"https:\/\/www.ondernemendvenlo.nl\/fr\/wp-json\/wp\/v2\/posts\/3220","targetHints":{"allow":["GET"]}}],"collection":[{"href":"https:\/\/www.ondernemendvenlo.nl\/fr\/wp-json\/wp\/v2\/posts"}],"about":[{"href":"https:\/\/www.ondernemendvenlo.nl\/fr\/wp-json\/wp\/v2\/types\/post"}],"author":[{"embeddable":true,"href":"https:\/\/www.ondernemendvenlo.nl\/fr\/wp-json\/wp\/v2\/users\/1"}],"replies":[{"embeddable":true,"href":"https:\/\/www.ondernemendvenlo.nl\/fr\/wp-json\/wp\/v2\/comments?post=3220"}],"version-history":[{"count":0,"href":"https:\/\/www.ondernemendvenlo.nl\/fr\/wp-json\/wp\/v2\/posts\/3220\/revisions"}],"wp:featuredmedia":[{"embeddable":true,"href":"https:\/\/www.ondernemendvenlo.nl\/fr\/wp-json\/wp\/v2\/media\/3221"}],"wp:attachment":[{"href":"https:\/\/www.ondernemendvenlo.nl\/fr\/wp-json\/wp\/v2\/media?parent=3220"}],"wp:term":[{"taxonomy":"category","embeddable":true,"href":"https:\/\/www.ondernemendvenlo.nl\/fr\/wp-json\/wp\/v2\/categories?post=3220"},{"taxonomy":"post_tag","embeddable":true,"href":"https:\/\/www.ondernemendvenlo.nl\/fr\/wp-json\/wp\/v2\/tags?post=3220"}],"curies":[{"name":"wp","href":"https:\/\/api.w.org\/{rel}","templated":true}]}}