{"id":3222,"date":"2024-11-11T15:39:19","date_gmt":"2024-11-11T14:39:19","guid":{"rendered":"https:\/\/www.ondernemendvenlo.nl\/dag-van-de-maakindustrie-op-23-maart-2025\/"},"modified":"2024-11-11T15:39:19","modified_gmt":"2024-11-11T14:39:19","slug":"dag-van-de-maakindustrie-op-23-maart-2025","status":"publish","type":"post","link":"https:\/\/www.ondernemendvenlo.nl\/fr\/dag-van-de-maakindustrie-op-23-maart-2025\/","title":{"rendered":"Journ\u00e9e de l'industrie manufacturi\u00e8re le 23 mars 2025"},"content":{"rendered":"<p style=\"font-weight: 400;\"><strong>Le dimanche 23 mars aura lieu une nouvelle journ\u00e9e de l'industrie manufacturi\u00e8re. Les entreprises qui fabriquent, transforment ou assemblent des pi\u00e8ces ou des produits ouvriront leurs portes sp\u00e9cialement pour les entreprises ce jour-l\u00e0. Cette initiative donne \u00e0 vos entreprises l'occasion de renforcer leur notori\u00e9t\u00e9 et leur visibilit\u00e9 et constitue une excellente plate-forme pour vous pr\u00e9senter comme un employeur attrayant. <\/strong><\/p>\n<p style=\"font-weight: 400;\">Chaque ann\u00e9e, plusieurs milliers de visiteurs, jeunes et moins jeunes, se rendent dans les entreprises ouvertes pour jeter un coup d'\u0153il dans les coulisses. Les visiteurs attribuent g\u00e9n\u00e9ralement une tr\u00e8s bonne note aux entreprises participantes et plusieurs d'entre elles ont r\u00e9ussi \u00e0 recruter de nouveaux employ\u00e9s gr\u00e2ce \u00e0 cela.<\/p>\n<p style=\"font-weight: 400;\">La prochaine \u00e9dition sera encore plus approfondie pour int\u00e9resser les demandeurs d'emploi \u00e0 travailler dans l'industrie manufacturi\u00e8re. Elle encouragera \u00e9galement les jeunes \u00e0 choisir les bonnes formations professionnelles (techniques).<\/p>\n<p style=\"font-weight: 400;\">Vous souhaitez y participer avec votre entreprise ? Envoyez alors un e-mail \u00e0 Boy Haenen : <a href=\"mailto:info@dagvandemaakindustrie.nl\">info@dagvandemaakindustrie.nl<\/a>.<br \/>\nDe plus amples informations et une vid\u00e9o d'ambiance sont disponibles sur le site web. <a href=\"http:\/\/www.dagvandemaakindustrie.nl\">www.dagvandemaakindustrie.nl<\/a>.<\/p>","protected":false},"excerpt":{"rendered":"<p>Op zondag 23 maart is er weer een nieuwe Dag van de Maakindustrie. Bedrijven die onderdelen of producten maken, bewerken of in elkaar zetten openen deze dag speciaal voor bedrijven hun deuren. Het initiatief biedt jouw bedrijven de mogelijkheid om de naamsbekendheid en zichtbaarheid een impuls te geven en is een uitstekend platvorm om je [&hellip;]<\/p>","protected":false},"author":1,"featured_media":3223,"comment_status":"closed","ping_status":"open","sticky":false,"template":"","format":"standard","meta":{"_acf_changed":false,"footnotes":""},"categories":[8],"tags":[],"class_list":["post-3222","post","type-post","status-publish","format-standard","has-post-thumbnail","hentry","category-nieuws"],"acf":[],"yoast_head":"<!-- This site is optimized with the Yoast SEO plugin v26.3 - https:\/\/yoast.com\/wordpress\/plugins\/seo\/ -->\n<title>Dag van de Maakindustrie op 23 maart 2025 - Ondernemend Venlo<\/title>\n<meta name=\"robots\" content=\"index, follow, max-snippet:-1, max-image-preview:large, max-video-preview:-1\" \/>\n<link rel=\"canonical\" href=\"https:\/\/www.ondernemendvenlo.nl\/fr\/dag-van-de-maakindustrie-op-23-maart-2025\/\" \/>\n<meta property=\"og:locale\" content=\"fr_FR\" \/>\n<meta property=\"og:type\" content=\"article\" \/>\n<meta property=\"og:title\" content=\"Dag van de Maakindustrie op 23 maart 2025 - Ondernemend Venlo\" \/>\n<meta property=\"og:description\" content=\"Op zondag 23 maart is er weer een nieuwe Dag van de Maakindustrie. Bedrijven die onderdelen of producten maken, bewerken of in elkaar zetten openen deze dag speciaal voor bedrijven hun deuren. Het initiatief biedt jouw bedrijven de mogelijkheid om de naamsbekendheid en zichtbaarheid een impuls te geven en is een uitstekend platvorm om je [&hellip;]\" \/>\n<meta property=\"og:url\" content=\"https:\/\/www.ondernemendvenlo.nl\/fr\/dag-van-de-maakindustrie-op-23-maart-2025\/\" \/>\n<meta property=\"og:site_name\" content=\"Ondernemend Venlo\" \/>\n<meta property=\"article:published_time\" content=\"2024-11-11T14:39:19+00:00\" \/>\n<meta property=\"og:image\" content=\"https:\/\/www.ondernemendvenlo.nl\/wp-content\/uploads\/2025\/04\/DVDMI_2023_095.jpg\" \/>\n\t<meta property=\"og:image:width\" content=\"1920\" \/>\n\t<meta property=\"og:image:height\" content=\"1080\" \/>\n\t<meta property=\"og:image:type\" content=\"image\/jpeg\" \/>\n<meta name=\"author\" content=\"admin\" \/>\n<meta name=\"twitter:card\" content=\"summary_large_image\" \/>\n<meta name=\"twitter:label1\" content=\"\u00c9crit par\" \/>\n\t<meta name=\"twitter:data1\" content=\"admin\" \/>\n\t<meta name=\"twitter:label2\" content=\"Dur\u00e9e de lecture estim\u00e9e\" \/>\n\t<meta name=\"twitter:data2\" content=\"1 minute\" \/>\n<script type=\"application\/ld+json\" class=\"yoast-schema-graph\">{\"@context\":\"https:\/\/schema.org\",\"@graph\":[{\"@type\":\"Article\",\"@id\":\"https:\/\/www.ondernemendvenlo.nl\/dag-van-de-maakindustrie-op-23-maart-2025\/#article\",\"isPartOf\":{\"@id\":\"https:\/\/www.ondernemendvenlo.nl\/dag-van-de-maakindustrie-op-23-maart-2025\/\"},\"author\":{\"name\":\"admin\",\"@id\":\"https:\/\/www.ondernemendvenlo.nl\/#\/schema\/person\/347e935f8ad4c7030608ef74bb57aa6e\"},\"headline\":\"Dag van de Maakindustrie op 23 maart 2025\",\"datePublished\":\"2024-11-11T14:39:19+00:00\",\"mainEntityOfPage\":{\"@id\":\"https:\/\/www.ondernemendvenlo.nl\/dag-van-de-maakindustrie-op-23-maart-2025\/\"},\"wordCount\":169,\"publisher\":{\"@id\":\"https:\/\/www.ondernemendvenlo.nl\/#organization\"},\"image\":{\"@id\":\"https:\/\/www.ondernemendvenlo.nl\/dag-van-de-maakindustrie-op-23-maart-2025\/#primaryimage\"},\"thumbnailUrl\":\"https:\/\/www.ondernemendvenlo.nl\/wp-content\/uploads\/2025\/04\/DVDMI_2023_095.jpg\",\"articleSection\":[\"Nieuws\"],\"inLanguage\":\"fr-FR\"},{\"@type\":\"WebPage\",\"@id\":\"https:\/\/www.ondernemendvenlo.nl\/dag-van-de-maakindustrie-op-23-maart-2025\/\",\"url\":\"https:\/\/www.ondernemendvenlo.nl\/dag-van-de-maakindustrie-op-23-maart-2025\/\",\"name\":\"Dag van de Maakindustrie op 23 maart 2025 - Ondernemend Venlo\",\"isPartOf\":{\"@id\":\"https:\/\/www.ondernemendvenlo.nl\/#website\"},\"primaryImageOfPage\":{\"@id\":\"https:\/\/www.ondernemendvenlo.nl\/dag-van-de-maakindustrie-op-23-maart-2025\/#primaryimage\"},\"image\":{\"@id\":\"https:\/\/www.ondernemendvenlo.nl\/dag-van-de-maakindustrie-op-23-maart-2025\/#primaryimage\"},\"thumbnailUrl\":\"https:\/\/www.ondernemendvenlo.nl\/wp-content\/uploads\/2025\/04\/DVDMI_2023_095.jpg\",\"datePublished\":\"2024-11-11T14:39:19+00:00\",\"breadcrumb\":{\"@id\":\"https:\/\/www.ondernemendvenlo.nl\/dag-van-de-maakindustrie-op-23-maart-2025\/#breadcrumb\"},\"inLanguage\":\"fr-FR\",\"potentialAction\":[{\"@type\":\"ReadAction\",\"target\":[\"https:\/\/www.ondernemendvenlo.nl\/dag-van-de-maakindustrie-op-23-maart-2025\/\"]}]},{\"@type\":\"ImageObject\",\"inLanguage\":\"fr-FR\",\"@id\":\"https:\/\/www.ondernemendvenlo.nl\/dag-van-de-maakindustrie-op-23-maart-2025\/#primaryimage\",\"url\":\"https:\/\/www.ondernemendvenlo.nl\/wp-content\/uploads\/2025\/04\/DVDMI_2023_095.jpg\",\"contentUrl\":\"https:\/\/www.ondernemendvenlo.nl\/wp-content\/uploads\/2025\/04\/DVDMI_2023_095.jpg\",\"width\":1920,\"height\":1080},{\"@type\":\"BreadcrumbList\",\"@id\":\"https:\/\/www.ondernemendvenlo.nl\/dag-van-de-maakindustrie-op-23-maart-2025\/#breadcrumb\",\"itemListElement\":[{\"@type\":\"ListItem\",\"position\":1,\"name\":\"Ondernemend Venlo\",\"item\":\"https:\/\/www.ondernemendvenlo.nl\/\"},{\"@type\":\"ListItem\",\"position\":2,\"name\":\"Nieuws\",\"item\":\"https:\/\/www.ondernemendvenlo.nl\/categorie\/nieuws\/\"},{\"@type\":\"ListItem\",\"position\":3,\"name\":\"Dag van de Maakindustrie op 23 maart 2025\"}]},{\"@type\":\"WebSite\",\"@id\":\"https:\/\/www.ondernemendvenlo.nl\/#website\",\"url\":\"https:\/\/www.ondernemendvenlo.nl\/\",\"name\":\"Ondernemend Venlo\",\"description\":\"Samen succesvol ondernemen\",\"publisher\":{\"@id\":\"https:\/\/www.ondernemendvenlo.nl\/#organization\"},\"potentialAction\":[{\"@type\":\"SearchAction\",\"target\":{\"@type\":\"EntryPoint\",\"urlTemplate\":\"https:\/\/www.ondernemendvenlo.nl\/?s={search_term_string}\"},\"query-input\":{\"@type\":\"PropertyValueSpecification\",\"valueRequired\":true,\"valueName\":\"search_term_string\"}}],\"inLanguage\":\"fr-FR\"},{\"@type\":\"Organization\",\"@id\":\"https:\/\/www.ondernemendvenlo.nl\/#organization\",\"name\":\"Ondernemend Venlo\",\"url\":\"https:\/\/www.ondernemendvenlo.nl\/\",\"logo\":{\"@type\":\"ImageObject\",\"inLanguage\":\"fr-FR\",\"@id\":\"https:\/\/www.ondernemendvenlo.nl\/#\/schema\/logo\/image\/\",\"url\":\"https:\/\/www.ondernemendvenlo.nl\/wp-content\/uploads\/2025\/02\/Ondernemend-Venlo-logo-scaled.webp\",\"contentUrl\":\"https:\/\/www.ondernemendvenlo.nl\/wp-content\/uploads\/2025\/02\/Ondernemend-Venlo-logo-scaled.webp\",\"width\":2560,\"height\":1010,\"caption\":\"Ondernemend Venlo\"},\"image\":{\"@id\":\"https:\/\/www.ondernemendvenlo.nl\/#\/schema\/logo\/image\/\"},\"sameAs\":[\"https:\/\/www.linkedin.com\/company\/ondernemend-venlo\/\"]},{\"@type\":\"Person\",\"@id\":\"https:\/\/www.ondernemendvenlo.nl\/#\/schema\/person\/347e935f8ad4c7030608ef74bb57aa6e\",\"name\":\"admin\",\"image\":{\"@type\":\"ImageObject\",\"inLanguage\":\"fr-FR\",\"@id\":\"https:\/\/www.ondernemendvenlo.nl\/#\/schema\/person\/image\/\",\"url\":\"https:\/\/www.ondernemendvenlo.nl\/wp-content\/litespeed\/avatar\/720af750b037aecf6e33e12833479059.jpg?ver=1777382954\",\"contentUrl\":\"https:\/\/www.ondernemendvenlo.nl\/wp-content\/litespeed\/avatar\/720af750b037aecf6e33e12833479059.jpg?ver=1777382954\",\"caption\":\"admin\"},\"sameAs\":[\"https:\/\/www.ondernemendvenlo.nl\"]}]}<\/script>\n<!-- \/ Yoast SEO plugin. -->","yoast_head_json":{"title":"Dag van de Maakindustrie op 23 maart 2025 - Ondernemend Venlo","robots":{"index":"index","follow":"follow","max-snippet":"max-snippet:-1","max-image-preview":"max-image-preview:large","max-video-preview":"max-video-preview:-1"},"canonical":"https:\/\/www.ondernemendvenlo.nl\/fr\/dag-van-de-maakindustrie-op-23-maart-2025\/","og_locale":"fr_FR","og_type":"article","og_title":"Dag van de Maakindustrie op 23 maart 2025 - Ondernemend Venlo","og_description":"Op zondag 23 maart is er weer een nieuwe Dag van de Maakindustrie. Bedrijven die onderdelen of producten maken, bewerken of in elkaar zetten openen deze dag speciaal voor bedrijven hun deuren. Het initiatief biedt jouw bedrijven de mogelijkheid om de naamsbekendheid en zichtbaarheid een impuls te geven en is een uitstekend platvorm om je [&hellip;]","og_url":"https:\/\/www.ondernemendvenlo.nl\/fr\/dag-van-de-maakindustrie-op-23-maart-2025\/","og_site_name":"Ondernemend Venlo","article_published_time":"2024-11-11T14:39:19+00:00","og_image":[{"width":1920,"height":1080,"url":"https:\/\/www.ondernemendvenlo.nl\/wp-content\/uploads\/2025\/04\/DVDMI_2023_095.jpg","type":"image\/jpeg"}],"author":"admin","twitter_card":"summary_large_image","twitter_misc":{"\u00c9crit par":"admin","Dur\u00e9e de lecture estim\u00e9e":"1 minute"},"schema":{"@context":"https:\/\/schema.org","@graph":[{"@type":"Article","@id":"https:\/\/www.ondernemendvenlo.nl\/dag-van-de-maakindustrie-op-23-maart-2025\/#article","isPartOf":{"@id":"https:\/\/www.ondernemendvenlo.nl\/dag-van-de-maakindustrie-op-23-maart-2025\/"},"author":{"name":"admin","@id":"https:\/\/www.ondernemendvenlo.nl\/#\/schema\/person\/347e935f8ad4c7030608ef74bb57aa6e"},"headline":"Dag van de Maakindustrie op 23 maart 2025","datePublished":"2024-11-11T14:39:19+00:00","mainEntityOfPage":{"@id":"https:\/\/www.ondernemendvenlo.nl\/dag-van-de-maakindustrie-op-23-maart-2025\/"},"wordCount":169,"publisher":{"@id":"https:\/\/www.ondernemendvenlo.nl\/#organization"},"image":{"@id":"https:\/\/www.ondernemendvenlo.nl\/dag-van-de-maakindustrie-op-23-maart-2025\/#primaryimage"},"thumbnailUrl":"https:\/\/www.ondernemendvenlo.nl\/wp-content\/uploads\/2025\/04\/DVDMI_2023_095.jpg","articleSection":["Nieuws"],"inLanguage":"fr-FR"},{"@type":"WebPage","@id":"https:\/\/www.ondernemendvenlo.nl\/dag-van-de-maakindustrie-op-23-maart-2025\/","url":"https:\/\/www.ondernemendvenlo.nl\/dag-van-de-maakindustrie-op-23-maart-2025\/","name":"Dag van de Maakindustrie op 23 maart 2025 - Ondernemend Venlo","isPartOf":{"@id":"https:\/\/www.ondernemendvenlo.nl\/#website"},"primaryImageOfPage":{"@id":"https:\/\/www.ondernemendvenlo.nl\/dag-van-de-maakindustrie-op-23-maart-2025\/#primaryimage"},"image":{"@id":"https:\/\/www.ondernemendvenlo.nl\/dag-van-de-maakindustrie-op-23-maart-2025\/#primaryimage"},"thumbnailUrl":"https:\/\/www.ondernemendvenlo.nl\/wp-content\/uploads\/2025\/04\/DVDMI_2023_095.jpg","datePublished":"2024-11-11T14:39:19+00:00","breadcrumb":{"@id":"https:\/\/www.ondernemendvenlo.nl\/dag-van-de-maakindustrie-op-23-maart-2025\/#breadcrumb"},"inLanguage":"fr-FR","potentialAction":[{"@type":"ReadAction","target":["https:\/\/www.ondernemendvenlo.nl\/dag-van-de-maakindustrie-op-23-maart-2025\/"]}]},{"@type":"ImageObject","inLanguage":"fr-FR","@id":"https:\/\/www.ondernemendvenlo.nl\/dag-van-de-maakindustrie-op-23-maart-2025\/#primaryimage","url":"https:\/\/www.ondernemendvenlo.nl\/wp-content\/uploads\/2025\/04\/DVDMI_2023_095.jpg","contentUrl":"https:\/\/www.ondernemendvenlo.nl\/wp-content\/uploads\/2025\/04\/DVDMI_2023_095.jpg","width":1920,"height":1080},{"@type":"BreadcrumbList","@id":"https:\/\/www.ondernemendvenlo.nl\/dag-van-de-maakindustrie-op-23-maart-2025\/#breadcrumb","itemListElement":[{"@type":"ListItem","position":1,"name":"Ondernemend Venlo","item":"https:\/\/www.ondernemendvenlo.nl\/"},{"@type":"ListItem","position":2,"name":"Nieuws","item":"https:\/\/www.ondernemendvenlo.nl\/categorie\/nieuws\/"},{"@type":"ListItem","position":3,"name":"Dag van de Maakindustrie op 23 maart 2025"}]},{"@type":"WebSite","@id":"https:\/\/www.ondernemendvenlo.nl\/#website","url":"https:\/\/www.ondernemendvenlo.nl\/","name":"Venlo entrepreneurial","description":"Travailler ensemble avec succ\u00e8s","publisher":{"@id":"https:\/\/www.ondernemendvenlo.nl\/#organization"},"potentialAction":[{"@type":"SearchAction","target":{"@type":"EntryPoint","urlTemplate":"https:\/\/www.ondernemendvenlo.nl\/?s={search_term_string}"},"query-input":{"@type":"PropertyValueSpecification","valueRequired":true,"valueName":"search_term_string"}}],"inLanguage":"fr-FR"},{"@type":"Organization","@id":"https:\/\/www.ondernemendvenlo.nl\/#organization","name":"Venlo entrepreneurial","url":"https:\/\/www.ondernemendvenlo.nl\/","logo":{"@type":"ImageObject","inLanguage":"fr-FR","@id":"https:\/\/www.ondernemendvenlo.nl\/#\/schema\/logo\/image\/","url":"https:\/\/www.ondernemendvenlo.nl\/wp-content\/uploads\/2025\/02\/Ondernemend-Venlo-logo-scaled.webp","contentUrl":"https:\/\/www.ondernemendvenlo.nl\/wp-content\/uploads\/2025\/02\/Ondernemend-Venlo-logo-scaled.webp","width":2560,"height":1010,"caption":"Ondernemend Venlo"},"image":{"@id":"https:\/\/www.ondernemendvenlo.nl\/#\/schema\/logo\/image\/"},"sameAs":["https:\/\/www.linkedin.com\/company\/ondernemend-venlo\/"]},{"@type":"Person","@id":"https:\/\/www.ondernemendvenlo.nl\/#\/schema\/person\/347e935f8ad4c7030608ef74bb57aa6e","name":"admin","image":{"@type":"ImageObject","inLanguage":"fr-FR","@id":"https:\/\/www.ondernemendvenlo.nl\/#\/schema\/person\/image\/","url":"https:\/\/www.ondernemendvenlo.nl\/wp-content\/litespeed\/avatar\/720af750b037aecf6e33e12833479059.jpg?ver=1777382954","contentUrl":"https:\/\/www.ondernemendvenlo.nl\/wp-content\/litespeed\/avatar\/720af750b037aecf6e33e12833479059.jpg?ver=1777382954","caption":"admin"},"sameAs":["https:\/\/www.ondernemendvenlo.nl"]}]}},"_links":{"self":[{"href":"https:\/\/www.ondernemendvenlo.nl\/fr\/wp-json\/wp\/v2\/posts\/3222","targetHints":{"allow":["GET"]}}],"collection":[{"href":"https:\/\/www.ondernemendvenlo.nl\/fr\/wp-json\/wp\/v2\/posts"}],"about":[{"href":"https:\/\/www.ondernemendvenlo.nl\/fr\/wp-json\/wp\/v2\/types\/post"}],"author":[{"embeddable":true,"href":"https:\/\/www.ondernemendvenlo.nl\/fr\/wp-json\/wp\/v2\/users\/1"}],"replies":[{"embeddable":true,"href":"https:\/\/www.ondernemendvenlo.nl\/fr\/wp-json\/wp\/v2\/comments?post=3222"}],"version-history":[{"count":0,"href":"https:\/\/www.ondernemendvenlo.nl\/fr\/wp-json\/wp\/v2\/posts\/3222\/revisions"}],"wp:featuredmedia":[{"embeddable":true,"href":"https:\/\/www.ondernemendvenlo.nl\/fr\/wp-json\/wp\/v2\/media\/3223"}],"wp:attachment":[{"href":"https:\/\/www.ondernemendvenlo.nl\/fr\/wp-json\/wp\/v2\/media?parent=3222"}],"wp:term":[{"taxonomy":"category","embeddable":true,"href":"https:\/\/www.ondernemendvenlo.nl\/fr\/wp-json\/wp\/v2\/categories?post=3222"},{"taxonomy":"post_tag","embeddable":true,"href":"https:\/\/www.ondernemendvenlo.nl\/fr\/wp-json\/wp\/v2\/tags?post=3222"}],"curies":[{"name":"wp","href":"https:\/\/api.w.org\/{rel}","templated":true}]}}