{"id":3224,"date":"2024-11-11T15:57:00","date_gmt":"2024-11-11T14:57:00","guid":{"rendered":"https:\/\/www.ondernemendvenlo.nl\/toekomst-truckparking-27-januari-2025\/"},"modified":"2024-11-11T15:57:00","modified_gmt":"2024-11-11T14:57:00","slug":"toekomst-truckparking-27-januari-2025","status":"publish","type":"post","link":"https:\/\/www.ondernemendvenlo.nl\/fr\/toekomst-truckparking-27-januari-2025\/","title":{"rendered":"Futurs parkings pour camions dans la r\u00e9gion 27 janvier 2025"},"content":{"rendered":"<p><strong>Le lundi 27 janvier apr\u00e8s-midi, r\u00e9fl\u00e9chissez et discutez avec nous de l'avenir du stationnement des camions dans le Limbourg. Opportunit\u00e9s, possibilit\u00e9s et d\u00e9veloppements futurs du stationnement des camions dans la r\u00e9gion.<\/strong><\/p>\n<p>Le secteur de la logistique est un \u00e9l\u00e9ment important de l'\u00e9conomie n\u00e9erlandaise. Le transport routier y joue un r\u00f4le majeur, et bien qu'il y ait un engagement fort en faveur d'un transfert modal vers le rail et la navigation int\u00e9rieure, on s'attend \u00e0 ce que le transport routier de marchandises continue \u00e0 cro\u00eetre \u00e0 l'avenir. Cependant, il est important que ce transport soit effectu\u00e9 de mani\u00e8re efficace et durable. Cet apr\u00e8s-midi instructif se concentrera sur l'(in)s\u00e9curit\u00e9 routi\u00e8re, l'(in)s\u00e9curit\u00e9 sociale, la criminalit\u00e9, les d\u00e9veloppements et l'application de la loi, l'hydrog\u00e8ne en tant que nouvelle \u00e9nergie et l'importance de l'intelligence artificielle pour le secteur de la logistique.<\/p>\n<hr \/>\n<p><strong>Programme Le Truckparcking dans la logistique dans un tourbillon :<\/strong><br \/>\n<em>13:15<\/em> Entr\u00e9e<br \/>\n<em>13:45<\/em> Introduction Supply Chain Valley Ivo Schepers - Supply Chain Valley<br \/>\n<em>14 heures<\/em> Dossier Truckparking Eric Roufs - province du Limbourg<br \/>\n<em>14.15 heures<\/em> Vision Truckparking TLN - Paul Poppink<br \/>\n<em>14.30 heures<\/em> Exp\u00e9riences Truckstop Venlo Ton de Lang - Truckstop Venlo<br \/>\n<em>14.45 heures<\/em> L'hydrog\u00e8ne comme nouvelle \u00e9nergie Gerbert Vissers - Vissers Energy Group<br \/>\n<em>15h<\/em> Que signifie l'IA pour notre industrie ? Universit\u00e9 Fontys des sciences appliqu\u00e9es<br \/>\n<em>15.15 heures<\/em> Courte pause<br \/>\n<em>15.25 heures<\/em> Vision du stationnement des camions Denise Schuster - Park Your Truck<br \/>\n<em>16:30<\/em> Boissons de r\u00e9seautage<br \/>\n<em>5 heures de l'apr\u00e8s-midi<\/em> Fin<\/p>\n<hr \/>\n<p>Inscrivez-vous (gratuitement) avant le 23 janvier ! Plus d'informations et inscription, <em><strong><a href=\"https:\/\/cdn.flxml.eu\/lt-2193595028-00879c41a734375cc905e01a1b992f3f5be5cda09d7b56ce\">cliquez ici<\/a><\/strong><\/em>.<\/p>\n<p><em>Date :<\/em> Lundi 27 janvier 13:00 - 17:00<br \/>\n<em>Localisation :<\/em> Vall\u00e9e de la cha\u00eene d'approvisionnement<br \/>\n<em>Langue du v\u00e9hicule :<\/em> N\u00e9erlandais et allemand<br \/>\n<em>Mod\u00e9ration :<\/em> Sophia Gruner<\/p>","protected":false},"excerpt":{"rendered":"<p>Denk en praat mee op maandagmiddag 27 januari a.s. over de toekomst van truckparking in Limburg. Kansen, mogelijkheden en toekomstige ontwikkelingen op het gebied van truckparking in de regio. De logistieke sector is een belangrijk onderdeel van de Nederlandse economie. Het wegtransport speelt daarin een grote rol en hoewel er sterk wordt ingezet op een [&hellip;]<\/p>","protected":false},"author":1,"featured_media":3225,"comment_status":"closed","ping_status":"open","sticky":false,"template":"","format":"standard","meta":{"_acf_changed":false,"footnotes":""},"categories":[8],"tags":[],"class_list":["post-3224","post","type-post","status-publish","format-standard","has-post-thumbnail","hentry","category-nieuws"],"acf":[],"yoast_head":"<!-- This site is optimized with the Yoast SEO plugin v26.3 - https:\/\/yoast.com\/wordpress\/plugins\/seo\/ -->\n<title>Toekomst truckparking in de regio 27 januari 2025 - Ondernemend Venlo<\/title>\n<meta name=\"robots\" content=\"index, follow, max-snippet:-1, max-image-preview:large, max-video-preview:-1\" \/>\n<link rel=\"canonical\" href=\"https:\/\/www.ondernemendvenlo.nl\/fr\/toekomst-truckparking-27-januari-2025\/\" \/>\n<meta property=\"og:locale\" content=\"fr_FR\" \/>\n<meta property=\"og:type\" content=\"article\" \/>\n<meta property=\"og:title\" content=\"Toekomst truckparking in de regio 27 januari 2025 - Ondernemend Venlo\" \/>\n<meta property=\"og:description\" content=\"Denk en praat mee op maandagmiddag 27 januari a.s. over de toekomst van truckparking in Limburg. Kansen, mogelijkheden en toekomstige ontwikkelingen op het gebied van truckparking in de regio. De logistieke sector is een belangrijk onderdeel van de Nederlandse economie. Het wegtransport speelt daarin een grote rol en hoewel er sterk wordt ingezet op een [&hellip;]\" \/>\n<meta property=\"og:url\" content=\"https:\/\/www.ondernemendvenlo.nl\/fr\/toekomst-truckparking-27-januari-2025\/\" \/>\n<meta property=\"og:site_name\" content=\"Ondernemend Venlo\" \/>\n<meta property=\"article:published_time\" content=\"2024-11-11T14:57:00+00:00\" \/>\n<meta property=\"og:image\" content=\"https:\/\/www.ondernemendvenlo.nl\/wp-content\/uploads\/2025\/04\/TruckParking.jpg\" \/>\n\t<meta property=\"og:image:width\" content=\"1920\" \/>\n\t<meta property=\"og:image:height\" content=\"1080\" \/>\n\t<meta property=\"og:image:type\" content=\"image\/jpeg\" \/>\n<meta name=\"author\" content=\"admin\" \/>\n<meta name=\"twitter:card\" content=\"summary_large_image\" \/>\n<meta name=\"twitter:label1\" content=\"\u00c9crit par\" \/>\n\t<meta name=\"twitter:data1\" content=\"admin\" \/>\n\t<meta name=\"twitter:label2\" content=\"Dur\u00e9e de lecture estim\u00e9e\" \/>\n\t<meta name=\"twitter:data2\" content=\"1 minute\" \/>\n<script type=\"application\/ld+json\" class=\"yoast-schema-graph\">{\"@context\":\"https:\/\/schema.org\",\"@graph\":[{\"@type\":\"Article\",\"@id\":\"https:\/\/www.ondernemendvenlo.nl\/toekomst-truckparking-27-januari-2025\/#article\",\"isPartOf\":{\"@id\":\"https:\/\/www.ondernemendvenlo.nl\/toekomst-truckparking-27-januari-2025\/\"},\"author\":{\"name\":\"admin\",\"@id\":\"https:\/\/www.ondernemendvenlo.nl\/#\/schema\/person\/347e935f8ad4c7030608ef74bb57aa6e\"},\"headline\":\"Toekomst truckparking in de regio 27 januari 2025\",\"datePublished\":\"2024-11-11T14:57:00+00:00\",\"mainEntityOfPage\":{\"@id\":\"https:\/\/www.ondernemendvenlo.nl\/toekomst-truckparking-27-januari-2025\/\"},\"wordCount\":234,\"publisher\":{\"@id\":\"https:\/\/www.ondernemendvenlo.nl\/#organization\"},\"image\":{\"@id\":\"https:\/\/www.ondernemendvenlo.nl\/toekomst-truckparking-27-januari-2025\/#primaryimage\"},\"thumbnailUrl\":\"https:\/\/www.ondernemendvenlo.nl\/wp-content\/uploads\/2025\/04\/TruckParking.jpg\",\"articleSection\":[\"Nieuws\"],\"inLanguage\":\"fr-FR\"},{\"@type\":\"WebPage\",\"@id\":\"https:\/\/www.ondernemendvenlo.nl\/toekomst-truckparking-27-januari-2025\/\",\"url\":\"https:\/\/www.ondernemendvenlo.nl\/toekomst-truckparking-27-januari-2025\/\",\"name\":\"Toekomst truckparking in de regio 27 januari 2025 - Ondernemend Venlo\",\"isPartOf\":{\"@id\":\"https:\/\/www.ondernemendvenlo.nl\/#website\"},\"primaryImageOfPage\":{\"@id\":\"https:\/\/www.ondernemendvenlo.nl\/toekomst-truckparking-27-januari-2025\/#primaryimage\"},\"image\":{\"@id\":\"https:\/\/www.ondernemendvenlo.nl\/toekomst-truckparking-27-januari-2025\/#primaryimage\"},\"thumbnailUrl\":\"https:\/\/www.ondernemendvenlo.nl\/wp-content\/uploads\/2025\/04\/TruckParking.jpg\",\"datePublished\":\"2024-11-11T14:57:00+00:00\",\"breadcrumb\":{\"@id\":\"https:\/\/www.ondernemendvenlo.nl\/toekomst-truckparking-27-januari-2025\/#breadcrumb\"},\"inLanguage\":\"fr-FR\",\"potentialAction\":[{\"@type\":\"ReadAction\",\"target\":[\"https:\/\/www.ondernemendvenlo.nl\/toekomst-truckparking-27-januari-2025\/\"]}]},{\"@type\":\"ImageObject\",\"inLanguage\":\"fr-FR\",\"@id\":\"https:\/\/www.ondernemendvenlo.nl\/toekomst-truckparking-27-januari-2025\/#primaryimage\",\"url\":\"https:\/\/www.ondernemendvenlo.nl\/wp-content\/uploads\/2025\/04\/TruckParking.jpg\",\"contentUrl\":\"https:\/\/www.ondernemendvenlo.nl\/wp-content\/uploads\/2025\/04\/TruckParking.jpg\",\"width\":1920,\"height\":1080},{\"@type\":\"BreadcrumbList\",\"@id\":\"https:\/\/www.ondernemendvenlo.nl\/toekomst-truckparking-27-januari-2025\/#breadcrumb\",\"itemListElement\":[{\"@type\":\"ListItem\",\"position\":1,\"name\":\"Ondernemend Venlo\",\"item\":\"https:\/\/www.ondernemendvenlo.nl\/\"},{\"@type\":\"ListItem\",\"position\":2,\"name\":\"Nieuws\",\"item\":\"https:\/\/www.ondernemendvenlo.nl\/categorie\/nieuws\/\"},{\"@type\":\"ListItem\",\"position\":3,\"name\":\"Toekomst truckparking in de regio 27 januari 2025\"}]},{\"@type\":\"WebSite\",\"@id\":\"https:\/\/www.ondernemendvenlo.nl\/#website\",\"url\":\"https:\/\/www.ondernemendvenlo.nl\/\",\"name\":\"Ondernemend Venlo\",\"description\":\"Samen succesvol ondernemen\",\"publisher\":{\"@id\":\"https:\/\/www.ondernemendvenlo.nl\/#organization\"},\"potentialAction\":[{\"@type\":\"SearchAction\",\"target\":{\"@type\":\"EntryPoint\",\"urlTemplate\":\"https:\/\/www.ondernemendvenlo.nl\/?s={search_term_string}\"},\"query-input\":{\"@type\":\"PropertyValueSpecification\",\"valueRequired\":true,\"valueName\":\"search_term_string\"}}],\"inLanguage\":\"fr-FR\"},{\"@type\":\"Organization\",\"@id\":\"https:\/\/www.ondernemendvenlo.nl\/#organization\",\"name\":\"Ondernemend Venlo\",\"url\":\"https:\/\/www.ondernemendvenlo.nl\/\",\"logo\":{\"@type\":\"ImageObject\",\"inLanguage\":\"fr-FR\",\"@id\":\"https:\/\/www.ondernemendvenlo.nl\/#\/schema\/logo\/image\/\",\"url\":\"https:\/\/www.ondernemendvenlo.nl\/wp-content\/uploads\/2025\/02\/Ondernemend-Venlo-logo-scaled.webp\",\"contentUrl\":\"https:\/\/www.ondernemendvenlo.nl\/wp-content\/uploads\/2025\/02\/Ondernemend-Venlo-logo-scaled.webp\",\"width\":2560,\"height\":1010,\"caption\":\"Ondernemend Venlo\"},\"image\":{\"@id\":\"https:\/\/www.ondernemendvenlo.nl\/#\/schema\/logo\/image\/\"},\"sameAs\":[\"https:\/\/www.linkedin.com\/company\/ondernemend-venlo\/\"]},{\"@type\":\"Person\",\"@id\":\"https:\/\/www.ondernemendvenlo.nl\/#\/schema\/person\/347e935f8ad4c7030608ef74bb57aa6e\",\"name\":\"admin\",\"image\":{\"@type\":\"ImageObject\",\"inLanguage\":\"fr-FR\",\"@id\":\"https:\/\/www.ondernemendvenlo.nl\/#\/schema\/person\/image\/\",\"url\":\"https:\/\/www.ondernemendvenlo.nl\/wp-content\/litespeed\/avatar\/720af750b037aecf6e33e12833479059.jpg?ver=1777382954\",\"contentUrl\":\"https:\/\/www.ondernemendvenlo.nl\/wp-content\/litespeed\/avatar\/720af750b037aecf6e33e12833479059.jpg?ver=1777382954\",\"caption\":\"admin\"},\"sameAs\":[\"https:\/\/www.ondernemendvenlo.nl\"]}]}<\/script>\n<!-- \/ Yoast SEO plugin. -->","yoast_head_json":{"title":"Toekomst truckparking in de regio 27 januari 2025 - Ondernemend Venlo","robots":{"index":"index","follow":"follow","max-snippet":"max-snippet:-1","max-image-preview":"max-image-preview:large","max-video-preview":"max-video-preview:-1"},"canonical":"https:\/\/www.ondernemendvenlo.nl\/fr\/toekomst-truckparking-27-januari-2025\/","og_locale":"fr_FR","og_type":"article","og_title":"Toekomst truckparking in de regio 27 januari 2025 - Ondernemend Venlo","og_description":"Denk en praat mee op maandagmiddag 27 januari a.s. over de toekomst van truckparking in Limburg. Kansen, mogelijkheden en toekomstige ontwikkelingen op het gebied van truckparking in de regio. De logistieke sector is een belangrijk onderdeel van de Nederlandse economie. Het wegtransport speelt daarin een grote rol en hoewel er sterk wordt ingezet op een [&hellip;]","og_url":"https:\/\/www.ondernemendvenlo.nl\/fr\/toekomst-truckparking-27-januari-2025\/","og_site_name":"Ondernemend Venlo","article_published_time":"2024-11-11T14:57:00+00:00","og_image":[{"width":1920,"height":1080,"url":"https:\/\/www.ondernemendvenlo.nl\/wp-content\/uploads\/2025\/04\/TruckParking.jpg","type":"image\/jpeg"}],"author":"admin","twitter_card":"summary_large_image","twitter_misc":{"\u00c9crit par":"admin","Dur\u00e9e de lecture estim\u00e9e":"1 minute"},"schema":{"@context":"https:\/\/schema.org","@graph":[{"@type":"Article","@id":"https:\/\/www.ondernemendvenlo.nl\/toekomst-truckparking-27-januari-2025\/#article","isPartOf":{"@id":"https:\/\/www.ondernemendvenlo.nl\/toekomst-truckparking-27-januari-2025\/"},"author":{"name":"admin","@id":"https:\/\/www.ondernemendvenlo.nl\/#\/schema\/person\/347e935f8ad4c7030608ef74bb57aa6e"},"headline":"Toekomst truckparking in de regio 27 januari 2025","datePublished":"2024-11-11T14:57:00+00:00","mainEntityOfPage":{"@id":"https:\/\/www.ondernemendvenlo.nl\/toekomst-truckparking-27-januari-2025\/"},"wordCount":234,"publisher":{"@id":"https:\/\/www.ondernemendvenlo.nl\/#organization"},"image":{"@id":"https:\/\/www.ondernemendvenlo.nl\/toekomst-truckparking-27-januari-2025\/#primaryimage"},"thumbnailUrl":"https:\/\/www.ondernemendvenlo.nl\/wp-content\/uploads\/2025\/04\/TruckParking.jpg","articleSection":["Nieuws"],"inLanguage":"fr-FR"},{"@type":"WebPage","@id":"https:\/\/www.ondernemendvenlo.nl\/toekomst-truckparking-27-januari-2025\/","url":"https:\/\/www.ondernemendvenlo.nl\/toekomst-truckparking-27-januari-2025\/","name":"Toekomst truckparking in de regio 27 januari 2025 - Ondernemend Venlo","isPartOf":{"@id":"https:\/\/www.ondernemendvenlo.nl\/#website"},"primaryImageOfPage":{"@id":"https:\/\/www.ondernemendvenlo.nl\/toekomst-truckparking-27-januari-2025\/#primaryimage"},"image":{"@id":"https:\/\/www.ondernemendvenlo.nl\/toekomst-truckparking-27-januari-2025\/#primaryimage"},"thumbnailUrl":"https:\/\/www.ondernemendvenlo.nl\/wp-content\/uploads\/2025\/04\/TruckParking.jpg","datePublished":"2024-11-11T14:57:00+00:00","breadcrumb":{"@id":"https:\/\/www.ondernemendvenlo.nl\/toekomst-truckparking-27-januari-2025\/#breadcrumb"},"inLanguage":"fr-FR","potentialAction":[{"@type":"ReadAction","target":["https:\/\/www.ondernemendvenlo.nl\/toekomst-truckparking-27-januari-2025\/"]}]},{"@type":"ImageObject","inLanguage":"fr-FR","@id":"https:\/\/www.ondernemendvenlo.nl\/toekomst-truckparking-27-januari-2025\/#primaryimage","url":"https:\/\/www.ondernemendvenlo.nl\/wp-content\/uploads\/2025\/04\/TruckParking.jpg","contentUrl":"https:\/\/www.ondernemendvenlo.nl\/wp-content\/uploads\/2025\/04\/TruckParking.jpg","width":1920,"height":1080},{"@type":"BreadcrumbList","@id":"https:\/\/www.ondernemendvenlo.nl\/toekomst-truckparking-27-januari-2025\/#breadcrumb","itemListElement":[{"@type":"ListItem","position":1,"name":"Ondernemend Venlo","item":"https:\/\/www.ondernemendvenlo.nl\/"},{"@type":"ListItem","position":2,"name":"Nieuws","item":"https:\/\/www.ondernemendvenlo.nl\/categorie\/nieuws\/"},{"@type":"ListItem","position":3,"name":"Toekomst truckparking in de regio 27 januari 2025"}]},{"@type":"WebSite","@id":"https:\/\/www.ondernemendvenlo.nl\/#website","url":"https:\/\/www.ondernemendvenlo.nl\/","name":"Venlo entrepreneurial","description":"Travailler ensemble avec succ\u00e8s","publisher":{"@id":"https:\/\/www.ondernemendvenlo.nl\/#organization"},"potentialAction":[{"@type":"SearchAction","target":{"@type":"EntryPoint","urlTemplate":"https:\/\/www.ondernemendvenlo.nl\/?s={search_term_string}"},"query-input":{"@type":"PropertyValueSpecification","valueRequired":true,"valueName":"search_term_string"}}],"inLanguage":"fr-FR"},{"@type":"Organization","@id":"https:\/\/www.ondernemendvenlo.nl\/#organization","name":"Venlo entrepreneurial","url":"https:\/\/www.ondernemendvenlo.nl\/","logo":{"@type":"ImageObject","inLanguage":"fr-FR","@id":"https:\/\/www.ondernemendvenlo.nl\/#\/schema\/logo\/image\/","url":"https:\/\/www.ondernemendvenlo.nl\/wp-content\/uploads\/2025\/02\/Ondernemend-Venlo-logo-scaled.webp","contentUrl":"https:\/\/www.ondernemendvenlo.nl\/wp-content\/uploads\/2025\/02\/Ondernemend-Venlo-logo-scaled.webp","width":2560,"height":1010,"caption":"Ondernemend Venlo"},"image":{"@id":"https:\/\/www.ondernemendvenlo.nl\/#\/schema\/logo\/image\/"},"sameAs":["https:\/\/www.linkedin.com\/company\/ondernemend-venlo\/"]},{"@type":"Person","@id":"https:\/\/www.ondernemendvenlo.nl\/#\/schema\/person\/347e935f8ad4c7030608ef74bb57aa6e","name":"admin","image":{"@type":"ImageObject","inLanguage":"fr-FR","@id":"https:\/\/www.ondernemendvenlo.nl\/#\/schema\/person\/image\/","url":"https:\/\/www.ondernemendvenlo.nl\/wp-content\/litespeed\/avatar\/720af750b037aecf6e33e12833479059.jpg?ver=1777382954","contentUrl":"https:\/\/www.ondernemendvenlo.nl\/wp-content\/litespeed\/avatar\/720af750b037aecf6e33e12833479059.jpg?ver=1777382954","caption":"admin"},"sameAs":["https:\/\/www.ondernemendvenlo.nl"]}]}},"_links":{"self":[{"href":"https:\/\/www.ondernemendvenlo.nl\/fr\/wp-json\/wp\/v2\/posts\/3224","targetHints":{"allow":["GET"]}}],"collection":[{"href":"https:\/\/www.ondernemendvenlo.nl\/fr\/wp-json\/wp\/v2\/posts"}],"about":[{"href":"https:\/\/www.ondernemendvenlo.nl\/fr\/wp-json\/wp\/v2\/types\/post"}],"author":[{"embeddable":true,"href":"https:\/\/www.ondernemendvenlo.nl\/fr\/wp-json\/wp\/v2\/users\/1"}],"replies":[{"embeddable":true,"href":"https:\/\/www.ondernemendvenlo.nl\/fr\/wp-json\/wp\/v2\/comments?post=3224"}],"version-history":[{"count":0,"href":"https:\/\/www.ondernemendvenlo.nl\/fr\/wp-json\/wp\/v2\/posts\/3224\/revisions"}],"wp:featuredmedia":[{"embeddable":true,"href":"https:\/\/www.ondernemendvenlo.nl\/fr\/wp-json\/wp\/v2\/media\/3225"}],"wp:attachment":[{"href":"https:\/\/www.ondernemendvenlo.nl\/fr\/wp-json\/wp\/v2\/media?parent=3224"}],"wp:term":[{"taxonomy":"category","embeddable":true,"href":"https:\/\/www.ondernemendvenlo.nl\/fr\/wp-json\/wp\/v2\/categories?post=3224"},{"taxonomy":"post_tag","embeddable":true,"href":"https:\/\/www.ondernemendvenlo.nl\/fr\/wp-json\/wp\/v2\/tags?post=3224"}],"curies":[{"name":"wp","href":"https:\/\/api.w.org\/{rel}","templated":true}]}}