{"id":3228,"date":"2024-11-15T14:14:13","date_gmt":"2024-11-15T13:14:13","guid":{"rendered":"https:\/\/www.ondernemendvenlo.nl\/cursus-energietransitie-in-het-mkb\/"},"modified":"2024-11-15T14:14:13","modified_gmt":"2024-11-15T13:14:13","slug":"cursus-energietransitie-in-het-mkb","status":"publish","type":"post","link":"https:\/\/www.ondernemendvenlo.nl\/fr\/cursus-energietransitie-in-het-mkb\/","title":{"rendered":"Cours \"Transition \u00e9nerg\u00e9tique dans les PME"},"content":{"rendered":"<p style=\"font-weight: 400;\"><strong>L'urgence de passer des combustibles fossiles \u00e0 des sources d'\u00e9nergie plus durables s'accro\u00eet de jour en jour. C'est pourquoi Fontys Venlo a d\u00e9velopp\u00e9 le cours \"Transition \u00e9nerg\u00e9tique pour les PME. <\/strong><\/p>\n<p style=\"font-weight: 400;\">Ce cours est destin\u00e9 aux entrepreneurs et aux d\u00e9cideurs des PME qui sont responsables de la consommation d'\u00e9nergie au sein de leur entreprise. Outre les bases de la durabilit\u00e9, il met l'accent sur la gestion de la congestion du r\u00e9seau et la planification de strat\u00e9gies d'expansion durables. Les participants apprennent \u00e0 cartographier leur consommation d'\u00e9nergie actuelle et \u00e0 se faire une id\u00e9e des mesures concr\u00e8tes \u00e0 prendre pour la r\u00e9duire. \u00c0 l'aide d'un questionnaire et d'une analyse rapide, les participants d\u00e9couvrent o\u00f9 les gains les plus importants peuvent \u00eatre r\u00e9alis\u00e9s, comme l'utilisation plus efficace des installations de chauffage.<\/p>\n<blockquote>\n<p style=\"font-weight: 400;\"><em>Le responsable du cours, Fons Claessen, d\u00e9clare : \"La n\u00e9cessit\u00e9 de s'\u00e9loigner des combustibles fossiles est plus grande que jamais. Les entreprises doivent contribuer \u00e0 la r\u00e9duction de la consommation d'\u00e9nergie, \u00e0 l'efficacit\u00e9 des ressources et \u00e0 la diminution des \u00e9missions de CO2. Les obligations europ\u00e9ennes en mati\u00e8re de climat et l'\u00e9volution de la l\u00e9gislation, comme l'accord sur l'\u00e9nergie, obligent les entreprises \u00e0 agir d\u00e8s maintenant.<\/em><\/p>\n<\/blockquote>\n<p style=\"font-weight: 400;\"><strong>Tendances et fruits m\u00fbrs de la transition \u00e9nerg\u00e9tique<br \/>\n<\/strong>M. Fons constate que les lois et les r\u00e8glements, mais aussi les clients, passent d'un manque d'engagement \u00e0 des exigences plus strictes. En outre, la fluctuation des prix de l'\u00e9nergie joue un r\u00f4le. Chaque kilowatt non consomm\u00e9 permet d'\u00e9conomiser de l'argent\", explique M. Fons. Les PME peuvent d\u00e9j\u00e0 gagner beaucoup en prenant des mesures simples, telles que l'optimisation des syst\u00e8mes de chauffage, l'utilisation de d\u00e9tecteurs de mouvement pour l'\u00e9clairage et l'utilisation de toitures blanches, qui peuvent maintenir le climat int\u00e9rieur jusqu'\u00e0 cinq degr\u00e9s plus frais.<\/p>\n<p style=\"font-weight: 400;\"><strong>\u00catre critique \u00e0 l'\u00e9gard des consultants en transition \u00e9nerg\u00e9tique<br \/>\n<\/strong>L'un des principaux avantages de la participation \u00e0 ce cours est que les entrepreneurs eux-m\u00eames acqui\u00e8rent des connaissances de base sur la transition \u00e9nerg\u00e9tique. Cela leur permet de poser de meilleures questions \u00e0 leurs conseillers et de prendre des d\u00e9cisions plus cibl\u00e9es\", explique Fons, l'animateur du cours. Cela rend les entreprises moins d\u00e9pendantes et renforce leur position de n\u00e9gociation.<br \/>\nEnfin, il note que les jeunes g\u00e9n\u00e9rations, comme la g\u00e9n\u00e9ration Z, pr\u00e9f\u00e8rent les entreprises qui investissent activement dans la durabilit\u00e9. Un parcours durable attire les jeunes talents et donne aux entreprises un avantage concurrentiel.<\/p>\n<p style=\"font-weight: 400;\">Pour en savoir plus sur le cours, cliquez sur le lien suivant : <a href=\"https:\/\/www.fontys.nl\/Professionals-en-werkgevers\/Opleidingen-en-cursussen\/Energietransitie-voor-mkbers.htm\">Cours Fonty sur la transition \u00e9nerg\u00e9tique pour les PME<\/a><\/p>\n<p style=\"font-weight: 400;\">","protected":false},"excerpt":{"rendered":"<p>De urgentie om over te stappen van fossiele brandstoffen naar duurzamere energiebronnen groeit met de dag. Vandaar dat Fontys Venlo de cursus \u2018Energietransitie voor mkb\u2019ers heeft ontwikkeld. De cursus is opgezet voor mkb-ondernemers en beslissers die de verantwoordelijkheid dragen voor energieverbruik binnen hun bedrijf. Naast de basisprincipes van verduurzaming is er aandacht voor het omgaan [&hellip;]<\/p>","protected":false},"author":1,"featured_media":3229,"comment_status":"closed","ping_status":"open","sticky":false,"template":"","format":"standard","meta":{"_acf_changed":false,"footnotes":""},"categories":[8],"tags":[],"class_list":["post-3228","post","type-post","status-publish","format-standard","has-post-thumbnail","hentry","category-nieuws"],"acf":[],"yoast_head":"<!-- This site is optimized with the Yoast SEO plugin v26.3 - https:\/\/yoast.com\/wordpress\/plugins\/seo\/ -->\n<title>Cursus &#039;Energietransitie in het mkb&#039; - Ondernemend Venlo<\/title>\n<meta name=\"robots\" content=\"index, follow, max-snippet:-1, max-image-preview:large, max-video-preview:-1\" \/>\n<link rel=\"canonical\" href=\"https:\/\/www.ondernemendvenlo.nl\/fr\/cursus-energietransitie-in-het-mkb\/\" \/>\n<meta property=\"og:locale\" content=\"fr_FR\" \/>\n<meta property=\"og:type\" content=\"article\" \/>\n<meta property=\"og:title\" content=\"Cursus &#039;Energietransitie in het mkb&#039; - Ondernemend Venlo\" \/>\n<meta property=\"og:description\" content=\"De urgentie om over te stappen van fossiele brandstoffen naar duurzamere energiebronnen groeit met de dag. Vandaar dat Fontys Venlo de cursus \u2018Energietransitie voor mkb\u2019ers heeft ontwikkeld. De cursus is opgezet voor mkb-ondernemers en beslissers die de verantwoordelijkheid dragen voor energieverbruik binnen hun bedrijf. Naast de basisprincipes van verduurzaming is er aandacht voor het omgaan [&hellip;]\" \/>\n<meta property=\"og:url\" content=\"https:\/\/www.ondernemendvenlo.nl\/fr\/cursus-energietransitie-in-het-mkb\/\" \/>\n<meta property=\"og:site_name\" content=\"Ondernemend Venlo\" \/>\n<meta property=\"article:published_time\" content=\"2024-11-15T13:14:13+00:00\" \/>\n<meta property=\"og:image\" content=\"https:\/\/www.ondernemendvenlo.nl\/wp-content\/uploads\/2025\/04\/EnergieTransitie_cursus.jpg\" \/>\n\t<meta property=\"og:image:width\" content=\"1920\" \/>\n\t<meta property=\"og:image:height\" content=\"1080\" \/>\n\t<meta property=\"og:image:type\" content=\"image\/jpeg\" \/>\n<meta name=\"author\" content=\"admin\" \/>\n<meta name=\"twitter:card\" content=\"summary_large_image\" \/>\n<meta name=\"twitter:label1\" content=\"\u00c9crit par\" \/>\n\t<meta name=\"twitter:data1\" content=\"admin\" \/>\n\t<meta name=\"twitter:label2\" content=\"Dur\u00e9e de lecture estim\u00e9e\" \/>\n\t<meta name=\"twitter:data2\" content=\"2 minutes\" \/>\n<script type=\"application\/ld+json\" class=\"yoast-schema-graph\">{\"@context\":\"https:\/\/schema.org\",\"@graph\":[{\"@type\":\"Article\",\"@id\":\"https:\/\/www.ondernemendvenlo.nl\/cursus-energietransitie-in-het-mkb\/#article\",\"isPartOf\":{\"@id\":\"https:\/\/www.ondernemendvenlo.nl\/cursus-energietransitie-in-het-mkb\/\"},\"author\":{\"name\":\"admin\",\"@id\":\"https:\/\/www.ondernemendvenlo.nl\/#\/schema\/person\/347e935f8ad4c7030608ef74bb57aa6e\"},\"headline\":\"Cursus &#8216;Energietransitie in het mkb&#8217;\",\"datePublished\":\"2024-11-15T13:14:13+00:00\",\"mainEntityOfPage\":{\"@id\":\"https:\/\/www.ondernemendvenlo.nl\/cursus-energietransitie-in-het-mkb\/\"},\"wordCount\":332,\"publisher\":{\"@id\":\"https:\/\/www.ondernemendvenlo.nl\/#organization\"},\"image\":{\"@id\":\"https:\/\/www.ondernemendvenlo.nl\/cursus-energietransitie-in-het-mkb\/#primaryimage\"},\"thumbnailUrl\":\"https:\/\/www.ondernemendvenlo.nl\/wp-content\/uploads\/2025\/04\/EnergieTransitie_cursus.jpg\",\"articleSection\":[\"Nieuws\"],\"inLanguage\":\"fr-FR\"},{\"@type\":\"WebPage\",\"@id\":\"https:\/\/www.ondernemendvenlo.nl\/cursus-energietransitie-in-het-mkb\/\",\"url\":\"https:\/\/www.ondernemendvenlo.nl\/cursus-energietransitie-in-het-mkb\/\",\"name\":\"Cursus 'Energietransitie in het mkb' - Ondernemend Venlo\",\"isPartOf\":{\"@id\":\"https:\/\/www.ondernemendvenlo.nl\/#website\"},\"primaryImageOfPage\":{\"@id\":\"https:\/\/www.ondernemendvenlo.nl\/cursus-energietransitie-in-het-mkb\/#primaryimage\"},\"image\":{\"@id\":\"https:\/\/www.ondernemendvenlo.nl\/cursus-energietransitie-in-het-mkb\/#primaryimage\"},\"thumbnailUrl\":\"https:\/\/www.ondernemendvenlo.nl\/wp-content\/uploads\/2025\/04\/EnergieTransitie_cursus.jpg\",\"datePublished\":\"2024-11-15T13:14:13+00:00\",\"breadcrumb\":{\"@id\":\"https:\/\/www.ondernemendvenlo.nl\/cursus-energietransitie-in-het-mkb\/#breadcrumb\"},\"inLanguage\":\"fr-FR\",\"potentialAction\":[{\"@type\":\"ReadAction\",\"target\":[\"https:\/\/www.ondernemendvenlo.nl\/cursus-energietransitie-in-het-mkb\/\"]}]},{\"@type\":\"ImageObject\",\"inLanguage\":\"fr-FR\",\"@id\":\"https:\/\/www.ondernemendvenlo.nl\/cursus-energietransitie-in-het-mkb\/#primaryimage\",\"url\":\"https:\/\/www.ondernemendvenlo.nl\/wp-content\/uploads\/2025\/04\/EnergieTransitie_cursus.jpg\",\"contentUrl\":\"https:\/\/www.ondernemendvenlo.nl\/wp-content\/uploads\/2025\/04\/EnergieTransitie_cursus.jpg\",\"width\":1920,\"height\":1080},{\"@type\":\"BreadcrumbList\",\"@id\":\"https:\/\/www.ondernemendvenlo.nl\/cursus-energietransitie-in-het-mkb\/#breadcrumb\",\"itemListElement\":[{\"@type\":\"ListItem\",\"position\":1,\"name\":\"Ondernemend Venlo\",\"item\":\"https:\/\/www.ondernemendvenlo.nl\/\"},{\"@type\":\"ListItem\",\"position\":2,\"name\":\"Nieuws\",\"item\":\"https:\/\/www.ondernemendvenlo.nl\/categorie\/nieuws\/\"},{\"@type\":\"ListItem\",\"position\":3,\"name\":\"Cursus &#8216;Energietransitie in het mkb&#8217;\"}]},{\"@type\":\"WebSite\",\"@id\":\"https:\/\/www.ondernemendvenlo.nl\/#website\",\"url\":\"https:\/\/www.ondernemendvenlo.nl\/\",\"name\":\"Ondernemend Venlo\",\"description\":\"Samen succesvol ondernemen\",\"publisher\":{\"@id\":\"https:\/\/www.ondernemendvenlo.nl\/#organization\"},\"potentialAction\":[{\"@type\":\"SearchAction\",\"target\":{\"@type\":\"EntryPoint\",\"urlTemplate\":\"https:\/\/www.ondernemendvenlo.nl\/?s={search_term_string}\"},\"query-input\":{\"@type\":\"PropertyValueSpecification\",\"valueRequired\":true,\"valueName\":\"search_term_string\"}}],\"inLanguage\":\"fr-FR\"},{\"@type\":\"Organization\",\"@id\":\"https:\/\/www.ondernemendvenlo.nl\/#organization\",\"name\":\"Ondernemend Venlo\",\"url\":\"https:\/\/www.ondernemendvenlo.nl\/\",\"logo\":{\"@type\":\"ImageObject\",\"inLanguage\":\"fr-FR\",\"@id\":\"https:\/\/www.ondernemendvenlo.nl\/#\/schema\/logo\/image\/\",\"url\":\"https:\/\/www.ondernemendvenlo.nl\/wp-content\/uploads\/2025\/02\/Ondernemend-Venlo-logo-scaled.webp\",\"contentUrl\":\"https:\/\/www.ondernemendvenlo.nl\/wp-content\/uploads\/2025\/02\/Ondernemend-Venlo-logo-scaled.webp\",\"width\":2560,\"height\":1010,\"caption\":\"Ondernemend Venlo\"},\"image\":{\"@id\":\"https:\/\/www.ondernemendvenlo.nl\/#\/schema\/logo\/image\/\"},\"sameAs\":[\"https:\/\/www.linkedin.com\/company\/ondernemend-venlo\/\"]},{\"@type\":\"Person\",\"@id\":\"https:\/\/www.ondernemendvenlo.nl\/#\/schema\/person\/347e935f8ad4c7030608ef74bb57aa6e\",\"name\":\"admin\",\"image\":{\"@type\":\"ImageObject\",\"inLanguage\":\"fr-FR\",\"@id\":\"https:\/\/www.ondernemendvenlo.nl\/#\/schema\/person\/image\/\",\"url\":\"https:\/\/www.ondernemendvenlo.nl\/wp-content\/litespeed\/avatar\/720af750b037aecf6e33e12833479059.jpg?ver=1777382954\",\"contentUrl\":\"https:\/\/www.ondernemendvenlo.nl\/wp-content\/litespeed\/avatar\/720af750b037aecf6e33e12833479059.jpg?ver=1777382954\",\"caption\":\"admin\"},\"sameAs\":[\"https:\/\/www.ondernemendvenlo.nl\"]}]}<\/script>\n<!-- \/ Yoast SEO plugin. -->","yoast_head_json":{"title":"Cursus 'Energietransitie in het mkb' - Ondernemend Venlo","robots":{"index":"index","follow":"follow","max-snippet":"max-snippet:-1","max-image-preview":"max-image-preview:large","max-video-preview":"max-video-preview:-1"},"canonical":"https:\/\/www.ondernemendvenlo.nl\/fr\/cursus-energietransitie-in-het-mkb\/","og_locale":"fr_FR","og_type":"article","og_title":"Cursus 'Energietransitie in het mkb' - Ondernemend Venlo","og_description":"De urgentie om over te stappen van fossiele brandstoffen naar duurzamere energiebronnen groeit met de dag. Vandaar dat Fontys Venlo de cursus \u2018Energietransitie voor mkb\u2019ers heeft ontwikkeld. De cursus is opgezet voor mkb-ondernemers en beslissers die de verantwoordelijkheid dragen voor energieverbruik binnen hun bedrijf. Naast de basisprincipes van verduurzaming is er aandacht voor het omgaan [&hellip;]","og_url":"https:\/\/www.ondernemendvenlo.nl\/fr\/cursus-energietransitie-in-het-mkb\/","og_site_name":"Ondernemend Venlo","article_published_time":"2024-11-15T13:14:13+00:00","og_image":[{"width":1920,"height":1080,"url":"https:\/\/www.ondernemendvenlo.nl\/wp-content\/uploads\/2025\/04\/EnergieTransitie_cursus.jpg","type":"image\/jpeg"}],"author":"admin","twitter_card":"summary_large_image","twitter_misc":{"\u00c9crit par":"admin","Dur\u00e9e de lecture estim\u00e9e":"2 minutes"},"schema":{"@context":"https:\/\/schema.org","@graph":[{"@type":"Article","@id":"https:\/\/www.ondernemendvenlo.nl\/cursus-energietransitie-in-het-mkb\/#article","isPartOf":{"@id":"https:\/\/www.ondernemendvenlo.nl\/cursus-energietransitie-in-het-mkb\/"},"author":{"name":"admin","@id":"https:\/\/www.ondernemendvenlo.nl\/#\/schema\/person\/347e935f8ad4c7030608ef74bb57aa6e"},"headline":"Cursus &#8216;Energietransitie in het mkb&#8217;","datePublished":"2024-11-15T13:14:13+00:00","mainEntityOfPage":{"@id":"https:\/\/www.ondernemendvenlo.nl\/cursus-energietransitie-in-het-mkb\/"},"wordCount":332,"publisher":{"@id":"https:\/\/www.ondernemendvenlo.nl\/#organization"},"image":{"@id":"https:\/\/www.ondernemendvenlo.nl\/cursus-energietransitie-in-het-mkb\/#primaryimage"},"thumbnailUrl":"https:\/\/www.ondernemendvenlo.nl\/wp-content\/uploads\/2025\/04\/EnergieTransitie_cursus.jpg","articleSection":["Nieuws"],"inLanguage":"fr-FR"},{"@type":"WebPage","@id":"https:\/\/www.ondernemendvenlo.nl\/cursus-energietransitie-in-het-mkb\/","url":"https:\/\/www.ondernemendvenlo.nl\/cursus-energietransitie-in-het-mkb\/","name":"Cursus 'Energietransitie in het mkb' - Ondernemend Venlo","isPartOf":{"@id":"https:\/\/www.ondernemendvenlo.nl\/#website"},"primaryImageOfPage":{"@id":"https:\/\/www.ondernemendvenlo.nl\/cursus-energietransitie-in-het-mkb\/#primaryimage"},"image":{"@id":"https:\/\/www.ondernemendvenlo.nl\/cursus-energietransitie-in-het-mkb\/#primaryimage"},"thumbnailUrl":"https:\/\/www.ondernemendvenlo.nl\/wp-content\/uploads\/2025\/04\/EnergieTransitie_cursus.jpg","datePublished":"2024-11-15T13:14:13+00:00","breadcrumb":{"@id":"https:\/\/www.ondernemendvenlo.nl\/cursus-energietransitie-in-het-mkb\/#breadcrumb"},"inLanguage":"fr-FR","potentialAction":[{"@type":"ReadAction","target":["https:\/\/www.ondernemendvenlo.nl\/cursus-energietransitie-in-het-mkb\/"]}]},{"@type":"ImageObject","inLanguage":"fr-FR","@id":"https:\/\/www.ondernemendvenlo.nl\/cursus-energietransitie-in-het-mkb\/#primaryimage","url":"https:\/\/www.ondernemendvenlo.nl\/wp-content\/uploads\/2025\/04\/EnergieTransitie_cursus.jpg","contentUrl":"https:\/\/www.ondernemendvenlo.nl\/wp-content\/uploads\/2025\/04\/EnergieTransitie_cursus.jpg","width":1920,"height":1080},{"@type":"BreadcrumbList","@id":"https:\/\/www.ondernemendvenlo.nl\/cursus-energietransitie-in-het-mkb\/#breadcrumb","itemListElement":[{"@type":"ListItem","position":1,"name":"Ondernemend Venlo","item":"https:\/\/www.ondernemendvenlo.nl\/"},{"@type":"ListItem","position":2,"name":"Nieuws","item":"https:\/\/www.ondernemendvenlo.nl\/categorie\/nieuws\/"},{"@type":"ListItem","position":3,"name":"Cursus &#8216;Energietransitie in het mkb&#8217;"}]},{"@type":"WebSite","@id":"https:\/\/www.ondernemendvenlo.nl\/#website","url":"https:\/\/www.ondernemendvenlo.nl\/","name":"Venlo entrepreneurial","description":"Travailler ensemble avec succ\u00e8s","publisher":{"@id":"https:\/\/www.ondernemendvenlo.nl\/#organization"},"potentialAction":[{"@type":"SearchAction","target":{"@type":"EntryPoint","urlTemplate":"https:\/\/www.ondernemendvenlo.nl\/?s={search_term_string}"},"query-input":{"@type":"PropertyValueSpecification","valueRequired":true,"valueName":"search_term_string"}}],"inLanguage":"fr-FR"},{"@type":"Organization","@id":"https:\/\/www.ondernemendvenlo.nl\/#organization","name":"Venlo entrepreneurial","url":"https:\/\/www.ondernemendvenlo.nl\/","logo":{"@type":"ImageObject","inLanguage":"fr-FR","@id":"https:\/\/www.ondernemendvenlo.nl\/#\/schema\/logo\/image\/","url":"https:\/\/www.ondernemendvenlo.nl\/wp-content\/uploads\/2025\/02\/Ondernemend-Venlo-logo-scaled.webp","contentUrl":"https:\/\/www.ondernemendvenlo.nl\/wp-content\/uploads\/2025\/02\/Ondernemend-Venlo-logo-scaled.webp","width":2560,"height":1010,"caption":"Ondernemend Venlo"},"image":{"@id":"https:\/\/www.ondernemendvenlo.nl\/#\/schema\/logo\/image\/"},"sameAs":["https:\/\/www.linkedin.com\/company\/ondernemend-venlo\/"]},{"@type":"Person","@id":"https:\/\/www.ondernemendvenlo.nl\/#\/schema\/person\/347e935f8ad4c7030608ef74bb57aa6e","name":"admin","image":{"@type":"ImageObject","inLanguage":"fr-FR","@id":"https:\/\/www.ondernemendvenlo.nl\/#\/schema\/person\/image\/","url":"https:\/\/www.ondernemendvenlo.nl\/wp-content\/litespeed\/avatar\/720af750b037aecf6e33e12833479059.jpg?ver=1777382954","contentUrl":"https:\/\/www.ondernemendvenlo.nl\/wp-content\/litespeed\/avatar\/720af750b037aecf6e33e12833479059.jpg?ver=1777382954","caption":"admin"},"sameAs":["https:\/\/www.ondernemendvenlo.nl"]}]}},"_links":{"self":[{"href":"https:\/\/www.ondernemendvenlo.nl\/fr\/wp-json\/wp\/v2\/posts\/3228","targetHints":{"allow":["GET"]}}],"collection":[{"href":"https:\/\/www.ondernemendvenlo.nl\/fr\/wp-json\/wp\/v2\/posts"}],"about":[{"href":"https:\/\/www.ondernemendvenlo.nl\/fr\/wp-json\/wp\/v2\/types\/post"}],"author":[{"embeddable":true,"href":"https:\/\/www.ondernemendvenlo.nl\/fr\/wp-json\/wp\/v2\/users\/1"}],"replies":[{"embeddable":true,"href":"https:\/\/www.ondernemendvenlo.nl\/fr\/wp-json\/wp\/v2\/comments?post=3228"}],"version-history":[{"count":0,"href":"https:\/\/www.ondernemendvenlo.nl\/fr\/wp-json\/wp\/v2\/posts\/3228\/revisions"}],"wp:featuredmedia":[{"embeddable":true,"href":"https:\/\/www.ondernemendvenlo.nl\/fr\/wp-json\/wp\/v2\/media\/3229"}],"wp:attachment":[{"href":"https:\/\/www.ondernemendvenlo.nl\/fr\/wp-json\/wp\/v2\/media?parent=3228"}],"wp:term":[{"taxonomy":"category","embeddable":true,"href":"https:\/\/www.ondernemendvenlo.nl\/fr\/wp-json\/wp\/v2\/categories?post=3228"},{"taxonomy":"post_tag","embeddable":true,"href":"https:\/\/www.ondernemendvenlo.nl\/fr\/wp-json\/wp\/v2\/tags?post=3228"}],"curies":[{"name":"wp","href":"https:\/\/api.w.org\/{rel}","templated":true}]}}