{"id":3230,"date":"2024-11-20T11:23:18","date_gmt":"2024-11-20T10:23:18","guid":{"rendered":"https:\/\/www.ondernemendvenlo.nl\/sessie-trends-en-toekomst-17-december-2024\/"},"modified":"2024-11-20T11:23:18","modified_gmt":"2024-11-20T10:23:18","slug":"sessie-trends-en-toekomst-17-december-2024","status":"publish","type":"post","link":"https:\/\/www.ondernemendvenlo.nl\/fr\/sessie-trends-en-toekomst-17-december-2024\/","title":{"rendered":"Session \"Tendances et avenir\" : 17 d\u00e9cembre 2024"},"content":{"rendered":"<p style=\"font-weight: 400;\"><strong>BL.INC Expert EY organise la session du 17 d\u00e9cembre :<em>Tendances et avenir : fiscalit\u00e9, comptabilit\u00e9 et droit du travail<\/em> sur les d\u00e9veloppements actuels les plus importants en mati\u00e8re de fiscalit\u00e9, de comptabilit\u00e9 et de droit du travail pour les start-ups, les scale-ups, les PME et les grandes entreprises au sein de l'\u00e9cosyst\u00e8me Brightlands.<\/strong><\/p>\n<p>C'est l'occasion d'acqu\u00e9rir des connaissances actualis\u00e9es sur des sujets fiscaux et juridiques qui aideront votre organisation \u00e0 se pr\u00e9parer pour 2025. Des conseils pratiques et des id\u00e9es seront discut\u00e9s lors de cette r\u00e9union, comme l'impact du dernier jour du budget, et vous recevrez des conseils pr\u00e9cieux pour la fin de l'ann\u00e9e.<\/p>\n<p style=\"font-weight: 400;\"><em><strong>Session : Tendances et avenir : fiscalit\u00e9, comptes annuels et droit du travail<br \/>\n<\/strong>Date : 17 d\u00e9cembre 2024<\/em><br \/>\n<em>Heure : 15h30 - 18h<\/em><br \/>\n<em>Lieu : Villa Flora, Villafloraweg 1, 5928 SZ VENLO<\/em><\/p>\n<p style=\"font-weight: 400;\">Les experts d'EY r\u00e9pondent \u00e0 des questions telles que<\/p>\n<ul style=\"font-weight: 400;\">\n<li><strong>D\u00e9duction pour investissement :<\/strong>\u00a0Votre organisation tire-t-elle le meilleur parti de la d\u00e9duction pour investissement ?<\/li>\n<li><strong>D\u00e9duction des int\u00e9r\u00eats :<\/strong>\u00a0Comment continuer \u00e0 b\u00e9n\u00e9ficier de la d\u00e9ductibilit\u00e9 des charges d'int\u00e9r\u00eat ?<\/li>\n<li><strong>Calcul du BUA :<\/strong>\u00a0La d\u00e9duction de la TVA en amont dans le cadre de la d\u00e9cision d'exclusion a-t-elle \u00e9t\u00e9 calcul\u00e9e correctement ?<\/li>\n<li><strong>ZZP'ers :<\/strong>\u00a0Qu'est-ce qui changera \u00e0 partir du 1er janvier 2025 ?<\/li>\n<li><strong>R\u00e9gime de frais de travail :<\/strong>\u00a0Comment les mettre en place efficacement ?<\/li>\n<li><strong>Travailler au-del\u00e0 des fronti\u00e8res :<\/strong>\u00a0Quels sont les probl\u00e8mes et les pi\u00e8ges ?<\/li>\n<\/ul>\n<p style=\"font-weight: 400;\">Il s'agira d'une session interactive au cours de laquelle vous aurez la possibilit\u00e9 de poser des questions suppl\u00e9mentaires. Si les questions sont tr\u00e8s sp\u00e9cifiques, vous serez contact\u00e9 par la suite pour obtenir des pr\u00e9cisions.<\/p>\n<p style=\"font-weight: 400;\">Venez au Brightlands Campus Greenport Venlo et pr\u00e9parez votre organisation - qu'elle soit petite, moyenne ou grande - \u00e0 une ann\u00e9e 2025 r\u00e9ussie et financi\u00e8rement efficace !<\/p>\n<p><u><strong><a href=\"https:\/\/www.brightlands.com\/campus-greenport-venlo\/evenement\/trends-en-toekomst-fiscaliteit-jaarrekeningen-en-arbeidsrecht\">S'inscrire via ce lien<\/a><\/strong><\/u><\/p>","protected":false},"excerpt":{"rendered":"<p>BL.INC Expert EY verzorgt op 17 december de sessie:&#8216;Trends en Toekomst: Fiscaliteit, jaarrekeningen- en arbeidsrecht&#8217; over de belangrijkste actuele ontwikkelingen op fiscaal gebied, jaarrekeningenrecht en arbeidsrecht voor startups, scale-ups, MKB \u00e9n grootbedrijf binnen het Brightlands-ecosysteem. Het is d\u00e9 gelegenheid om up-to-date kennis op te doen over fiscale en juridische thema\u2019s die jou organisatie helpt zich [&hellip;]<\/p>","protected":false},"author":1,"featured_media":3231,"comment_status":"closed","ping_status":"open","sticky":false,"template":"","format":"standard","meta":{"_acf_changed":false,"footnotes":""},"categories":[8],"tags":[],"class_list":["post-3230","post","type-post","status-publish","format-standard","has-post-thumbnail","hentry","category-nieuws"],"acf":[],"yoast_head":"<!-- This site is optimized with the Yoast SEO plugin v26.3 - https:\/\/yoast.com\/wordpress\/plugins\/seo\/ -->\n<title>Sessie &#039;Trends en Toekomst&#039;: 17 december 2024 - Ondernemend Venlo<\/title>\n<meta name=\"robots\" content=\"index, follow, max-snippet:-1, max-image-preview:large, max-video-preview:-1\" \/>\n<link rel=\"canonical\" href=\"https:\/\/www.ondernemendvenlo.nl\/fr\/sessie-trends-en-toekomst-17-december-2024\/\" \/>\n<meta property=\"og:locale\" content=\"fr_FR\" \/>\n<meta property=\"og:type\" content=\"article\" \/>\n<meta property=\"og:title\" content=\"Sessie &#039;Trends en Toekomst&#039;: 17 december 2024 - Ondernemend Venlo\" \/>\n<meta property=\"og:description\" content=\"BL.INC Expert EY verzorgt op 17 december de sessie:&#8216;Trends en Toekomst: Fiscaliteit, jaarrekeningen- en arbeidsrecht&#8217; over de belangrijkste actuele ontwikkelingen op fiscaal gebied, jaarrekeningenrecht en arbeidsrecht voor startups, scale-ups, MKB \u00e9n grootbedrijf binnen het Brightlands-ecosysteem. Het is d\u00e9 gelegenheid om up-to-date kennis op te doen over fiscale en juridische thema\u2019s die jou organisatie helpt zich [&hellip;]\" \/>\n<meta property=\"og:url\" content=\"https:\/\/www.ondernemendvenlo.nl\/fr\/sessie-trends-en-toekomst-17-december-2024\/\" \/>\n<meta property=\"og:site_name\" content=\"Ondernemend Venlo\" \/>\n<meta property=\"article:published_time\" content=\"2024-11-20T10:23:18+00:00\" \/>\n<meta property=\"og:image\" content=\"https:\/\/www.ondernemendvenlo.nl\/wp-content\/uploads\/2025\/04\/Sessie17dec.jpg\" \/>\n\t<meta property=\"og:image:width\" content=\"1920\" \/>\n\t<meta property=\"og:image:height\" content=\"1080\" \/>\n\t<meta property=\"og:image:type\" content=\"image\/jpeg\" \/>\n<meta name=\"author\" content=\"admin\" \/>\n<meta name=\"twitter:card\" content=\"summary_large_image\" \/>\n<meta name=\"twitter:label1\" content=\"\u00c9crit par\" \/>\n\t<meta name=\"twitter:data1\" content=\"admin\" \/>\n\t<meta name=\"twitter:label2\" content=\"Dur\u00e9e de lecture estim\u00e9e\" \/>\n\t<meta name=\"twitter:data2\" content=\"1 minute\" \/>\n<script type=\"application\/ld+json\" class=\"yoast-schema-graph\">{\"@context\":\"https:\/\/schema.org\",\"@graph\":[{\"@type\":\"Article\",\"@id\":\"https:\/\/www.ondernemendvenlo.nl\/sessie-trends-en-toekomst-17-december-2024\/#article\",\"isPartOf\":{\"@id\":\"https:\/\/www.ondernemendvenlo.nl\/sessie-trends-en-toekomst-17-december-2024\/\"},\"author\":{\"name\":\"admin\",\"@id\":\"https:\/\/www.ondernemendvenlo.nl\/#\/schema\/person\/347e935f8ad4c7030608ef74bb57aa6e\"},\"headline\":\"Sessie &#8216;Trends en Toekomst&#8217;: 17 december 2024\",\"datePublished\":\"2024-11-20T10:23:18+00:00\",\"mainEntityOfPage\":{\"@id\":\"https:\/\/www.ondernemendvenlo.nl\/sessie-trends-en-toekomst-17-december-2024\/\"},\"wordCount\":227,\"publisher\":{\"@id\":\"https:\/\/www.ondernemendvenlo.nl\/#organization\"},\"image\":{\"@id\":\"https:\/\/www.ondernemendvenlo.nl\/sessie-trends-en-toekomst-17-december-2024\/#primaryimage\"},\"thumbnailUrl\":\"https:\/\/www.ondernemendvenlo.nl\/wp-content\/uploads\/2025\/04\/Sessie17dec.jpg\",\"articleSection\":[\"Nieuws\"],\"inLanguage\":\"fr-FR\"},{\"@type\":\"WebPage\",\"@id\":\"https:\/\/www.ondernemendvenlo.nl\/sessie-trends-en-toekomst-17-december-2024\/\",\"url\":\"https:\/\/www.ondernemendvenlo.nl\/sessie-trends-en-toekomst-17-december-2024\/\",\"name\":\"Sessie 'Trends en Toekomst': 17 december 2024 - Ondernemend Venlo\",\"isPartOf\":{\"@id\":\"https:\/\/www.ondernemendvenlo.nl\/#website\"},\"primaryImageOfPage\":{\"@id\":\"https:\/\/www.ondernemendvenlo.nl\/sessie-trends-en-toekomst-17-december-2024\/#primaryimage\"},\"image\":{\"@id\":\"https:\/\/www.ondernemendvenlo.nl\/sessie-trends-en-toekomst-17-december-2024\/#primaryimage\"},\"thumbnailUrl\":\"https:\/\/www.ondernemendvenlo.nl\/wp-content\/uploads\/2025\/04\/Sessie17dec.jpg\",\"datePublished\":\"2024-11-20T10:23:18+00:00\",\"breadcrumb\":{\"@id\":\"https:\/\/www.ondernemendvenlo.nl\/sessie-trends-en-toekomst-17-december-2024\/#breadcrumb\"},\"inLanguage\":\"fr-FR\",\"potentialAction\":[{\"@type\":\"ReadAction\",\"target\":[\"https:\/\/www.ondernemendvenlo.nl\/sessie-trends-en-toekomst-17-december-2024\/\"]}]},{\"@type\":\"ImageObject\",\"inLanguage\":\"fr-FR\",\"@id\":\"https:\/\/www.ondernemendvenlo.nl\/sessie-trends-en-toekomst-17-december-2024\/#primaryimage\",\"url\":\"https:\/\/www.ondernemendvenlo.nl\/wp-content\/uploads\/2025\/04\/Sessie17dec.jpg\",\"contentUrl\":\"https:\/\/www.ondernemendvenlo.nl\/wp-content\/uploads\/2025\/04\/Sessie17dec.jpg\",\"width\":1920,\"height\":1080},{\"@type\":\"BreadcrumbList\",\"@id\":\"https:\/\/www.ondernemendvenlo.nl\/sessie-trends-en-toekomst-17-december-2024\/#breadcrumb\",\"itemListElement\":[{\"@type\":\"ListItem\",\"position\":1,\"name\":\"Ondernemend Venlo\",\"item\":\"https:\/\/www.ondernemendvenlo.nl\/\"},{\"@type\":\"ListItem\",\"position\":2,\"name\":\"Nieuws\",\"item\":\"https:\/\/www.ondernemendvenlo.nl\/categorie\/nieuws\/\"},{\"@type\":\"ListItem\",\"position\":3,\"name\":\"Sessie &#8216;Trends en Toekomst&#8217;: 17 december 2024\"}]},{\"@type\":\"WebSite\",\"@id\":\"https:\/\/www.ondernemendvenlo.nl\/#website\",\"url\":\"https:\/\/www.ondernemendvenlo.nl\/\",\"name\":\"Ondernemend Venlo\",\"description\":\"Samen succesvol ondernemen\",\"publisher\":{\"@id\":\"https:\/\/www.ondernemendvenlo.nl\/#organization\"},\"potentialAction\":[{\"@type\":\"SearchAction\",\"target\":{\"@type\":\"EntryPoint\",\"urlTemplate\":\"https:\/\/www.ondernemendvenlo.nl\/?s={search_term_string}\"},\"query-input\":{\"@type\":\"PropertyValueSpecification\",\"valueRequired\":true,\"valueName\":\"search_term_string\"}}],\"inLanguage\":\"fr-FR\"},{\"@type\":\"Organization\",\"@id\":\"https:\/\/www.ondernemendvenlo.nl\/#organization\",\"name\":\"Ondernemend Venlo\",\"url\":\"https:\/\/www.ondernemendvenlo.nl\/\",\"logo\":{\"@type\":\"ImageObject\",\"inLanguage\":\"fr-FR\",\"@id\":\"https:\/\/www.ondernemendvenlo.nl\/#\/schema\/logo\/image\/\",\"url\":\"https:\/\/www.ondernemendvenlo.nl\/wp-content\/uploads\/2025\/02\/Ondernemend-Venlo-logo-scaled.webp\",\"contentUrl\":\"https:\/\/www.ondernemendvenlo.nl\/wp-content\/uploads\/2025\/02\/Ondernemend-Venlo-logo-scaled.webp\",\"width\":2560,\"height\":1010,\"caption\":\"Ondernemend Venlo\"},\"image\":{\"@id\":\"https:\/\/www.ondernemendvenlo.nl\/#\/schema\/logo\/image\/\"},\"sameAs\":[\"https:\/\/www.linkedin.com\/company\/ondernemend-venlo\/\"]},{\"@type\":\"Person\",\"@id\":\"https:\/\/www.ondernemendvenlo.nl\/#\/schema\/person\/347e935f8ad4c7030608ef74bb57aa6e\",\"name\":\"admin\",\"image\":{\"@type\":\"ImageObject\",\"inLanguage\":\"fr-FR\",\"@id\":\"https:\/\/www.ondernemendvenlo.nl\/#\/schema\/person\/image\/\",\"url\":\"https:\/\/www.ondernemendvenlo.nl\/wp-content\/litespeed\/avatar\/720af750b037aecf6e33e12833479059.jpg?ver=1777382954\",\"contentUrl\":\"https:\/\/www.ondernemendvenlo.nl\/wp-content\/litespeed\/avatar\/720af750b037aecf6e33e12833479059.jpg?ver=1777382954\",\"caption\":\"admin\"},\"sameAs\":[\"https:\/\/www.ondernemendvenlo.nl\"]}]}<\/script>\n<!-- \/ Yoast SEO plugin. -->","yoast_head_json":{"title":"Sessie 'Trends en Toekomst': 17 december 2024 - Ondernemend Venlo","robots":{"index":"index","follow":"follow","max-snippet":"max-snippet:-1","max-image-preview":"max-image-preview:large","max-video-preview":"max-video-preview:-1"},"canonical":"https:\/\/www.ondernemendvenlo.nl\/fr\/sessie-trends-en-toekomst-17-december-2024\/","og_locale":"fr_FR","og_type":"article","og_title":"Sessie 'Trends en Toekomst': 17 december 2024 - Ondernemend Venlo","og_description":"BL.INC Expert EY verzorgt op 17 december de sessie:&#8216;Trends en Toekomst: Fiscaliteit, jaarrekeningen- en arbeidsrecht&#8217; over de belangrijkste actuele ontwikkelingen op fiscaal gebied, jaarrekeningenrecht en arbeidsrecht voor startups, scale-ups, MKB \u00e9n grootbedrijf binnen het Brightlands-ecosysteem. Het is d\u00e9 gelegenheid om up-to-date kennis op te doen over fiscale en juridische thema\u2019s die jou organisatie helpt zich [&hellip;]","og_url":"https:\/\/www.ondernemendvenlo.nl\/fr\/sessie-trends-en-toekomst-17-december-2024\/","og_site_name":"Ondernemend Venlo","article_published_time":"2024-11-20T10:23:18+00:00","og_image":[{"width":1920,"height":1080,"url":"https:\/\/www.ondernemendvenlo.nl\/wp-content\/uploads\/2025\/04\/Sessie17dec.jpg","type":"image\/jpeg"}],"author":"admin","twitter_card":"summary_large_image","twitter_misc":{"\u00c9crit par":"admin","Dur\u00e9e de lecture estim\u00e9e":"1 minute"},"schema":{"@context":"https:\/\/schema.org","@graph":[{"@type":"Article","@id":"https:\/\/www.ondernemendvenlo.nl\/sessie-trends-en-toekomst-17-december-2024\/#article","isPartOf":{"@id":"https:\/\/www.ondernemendvenlo.nl\/sessie-trends-en-toekomst-17-december-2024\/"},"author":{"name":"admin","@id":"https:\/\/www.ondernemendvenlo.nl\/#\/schema\/person\/347e935f8ad4c7030608ef74bb57aa6e"},"headline":"Sessie &#8216;Trends en Toekomst&#8217;: 17 december 2024","datePublished":"2024-11-20T10:23:18+00:00","mainEntityOfPage":{"@id":"https:\/\/www.ondernemendvenlo.nl\/sessie-trends-en-toekomst-17-december-2024\/"},"wordCount":227,"publisher":{"@id":"https:\/\/www.ondernemendvenlo.nl\/#organization"},"image":{"@id":"https:\/\/www.ondernemendvenlo.nl\/sessie-trends-en-toekomst-17-december-2024\/#primaryimage"},"thumbnailUrl":"https:\/\/www.ondernemendvenlo.nl\/wp-content\/uploads\/2025\/04\/Sessie17dec.jpg","articleSection":["Nieuws"],"inLanguage":"fr-FR"},{"@type":"WebPage","@id":"https:\/\/www.ondernemendvenlo.nl\/sessie-trends-en-toekomst-17-december-2024\/","url":"https:\/\/www.ondernemendvenlo.nl\/sessie-trends-en-toekomst-17-december-2024\/","name":"Sessie 'Trends en Toekomst': 17 december 2024 - Ondernemend Venlo","isPartOf":{"@id":"https:\/\/www.ondernemendvenlo.nl\/#website"},"primaryImageOfPage":{"@id":"https:\/\/www.ondernemendvenlo.nl\/sessie-trends-en-toekomst-17-december-2024\/#primaryimage"},"image":{"@id":"https:\/\/www.ondernemendvenlo.nl\/sessie-trends-en-toekomst-17-december-2024\/#primaryimage"},"thumbnailUrl":"https:\/\/www.ondernemendvenlo.nl\/wp-content\/uploads\/2025\/04\/Sessie17dec.jpg","datePublished":"2024-11-20T10:23:18+00:00","breadcrumb":{"@id":"https:\/\/www.ondernemendvenlo.nl\/sessie-trends-en-toekomst-17-december-2024\/#breadcrumb"},"inLanguage":"fr-FR","potentialAction":[{"@type":"ReadAction","target":["https:\/\/www.ondernemendvenlo.nl\/sessie-trends-en-toekomst-17-december-2024\/"]}]},{"@type":"ImageObject","inLanguage":"fr-FR","@id":"https:\/\/www.ondernemendvenlo.nl\/sessie-trends-en-toekomst-17-december-2024\/#primaryimage","url":"https:\/\/www.ondernemendvenlo.nl\/wp-content\/uploads\/2025\/04\/Sessie17dec.jpg","contentUrl":"https:\/\/www.ondernemendvenlo.nl\/wp-content\/uploads\/2025\/04\/Sessie17dec.jpg","width":1920,"height":1080},{"@type":"BreadcrumbList","@id":"https:\/\/www.ondernemendvenlo.nl\/sessie-trends-en-toekomst-17-december-2024\/#breadcrumb","itemListElement":[{"@type":"ListItem","position":1,"name":"Ondernemend Venlo","item":"https:\/\/www.ondernemendvenlo.nl\/"},{"@type":"ListItem","position":2,"name":"Nieuws","item":"https:\/\/www.ondernemendvenlo.nl\/categorie\/nieuws\/"},{"@type":"ListItem","position":3,"name":"Sessie &#8216;Trends en Toekomst&#8217;: 17 december 2024"}]},{"@type":"WebSite","@id":"https:\/\/www.ondernemendvenlo.nl\/#website","url":"https:\/\/www.ondernemendvenlo.nl\/","name":"Venlo entrepreneurial","description":"Travailler ensemble avec succ\u00e8s","publisher":{"@id":"https:\/\/www.ondernemendvenlo.nl\/#organization"},"potentialAction":[{"@type":"SearchAction","target":{"@type":"EntryPoint","urlTemplate":"https:\/\/www.ondernemendvenlo.nl\/?s={search_term_string}"},"query-input":{"@type":"PropertyValueSpecification","valueRequired":true,"valueName":"search_term_string"}}],"inLanguage":"fr-FR"},{"@type":"Organization","@id":"https:\/\/www.ondernemendvenlo.nl\/#organization","name":"Venlo entrepreneurial","url":"https:\/\/www.ondernemendvenlo.nl\/","logo":{"@type":"ImageObject","inLanguage":"fr-FR","@id":"https:\/\/www.ondernemendvenlo.nl\/#\/schema\/logo\/image\/","url":"https:\/\/www.ondernemendvenlo.nl\/wp-content\/uploads\/2025\/02\/Ondernemend-Venlo-logo-scaled.webp","contentUrl":"https:\/\/www.ondernemendvenlo.nl\/wp-content\/uploads\/2025\/02\/Ondernemend-Venlo-logo-scaled.webp","width":2560,"height":1010,"caption":"Ondernemend Venlo"},"image":{"@id":"https:\/\/www.ondernemendvenlo.nl\/#\/schema\/logo\/image\/"},"sameAs":["https:\/\/www.linkedin.com\/company\/ondernemend-venlo\/"]},{"@type":"Person","@id":"https:\/\/www.ondernemendvenlo.nl\/#\/schema\/person\/347e935f8ad4c7030608ef74bb57aa6e","name":"admin","image":{"@type":"ImageObject","inLanguage":"fr-FR","@id":"https:\/\/www.ondernemendvenlo.nl\/#\/schema\/person\/image\/","url":"https:\/\/www.ondernemendvenlo.nl\/wp-content\/litespeed\/avatar\/720af750b037aecf6e33e12833479059.jpg?ver=1777382954","contentUrl":"https:\/\/www.ondernemendvenlo.nl\/wp-content\/litespeed\/avatar\/720af750b037aecf6e33e12833479059.jpg?ver=1777382954","caption":"admin"},"sameAs":["https:\/\/www.ondernemendvenlo.nl"]}]}},"_links":{"self":[{"href":"https:\/\/www.ondernemendvenlo.nl\/fr\/wp-json\/wp\/v2\/posts\/3230","targetHints":{"allow":["GET"]}}],"collection":[{"href":"https:\/\/www.ondernemendvenlo.nl\/fr\/wp-json\/wp\/v2\/posts"}],"about":[{"href":"https:\/\/www.ondernemendvenlo.nl\/fr\/wp-json\/wp\/v2\/types\/post"}],"author":[{"embeddable":true,"href":"https:\/\/www.ondernemendvenlo.nl\/fr\/wp-json\/wp\/v2\/users\/1"}],"replies":[{"embeddable":true,"href":"https:\/\/www.ondernemendvenlo.nl\/fr\/wp-json\/wp\/v2\/comments?post=3230"}],"version-history":[{"count":0,"href":"https:\/\/www.ondernemendvenlo.nl\/fr\/wp-json\/wp\/v2\/posts\/3230\/revisions"}],"wp:featuredmedia":[{"embeddable":true,"href":"https:\/\/www.ondernemendvenlo.nl\/fr\/wp-json\/wp\/v2\/media\/3231"}],"wp:attachment":[{"href":"https:\/\/www.ondernemendvenlo.nl\/fr\/wp-json\/wp\/v2\/media?parent=3230"}],"wp:term":[{"taxonomy":"category","embeddable":true,"href":"https:\/\/www.ondernemendvenlo.nl\/fr\/wp-json\/wp\/v2\/categories?post=3230"},{"taxonomy":"post_tag","embeddable":true,"href":"https:\/\/www.ondernemendvenlo.nl\/fr\/wp-json\/wp\/v2\/tags?post=3230"}],"curies":[{"name":"wp","href":"https:\/\/api.w.org\/{rel}","templated":true}]}}