{"id":3232,"date":"2024-11-22T08:34:41","date_gmt":"2024-11-22T07:34:41","guid":{"rendered":"https:\/\/www.ondernemendvenlo.nl\/expeditie-circulariteit-duurzaamheid\/"},"modified":"2024-11-22T08:34:41","modified_gmt":"2024-11-22T07:34:41","slug":"expeditie-circulariteit-duurzaamheid","status":"publish","type":"post","link":"https:\/\/www.ondernemendvenlo.nl\/fr\/expeditie-circulariteit-duurzaamheid\/","title":{"rendered":"Exp\u00e9dition \"Circularit\u00e9 et durabilit\u00e9"},"content":{"rendered":"<p class=\"p1\"><strong>De plus en plus de clients et de consommateurs exigent des produits et des services durables, et les parties prenantes souhaitent \u00e9galement que l'on y pr\u00eate attention. Par cons\u00e9quent, la durabilit\u00e9 et, dans ce contexte, la circularit\u00e9 deviennent un th\u00e8me de plus en plus important pour les entrepreneurs. Mais comment l'int\u00e9grer dans la strat\u00e9gie de votre organisation ? Et comment le mettre en pratique ? Existe-t-il des possibilit\u00e9s de rendre votre production circulaire ? Comment d\u00e9velopper un syst\u00e8me alimentaire circulaire ou ajouter de la valeur aux flux de r\u00e9sidus et de d\u00e9chets ? Souhaitez-vous \u00e9galement traduire divers aspects de la durabilit\u00e9 en am\u00e9liorations pratiques (innovantes) au sein de votre entreprise (op\u00e9rations) dans le domaine de la circularit\u00e9 ? Alors participez \u00e0 l'exp\u00e9dition Circularit\u00e9 et durabilit\u00e9. Votre innovation \u00e9labor\u00e9e ensemble <\/strong><strong>avec l'acad\u00e9mie verte de la HAS.<\/strong><\/p>\n<p>Avec un expert de la HAS comme chef de projet et une \u00e9quipe d'\u00e9tudiants de quatri\u00e8me ann\u00e9e, vous effectuez des recherches et \u00e9laborez votre d\u00e9fi ou votre id\u00e9e. Au cours de l'exp\u00e9dition, vous rencontrerez \u00e0 quatre reprises cette \u00e9quipe, mais aussi d'autres participants \u00e0 l'exp\u00e9dition, afin d'obtenir un retour sur votre projet et d'acqu\u00e9rir des connaissances. Cette exp\u00e9dition s'adresse \u00e0 toutes les PME actives dans l'alimentation, l'agroalimentaire et le cadre de vie. Elle se d\u00e9roule sous la forme de sessions de d\u00e9veloppement. L'exp\u00e9dition peut \u00eatre partiellement subventionn\u00e9e par le projet collectif LIOF LimburgToekomstbestendig. Vous travaillez pour une PME dans le Limbourg ? Dans ce cas, vous pouvez b\u00e9n\u00e9ficier de l'aide 75% via le projet collectif du LIOF LimburgToekomstbestendig.<\/p>\n<p><strong>Le pouvoir du collectif<\/strong><\/p>\n<p>Au cours du projet, il y a quatre sessions de d\u00e9veloppement, adapt\u00e9es \u00e0 la phase du projet. Ces sessions sont les suivantes :<br \/>\n- Session de d\u00e9veloppement 1 : Au cours de la phase de d\u00e9marrage, vous rencontrerez les autres participants de l'exp\u00e9dition et pr\u00e9senterez votre projet aux autres participants afin de recueillir leurs commentaires, avant d'entamer la phase de recherche.<br \/>\n- Session de d\u00e9veloppement 2 : Les sessions restantes ont lieu pendant la phase de recherche (18 semaines). La session 2 a pour but de vous permettre, en tant qu'entrepreneur, de pr\u00e9senter votre probl\u00e8me et le plan d'action que les \u00e9tudiants ont \u00e9labor\u00e9 aux autres participants de l'exp\u00e9dition.<br \/>\n- Session de d\u00e9veloppement 3 : R\u00e9union d'information adapt\u00e9e aux th\u00e8mes abord\u00e9s. Vous recevrez \u00e9galement un retour d'information de la part des autres participants de l'exp\u00e9dition.<br \/>\n- Session de d\u00e9veloppement 4 : Lors de la derni\u00e8re session, les \u00e9tudiants font leur pr\u00e9sentation finale et vous d\u00e9cidez des prochaines \u00e9tapes.<\/p>\n<p>Chaque session est adapt\u00e9e aux projets en cours. Elles comprennent des conf\u00e9rences, des pr\u00e9sentations d'\u00e9tudiants et des ateliers. Les sessions de d\u00e9veloppement durent 3 heures. En fonction des horaires, les sessions se tiendront de 14h \u00e0 17h.<\/p>\n<p><strong>Sessions de d\u00e9veloppement des donn\u00e9es<\/strong><br \/>\n- 28 janvier 2025<br \/>\n- 18 mars 2025<br \/>\n- 13 mai 2025<br \/>\n- 24 juin 2025<\/p>\n<p>Le projet collectif LIOF vise \u00e0 encourager les PME limbourgeoises \u00e0 innover en mati\u00e8re de produits, de services, de processus et\/ou de mod\u00e8les d'entreprise dans le cadre des t\u00e2ches soci\u00e9tales \"intelligentes, durables et saines\", par le biais d'un parcours de connaissances. Contactez-nous pour discuter des possibilit\u00e9s. Vous souhaitez traduire divers aspects de la durabilit\u00e9 en am\u00e9liorations pratiques (innovantes) au sein de votre entreprise (activit\u00e9s) dans le domaine de la circularit\u00e9 ? Alors participez \u00e0 l'exp\u00e9dition Circularit\u00e9 et durabilit\u00e9.<\/p>\n<p>\u00cates-vous enthousiaste apr\u00e8s avoir lu toutes ces informations ?<br \/>\nSi tel est le cas, veuillez contacter Agnes Vries : <em><a href=\"mailto:A.Vries@has.nl\">A.Vries@has.nl<\/a><\/em> +31 (0) 88 89 03 771<br \/>\nPour plus d'informations sur la session et les co\u00fbts, ouvrir <a href=\"https:\/\/www.has.nl\/samenwerken\/liof-expeditie-circulariteit-duurzaamheid\/\"><em><strong>ce lien<\/strong><\/em><\/a>.<\/p>\n<p>La date limite de soumission des travaux professionnels est fix\u00e9e au 4 d\u00e9cembre 2024.<\/p>\n<p>&nbsp;<\/p>","protected":false},"excerpt":{"rendered":"<p>Steeds meer opdrachtgevers en consumenten vragen om duurzame producten en diensten en ook stakeholders willen dat hier aandacht voor is. Daarom wordt duurzaamheid en daar binnen circulariteit een steeds belangrijker thema voor ondernemers. Maar hoe breng je dit in de strategie van je organisatie? En hoe kun je dit implementeren in de praktijk? Zijn er [&hellip;]<\/p>","protected":false},"author":1,"featured_media":3233,"comment_status":"closed","ping_status":"open","sticky":false,"template":"","format":"standard","meta":{"_acf_changed":false,"footnotes":""},"categories":[8],"tags":[],"class_list":["post-3232","post","type-post","status-publish","format-standard","has-post-thumbnail","hentry","category-nieuws"],"acf":[],"yoast_head":"<!-- This site is optimized with the Yoast SEO plugin v26.3 - https:\/\/yoast.com\/wordpress\/plugins\/seo\/ -->\n<title>Expeditie &#039;Circulariteit &amp; duurzaamheid&#039; - Ondernemend Venlo<\/title>\n<meta name=\"robots\" content=\"index, follow, max-snippet:-1, max-image-preview:large, max-video-preview:-1\" \/>\n<link rel=\"canonical\" href=\"https:\/\/www.ondernemendvenlo.nl\/fr\/expeditie-circulariteit-duurzaamheid\/\" \/>\n<meta property=\"og:locale\" content=\"fr_FR\" \/>\n<meta property=\"og:type\" content=\"article\" \/>\n<meta property=\"og:title\" content=\"Expeditie &#039;Circulariteit &amp; duurzaamheid&#039; - Ondernemend Venlo\" \/>\n<meta property=\"og:description\" content=\"Steeds meer opdrachtgevers en consumenten vragen om duurzame producten en diensten en ook stakeholders willen dat hier aandacht voor is. Daarom wordt duurzaamheid en daar binnen circulariteit een steeds belangrijker thema voor ondernemers. Maar hoe breng je dit in de strategie van je organisatie? En hoe kun je dit implementeren in de praktijk? Zijn er [&hellip;]\" \/>\n<meta property=\"og:url\" content=\"https:\/\/www.ondernemendvenlo.nl\/fr\/expeditie-circulariteit-duurzaamheid\/\" \/>\n<meta property=\"og:site_name\" content=\"Ondernemend Venlo\" \/>\n<meta property=\"article:published_time\" content=\"2024-11-22T07:34:41+00:00\" \/>\n<meta property=\"og:image\" content=\"https:\/\/www.ondernemendvenlo.nl\/wp-content\/uploads\/2025\/04\/ExpeditieCirculariteitDuurzaamheid2025.jpg\" \/>\n\t<meta property=\"og:image:width\" content=\"1920\" \/>\n\t<meta property=\"og:image:height\" content=\"1080\" \/>\n\t<meta property=\"og:image:type\" content=\"image\/jpeg\" \/>\n<meta name=\"author\" content=\"admin\" \/>\n<meta name=\"twitter:card\" content=\"summary_large_image\" \/>\n<meta name=\"twitter:label1\" content=\"\u00c9crit par\" \/>\n\t<meta name=\"twitter:data1\" content=\"admin\" \/>\n\t<meta name=\"twitter:label2\" content=\"Dur\u00e9e de lecture estim\u00e9e\" \/>\n\t<meta name=\"twitter:data2\" content=\"3 minutes\" \/>\n<script type=\"application\/ld+json\" class=\"yoast-schema-graph\">{\"@context\":\"https:\/\/schema.org\",\"@graph\":[{\"@type\":\"Article\",\"@id\":\"https:\/\/www.ondernemendvenlo.nl\/expeditie-circulariteit-duurzaamheid\/#article\",\"isPartOf\":{\"@id\":\"https:\/\/www.ondernemendvenlo.nl\/expeditie-circulariteit-duurzaamheid\/\"},\"author\":{\"name\":\"admin\",\"@id\":\"https:\/\/www.ondernemendvenlo.nl\/#\/schema\/person\/347e935f8ad4c7030608ef74bb57aa6e\"},\"headline\":\"Expeditie &#8216;Circulariteit &#038; duurzaamheid&#8217;\",\"datePublished\":\"2024-11-22T07:34:41+00:00\",\"mainEntityOfPage\":{\"@id\":\"https:\/\/www.ondernemendvenlo.nl\/expeditie-circulariteit-duurzaamheid\/\"},\"wordCount\":530,\"publisher\":{\"@id\":\"https:\/\/www.ondernemendvenlo.nl\/#organization\"},\"image\":{\"@id\":\"https:\/\/www.ondernemendvenlo.nl\/expeditie-circulariteit-duurzaamheid\/#primaryimage\"},\"thumbnailUrl\":\"https:\/\/www.ondernemendvenlo.nl\/wp-content\/uploads\/2025\/04\/ExpeditieCirculariteitDuurzaamheid2025.jpg\",\"articleSection\":[\"Nieuws\"],\"inLanguage\":\"fr-FR\"},{\"@type\":\"WebPage\",\"@id\":\"https:\/\/www.ondernemendvenlo.nl\/expeditie-circulariteit-duurzaamheid\/\",\"url\":\"https:\/\/www.ondernemendvenlo.nl\/expeditie-circulariteit-duurzaamheid\/\",\"name\":\"Expeditie 'Circulariteit & duurzaamheid' - Ondernemend Venlo\",\"isPartOf\":{\"@id\":\"https:\/\/www.ondernemendvenlo.nl\/#website\"},\"primaryImageOfPage\":{\"@id\":\"https:\/\/www.ondernemendvenlo.nl\/expeditie-circulariteit-duurzaamheid\/#primaryimage\"},\"image\":{\"@id\":\"https:\/\/www.ondernemendvenlo.nl\/expeditie-circulariteit-duurzaamheid\/#primaryimage\"},\"thumbnailUrl\":\"https:\/\/www.ondernemendvenlo.nl\/wp-content\/uploads\/2025\/04\/ExpeditieCirculariteitDuurzaamheid2025.jpg\",\"datePublished\":\"2024-11-22T07:34:41+00:00\",\"breadcrumb\":{\"@id\":\"https:\/\/www.ondernemendvenlo.nl\/expeditie-circulariteit-duurzaamheid\/#breadcrumb\"},\"inLanguage\":\"fr-FR\",\"potentialAction\":[{\"@type\":\"ReadAction\",\"target\":[\"https:\/\/www.ondernemendvenlo.nl\/expeditie-circulariteit-duurzaamheid\/\"]}]},{\"@type\":\"ImageObject\",\"inLanguage\":\"fr-FR\",\"@id\":\"https:\/\/www.ondernemendvenlo.nl\/expeditie-circulariteit-duurzaamheid\/#primaryimage\",\"url\":\"https:\/\/www.ondernemendvenlo.nl\/wp-content\/uploads\/2025\/04\/ExpeditieCirculariteitDuurzaamheid2025.jpg\",\"contentUrl\":\"https:\/\/www.ondernemendvenlo.nl\/wp-content\/uploads\/2025\/04\/ExpeditieCirculariteitDuurzaamheid2025.jpg\",\"width\":1920,\"height\":1080},{\"@type\":\"BreadcrumbList\",\"@id\":\"https:\/\/www.ondernemendvenlo.nl\/expeditie-circulariteit-duurzaamheid\/#breadcrumb\",\"itemListElement\":[{\"@type\":\"ListItem\",\"position\":1,\"name\":\"Ondernemend Venlo\",\"item\":\"https:\/\/www.ondernemendvenlo.nl\/\"},{\"@type\":\"ListItem\",\"position\":2,\"name\":\"Nieuws\",\"item\":\"https:\/\/www.ondernemendvenlo.nl\/categorie\/nieuws\/\"},{\"@type\":\"ListItem\",\"position\":3,\"name\":\"Expeditie &#8216;Circulariteit &#038; duurzaamheid&#8217;\"}]},{\"@type\":\"WebSite\",\"@id\":\"https:\/\/www.ondernemendvenlo.nl\/#website\",\"url\":\"https:\/\/www.ondernemendvenlo.nl\/\",\"name\":\"Ondernemend Venlo\",\"description\":\"Samen succesvol ondernemen\",\"publisher\":{\"@id\":\"https:\/\/www.ondernemendvenlo.nl\/#organization\"},\"potentialAction\":[{\"@type\":\"SearchAction\",\"target\":{\"@type\":\"EntryPoint\",\"urlTemplate\":\"https:\/\/www.ondernemendvenlo.nl\/?s={search_term_string}\"},\"query-input\":{\"@type\":\"PropertyValueSpecification\",\"valueRequired\":true,\"valueName\":\"search_term_string\"}}],\"inLanguage\":\"fr-FR\"},{\"@type\":\"Organization\",\"@id\":\"https:\/\/www.ondernemendvenlo.nl\/#organization\",\"name\":\"Ondernemend Venlo\",\"url\":\"https:\/\/www.ondernemendvenlo.nl\/\",\"logo\":{\"@type\":\"ImageObject\",\"inLanguage\":\"fr-FR\",\"@id\":\"https:\/\/www.ondernemendvenlo.nl\/#\/schema\/logo\/image\/\",\"url\":\"https:\/\/www.ondernemendvenlo.nl\/wp-content\/uploads\/2025\/02\/Ondernemend-Venlo-logo-scaled.webp\",\"contentUrl\":\"https:\/\/www.ondernemendvenlo.nl\/wp-content\/uploads\/2025\/02\/Ondernemend-Venlo-logo-scaled.webp\",\"width\":2560,\"height\":1010,\"caption\":\"Ondernemend Venlo\"},\"image\":{\"@id\":\"https:\/\/www.ondernemendvenlo.nl\/#\/schema\/logo\/image\/\"},\"sameAs\":[\"https:\/\/www.linkedin.com\/company\/ondernemend-venlo\/\"]},{\"@type\":\"Person\",\"@id\":\"https:\/\/www.ondernemendvenlo.nl\/#\/schema\/person\/347e935f8ad4c7030608ef74bb57aa6e\",\"name\":\"admin\",\"image\":{\"@type\":\"ImageObject\",\"inLanguage\":\"fr-FR\",\"@id\":\"https:\/\/www.ondernemendvenlo.nl\/#\/schema\/person\/image\/\",\"url\":\"https:\/\/www.ondernemendvenlo.nl\/wp-content\/litespeed\/avatar\/720af750b037aecf6e33e12833479059.jpg?ver=1777382954\",\"contentUrl\":\"https:\/\/www.ondernemendvenlo.nl\/wp-content\/litespeed\/avatar\/720af750b037aecf6e33e12833479059.jpg?ver=1777382954\",\"caption\":\"admin\"},\"sameAs\":[\"https:\/\/www.ondernemendvenlo.nl\"]}]}<\/script>\n<!-- \/ Yoast SEO plugin. -->","yoast_head_json":{"title":"Expeditie 'Circulariteit & duurzaamheid' - Ondernemend Venlo","robots":{"index":"index","follow":"follow","max-snippet":"max-snippet:-1","max-image-preview":"max-image-preview:large","max-video-preview":"max-video-preview:-1"},"canonical":"https:\/\/www.ondernemendvenlo.nl\/fr\/expeditie-circulariteit-duurzaamheid\/","og_locale":"fr_FR","og_type":"article","og_title":"Expeditie 'Circulariteit & duurzaamheid' - Ondernemend Venlo","og_description":"Steeds meer opdrachtgevers en consumenten vragen om duurzame producten en diensten en ook stakeholders willen dat hier aandacht voor is. Daarom wordt duurzaamheid en daar binnen circulariteit een steeds belangrijker thema voor ondernemers. Maar hoe breng je dit in de strategie van je organisatie? En hoe kun je dit implementeren in de praktijk? Zijn er [&hellip;]","og_url":"https:\/\/www.ondernemendvenlo.nl\/fr\/expeditie-circulariteit-duurzaamheid\/","og_site_name":"Ondernemend Venlo","article_published_time":"2024-11-22T07:34:41+00:00","og_image":[{"width":1920,"height":1080,"url":"https:\/\/www.ondernemendvenlo.nl\/wp-content\/uploads\/2025\/04\/ExpeditieCirculariteitDuurzaamheid2025.jpg","type":"image\/jpeg"}],"author":"admin","twitter_card":"summary_large_image","twitter_misc":{"\u00c9crit par":"admin","Dur\u00e9e de lecture estim\u00e9e":"3 minutes"},"schema":{"@context":"https:\/\/schema.org","@graph":[{"@type":"Article","@id":"https:\/\/www.ondernemendvenlo.nl\/expeditie-circulariteit-duurzaamheid\/#article","isPartOf":{"@id":"https:\/\/www.ondernemendvenlo.nl\/expeditie-circulariteit-duurzaamheid\/"},"author":{"name":"admin","@id":"https:\/\/www.ondernemendvenlo.nl\/#\/schema\/person\/347e935f8ad4c7030608ef74bb57aa6e"},"headline":"Expeditie &#8216;Circulariteit &#038; duurzaamheid&#8217;","datePublished":"2024-11-22T07:34:41+00:00","mainEntityOfPage":{"@id":"https:\/\/www.ondernemendvenlo.nl\/expeditie-circulariteit-duurzaamheid\/"},"wordCount":530,"publisher":{"@id":"https:\/\/www.ondernemendvenlo.nl\/#organization"},"image":{"@id":"https:\/\/www.ondernemendvenlo.nl\/expeditie-circulariteit-duurzaamheid\/#primaryimage"},"thumbnailUrl":"https:\/\/www.ondernemendvenlo.nl\/wp-content\/uploads\/2025\/04\/ExpeditieCirculariteitDuurzaamheid2025.jpg","articleSection":["Nieuws"],"inLanguage":"fr-FR"},{"@type":"WebPage","@id":"https:\/\/www.ondernemendvenlo.nl\/expeditie-circulariteit-duurzaamheid\/","url":"https:\/\/www.ondernemendvenlo.nl\/expeditie-circulariteit-duurzaamheid\/","name":"Expeditie 'Circulariteit & duurzaamheid' - Ondernemend Venlo","isPartOf":{"@id":"https:\/\/www.ondernemendvenlo.nl\/#website"},"primaryImageOfPage":{"@id":"https:\/\/www.ondernemendvenlo.nl\/expeditie-circulariteit-duurzaamheid\/#primaryimage"},"image":{"@id":"https:\/\/www.ondernemendvenlo.nl\/expeditie-circulariteit-duurzaamheid\/#primaryimage"},"thumbnailUrl":"https:\/\/www.ondernemendvenlo.nl\/wp-content\/uploads\/2025\/04\/ExpeditieCirculariteitDuurzaamheid2025.jpg","datePublished":"2024-11-22T07:34:41+00:00","breadcrumb":{"@id":"https:\/\/www.ondernemendvenlo.nl\/expeditie-circulariteit-duurzaamheid\/#breadcrumb"},"inLanguage":"fr-FR","potentialAction":[{"@type":"ReadAction","target":["https:\/\/www.ondernemendvenlo.nl\/expeditie-circulariteit-duurzaamheid\/"]}]},{"@type":"ImageObject","inLanguage":"fr-FR","@id":"https:\/\/www.ondernemendvenlo.nl\/expeditie-circulariteit-duurzaamheid\/#primaryimage","url":"https:\/\/www.ondernemendvenlo.nl\/wp-content\/uploads\/2025\/04\/ExpeditieCirculariteitDuurzaamheid2025.jpg","contentUrl":"https:\/\/www.ondernemendvenlo.nl\/wp-content\/uploads\/2025\/04\/ExpeditieCirculariteitDuurzaamheid2025.jpg","width":1920,"height":1080},{"@type":"BreadcrumbList","@id":"https:\/\/www.ondernemendvenlo.nl\/expeditie-circulariteit-duurzaamheid\/#breadcrumb","itemListElement":[{"@type":"ListItem","position":1,"name":"Ondernemend Venlo","item":"https:\/\/www.ondernemendvenlo.nl\/"},{"@type":"ListItem","position":2,"name":"Nieuws","item":"https:\/\/www.ondernemendvenlo.nl\/categorie\/nieuws\/"},{"@type":"ListItem","position":3,"name":"Expeditie &#8216;Circulariteit &#038; duurzaamheid&#8217;"}]},{"@type":"WebSite","@id":"https:\/\/www.ondernemendvenlo.nl\/#website","url":"https:\/\/www.ondernemendvenlo.nl\/","name":"Venlo entrepreneurial","description":"Travailler ensemble avec succ\u00e8s","publisher":{"@id":"https:\/\/www.ondernemendvenlo.nl\/#organization"},"potentialAction":[{"@type":"SearchAction","target":{"@type":"EntryPoint","urlTemplate":"https:\/\/www.ondernemendvenlo.nl\/?s={search_term_string}"},"query-input":{"@type":"PropertyValueSpecification","valueRequired":true,"valueName":"search_term_string"}}],"inLanguage":"fr-FR"},{"@type":"Organization","@id":"https:\/\/www.ondernemendvenlo.nl\/#organization","name":"Venlo entrepreneurial","url":"https:\/\/www.ondernemendvenlo.nl\/","logo":{"@type":"ImageObject","inLanguage":"fr-FR","@id":"https:\/\/www.ondernemendvenlo.nl\/#\/schema\/logo\/image\/","url":"https:\/\/www.ondernemendvenlo.nl\/wp-content\/uploads\/2025\/02\/Ondernemend-Venlo-logo-scaled.webp","contentUrl":"https:\/\/www.ondernemendvenlo.nl\/wp-content\/uploads\/2025\/02\/Ondernemend-Venlo-logo-scaled.webp","width":2560,"height":1010,"caption":"Ondernemend Venlo"},"image":{"@id":"https:\/\/www.ondernemendvenlo.nl\/#\/schema\/logo\/image\/"},"sameAs":["https:\/\/www.linkedin.com\/company\/ondernemend-venlo\/"]},{"@type":"Person","@id":"https:\/\/www.ondernemendvenlo.nl\/#\/schema\/person\/347e935f8ad4c7030608ef74bb57aa6e","name":"admin","image":{"@type":"ImageObject","inLanguage":"fr-FR","@id":"https:\/\/www.ondernemendvenlo.nl\/#\/schema\/person\/image\/","url":"https:\/\/www.ondernemendvenlo.nl\/wp-content\/litespeed\/avatar\/720af750b037aecf6e33e12833479059.jpg?ver=1777382954","contentUrl":"https:\/\/www.ondernemendvenlo.nl\/wp-content\/litespeed\/avatar\/720af750b037aecf6e33e12833479059.jpg?ver=1777382954","caption":"admin"},"sameAs":["https:\/\/www.ondernemendvenlo.nl"]}]}},"_links":{"self":[{"href":"https:\/\/www.ondernemendvenlo.nl\/fr\/wp-json\/wp\/v2\/posts\/3232","targetHints":{"allow":["GET"]}}],"collection":[{"href":"https:\/\/www.ondernemendvenlo.nl\/fr\/wp-json\/wp\/v2\/posts"}],"about":[{"href":"https:\/\/www.ondernemendvenlo.nl\/fr\/wp-json\/wp\/v2\/types\/post"}],"author":[{"embeddable":true,"href":"https:\/\/www.ondernemendvenlo.nl\/fr\/wp-json\/wp\/v2\/users\/1"}],"replies":[{"embeddable":true,"href":"https:\/\/www.ondernemendvenlo.nl\/fr\/wp-json\/wp\/v2\/comments?post=3232"}],"version-history":[{"count":0,"href":"https:\/\/www.ondernemendvenlo.nl\/fr\/wp-json\/wp\/v2\/posts\/3232\/revisions"}],"wp:featuredmedia":[{"embeddable":true,"href":"https:\/\/www.ondernemendvenlo.nl\/fr\/wp-json\/wp\/v2\/media\/3233"}],"wp:attachment":[{"href":"https:\/\/www.ondernemendvenlo.nl\/fr\/wp-json\/wp\/v2\/media?parent=3232"}],"wp:term":[{"taxonomy":"category","embeddable":true,"href":"https:\/\/www.ondernemendvenlo.nl\/fr\/wp-json\/wp\/v2\/categories?post=3232"},{"taxonomy":"post_tag","embeddable":true,"href":"https:\/\/www.ondernemendvenlo.nl\/fr\/wp-json\/wp\/v2\/tags?post=3232"}],"curies":[{"name":"wp","href":"https:\/\/api.w.org\/{rel}","templated":true}]}}