{"id":3238,"date":"2024-12-03T10:30:07","date_gmt":"2024-12-03T09:30:07","guid":{"rendered":"https:\/\/www.ondernemendvenlo.nl\/afdeling-spikweien-bezoekt-hertog-jan-2\/"},"modified":"2024-12-03T10:30:07","modified_gmt":"2024-12-03T09:30:07","slug":"afdeling-spikweien-bezoekt-hertog-jan-2","status":"publish","type":"post","link":"https:\/\/www.ondernemendvenlo.nl\/fr\/afdeling-spikweien-bezoekt-hertog-jan-2\/","title":{"rendered":"Ward Spikweien visite Hertog Jan"},"content":{"rendered":"<p>Le vendredi 29 novembre, les entrepreneurs de la circonscription de Spikweien ont visit\u00e9 la brasserie Hertog Jan.<\/p>\n<p>Il \u00e9tait int\u00e9ressant de jeter un coup d'\u0153il dans la cuisine de l'un des membres. La visite compl\u00e8te a donn\u00e9 un bon aper\u00e7u du processus de brassage. Ensuite, bien s\u00fbr, il fallait d\u00e9guster.<\/p>\n<p>L'agr\u00e9able apr\u00e8s-midi s'est termin\u00e9e de l'autre c\u00f4t\u00e9 de la rue, o\u00f9 il a \u00e9t\u00e9 possible de se retrouver autour d'un verre et d'une collation.<\/p>\n<div id='gallery-1' class='gallery galleryid-3238 gallery-columns-2 gallery-size-large'><figure class='gallery-item'>\n\t\t\t<div class='gallery-icon landscape'>\n\t\t\t\t<a href='https:\/\/www.ondernemendvenlo.nl\/fr\/afdeling-spikweien-bezoekt-hertog-jan-2\/2024-11-29-bijeenk-hertog-jan-web4-2\/'><img fetchpriority=\"high\" decoding=\"async\" width=\"800\" height=\"600\" src=\"https:\/\/www.ondernemendvenlo.nl\/wp-content\/uploads\/2025\/04\/2024-11-29-bijeenk.-Hertog-Jan-web4.jpg\" class=\"attachment-large size-large\" alt=\"\" srcset=\"https:\/\/www.ondernemendvenlo.nl\/wp-content\/uploads\/2025\/04\/2024-11-29-bijeenk.-Hertog-Jan-web4.jpg 800w, https:\/\/www.ondernemendvenlo.nl\/wp-content\/uploads\/2025\/04\/2024-11-29-bijeenk.-Hertog-Jan-web4-300x225.jpg 300w, https:\/\/www.ondernemendvenlo.nl\/wp-content\/uploads\/2025\/04\/2024-11-29-bijeenk.-Hertog-Jan-web4-768x576.jpg 768w, https:\/\/www.ondernemendvenlo.nl\/wp-content\/uploads\/2025\/04\/2024-11-29-bijeenk.-Hertog-Jan-web4-16x12.jpg 16w\" sizes=\"(max-width: 800px) 100vw, 800px\" \/><\/a>\n\t\t\t<\/div><\/figure><figure class='gallery-item'>\n\t\t\t<div class='gallery-icon landscape'>\n\t\t\t\t<a href='https:\/\/www.ondernemendvenlo.nl\/fr\/afdeling-spikweien-bezoekt-hertog-jan-2\/2024-11-29-bijeenk-hertog-jan-web1-2\/'><img decoding=\"async\" width=\"800\" height=\"600\" src=\"https:\/\/www.ondernemendvenlo.nl\/wp-content\/uploads\/2025\/04\/2024-11-29-bijeenk.-Hertog-Jan-web1.jpg\" class=\"attachment-large size-large\" alt=\"\" srcset=\"https:\/\/www.ondernemendvenlo.nl\/wp-content\/uploads\/2025\/04\/2024-11-29-bijeenk.-Hertog-Jan-web1.jpg 800w, https:\/\/www.ondernemendvenlo.nl\/wp-content\/uploads\/2025\/04\/2024-11-29-bijeenk.-Hertog-Jan-web1-300x225.jpg 300w, https:\/\/www.ondernemendvenlo.nl\/wp-content\/uploads\/2025\/04\/2024-11-29-bijeenk.-Hertog-Jan-web1-768x576.jpg 768w, https:\/\/www.ondernemendvenlo.nl\/wp-content\/uploads\/2025\/04\/2024-11-29-bijeenk.-Hertog-Jan-web1-16x12.jpg 16w\" sizes=\"(max-width: 800px) 100vw, 800px\" \/><\/a>\n\t\t\t<\/div><\/figure><figure class='gallery-item'>\n\t\t\t<div class='gallery-icon landscape'>\n\t\t\t\t<a href='https:\/\/www.ondernemendvenlo.nl\/fr\/afdeling-spikweien-bezoekt-hertog-jan-2\/2024-11-29-bijeenk-hertog-jan-web3-2\/'><img decoding=\"async\" width=\"800\" height=\"566\" src=\"https:\/\/www.ondernemendvenlo.nl\/wp-content\/uploads\/2025\/04\/2024-11-29-bijeenk.-Hertog-Jan-web3.jpg\" class=\"attachment-large size-large\" alt=\"\" srcset=\"https:\/\/www.ondernemendvenlo.nl\/wp-content\/uploads\/2025\/04\/2024-11-29-bijeenk.-Hertog-Jan-web3.jpg 800w, https:\/\/www.ondernemendvenlo.nl\/wp-content\/uploads\/2025\/04\/2024-11-29-bijeenk.-Hertog-Jan-web3-300x212.jpg 300w, https:\/\/www.ondernemendvenlo.nl\/wp-content\/uploads\/2025\/04\/2024-11-29-bijeenk.-Hertog-Jan-web3-768x543.jpg 768w, https:\/\/www.ondernemendvenlo.nl\/wp-content\/uploads\/2025\/04\/2024-11-29-bijeenk.-Hertog-Jan-web3-18x12.jpg 18w\" sizes=\"(max-width: 800px) 100vw, 800px\" \/><\/a>\n\t\t\t<\/div><\/figure><figure class='gallery-item'>\n\t\t\t<div class='gallery-icon landscape'>\n\t\t\t\t<a href='https:\/\/www.ondernemendvenlo.nl\/fr\/afdeling-spikweien-bezoekt-hertog-jan-2\/2024-11-29-bijeenk-hertog-jan-web6_-1\/'><img loading=\"lazy\" decoding=\"async\" width=\"800\" height=\"547\" src=\"https:\/\/www.ondernemendvenlo.nl\/wp-content\/uploads\/2025\/04\/2024-11-29-bijeenk.-Hertog-Jan-web6_-1.jpg\" class=\"attachment-large size-large\" alt=\"\" srcset=\"https:\/\/www.ondernemendvenlo.nl\/wp-content\/uploads\/2025\/04\/2024-11-29-bijeenk.-Hertog-Jan-web6_-1.jpg 800w, https:\/\/www.ondernemendvenlo.nl\/wp-content\/uploads\/2025\/04\/2024-11-29-bijeenk.-Hertog-Jan-web6_-1-300x205.jpg 300w, https:\/\/www.ondernemendvenlo.nl\/wp-content\/uploads\/2025\/04\/2024-11-29-bijeenk.-Hertog-Jan-web6_-1-768x525.jpg 768w, https:\/\/www.ondernemendvenlo.nl\/wp-content\/uploads\/2025\/04\/2024-11-29-bijeenk.-Hertog-Jan-web6_-1-18x12.jpg 18w\" sizes=\"(max-width: 800px) 100vw, 800px\" \/><\/a>\n\t\t\t<\/div><\/figure><figure class='gallery-item'>\n\t\t\t<div class='gallery-icon landscape'>\n\t\t\t\t<a href='https:\/\/www.ondernemendvenlo.nl\/fr\/afdeling-spikweien-bezoekt-hertog-jan-2\/2024-11-29-bijeenk-hertog-jan-web\/'><img loading=\"lazy\" decoding=\"async\" width=\"800\" height=\"700\" src=\"https:\/\/www.ondernemendvenlo.nl\/wp-content\/uploads\/2025\/04\/2024-11-29-bijeenk.-Hertog-Jan-web.jpg\" class=\"attachment-large size-large\" alt=\"\" srcset=\"https:\/\/www.ondernemendvenlo.nl\/wp-content\/uploads\/2025\/04\/2024-11-29-bijeenk.-Hertog-Jan-web.jpg 800w, https:\/\/www.ondernemendvenlo.nl\/wp-content\/uploads\/2025\/04\/2024-11-29-bijeenk.-Hertog-Jan-web-300x263.jpg 300w, https:\/\/www.ondernemendvenlo.nl\/wp-content\/uploads\/2025\/04\/2024-11-29-bijeenk.-Hertog-Jan-web-768x672.jpg 768w, https:\/\/www.ondernemendvenlo.nl\/wp-content\/uploads\/2025\/04\/2024-11-29-bijeenk.-Hertog-Jan-web-14x12.jpg 14w\" sizes=\"(max-width: 800px) 100vw, 800px\" \/><\/a>\n\t\t\t<\/div><\/figure>\n\t\t<\/div>\n\n<p>&nbsp;<\/p>","protected":false},"excerpt":{"rendered":"<p>Op vrijdag, 29 november bezochten de ondernemers van afdeling Spikweien, Brouwerij Hertog Jan. Het was interessant om in de keuken van een van de leden te kijken. De uitgebreide rondleiding gaf een mooi beeld van het brouwerijproces. Daarna moest er uiteraard even geproefd worden. De gezellige middag eindigde aan de overkant waar onder het genot [&hellip;]<\/p>","protected":false},"author":1,"featured_media":3239,"comment_status":"closed","ping_status":"open","sticky":false,"template":"","format":"standard","meta":{"_acf_changed":false,"footnotes":""},"categories":[8],"tags":[],"class_list":["post-3238","post","type-post","status-publish","format-standard","has-post-thumbnail","hentry","category-nieuws"],"acf":[],"yoast_head":"<!-- This site is optimized with the Yoast SEO plugin v26.3 - https:\/\/yoast.com\/wordpress\/plugins\/seo\/ -->\n<title>Afdeling Spikweien bezoekt Hertog Jan - Ondernemend Venlo<\/title>\n<meta name=\"robots\" content=\"index, follow, max-snippet:-1, max-image-preview:large, max-video-preview:-1\" \/>\n<link rel=\"canonical\" href=\"https:\/\/www.ondernemendvenlo.nl\/fr\/afdeling-spikweien-bezoekt-hertog-jan-2\/\" \/>\n<meta property=\"og:locale\" content=\"fr_FR\" \/>\n<meta property=\"og:type\" content=\"article\" \/>\n<meta property=\"og:title\" content=\"Afdeling Spikweien bezoekt Hertog Jan - Ondernemend Venlo\" \/>\n<meta property=\"og:description\" content=\"Op vrijdag, 29 november bezochten de ondernemers van afdeling Spikweien, Brouwerij Hertog Jan. Het was interessant om in de keuken van een van de leden te kijken. De uitgebreide rondleiding gaf een mooi beeld van het brouwerijproces. Daarna moest er uiteraard even geproefd worden. De gezellige middag eindigde aan de overkant waar onder het genot [&hellip;]\" \/>\n<meta property=\"og:url\" content=\"https:\/\/www.ondernemendvenlo.nl\/fr\/afdeling-spikweien-bezoekt-hertog-jan-2\/\" \/>\n<meta property=\"og:site_name\" content=\"Ondernemend Venlo\" \/>\n<meta property=\"article:published_time\" content=\"2024-12-03T09:30:07+00:00\" \/>\n<meta property=\"og:image\" content=\"https:\/\/www.ondernemendvenlo.nl\/wp-content\/uploads\/2025\/04\/2024-11-29-bijeenk.-Hertog-Jan-web4.jpg\" \/>\n\t<meta property=\"og:image:width\" content=\"800\" \/>\n\t<meta property=\"og:image:height\" content=\"600\" \/>\n\t<meta property=\"og:image:type\" content=\"image\/jpeg\" \/>\n<meta name=\"author\" content=\"admin\" \/>\n<meta name=\"twitter:card\" content=\"summary_large_image\" \/>\n<meta name=\"twitter:label1\" content=\"\u00c9crit par\" \/>\n\t<meta name=\"twitter:data1\" content=\"admin\" \/>\n<script type=\"application\/ld+json\" class=\"yoast-schema-graph\">{\"@context\":\"https:\/\/schema.org\",\"@graph\":[{\"@type\":\"Article\",\"@id\":\"https:\/\/www.ondernemendvenlo.nl\/afdeling-spikweien-bezoekt-hertog-jan-2\/#article\",\"isPartOf\":{\"@id\":\"https:\/\/www.ondernemendvenlo.nl\/afdeling-spikweien-bezoekt-hertog-jan-2\/\"},\"author\":{\"name\":\"admin\",\"@id\":\"https:\/\/www.ondernemendvenlo.nl\/#\/schema\/person\/347e935f8ad4c7030608ef74bb57aa6e\"},\"headline\":\"Afdeling Spikweien bezoekt Hertog Jan\",\"datePublished\":\"2024-12-03T09:30:07+00:00\",\"mainEntityOfPage\":{\"@id\":\"https:\/\/www.ondernemendvenlo.nl\/afdeling-spikweien-bezoekt-hertog-jan-2\/\"},\"wordCount\":74,\"publisher\":{\"@id\":\"https:\/\/www.ondernemendvenlo.nl\/#organization\"},\"image\":{\"@id\":\"https:\/\/www.ondernemendvenlo.nl\/afdeling-spikweien-bezoekt-hertog-jan-2\/#primaryimage\"},\"thumbnailUrl\":\"https:\/\/www.ondernemendvenlo.nl\/wp-content\/uploads\/2025\/04\/2024-11-29-bijeenk.-Hertog-Jan-web4.jpg\",\"articleSection\":[\"Nieuws\"],\"inLanguage\":\"fr-FR\"},{\"@type\":\"WebPage\",\"@id\":\"https:\/\/www.ondernemendvenlo.nl\/afdeling-spikweien-bezoekt-hertog-jan-2\/\",\"url\":\"https:\/\/www.ondernemendvenlo.nl\/afdeling-spikweien-bezoekt-hertog-jan-2\/\",\"name\":\"Afdeling Spikweien bezoekt Hertog Jan - Ondernemend Venlo\",\"isPartOf\":{\"@id\":\"https:\/\/www.ondernemendvenlo.nl\/#website\"},\"primaryImageOfPage\":{\"@id\":\"https:\/\/www.ondernemendvenlo.nl\/afdeling-spikweien-bezoekt-hertog-jan-2\/#primaryimage\"},\"image\":{\"@id\":\"https:\/\/www.ondernemendvenlo.nl\/afdeling-spikweien-bezoekt-hertog-jan-2\/#primaryimage\"},\"thumbnailUrl\":\"https:\/\/www.ondernemendvenlo.nl\/wp-content\/uploads\/2025\/04\/2024-11-29-bijeenk.-Hertog-Jan-web4.jpg\",\"datePublished\":\"2024-12-03T09:30:07+00:00\",\"breadcrumb\":{\"@id\":\"https:\/\/www.ondernemendvenlo.nl\/afdeling-spikweien-bezoekt-hertog-jan-2\/#breadcrumb\"},\"inLanguage\":\"fr-FR\",\"potentialAction\":[{\"@type\":\"ReadAction\",\"target\":[\"https:\/\/www.ondernemendvenlo.nl\/afdeling-spikweien-bezoekt-hertog-jan-2\/\"]}]},{\"@type\":\"ImageObject\",\"inLanguage\":\"fr-FR\",\"@id\":\"https:\/\/www.ondernemendvenlo.nl\/afdeling-spikweien-bezoekt-hertog-jan-2\/#primaryimage\",\"url\":\"https:\/\/www.ondernemendvenlo.nl\/wp-content\/uploads\/2025\/04\/2024-11-29-bijeenk.-Hertog-Jan-web4.jpg\",\"contentUrl\":\"https:\/\/www.ondernemendvenlo.nl\/wp-content\/uploads\/2025\/04\/2024-11-29-bijeenk.-Hertog-Jan-web4.jpg\",\"width\":800,\"height\":600},{\"@type\":\"BreadcrumbList\",\"@id\":\"https:\/\/www.ondernemendvenlo.nl\/afdeling-spikweien-bezoekt-hertog-jan-2\/#breadcrumb\",\"itemListElement\":[{\"@type\":\"ListItem\",\"position\":1,\"name\":\"Ondernemend Venlo\",\"item\":\"https:\/\/www.ondernemendvenlo.nl\/\"},{\"@type\":\"ListItem\",\"position\":2,\"name\":\"Nieuws\",\"item\":\"https:\/\/www.ondernemendvenlo.nl\/categorie\/nieuws\/\"},{\"@type\":\"ListItem\",\"position\":3,\"name\":\"Afdeling Spikweien bezoekt Hertog Jan\"}]},{\"@type\":\"WebSite\",\"@id\":\"https:\/\/www.ondernemendvenlo.nl\/#website\",\"url\":\"https:\/\/www.ondernemendvenlo.nl\/\",\"name\":\"Ondernemend Venlo\",\"description\":\"Samen succesvol ondernemen\",\"publisher\":{\"@id\":\"https:\/\/www.ondernemendvenlo.nl\/#organization\"},\"potentialAction\":[{\"@type\":\"SearchAction\",\"target\":{\"@type\":\"EntryPoint\",\"urlTemplate\":\"https:\/\/www.ondernemendvenlo.nl\/?s={search_term_string}\"},\"query-input\":{\"@type\":\"PropertyValueSpecification\",\"valueRequired\":true,\"valueName\":\"search_term_string\"}}],\"inLanguage\":\"fr-FR\"},{\"@type\":\"Organization\",\"@id\":\"https:\/\/www.ondernemendvenlo.nl\/#organization\",\"name\":\"Ondernemend Venlo\",\"url\":\"https:\/\/www.ondernemendvenlo.nl\/\",\"logo\":{\"@type\":\"ImageObject\",\"inLanguage\":\"fr-FR\",\"@id\":\"https:\/\/www.ondernemendvenlo.nl\/#\/schema\/logo\/image\/\",\"url\":\"https:\/\/www.ondernemendvenlo.nl\/wp-content\/uploads\/2025\/02\/Ondernemend-Venlo-logo-scaled.webp\",\"contentUrl\":\"https:\/\/www.ondernemendvenlo.nl\/wp-content\/uploads\/2025\/02\/Ondernemend-Venlo-logo-scaled.webp\",\"width\":2560,\"height\":1010,\"caption\":\"Ondernemend Venlo\"},\"image\":{\"@id\":\"https:\/\/www.ondernemendvenlo.nl\/#\/schema\/logo\/image\/\"},\"sameAs\":[\"https:\/\/www.linkedin.com\/company\/ondernemend-venlo\/\"]},{\"@type\":\"Person\",\"@id\":\"https:\/\/www.ondernemendvenlo.nl\/#\/schema\/person\/347e935f8ad4c7030608ef74bb57aa6e\",\"name\":\"admin\",\"image\":{\"@type\":\"ImageObject\",\"inLanguage\":\"fr-FR\",\"@id\":\"https:\/\/www.ondernemendvenlo.nl\/#\/schema\/person\/image\/\",\"url\":\"https:\/\/www.ondernemendvenlo.nl\/wp-content\/litespeed\/avatar\/720af750b037aecf6e33e12833479059.jpg?ver=1777382954\",\"contentUrl\":\"https:\/\/www.ondernemendvenlo.nl\/wp-content\/litespeed\/avatar\/720af750b037aecf6e33e12833479059.jpg?ver=1777382954\",\"caption\":\"admin\"},\"sameAs\":[\"https:\/\/www.ondernemendvenlo.nl\"]}]}<\/script>\n<!-- \/ Yoast SEO plugin. -->","yoast_head_json":{"title":"Afdeling Spikweien bezoekt Hertog Jan - Ondernemend Venlo","robots":{"index":"index","follow":"follow","max-snippet":"max-snippet:-1","max-image-preview":"max-image-preview:large","max-video-preview":"max-video-preview:-1"},"canonical":"https:\/\/www.ondernemendvenlo.nl\/fr\/afdeling-spikweien-bezoekt-hertog-jan-2\/","og_locale":"fr_FR","og_type":"article","og_title":"Afdeling Spikweien bezoekt Hertog Jan - Ondernemend Venlo","og_description":"Op vrijdag, 29 november bezochten de ondernemers van afdeling Spikweien, Brouwerij Hertog Jan. Het was interessant om in de keuken van een van de leden te kijken. De uitgebreide rondleiding gaf een mooi beeld van het brouwerijproces. Daarna moest er uiteraard even geproefd worden. De gezellige middag eindigde aan de overkant waar onder het genot [&hellip;]","og_url":"https:\/\/www.ondernemendvenlo.nl\/fr\/afdeling-spikweien-bezoekt-hertog-jan-2\/","og_site_name":"Ondernemend Venlo","article_published_time":"2024-12-03T09:30:07+00:00","og_image":[{"width":800,"height":600,"url":"https:\/\/www.ondernemendvenlo.nl\/wp-content\/uploads\/2025\/04\/2024-11-29-bijeenk.-Hertog-Jan-web4.jpg","type":"image\/jpeg"}],"author":"admin","twitter_card":"summary_large_image","twitter_misc":{"\u00c9crit par":"admin"},"schema":{"@context":"https:\/\/schema.org","@graph":[{"@type":"Article","@id":"https:\/\/www.ondernemendvenlo.nl\/afdeling-spikweien-bezoekt-hertog-jan-2\/#article","isPartOf":{"@id":"https:\/\/www.ondernemendvenlo.nl\/afdeling-spikweien-bezoekt-hertog-jan-2\/"},"author":{"name":"admin","@id":"https:\/\/www.ondernemendvenlo.nl\/#\/schema\/person\/347e935f8ad4c7030608ef74bb57aa6e"},"headline":"Afdeling Spikweien bezoekt Hertog Jan","datePublished":"2024-12-03T09:30:07+00:00","mainEntityOfPage":{"@id":"https:\/\/www.ondernemendvenlo.nl\/afdeling-spikweien-bezoekt-hertog-jan-2\/"},"wordCount":74,"publisher":{"@id":"https:\/\/www.ondernemendvenlo.nl\/#organization"},"image":{"@id":"https:\/\/www.ondernemendvenlo.nl\/afdeling-spikweien-bezoekt-hertog-jan-2\/#primaryimage"},"thumbnailUrl":"https:\/\/www.ondernemendvenlo.nl\/wp-content\/uploads\/2025\/04\/2024-11-29-bijeenk.-Hertog-Jan-web4.jpg","articleSection":["Nieuws"],"inLanguage":"fr-FR"},{"@type":"WebPage","@id":"https:\/\/www.ondernemendvenlo.nl\/afdeling-spikweien-bezoekt-hertog-jan-2\/","url":"https:\/\/www.ondernemendvenlo.nl\/afdeling-spikweien-bezoekt-hertog-jan-2\/","name":"Afdeling Spikweien bezoekt Hertog Jan - Ondernemend Venlo","isPartOf":{"@id":"https:\/\/www.ondernemendvenlo.nl\/#website"},"primaryImageOfPage":{"@id":"https:\/\/www.ondernemendvenlo.nl\/afdeling-spikweien-bezoekt-hertog-jan-2\/#primaryimage"},"image":{"@id":"https:\/\/www.ondernemendvenlo.nl\/afdeling-spikweien-bezoekt-hertog-jan-2\/#primaryimage"},"thumbnailUrl":"https:\/\/www.ondernemendvenlo.nl\/wp-content\/uploads\/2025\/04\/2024-11-29-bijeenk.-Hertog-Jan-web4.jpg","datePublished":"2024-12-03T09:30:07+00:00","breadcrumb":{"@id":"https:\/\/www.ondernemendvenlo.nl\/afdeling-spikweien-bezoekt-hertog-jan-2\/#breadcrumb"},"inLanguage":"fr-FR","potentialAction":[{"@type":"ReadAction","target":["https:\/\/www.ondernemendvenlo.nl\/afdeling-spikweien-bezoekt-hertog-jan-2\/"]}]},{"@type":"ImageObject","inLanguage":"fr-FR","@id":"https:\/\/www.ondernemendvenlo.nl\/afdeling-spikweien-bezoekt-hertog-jan-2\/#primaryimage","url":"https:\/\/www.ondernemendvenlo.nl\/wp-content\/uploads\/2025\/04\/2024-11-29-bijeenk.-Hertog-Jan-web4.jpg","contentUrl":"https:\/\/www.ondernemendvenlo.nl\/wp-content\/uploads\/2025\/04\/2024-11-29-bijeenk.-Hertog-Jan-web4.jpg","width":800,"height":600},{"@type":"BreadcrumbList","@id":"https:\/\/www.ondernemendvenlo.nl\/afdeling-spikweien-bezoekt-hertog-jan-2\/#breadcrumb","itemListElement":[{"@type":"ListItem","position":1,"name":"Ondernemend Venlo","item":"https:\/\/www.ondernemendvenlo.nl\/"},{"@type":"ListItem","position":2,"name":"Nieuws","item":"https:\/\/www.ondernemendvenlo.nl\/categorie\/nieuws\/"},{"@type":"ListItem","position":3,"name":"Afdeling Spikweien bezoekt Hertog Jan"}]},{"@type":"WebSite","@id":"https:\/\/www.ondernemendvenlo.nl\/#website","url":"https:\/\/www.ondernemendvenlo.nl\/","name":"Venlo entrepreneurial","description":"Travailler ensemble avec succ\u00e8s","publisher":{"@id":"https:\/\/www.ondernemendvenlo.nl\/#organization"},"potentialAction":[{"@type":"SearchAction","target":{"@type":"EntryPoint","urlTemplate":"https:\/\/www.ondernemendvenlo.nl\/?s={search_term_string}"},"query-input":{"@type":"PropertyValueSpecification","valueRequired":true,"valueName":"search_term_string"}}],"inLanguage":"fr-FR"},{"@type":"Organization","@id":"https:\/\/www.ondernemendvenlo.nl\/#organization","name":"Venlo entrepreneurial","url":"https:\/\/www.ondernemendvenlo.nl\/","logo":{"@type":"ImageObject","inLanguage":"fr-FR","@id":"https:\/\/www.ondernemendvenlo.nl\/#\/schema\/logo\/image\/","url":"https:\/\/www.ondernemendvenlo.nl\/wp-content\/uploads\/2025\/02\/Ondernemend-Venlo-logo-scaled.webp","contentUrl":"https:\/\/www.ondernemendvenlo.nl\/wp-content\/uploads\/2025\/02\/Ondernemend-Venlo-logo-scaled.webp","width":2560,"height":1010,"caption":"Ondernemend Venlo"},"image":{"@id":"https:\/\/www.ondernemendvenlo.nl\/#\/schema\/logo\/image\/"},"sameAs":["https:\/\/www.linkedin.com\/company\/ondernemend-venlo\/"]},{"@type":"Person","@id":"https:\/\/www.ondernemendvenlo.nl\/#\/schema\/person\/347e935f8ad4c7030608ef74bb57aa6e","name":"admin","image":{"@type":"ImageObject","inLanguage":"fr-FR","@id":"https:\/\/www.ondernemendvenlo.nl\/#\/schema\/person\/image\/","url":"https:\/\/www.ondernemendvenlo.nl\/wp-content\/litespeed\/avatar\/720af750b037aecf6e33e12833479059.jpg?ver=1777382954","contentUrl":"https:\/\/www.ondernemendvenlo.nl\/wp-content\/litespeed\/avatar\/720af750b037aecf6e33e12833479059.jpg?ver=1777382954","caption":"admin"},"sameAs":["https:\/\/www.ondernemendvenlo.nl"]}]}},"_links":{"self":[{"href":"https:\/\/www.ondernemendvenlo.nl\/fr\/wp-json\/wp\/v2\/posts\/3238","targetHints":{"allow":["GET"]}}],"collection":[{"href":"https:\/\/www.ondernemendvenlo.nl\/fr\/wp-json\/wp\/v2\/posts"}],"about":[{"href":"https:\/\/www.ondernemendvenlo.nl\/fr\/wp-json\/wp\/v2\/types\/post"}],"author":[{"embeddable":true,"href":"https:\/\/www.ondernemendvenlo.nl\/fr\/wp-json\/wp\/v2\/users\/1"}],"replies":[{"embeddable":true,"href":"https:\/\/www.ondernemendvenlo.nl\/fr\/wp-json\/wp\/v2\/comments?post=3238"}],"version-history":[{"count":0,"href":"https:\/\/www.ondernemendvenlo.nl\/fr\/wp-json\/wp\/v2\/posts\/3238\/revisions"}],"wp:featuredmedia":[{"embeddable":true,"href":"https:\/\/www.ondernemendvenlo.nl\/fr\/wp-json\/wp\/v2\/media\/3239"}],"wp:attachment":[{"href":"https:\/\/www.ondernemendvenlo.nl\/fr\/wp-json\/wp\/v2\/media?parent=3238"}],"wp:term":[{"taxonomy":"category","embeddable":true,"href":"https:\/\/www.ondernemendvenlo.nl\/fr\/wp-json\/wp\/v2\/categories?post=3238"},{"taxonomy":"post_tag","embeddable":true,"href":"https:\/\/www.ondernemendvenlo.nl\/fr\/wp-json\/wp\/v2\/tags?post=3238"}],"curies":[{"name":"wp","href":"https:\/\/api.w.org\/{rel}","templated":true}]}}