{"id":3244,"date":"2024-12-10T12:16:54","date_gmt":"2024-12-10T11:16:54","guid":{"rendered":"https:\/\/www.ondernemendvenlo.nl\/samenwerking-met-gemeente-venlo-in-5-projecten\/"},"modified":"2024-12-10T12:16:54","modified_gmt":"2024-12-10T11:16:54","slug":"samenwerking-met-gemeente-venlo-in-5-projecten","status":"publish","type":"post","link":"https:\/\/www.ondernemendvenlo.nl\/fr\/samenwerking-met-gemeente-venlo-in-5-projecten\/","title":{"rendered":"Coop\u00e9ration avec la municipalit\u00e9 de Venlo dans le cadre de 5 projets"},"content":{"rendered":"<p style=\"font-weight: 400;\"><strong>Entrepreneurial Venlo et la municipalit\u00e9 de Venlo ont sign\u00e9 un accord le 4 d\u00e9cembre. L'accord concerne la coop\u00e9ration dans cinq projets dans les domaines du march\u00e9 du travail, des parcs d'activit\u00e9s, de la s\u00e9curit\u00e9 et de l'internationalisation. Les accords s'appliquent de 2024 \u00e0 2026 et les co\u00fbts sont partag\u00e9s \u00e0 parts \u00e9gales : 50% seront pris en charge par la municipalit\u00e9 et 50% par Entrepreneurial Venlo.<\/strong><\/p>\n<p style=\"font-weight: 400;\">\"Un march\u00e9 du travail plus fort, des entreprises innovantes et une meilleure coop\u00e9ration rendent notre ville encore plus vivable et attrayante\", d\u00e9clare le conseiller Erwin Boom. Entre 2020 et 2023, nous avons d\u00e9j\u00e0 mis en \u0153uvre avec succ\u00e8s trois conventions similaires. Les nouveaux projets renforcent la capacit\u00e9 de notre r\u00e9gion \u00e0 faire face \u00e0 l'avenir. Pensez \u00e0 un meilleur enseignement, \u00e0 des zones d'activit\u00e9s plus s\u00fbres et \u00e0 de nouveaux emplois gr\u00e2ce aux start-ups, entre autres. Il ne s'agit pas seulement d'un investissement dans l'\u00e9conomie, mais aussi dans la qualit\u00e9 de notre vie quotidienne.<\/p>\n<p><img fetchpriority=\"high\" decoding=\"async\" class=\"alignnone size-full wp-image-22191\" src=\"https:\/\/www.ondernemendvenlo.nl\/wp-content\/uploads\/2025\/04\/Tekenen-OEV-web.jpg\" alt=\"\" width=\"1920\" height=\"1080\" \/><\/p>\n<p><em>Lizbeth van den Boogaard (VOV), Peter Pardoel (SSCV), Ingrid Vermeer (BCGV) et le conseiller municipal Erwin Boom \u00e9taient pr\u00e9sents lors de la signature.<\/em><\/p>\n<p style=\"font-weight: 400;\">La municipalit\u00e9 de Venlo a \u00e9galement sign\u00e9 de nouvelles conventions avec Supply Chain Valley Foundation (SSCV) et Brightlands Campus Greenport Venlo (BCGV) le 4 d\u00e9cembre 2024. La Supply Chain Valley Foundation met l'accent sur la recherche, l'innovation et l'\u00e9ducation. Avec Brightlands Campus Greenport Venlo, l'accent est mis sur un d\u00e9fi de d\u00e9marrage pour encourager les jeunes entrepreneurs.<\/p>\n<p style=\"font-weight: 400;\"><strong>Vision \u00e9conomique 2030 et programme de d\u00e9veloppement<\/strong><br \/>\nLa Vision \u00e9conomique 2030 se concentre non seulement sur la croissance financi\u00e8re, mais aussi sur le bien-\u00eatre. Cette vision est concr\u00e9tis\u00e9e dans le programme de d\u00e9veloppement Vision \u00e9conomique 2024-2030, avec les huit projets susmentionn\u00e9s qui contribuent \u00e0 ce que la municipalit\u00e9 appelle le \"d\u00e9veloppement d'une large prosp\u00e9rit\u00e9\". La prosp\u00e9rit\u00e9 au sens large n'est pas seulement une question d'argent, mais aussi de bien-\u00eatre, de cadre de vie et d'opportunit\u00e9s pour tous. Le programme de d\u00e9veloppement met cela en pratique en travaillant avec les entrepreneurs et les \u00e9tablissements d'enseignement. Cela permet de renforcer les r\u00e9seaux de grappes d'entreprises et d'accro\u00eetre le pouvoir d'innovation. Les habitants, les entreprises et l'avenir de la r\u00e9gion en b\u00e9n\u00e9ficient.<\/p>","protected":false},"excerpt":{"rendered":"<p>Ondernemend Venlo en de gemeente Venlo hebben op 4 december een convenant getekend. Het convenant betreft de samenwerking in 5 projecten op het gebied van arbeidsmarkt, bedrijventerreinen, veiligheid en internationalisering. De afspraken gelden van 2024 tot 2026 en de kosten worden gelijkwaardig verdeeld: 50% komt voor rekening van de gemeente en 50% voor Ondernemend Venlo. [&hellip;]<\/p>","protected":false},"author":1,"featured_media":3245,"comment_status":"closed","ping_status":"open","sticky":false,"template":"","format":"standard","meta":{"_acf_changed":false,"footnotes":""},"categories":[8],"tags":[],"class_list":["post-3244","post","type-post","status-publish","format-standard","has-post-thumbnail","hentry","category-nieuws"],"acf":[],"yoast_head":"<!-- This site is optimized with the Yoast SEO plugin v26.3 - https:\/\/yoast.com\/wordpress\/plugins\/seo\/ -->\n<title>Samenwerking met de gemeente Venlo in 5 projecten - Ondernemend Venlo<\/title>\n<meta name=\"robots\" content=\"index, follow, max-snippet:-1, max-image-preview:large, max-video-preview:-1\" \/>\n<link rel=\"canonical\" href=\"https:\/\/www.ondernemendvenlo.nl\/fr\/samenwerking-met-gemeente-venlo-in-5-projecten\/\" \/>\n<meta property=\"og:locale\" content=\"fr_FR\" \/>\n<meta property=\"og:type\" content=\"article\" \/>\n<meta property=\"og:title\" content=\"Samenwerking met de gemeente Venlo in 5 projecten - Ondernemend Venlo\" \/>\n<meta property=\"og:description\" content=\"Ondernemend Venlo en de gemeente Venlo hebben op 4 december een convenant getekend. Het convenant betreft de samenwerking in 5 projecten op het gebied van arbeidsmarkt, bedrijventerreinen, veiligheid en internationalisering. De afspraken gelden van 2024 tot 2026 en de kosten worden gelijkwaardig verdeeld: 50% komt voor rekening van de gemeente en 50% voor Ondernemend Venlo. [&hellip;]\" \/>\n<meta property=\"og:url\" content=\"https:\/\/www.ondernemendvenlo.nl\/fr\/samenwerking-met-gemeente-venlo-in-5-projecten\/\" \/>\n<meta property=\"og:site_name\" content=\"Ondernemend Venlo\" \/>\n<meta property=\"article:published_time\" content=\"2024-12-10T11:16:54+00:00\" \/>\n<meta property=\"og:image\" content=\"https:\/\/www.ondernemendvenlo.nl\/wp-content\/uploads\/2025\/04\/Tekenen-OEV-web.jpg\" \/>\n\t<meta property=\"og:image:width\" content=\"1920\" \/>\n\t<meta property=\"og:image:height\" content=\"1080\" \/>\n\t<meta property=\"og:image:type\" content=\"image\/jpeg\" \/>\n<meta name=\"author\" content=\"admin\" \/>\n<meta name=\"twitter:card\" content=\"summary_large_image\" \/>\n<meta name=\"twitter:label1\" content=\"\u00c9crit par\" \/>\n\t<meta name=\"twitter:data1\" content=\"admin\" \/>\n\t<meta name=\"twitter:label2\" content=\"Dur\u00e9e de lecture estim\u00e9e\" \/>\n\t<meta name=\"twitter:data2\" content=\"1 minute\" \/>\n<script type=\"application\/ld+json\" class=\"yoast-schema-graph\">{\"@context\":\"https:\/\/schema.org\",\"@graph\":[{\"@type\":\"Article\",\"@id\":\"https:\/\/www.ondernemendvenlo.nl\/samenwerking-met-gemeente-venlo-in-5-projecten\/#article\",\"isPartOf\":{\"@id\":\"https:\/\/www.ondernemendvenlo.nl\/samenwerking-met-gemeente-venlo-in-5-projecten\/\"},\"author\":{\"name\":\"admin\",\"@id\":\"https:\/\/www.ondernemendvenlo.nl\/#\/schema\/person\/347e935f8ad4c7030608ef74bb57aa6e\"},\"headline\":\"Samenwerking met de gemeente Venlo in 5 projecten\",\"datePublished\":\"2024-12-10T11:16:54+00:00\",\"mainEntityOfPage\":{\"@id\":\"https:\/\/www.ondernemendvenlo.nl\/samenwerking-met-gemeente-venlo-in-5-projecten\/\"},\"wordCount\":290,\"publisher\":{\"@id\":\"https:\/\/www.ondernemendvenlo.nl\/#organization\"},\"image\":{\"@id\":\"https:\/\/www.ondernemendvenlo.nl\/samenwerking-met-gemeente-venlo-in-5-projecten\/#primaryimage\"},\"thumbnailUrl\":\"https:\/\/www.ondernemendvenlo.nl\/wp-content\/uploads\/2025\/04\/Tekenen-OEV-web.jpg\",\"articleSection\":[\"Nieuws\"],\"inLanguage\":\"fr-FR\"},{\"@type\":\"WebPage\",\"@id\":\"https:\/\/www.ondernemendvenlo.nl\/samenwerking-met-gemeente-venlo-in-5-projecten\/\",\"url\":\"https:\/\/www.ondernemendvenlo.nl\/samenwerking-met-gemeente-venlo-in-5-projecten\/\",\"name\":\"Samenwerking met de gemeente Venlo in 5 projecten - Ondernemend Venlo\",\"isPartOf\":{\"@id\":\"https:\/\/www.ondernemendvenlo.nl\/#website\"},\"primaryImageOfPage\":{\"@id\":\"https:\/\/www.ondernemendvenlo.nl\/samenwerking-met-gemeente-venlo-in-5-projecten\/#primaryimage\"},\"image\":{\"@id\":\"https:\/\/www.ondernemendvenlo.nl\/samenwerking-met-gemeente-venlo-in-5-projecten\/#primaryimage\"},\"thumbnailUrl\":\"https:\/\/www.ondernemendvenlo.nl\/wp-content\/uploads\/2025\/04\/Tekenen-OEV-web.jpg\",\"datePublished\":\"2024-12-10T11:16:54+00:00\",\"breadcrumb\":{\"@id\":\"https:\/\/www.ondernemendvenlo.nl\/samenwerking-met-gemeente-venlo-in-5-projecten\/#breadcrumb\"},\"inLanguage\":\"fr-FR\",\"potentialAction\":[{\"@type\":\"ReadAction\",\"target\":[\"https:\/\/www.ondernemendvenlo.nl\/samenwerking-met-gemeente-venlo-in-5-projecten\/\"]}]},{\"@type\":\"ImageObject\",\"inLanguage\":\"fr-FR\",\"@id\":\"https:\/\/www.ondernemendvenlo.nl\/samenwerking-met-gemeente-venlo-in-5-projecten\/#primaryimage\",\"url\":\"https:\/\/www.ondernemendvenlo.nl\/wp-content\/uploads\/2025\/04\/Tekenen-OEV-web.jpg\",\"contentUrl\":\"https:\/\/www.ondernemendvenlo.nl\/wp-content\/uploads\/2025\/04\/Tekenen-OEV-web.jpg\",\"width\":1920,\"height\":1080},{\"@type\":\"BreadcrumbList\",\"@id\":\"https:\/\/www.ondernemendvenlo.nl\/samenwerking-met-gemeente-venlo-in-5-projecten\/#breadcrumb\",\"itemListElement\":[{\"@type\":\"ListItem\",\"position\":1,\"name\":\"Ondernemend Venlo\",\"item\":\"https:\/\/www.ondernemendvenlo.nl\/\"},{\"@type\":\"ListItem\",\"position\":2,\"name\":\"Nieuws\",\"item\":\"https:\/\/www.ondernemendvenlo.nl\/categorie\/nieuws\/\"},{\"@type\":\"ListItem\",\"position\":3,\"name\":\"Samenwerking met de gemeente Venlo in 5 projecten\"}]},{\"@type\":\"WebSite\",\"@id\":\"https:\/\/www.ondernemendvenlo.nl\/#website\",\"url\":\"https:\/\/www.ondernemendvenlo.nl\/\",\"name\":\"Ondernemend Venlo\",\"description\":\"Samen succesvol ondernemen\",\"publisher\":{\"@id\":\"https:\/\/www.ondernemendvenlo.nl\/#organization\"},\"potentialAction\":[{\"@type\":\"SearchAction\",\"target\":{\"@type\":\"EntryPoint\",\"urlTemplate\":\"https:\/\/www.ondernemendvenlo.nl\/?s={search_term_string}\"},\"query-input\":{\"@type\":\"PropertyValueSpecification\",\"valueRequired\":true,\"valueName\":\"search_term_string\"}}],\"inLanguage\":\"fr-FR\"},{\"@type\":\"Organization\",\"@id\":\"https:\/\/www.ondernemendvenlo.nl\/#organization\",\"name\":\"Ondernemend Venlo\",\"url\":\"https:\/\/www.ondernemendvenlo.nl\/\",\"logo\":{\"@type\":\"ImageObject\",\"inLanguage\":\"fr-FR\",\"@id\":\"https:\/\/www.ondernemendvenlo.nl\/#\/schema\/logo\/image\/\",\"url\":\"https:\/\/www.ondernemendvenlo.nl\/wp-content\/uploads\/2025\/02\/Ondernemend-Venlo-logo-scaled.webp\",\"contentUrl\":\"https:\/\/www.ondernemendvenlo.nl\/wp-content\/uploads\/2025\/02\/Ondernemend-Venlo-logo-scaled.webp\",\"width\":2560,\"height\":1010,\"caption\":\"Ondernemend Venlo\"},\"image\":{\"@id\":\"https:\/\/www.ondernemendvenlo.nl\/#\/schema\/logo\/image\/\"},\"sameAs\":[\"https:\/\/www.linkedin.com\/company\/ondernemend-venlo\/\"]},{\"@type\":\"Person\",\"@id\":\"https:\/\/www.ondernemendvenlo.nl\/#\/schema\/person\/347e935f8ad4c7030608ef74bb57aa6e\",\"name\":\"admin\",\"image\":{\"@type\":\"ImageObject\",\"inLanguage\":\"fr-FR\",\"@id\":\"https:\/\/www.ondernemendvenlo.nl\/#\/schema\/person\/image\/\",\"url\":\"https:\/\/www.ondernemendvenlo.nl\/wp-content\/litespeed\/avatar\/720af750b037aecf6e33e12833479059.jpg?ver=1777382954\",\"contentUrl\":\"https:\/\/www.ondernemendvenlo.nl\/wp-content\/litespeed\/avatar\/720af750b037aecf6e33e12833479059.jpg?ver=1777382954\",\"caption\":\"admin\"},\"sameAs\":[\"https:\/\/www.ondernemendvenlo.nl\"]}]}<\/script>\n<!-- \/ Yoast SEO plugin. -->","yoast_head_json":{"title":"Samenwerking met de gemeente Venlo in 5 projecten - Ondernemend Venlo","robots":{"index":"index","follow":"follow","max-snippet":"max-snippet:-1","max-image-preview":"max-image-preview:large","max-video-preview":"max-video-preview:-1"},"canonical":"https:\/\/www.ondernemendvenlo.nl\/fr\/samenwerking-met-gemeente-venlo-in-5-projecten\/","og_locale":"fr_FR","og_type":"article","og_title":"Samenwerking met de gemeente Venlo in 5 projecten - Ondernemend Venlo","og_description":"Ondernemend Venlo en de gemeente Venlo hebben op 4 december een convenant getekend. Het convenant betreft de samenwerking in 5 projecten op het gebied van arbeidsmarkt, bedrijventerreinen, veiligheid en internationalisering. De afspraken gelden van 2024 tot 2026 en de kosten worden gelijkwaardig verdeeld: 50% komt voor rekening van de gemeente en 50% voor Ondernemend Venlo. [&hellip;]","og_url":"https:\/\/www.ondernemendvenlo.nl\/fr\/samenwerking-met-gemeente-venlo-in-5-projecten\/","og_site_name":"Ondernemend Venlo","article_published_time":"2024-12-10T11:16:54+00:00","og_image":[{"width":1920,"height":1080,"url":"https:\/\/www.ondernemendvenlo.nl\/wp-content\/uploads\/2025\/04\/Tekenen-OEV-web.jpg","type":"image\/jpeg"}],"author":"admin","twitter_card":"summary_large_image","twitter_misc":{"\u00c9crit par":"admin","Dur\u00e9e de lecture estim\u00e9e":"1 minute"},"schema":{"@context":"https:\/\/schema.org","@graph":[{"@type":"Article","@id":"https:\/\/www.ondernemendvenlo.nl\/samenwerking-met-gemeente-venlo-in-5-projecten\/#article","isPartOf":{"@id":"https:\/\/www.ondernemendvenlo.nl\/samenwerking-met-gemeente-venlo-in-5-projecten\/"},"author":{"name":"admin","@id":"https:\/\/www.ondernemendvenlo.nl\/#\/schema\/person\/347e935f8ad4c7030608ef74bb57aa6e"},"headline":"Samenwerking met de gemeente Venlo in 5 projecten","datePublished":"2024-12-10T11:16:54+00:00","mainEntityOfPage":{"@id":"https:\/\/www.ondernemendvenlo.nl\/samenwerking-met-gemeente-venlo-in-5-projecten\/"},"wordCount":290,"publisher":{"@id":"https:\/\/www.ondernemendvenlo.nl\/#organization"},"image":{"@id":"https:\/\/www.ondernemendvenlo.nl\/samenwerking-met-gemeente-venlo-in-5-projecten\/#primaryimage"},"thumbnailUrl":"https:\/\/www.ondernemendvenlo.nl\/wp-content\/uploads\/2025\/04\/Tekenen-OEV-web.jpg","articleSection":["Nieuws"],"inLanguage":"fr-FR"},{"@type":"WebPage","@id":"https:\/\/www.ondernemendvenlo.nl\/samenwerking-met-gemeente-venlo-in-5-projecten\/","url":"https:\/\/www.ondernemendvenlo.nl\/samenwerking-met-gemeente-venlo-in-5-projecten\/","name":"Samenwerking met de gemeente Venlo in 5 projecten - Ondernemend Venlo","isPartOf":{"@id":"https:\/\/www.ondernemendvenlo.nl\/#website"},"primaryImageOfPage":{"@id":"https:\/\/www.ondernemendvenlo.nl\/samenwerking-met-gemeente-venlo-in-5-projecten\/#primaryimage"},"image":{"@id":"https:\/\/www.ondernemendvenlo.nl\/samenwerking-met-gemeente-venlo-in-5-projecten\/#primaryimage"},"thumbnailUrl":"https:\/\/www.ondernemendvenlo.nl\/wp-content\/uploads\/2025\/04\/Tekenen-OEV-web.jpg","datePublished":"2024-12-10T11:16:54+00:00","breadcrumb":{"@id":"https:\/\/www.ondernemendvenlo.nl\/samenwerking-met-gemeente-venlo-in-5-projecten\/#breadcrumb"},"inLanguage":"fr-FR","potentialAction":[{"@type":"ReadAction","target":["https:\/\/www.ondernemendvenlo.nl\/samenwerking-met-gemeente-venlo-in-5-projecten\/"]}]},{"@type":"ImageObject","inLanguage":"fr-FR","@id":"https:\/\/www.ondernemendvenlo.nl\/samenwerking-met-gemeente-venlo-in-5-projecten\/#primaryimage","url":"https:\/\/www.ondernemendvenlo.nl\/wp-content\/uploads\/2025\/04\/Tekenen-OEV-web.jpg","contentUrl":"https:\/\/www.ondernemendvenlo.nl\/wp-content\/uploads\/2025\/04\/Tekenen-OEV-web.jpg","width":1920,"height":1080},{"@type":"BreadcrumbList","@id":"https:\/\/www.ondernemendvenlo.nl\/samenwerking-met-gemeente-venlo-in-5-projecten\/#breadcrumb","itemListElement":[{"@type":"ListItem","position":1,"name":"Ondernemend Venlo","item":"https:\/\/www.ondernemendvenlo.nl\/"},{"@type":"ListItem","position":2,"name":"Nieuws","item":"https:\/\/www.ondernemendvenlo.nl\/categorie\/nieuws\/"},{"@type":"ListItem","position":3,"name":"Samenwerking met de gemeente Venlo in 5 projecten"}]},{"@type":"WebSite","@id":"https:\/\/www.ondernemendvenlo.nl\/#website","url":"https:\/\/www.ondernemendvenlo.nl\/","name":"Venlo entrepreneurial","description":"Travailler ensemble avec succ\u00e8s","publisher":{"@id":"https:\/\/www.ondernemendvenlo.nl\/#organization"},"potentialAction":[{"@type":"SearchAction","target":{"@type":"EntryPoint","urlTemplate":"https:\/\/www.ondernemendvenlo.nl\/?s={search_term_string}"},"query-input":{"@type":"PropertyValueSpecification","valueRequired":true,"valueName":"search_term_string"}}],"inLanguage":"fr-FR"},{"@type":"Organization","@id":"https:\/\/www.ondernemendvenlo.nl\/#organization","name":"Venlo entrepreneurial","url":"https:\/\/www.ondernemendvenlo.nl\/","logo":{"@type":"ImageObject","inLanguage":"fr-FR","@id":"https:\/\/www.ondernemendvenlo.nl\/#\/schema\/logo\/image\/","url":"https:\/\/www.ondernemendvenlo.nl\/wp-content\/uploads\/2025\/02\/Ondernemend-Venlo-logo-scaled.webp","contentUrl":"https:\/\/www.ondernemendvenlo.nl\/wp-content\/uploads\/2025\/02\/Ondernemend-Venlo-logo-scaled.webp","width":2560,"height":1010,"caption":"Ondernemend Venlo"},"image":{"@id":"https:\/\/www.ondernemendvenlo.nl\/#\/schema\/logo\/image\/"},"sameAs":["https:\/\/www.linkedin.com\/company\/ondernemend-venlo\/"]},{"@type":"Person","@id":"https:\/\/www.ondernemendvenlo.nl\/#\/schema\/person\/347e935f8ad4c7030608ef74bb57aa6e","name":"admin","image":{"@type":"ImageObject","inLanguage":"fr-FR","@id":"https:\/\/www.ondernemendvenlo.nl\/#\/schema\/person\/image\/","url":"https:\/\/www.ondernemendvenlo.nl\/wp-content\/litespeed\/avatar\/720af750b037aecf6e33e12833479059.jpg?ver=1777382954","contentUrl":"https:\/\/www.ondernemendvenlo.nl\/wp-content\/litespeed\/avatar\/720af750b037aecf6e33e12833479059.jpg?ver=1777382954","caption":"admin"},"sameAs":["https:\/\/www.ondernemendvenlo.nl"]}]}},"_links":{"self":[{"href":"https:\/\/www.ondernemendvenlo.nl\/fr\/wp-json\/wp\/v2\/posts\/3244","targetHints":{"allow":["GET"]}}],"collection":[{"href":"https:\/\/www.ondernemendvenlo.nl\/fr\/wp-json\/wp\/v2\/posts"}],"about":[{"href":"https:\/\/www.ondernemendvenlo.nl\/fr\/wp-json\/wp\/v2\/types\/post"}],"author":[{"embeddable":true,"href":"https:\/\/www.ondernemendvenlo.nl\/fr\/wp-json\/wp\/v2\/users\/1"}],"replies":[{"embeddable":true,"href":"https:\/\/www.ondernemendvenlo.nl\/fr\/wp-json\/wp\/v2\/comments?post=3244"}],"version-history":[{"count":0,"href":"https:\/\/www.ondernemendvenlo.nl\/fr\/wp-json\/wp\/v2\/posts\/3244\/revisions"}],"wp:featuredmedia":[{"embeddable":true,"href":"https:\/\/www.ondernemendvenlo.nl\/fr\/wp-json\/wp\/v2\/media\/3245"}],"wp:attachment":[{"href":"https:\/\/www.ondernemendvenlo.nl\/fr\/wp-json\/wp\/v2\/media?parent=3244"}],"wp:term":[{"taxonomy":"category","embeddable":true,"href":"https:\/\/www.ondernemendvenlo.nl\/fr\/wp-json\/wp\/v2\/categories?post=3244"},{"taxonomy":"post_tag","embeddable":true,"href":"https:\/\/www.ondernemendvenlo.nl\/fr\/wp-json\/wp\/v2\/tags?post=3244"}],"curies":[{"name":"wp","href":"https:\/\/api.w.org\/{rel}","templated":true}]}}