{"id":3252,"date":"2024-12-23T10:53:26","date_gmt":"2024-12-23T09:53:26","guid":{"rendered":"https:\/\/www.ondernemendvenlo.nl\/piet-peters-ontvangt-koninklijke-onderscheiding\/"},"modified":"2024-12-23T10:53:26","modified_gmt":"2024-12-23T09:53:26","slug":"piet-peters-ontvangt-koninklijke-onderscheiding","status":"publish","type":"post","link":"https:\/\/www.ondernemendvenlo.nl\/fr\/piet-peters-ontvangt-koninklijke-onderscheiding\/","title":{"rendered":"Piet Peters re\u00e7oit une d\u00e9coration royale"},"content":{"rendered":"<p>Le jeudi 19 d\u00e9cembre 2024, Piet Peters, 79 ans, de Lomm, a \u00e9t\u00e9 honor\u00e9 d'une d\u00e9coration royale lors d'une r\u00e9union au Museum vanBommelvanDam. Il a \u00e9t\u00e9 nomm\u00e9 Chevalier de l'Ordre d'Orange Nassau pour ses nombreuses ann\u00e9es de d\u00e9vouement sans bornes aux entrepreneurs, \u00e0 l'enseignement technologique et aux projets sociaux dans la r\u00e9gion de Venlo.<\/p>\n<p><strong>25 ans de d\u00e9vouement \u00e0 l'ing\u00e9nierie et \u00e0 l'esprit d'entreprise<\/strong><\/p>\n<p>Depuis 1996, Piet Peters s'investit corps et \u00e2me dans son r\u00f4le de pr\u00e9sident du parc d'activit\u00e9s Spikweien, o\u00f9 il repr\u00e9sente les int\u00e9r\u00eats des entrepreneurs. Depuis 2014, il a accru son influence en remplissant le m\u00eame r\u00f4le au sein d'Ondernemend Venlo. Jusqu'en 2023, il a \u00e9galement \u00e9t\u00e9 actif au sein de la commission de la connaissance, de l'\u00e9ducation et du march\u00e9 du travail, o\u00f9 il s'est efforc\u00e9 d'am\u00e9liorer la coop\u00e9ration entre les entreprises et les \u00e9tablissements d'enseignement.<\/p>\n<p><strong>Cartwright pour la promotion de la technologie<\/strong><\/p>\n<p>L'une des contributions les plus remarquables de Piet Peters est son engagement en faveur de la Fondation Technodome et Entreprises, dont il a \u00e9t\u00e9 le pr\u00e9sident pendant 25 ans. Il a \u00e9t\u00e9 l'instigateur de l'\u00e9v\u00e9nement annuel\u00a0<strong>Choisir le jour ouvrable de l'ing\u00e9nierie<\/strong>un \u00e9v\u00e9nement qui a incit\u00e9 des milliers d'\u00e9l\u00e8ves du primaire et du secondaire \u00e0 poursuivre des carri\u00e8res dans le domaine de l'ing\u00e9nierie et de la technologie.<\/p>\n<p>Il a \u00e9galement r\u00e9alis\u00e9 le Centre d'exp\u00e9rience du Technodome, o\u00f9 les jeunes peuvent d\u00e9couvrir le monde de la technologie d'une mani\u00e8re accessible. Ses efforts ont contribu\u00e9 \u00e0 r\u00e9duire la p\u00e9nurie de personnel techniquement qualifi\u00e9 et \u00e0 renforcer le march\u00e9 du travail r\u00e9gional.<\/p>\n<p><strong>Un connecteur infatigable<\/strong><\/p>\n<p>\u00c0 Spikweien, il a jou\u00e9 un r\u00f4le cl\u00e9 dans la r\u00e9alisation de projets importants dans le parc d'activit\u00e9s. Il est notamment \u00e0 l'origine de la surveillance par cam\u00e9ra, de la construction de r\u00e9seaux de fibres optiques, de la d\u00e9connexion des eaux de pluie et de solutions durables telles que les entr\u00e9es vertes et les objets publicitaires communs. Sa capacit\u00e9 \u00e0 enthousiasmer les entrepreneurs pour le d\u00e9veloppement durable a eu un impact durable.<\/p>\n<p><strong>\u00a0<\/strong>Avec son d\u00e9part \u00e0 la retraite en tant que membre du conseil d'administration d'Entrepreneurial Venlo et pr\u00e9sident de Spikweien \u00e0 la fin de cette ann\u00e9e, il laisse derri\u00e8re lui un h\u00e9ritage impressionnant.<\/p>\n<p>La d\u00e9coration royale est une reconnaissance bien m\u00e9rit\u00e9e de son \u00e9norme contribution \u00e0 la soci\u00e9t\u00e9 et \u00e0 l'\u00e9conomie de la r\u00e9gion de Venlo.<\/p>\n<p><strong>\u00a0<\/strong><\/p>","protected":false},"excerpt":{"rendered":"<p>Op donderdag 19 december 2024 is de 79-jarige Piet Peters uit Lomm tijdens een bijeenkomst in Museum vanBommelvanDam ge\u00eberd met een Koninklijke Onderscheiding. Hij is benoemd tot Ridder in de Orde van Oranje Nassau vanwege zijn jarenlange en tomeloze inzet voor ondernemers, techniekonderwijs en maatschappelijke projecten in de regio Venlo. 25 jaar toewijding aan techniek [&hellip;]<\/p>","protected":false},"author":1,"featured_media":3253,"comment_status":"closed","ping_status":"open","sticky":false,"template":"","format":"standard","meta":{"_acf_changed":false,"footnotes":""},"categories":[8],"tags":[],"class_list":["post-3252","post","type-post","status-publish","format-standard","has-post-thumbnail","hentry","category-nieuws"],"acf":[],"yoast_head":"<!-- This site is optimized with the Yoast SEO plugin v26.3 - https:\/\/yoast.com\/wordpress\/plugins\/seo\/ -->\n<title>Piet Peters ontvangt Koninklijke Onderscheiding - Ondernemend Venlo<\/title>\n<meta name=\"robots\" content=\"index, follow, max-snippet:-1, max-image-preview:large, max-video-preview:-1\" \/>\n<link rel=\"canonical\" href=\"https:\/\/www.ondernemendvenlo.nl\/fr\/piet-peters-ontvangt-koninklijke-onderscheiding\/\" \/>\n<meta property=\"og:locale\" content=\"fr_FR\" \/>\n<meta property=\"og:type\" content=\"article\" \/>\n<meta property=\"og:title\" content=\"Piet Peters ontvangt Koninklijke Onderscheiding - Ondernemend Venlo\" \/>\n<meta property=\"og:description\" content=\"Op donderdag 19 december 2024 is de 79-jarige Piet Peters uit Lomm tijdens een bijeenkomst in Museum vanBommelvanDam ge\u00eberd met een Koninklijke Onderscheiding. Hij is benoemd tot Ridder in de Orde van Oranje Nassau vanwege zijn jarenlange en tomeloze inzet voor ondernemers, techniekonderwijs en maatschappelijke projecten in de regio Venlo. 25 jaar toewijding aan techniek [&hellip;]\" \/>\n<meta property=\"og:url\" content=\"https:\/\/www.ondernemendvenlo.nl\/fr\/piet-peters-ontvangt-koninklijke-onderscheiding\/\" \/>\n<meta property=\"og:site_name\" content=\"Ondernemend Venlo\" \/>\n<meta property=\"article:published_time\" content=\"2024-12-23T09:53:26+00:00\" \/>\n<meta property=\"og:image\" content=\"https:\/\/www.ondernemendvenlo.nl\/wp-content\/uploads\/2025\/04\/PPeters-koninklijk-onderscheiden.jpg\" \/>\n\t<meta property=\"og:image:width\" content=\"850\" \/>\n\t<meta property=\"og:image:height\" content=\"566\" \/>\n\t<meta property=\"og:image:type\" content=\"image\/jpeg\" \/>\n<meta name=\"author\" content=\"admin\" \/>\n<meta name=\"twitter:card\" content=\"summary_large_image\" \/>\n<meta name=\"twitter:label1\" content=\"\u00c9crit par\" \/>\n\t<meta name=\"twitter:data1\" content=\"admin\" \/>\n\t<meta name=\"twitter:label2\" content=\"Dur\u00e9e de lecture estim\u00e9e\" \/>\n\t<meta name=\"twitter:data2\" content=\"2 minutes\" \/>\n<script type=\"application\/ld+json\" class=\"yoast-schema-graph\">{\"@context\":\"https:\/\/schema.org\",\"@graph\":[{\"@type\":\"Article\",\"@id\":\"https:\/\/www.ondernemendvenlo.nl\/piet-peters-ontvangt-koninklijke-onderscheiding\/#article\",\"isPartOf\":{\"@id\":\"https:\/\/www.ondernemendvenlo.nl\/piet-peters-ontvangt-koninklijke-onderscheiding\/\"},\"author\":{\"name\":\"admin\",\"@id\":\"https:\/\/www.ondernemendvenlo.nl\/#\/schema\/person\/347e935f8ad4c7030608ef74bb57aa6e\"},\"headline\":\"Piet Peters ontvangt Koninklijke Onderscheiding\",\"datePublished\":\"2024-12-23T09:53:26+00:00\",\"mainEntityOfPage\":{\"@id\":\"https:\/\/www.ondernemendvenlo.nl\/piet-peters-ontvangt-koninklijke-onderscheiding\/\"},\"wordCount\":316,\"publisher\":{\"@id\":\"https:\/\/www.ondernemendvenlo.nl\/#organization\"},\"image\":{\"@id\":\"https:\/\/www.ondernemendvenlo.nl\/piet-peters-ontvangt-koninklijke-onderscheiding\/#primaryimage\"},\"thumbnailUrl\":\"https:\/\/www.ondernemendvenlo.nl\/wp-content\/uploads\/2025\/04\/PPeters-koninklijk-onderscheiden.jpg\",\"articleSection\":[\"Nieuws\"],\"inLanguage\":\"fr-FR\"},{\"@type\":\"WebPage\",\"@id\":\"https:\/\/www.ondernemendvenlo.nl\/piet-peters-ontvangt-koninklijke-onderscheiding\/\",\"url\":\"https:\/\/www.ondernemendvenlo.nl\/piet-peters-ontvangt-koninklijke-onderscheiding\/\",\"name\":\"Piet Peters ontvangt Koninklijke Onderscheiding - Ondernemend Venlo\",\"isPartOf\":{\"@id\":\"https:\/\/www.ondernemendvenlo.nl\/#website\"},\"primaryImageOfPage\":{\"@id\":\"https:\/\/www.ondernemendvenlo.nl\/piet-peters-ontvangt-koninklijke-onderscheiding\/#primaryimage\"},\"image\":{\"@id\":\"https:\/\/www.ondernemendvenlo.nl\/piet-peters-ontvangt-koninklijke-onderscheiding\/#primaryimage\"},\"thumbnailUrl\":\"https:\/\/www.ondernemendvenlo.nl\/wp-content\/uploads\/2025\/04\/PPeters-koninklijk-onderscheiden.jpg\",\"datePublished\":\"2024-12-23T09:53:26+00:00\",\"breadcrumb\":{\"@id\":\"https:\/\/www.ondernemendvenlo.nl\/piet-peters-ontvangt-koninklijke-onderscheiding\/#breadcrumb\"},\"inLanguage\":\"fr-FR\",\"potentialAction\":[{\"@type\":\"ReadAction\",\"target\":[\"https:\/\/www.ondernemendvenlo.nl\/piet-peters-ontvangt-koninklijke-onderscheiding\/\"]}]},{\"@type\":\"ImageObject\",\"inLanguage\":\"fr-FR\",\"@id\":\"https:\/\/www.ondernemendvenlo.nl\/piet-peters-ontvangt-koninklijke-onderscheiding\/#primaryimage\",\"url\":\"https:\/\/www.ondernemendvenlo.nl\/wp-content\/uploads\/2025\/04\/PPeters-koninklijk-onderscheiden.jpg\",\"contentUrl\":\"https:\/\/www.ondernemendvenlo.nl\/wp-content\/uploads\/2025\/04\/PPeters-koninklijk-onderscheiden.jpg\",\"width\":850,\"height\":566},{\"@type\":\"BreadcrumbList\",\"@id\":\"https:\/\/www.ondernemendvenlo.nl\/piet-peters-ontvangt-koninklijke-onderscheiding\/#breadcrumb\",\"itemListElement\":[{\"@type\":\"ListItem\",\"position\":1,\"name\":\"Ondernemend Venlo\",\"item\":\"https:\/\/www.ondernemendvenlo.nl\/\"},{\"@type\":\"ListItem\",\"position\":2,\"name\":\"Nieuws\",\"item\":\"https:\/\/www.ondernemendvenlo.nl\/categorie\/nieuws\/\"},{\"@type\":\"ListItem\",\"position\":3,\"name\":\"Piet Peters ontvangt Koninklijke Onderscheiding\"}]},{\"@type\":\"WebSite\",\"@id\":\"https:\/\/www.ondernemendvenlo.nl\/#website\",\"url\":\"https:\/\/www.ondernemendvenlo.nl\/\",\"name\":\"Ondernemend Venlo\",\"description\":\"Samen succesvol ondernemen\",\"publisher\":{\"@id\":\"https:\/\/www.ondernemendvenlo.nl\/#organization\"},\"potentialAction\":[{\"@type\":\"SearchAction\",\"target\":{\"@type\":\"EntryPoint\",\"urlTemplate\":\"https:\/\/www.ondernemendvenlo.nl\/?s={search_term_string}\"},\"query-input\":{\"@type\":\"PropertyValueSpecification\",\"valueRequired\":true,\"valueName\":\"search_term_string\"}}],\"inLanguage\":\"fr-FR\"},{\"@type\":\"Organization\",\"@id\":\"https:\/\/www.ondernemendvenlo.nl\/#organization\",\"name\":\"Ondernemend Venlo\",\"url\":\"https:\/\/www.ondernemendvenlo.nl\/\",\"logo\":{\"@type\":\"ImageObject\",\"inLanguage\":\"fr-FR\",\"@id\":\"https:\/\/www.ondernemendvenlo.nl\/#\/schema\/logo\/image\/\",\"url\":\"https:\/\/www.ondernemendvenlo.nl\/wp-content\/uploads\/2025\/02\/Ondernemend-Venlo-logo-scaled.webp\",\"contentUrl\":\"https:\/\/www.ondernemendvenlo.nl\/wp-content\/uploads\/2025\/02\/Ondernemend-Venlo-logo-scaled.webp\",\"width\":2560,\"height\":1010,\"caption\":\"Ondernemend Venlo\"},\"image\":{\"@id\":\"https:\/\/www.ondernemendvenlo.nl\/#\/schema\/logo\/image\/\"},\"sameAs\":[\"https:\/\/www.linkedin.com\/company\/ondernemend-venlo\/\"]},{\"@type\":\"Person\",\"@id\":\"https:\/\/www.ondernemendvenlo.nl\/#\/schema\/person\/347e935f8ad4c7030608ef74bb57aa6e\",\"name\":\"admin\",\"image\":{\"@type\":\"ImageObject\",\"inLanguage\":\"fr-FR\",\"@id\":\"https:\/\/www.ondernemendvenlo.nl\/#\/schema\/person\/image\/\",\"url\":\"https:\/\/www.ondernemendvenlo.nl\/wp-content\/litespeed\/avatar\/720af750b037aecf6e33e12833479059.jpg?ver=1777382954\",\"contentUrl\":\"https:\/\/www.ondernemendvenlo.nl\/wp-content\/litespeed\/avatar\/720af750b037aecf6e33e12833479059.jpg?ver=1777382954\",\"caption\":\"admin\"},\"sameAs\":[\"https:\/\/www.ondernemendvenlo.nl\"]}]}<\/script>\n<!-- \/ Yoast SEO plugin. -->","yoast_head_json":{"title":"Piet Peters ontvangt Koninklijke Onderscheiding - Ondernemend Venlo","robots":{"index":"index","follow":"follow","max-snippet":"max-snippet:-1","max-image-preview":"max-image-preview:large","max-video-preview":"max-video-preview:-1"},"canonical":"https:\/\/www.ondernemendvenlo.nl\/fr\/piet-peters-ontvangt-koninklijke-onderscheiding\/","og_locale":"fr_FR","og_type":"article","og_title":"Piet Peters ontvangt Koninklijke Onderscheiding - Ondernemend Venlo","og_description":"Op donderdag 19 december 2024 is de 79-jarige Piet Peters uit Lomm tijdens een bijeenkomst in Museum vanBommelvanDam ge\u00eberd met een Koninklijke Onderscheiding. Hij is benoemd tot Ridder in de Orde van Oranje Nassau vanwege zijn jarenlange en tomeloze inzet voor ondernemers, techniekonderwijs en maatschappelijke projecten in de regio Venlo. 25 jaar toewijding aan techniek [&hellip;]","og_url":"https:\/\/www.ondernemendvenlo.nl\/fr\/piet-peters-ontvangt-koninklijke-onderscheiding\/","og_site_name":"Ondernemend Venlo","article_published_time":"2024-12-23T09:53:26+00:00","og_image":[{"width":850,"height":566,"url":"https:\/\/www.ondernemendvenlo.nl\/wp-content\/uploads\/2025\/04\/PPeters-koninklijk-onderscheiden.jpg","type":"image\/jpeg"}],"author":"admin","twitter_card":"summary_large_image","twitter_misc":{"\u00c9crit par":"admin","Dur\u00e9e de lecture estim\u00e9e":"2 minutes"},"schema":{"@context":"https:\/\/schema.org","@graph":[{"@type":"Article","@id":"https:\/\/www.ondernemendvenlo.nl\/piet-peters-ontvangt-koninklijke-onderscheiding\/#article","isPartOf":{"@id":"https:\/\/www.ondernemendvenlo.nl\/piet-peters-ontvangt-koninklijke-onderscheiding\/"},"author":{"name":"admin","@id":"https:\/\/www.ondernemendvenlo.nl\/#\/schema\/person\/347e935f8ad4c7030608ef74bb57aa6e"},"headline":"Piet Peters ontvangt Koninklijke Onderscheiding","datePublished":"2024-12-23T09:53:26+00:00","mainEntityOfPage":{"@id":"https:\/\/www.ondernemendvenlo.nl\/piet-peters-ontvangt-koninklijke-onderscheiding\/"},"wordCount":316,"publisher":{"@id":"https:\/\/www.ondernemendvenlo.nl\/#organization"},"image":{"@id":"https:\/\/www.ondernemendvenlo.nl\/piet-peters-ontvangt-koninklijke-onderscheiding\/#primaryimage"},"thumbnailUrl":"https:\/\/www.ondernemendvenlo.nl\/wp-content\/uploads\/2025\/04\/PPeters-koninklijk-onderscheiden.jpg","articleSection":["Nieuws"],"inLanguage":"fr-FR"},{"@type":"WebPage","@id":"https:\/\/www.ondernemendvenlo.nl\/piet-peters-ontvangt-koninklijke-onderscheiding\/","url":"https:\/\/www.ondernemendvenlo.nl\/piet-peters-ontvangt-koninklijke-onderscheiding\/","name":"Piet Peters ontvangt Koninklijke Onderscheiding - Ondernemend Venlo","isPartOf":{"@id":"https:\/\/www.ondernemendvenlo.nl\/#website"},"primaryImageOfPage":{"@id":"https:\/\/www.ondernemendvenlo.nl\/piet-peters-ontvangt-koninklijke-onderscheiding\/#primaryimage"},"image":{"@id":"https:\/\/www.ondernemendvenlo.nl\/piet-peters-ontvangt-koninklijke-onderscheiding\/#primaryimage"},"thumbnailUrl":"https:\/\/www.ondernemendvenlo.nl\/wp-content\/uploads\/2025\/04\/PPeters-koninklijk-onderscheiden.jpg","datePublished":"2024-12-23T09:53:26+00:00","breadcrumb":{"@id":"https:\/\/www.ondernemendvenlo.nl\/piet-peters-ontvangt-koninklijke-onderscheiding\/#breadcrumb"},"inLanguage":"fr-FR","potentialAction":[{"@type":"ReadAction","target":["https:\/\/www.ondernemendvenlo.nl\/piet-peters-ontvangt-koninklijke-onderscheiding\/"]}]},{"@type":"ImageObject","inLanguage":"fr-FR","@id":"https:\/\/www.ondernemendvenlo.nl\/piet-peters-ontvangt-koninklijke-onderscheiding\/#primaryimage","url":"https:\/\/www.ondernemendvenlo.nl\/wp-content\/uploads\/2025\/04\/PPeters-koninklijk-onderscheiden.jpg","contentUrl":"https:\/\/www.ondernemendvenlo.nl\/wp-content\/uploads\/2025\/04\/PPeters-koninklijk-onderscheiden.jpg","width":850,"height":566},{"@type":"BreadcrumbList","@id":"https:\/\/www.ondernemendvenlo.nl\/piet-peters-ontvangt-koninklijke-onderscheiding\/#breadcrumb","itemListElement":[{"@type":"ListItem","position":1,"name":"Ondernemend Venlo","item":"https:\/\/www.ondernemendvenlo.nl\/"},{"@type":"ListItem","position":2,"name":"Nieuws","item":"https:\/\/www.ondernemendvenlo.nl\/categorie\/nieuws\/"},{"@type":"ListItem","position":3,"name":"Piet Peters ontvangt Koninklijke Onderscheiding"}]},{"@type":"WebSite","@id":"https:\/\/www.ondernemendvenlo.nl\/#website","url":"https:\/\/www.ondernemendvenlo.nl\/","name":"Venlo entrepreneurial","description":"Travailler ensemble avec succ\u00e8s","publisher":{"@id":"https:\/\/www.ondernemendvenlo.nl\/#organization"},"potentialAction":[{"@type":"SearchAction","target":{"@type":"EntryPoint","urlTemplate":"https:\/\/www.ondernemendvenlo.nl\/?s={search_term_string}"},"query-input":{"@type":"PropertyValueSpecification","valueRequired":true,"valueName":"search_term_string"}}],"inLanguage":"fr-FR"},{"@type":"Organization","@id":"https:\/\/www.ondernemendvenlo.nl\/#organization","name":"Venlo entrepreneurial","url":"https:\/\/www.ondernemendvenlo.nl\/","logo":{"@type":"ImageObject","inLanguage":"fr-FR","@id":"https:\/\/www.ondernemendvenlo.nl\/#\/schema\/logo\/image\/","url":"https:\/\/www.ondernemendvenlo.nl\/wp-content\/uploads\/2025\/02\/Ondernemend-Venlo-logo-scaled.webp","contentUrl":"https:\/\/www.ondernemendvenlo.nl\/wp-content\/uploads\/2025\/02\/Ondernemend-Venlo-logo-scaled.webp","width":2560,"height":1010,"caption":"Ondernemend Venlo"},"image":{"@id":"https:\/\/www.ondernemendvenlo.nl\/#\/schema\/logo\/image\/"},"sameAs":["https:\/\/www.linkedin.com\/company\/ondernemend-venlo\/"]},{"@type":"Person","@id":"https:\/\/www.ondernemendvenlo.nl\/#\/schema\/person\/347e935f8ad4c7030608ef74bb57aa6e","name":"admin","image":{"@type":"ImageObject","inLanguage":"fr-FR","@id":"https:\/\/www.ondernemendvenlo.nl\/#\/schema\/person\/image\/","url":"https:\/\/www.ondernemendvenlo.nl\/wp-content\/litespeed\/avatar\/720af750b037aecf6e33e12833479059.jpg?ver=1777382954","contentUrl":"https:\/\/www.ondernemendvenlo.nl\/wp-content\/litespeed\/avatar\/720af750b037aecf6e33e12833479059.jpg?ver=1777382954","caption":"admin"},"sameAs":["https:\/\/www.ondernemendvenlo.nl"]}]}},"_links":{"self":[{"href":"https:\/\/www.ondernemendvenlo.nl\/fr\/wp-json\/wp\/v2\/posts\/3252","targetHints":{"allow":["GET"]}}],"collection":[{"href":"https:\/\/www.ondernemendvenlo.nl\/fr\/wp-json\/wp\/v2\/posts"}],"about":[{"href":"https:\/\/www.ondernemendvenlo.nl\/fr\/wp-json\/wp\/v2\/types\/post"}],"author":[{"embeddable":true,"href":"https:\/\/www.ondernemendvenlo.nl\/fr\/wp-json\/wp\/v2\/users\/1"}],"replies":[{"embeddable":true,"href":"https:\/\/www.ondernemendvenlo.nl\/fr\/wp-json\/wp\/v2\/comments?post=3252"}],"version-history":[{"count":0,"href":"https:\/\/www.ondernemendvenlo.nl\/fr\/wp-json\/wp\/v2\/posts\/3252\/revisions"}],"wp:featuredmedia":[{"embeddable":true,"href":"https:\/\/www.ondernemendvenlo.nl\/fr\/wp-json\/wp\/v2\/media\/3253"}],"wp:attachment":[{"href":"https:\/\/www.ondernemendvenlo.nl\/fr\/wp-json\/wp\/v2\/media?parent=3252"}],"wp:term":[{"taxonomy":"category","embeddable":true,"href":"https:\/\/www.ondernemendvenlo.nl\/fr\/wp-json\/wp\/v2\/categories?post=3252"},{"taxonomy":"post_tag","embeddable":true,"href":"https:\/\/www.ondernemendvenlo.nl\/fr\/wp-json\/wp\/v2\/tags?post=3252"}],"curies":[{"name":"wp","href":"https:\/\/api.w.org\/{rel}","templated":true}]}}