{"id":3276,"date":"2025-03-31T15:09:39","date_gmt":"2025-03-31T13:09:39","guid":{"rendered":"https:\/\/www.ondernemendvenlo.nl\/25-juni-aussenwirtschaftstag-in-monchengladbach\/"},"modified":"2025-04-08T18:15:24","modified_gmt":"2025-04-08T16:15:24","slug":"25-juni-aussenwirtschaftstag-in-monchengladbach","status":"publish","type":"post","link":"https:\/\/www.ondernemendvenlo.nl\/fr\/25-juni-aussenwirtschaftstag-in-monchengladbach\/","title":{"rendered":"25 juin : Journ\u00e9e de l'\u00e9conomie sociale \u00e0 M\u00f6nchengladbach"},"content":{"rendered":"<p><strong>Le 25 juin, l'IHK organisera la journ\u00e9e de l'\u00e9conomie sociale sur le th\u00e8me <em>Pays-Bas<\/em> au Borussia-Park M\u00f6nchengladbach. L'\u00e9v\u00e9nement s'adresse principalement aux entrepreneurs allemands qui souhaitent faire des affaires aux Pays-Bas, mais aussi aux entrepreneurs n\u00e9erlandais qui souhaitent faire des affaires en Allemagne.\u00a0<\/strong><\/p>\n<p>Le<em><strong> Journ\u00e9e de l'\u00e9conomie sociale de l'IHK 2025 <\/strong>(Journ\u00e9e du commerce ext\u00e9rieur) <\/em>est la plus grande conf\u00e9rence de Rh\u00e9nanie-du-Nord-Westphalie pour les entreprises actives dans le commerce international. Le 25 juin 2025, les chambres de commerce et d'industrie de Rh\u00e9nanie-du-Nord-Westphalie vous invitent au Borussia Park de M\u00f6nchengladbach. Cette <em>Journ\u00e9e du commerce ext\u00e9rieur<\/em> se compose d'un programme vari\u00e9 avec des orateurs de premier plan, des panels th\u00e9matiques pratiques, une foire commerciale et des conseils individuels sur les pays de la part des chambres de commerce allemandes \u00e0 l'\u00e9tranger. Profitez des nombreuses possibilit\u00e9s de mise en r\u00e9seau. Un \u00e9change de coop\u00e9ration germano-n\u00e9erlandais offre une excellente occasion d'\u00e9tablir des contacts commerciaux entre entrepreneurs allemands et n\u00e9erlandais. Vous pouvez compter sur des experts de haut niveau en tant qu'orateurs principaux. Un aper\u00e7u de tous les orateurs et mod\u00e9rateurs est disponible sur le site web : <a href=\"https:\/\/www.awt.nrw\/\"><strong>Journ\u00e9e de l'\u00e9conomie sociale<\/strong> NRW<\/a>.<br \/>\nIl est \u00e9galement possible de participer \u00e0 un matchmaking B2B pendant l'AWT 2025.<\/p>\n<p><strong>Plateforme de contacts et de coop\u00e9ration<br \/>\n<\/strong>Depuis la premi\u00e8re \u00e9dition en 1999, l'AWT a r\u00e9uni des centaines d'exposants et de partenaires du secteur du conseil et des services avec des d\u00e9cideurs d'entreprises op\u00e9rant \u00e0 l'\u00e9chelle internationale. La Journ\u00e9e du commerce ext\u00e9rieur IHK NRW est organis\u00e9e tous les deux ans par l'IHK NRW, en 2025 sous la direction de l'IHK Mittlerer Niederrhein. Profitez de la pr\u00e9sence nombreuse d'experts des chambres de commerce allemandes \u00e0 l'\u00e9tranger (AHK) et r\u00e9servez jusqu'\u00e0 cinq consultations individuelles par pays. Les AHK sont repr\u00e9sent\u00e9es dans plus de 150 sites dans le monde.<br \/>\nDes pauses bien planifi\u00e9es dans le programme vous donneront l'occasion de nouer de nombreux contacts. Int\u00e9ress\u00e9 par des contacts commerciaux germano-n\u00e9erlandais ?<\/p>\n<p>De plus amples informations sont disponibles \u00e0 l'adresse suivante <a href=\"https:\/\/www.awt.nrw\/\"><strong>A<em>ussenwirtschaftstag NRW<\/em><\/strong><\/a><\/p>\n<p><strong>Rencontres germano-n\u00e9erlandaises \u00e0 l'AWT 2025<br \/>\n<\/strong>Apr\u00e8s vous \u00eatre inscrit \u00e0 l'AWT, vous recevrez un lien vous permettant de vous inscrire \u00e0 la mise en r\u00e9seau, en indiquant le profil de votre entreprise et le type de contacts que vous souhaitez \u00e9tablir. Apr\u00e8s l'inscription, vous pouvez s\u00e9lectionner les partenaires de votre choix parmi les entreprises inscrites pour la mise en r\u00e9seau. Dans le m\u00eame temps, vous pouvez \u00eatre s\u00e9lectionn\u00e9 par d'autres entreprises comme partenaire de dialogue. Pour participer au matchmaking, vous devez vous \u00eatre pr\u00e9enregistr\u00e9 et avoir achet\u00e9 un billet pour l'AWT. La langue de travail est l'anglais.<\/p>\n<p>Pour plus d'informations sur le jumelage B2B, voir : <em><strong><a href=\"https:\/\/www.b2match.com\/e\/awt-matchmaking-2025\/components\/49562\/info\">Rencontres germano-n\u00e9erlandaises<\/a><\/strong><\/em><\/p>","protected":false},"excerpt":{"rendered":"<p>L'\u00e9v\u00e9nement s'adresse principalement aux entrepreneurs allemands qui souhaitent faire des affaires aux Pays-Bas, mais il s'adresse \u00e9galement aux entrepreneurs n\u00e9erlandais qui souhaitent faire des affaires en Allemagne.\u00a0<\/p>","protected":false},"author":1,"featured_media":3277,"comment_status":"closed","ping_status":"open","sticky":false,"template":"","format":"standard","meta":{"_acf_changed":false,"footnotes":""},"categories":[8],"tags":[],"class_list":["post-3276","post","type-post","status-publish","format-standard","has-post-thumbnail","hentry","category-nieuws"],"acf":[],"yoast_head":"<!-- This site is optimized with the Yoast SEO plugin v26.3 - https:\/\/yoast.com\/wordpress\/plugins\/seo\/ -->\n<title>25 juni: Aussenwirtschaftstag in M\u00f6nchengladbach - Ondernemend Venlo<\/title>\n<meta name=\"robots\" content=\"index, follow, max-snippet:-1, max-image-preview:large, max-video-preview:-1\" \/>\n<link rel=\"canonical\" href=\"https:\/\/www.ondernemendvenlo.nl\/fr\/25-juni-aussenwirtschaftstag-in-monchengladbach\/\" \/>\n<meta property=\"og:locale\" content=\"fr_FR\" \/>\n<meta property=\"og:type\" content=\"article\" \/>\n<meta property=\"og:title\" content=\"25 juni: Aussenwirtschaftstag in M\u00f6nchengladbach - Ondernemend Venlo\" \/>\n<meta property=\"og:description\" content=\"Het event is voornamelijk gericht op Duitse ondernemers die in Nederland willen ondernemen, maar er is ook aandacht voor de Nederlandse ondernemers die in Duitsland zaken willen doen.\u00a0\" \/>\n<meta property=\"og:url\" content=\"https:\/\/www.ondernemendvenlo.nl\/fr\/25-juni-aussenwirtschaftstag-in-monchengladbach\/\" \/>\n<meta property=\"og:site_name\" content=\"Ondernemend Venlo\" \/>\n<meta property=\"article:published_time\" content=\"2025-03-31T13:09:39+00:00\" \/>\n<meta property=\"article:modified_time\" content=\"2025-04-08T16:15:24+00:00\" \/>\n<meta property=\"og:image\" content=\"https:\/\/www.ondernemendvenlo.nl\/wp-content\/uploads\/2025\/04\/logo-aussenwirtschaftstag-2025-data.jpg\" \/>\n\t<meta property=\"og:image:width\" content=\"1920\" \/>\n\t<meta property=\"og:image:height\" content=\"1080\" \/>\n\t<meta property=\"og:image:type\" content=\"image\/jpeg\" \/>\n<meta name=\"author\" content=\"admin\" \/>\n<meta name=\"twitter:card\" content=\"summary_large_image\" \/>\n<meta name=\"twitter:label1\" content=\"\u00c9crit par\" \/>\n\t<meta name=\"twitter:data1\" content=\"admin\" \/>\n\t<meta name=\"twitter:label2\" content=\"Dur\u00e9e de lecture estim\u00e9e\" \/>\n\t<meta name=\"twitter:data2\" content=\"3 minutes\" \/>\n<script type=\"application\/ld+json\" class=\"yoast-schema-graph\">{\"@context\":\"https:\/\/schema.org\",\"@graph\":[{\"@type\":\"Article\",\"@id\":\"https:\/\/www.ondernemendvenlo.nl\/25-juni-aussenwirtschaftstag-in-monchengladbach\/#article\",\"isPartOf\":{\"@id\":\"https:\/\/www.ondernemendvenlo.nl\/25-juni-aussenwirtschaftstag-in-monchengladbach\/\"},\"author\":{\"name\":\"admin\",\"@id\":\"https:\/\/www.ondernemendvenlo.nl\/#\/schema\/person\/347e935f8ad4c7030608ef74bb57aa6e\"},\"headline\":\"25 juni: Aussenwirtschaftstag in M\u00f6nchengladbach\",\"datePublished\":\"2025-03-31T13:09:39+00:00\",\"dateModified\":\"2025-04-08T16:15:24+00:00\",\"mainEntityOfPage\":{\"@id\":\"https:\/\/www.ondernemendvenlo.nl\/25-juni-aussenwirtschaftstag-in-monchengladbach\/\"},\"wordCount\":386,\"publisher\":{\"@id\":\"https:\/\/www.ondernemendvenlo.nl\/#organization\"},\"image\":{\"@id\":\"https:\/\/www.ondernemendvenlo.nl\/25-juni-aussenwirtschaftstag-in-monchengladbach\/#primaryimage\"},\"thumbnailUrl\":\"https:\/\/www.ondernemendvenlo.nl\/wp-content\/uploads\/2025\/04\/logo-aussenwirtschaftstag-2025-data.jpg\",\"articleSection\":[\"Nieuws\"],\"inLanguage\":\"fr-FR\"},{\"@type\":\"WebPage\",\"@id\":\"https:\/\/www.ondernemendvenlo.nl\/25-juni-aussenwirtschaftstag-in-monchengladbach\/\",\"url\":\"https:\/\/www.ondernemendvenlo.nl\/25-juni-aussenwirtschaftstag-in-monchengladbach\/\",\"name\":\"25 juni: Aussenwirtschaftstag in M\u00f6nchengladbach - Ondernemend Venlo\",\"isPartOf\":{\"@id\":\"https:\/\/www.ondernemendvenlo.nl\/#website\"},\"primaryImageOfPage\":{\"@id\":\"https:\/\/www.ondernemendvenlo.nl\/25-juni-aussenwirtschaftstag-in-monchengladbach\/#primaryimage\"},\"image\":{\"@id\":\"https:\/\/www.ondernemendvenlo.nl\/25-juni-aussenwirtschaftstag-in-monchengladbach\/#primaryimage\"},\"thumbnailUrl\":\"https:\/\/www.ondernemendvenlo.nl\/wp-content\/uploads\/2025\/04\/logo-aussenwirtschaftstag-2025-data.jpg\",\"datePublished\":\"2025-03-31T13:09:39+00:00\",\"dateModified\":\"2025-04-08T16:15:24+00:00\",\"breadcrumb\":{\"@id\":\"https:\/\/www.ondernemendvenlo.nl\/25-juni-aussenwirtschaftstag-in-monchengladbach\/#breadcrumb\"},\"inLanguage\":\"fr-FR\",\"potentialAction\":[{\"@type\":\"ReadAction\",\"target\":[\"https:\/\/www.ondernemendvenlo.nl\/25-juni-aussenwirtschaftstag-in-monchengladbach\/\"]}]},{\"@type\":\"ImageObject\",\"inLanguage\":\"fr-FR\",\"@id\":\"https:\/\/www.ondernemendvenlo.nl\/25-juni-aussenwirtschaftstag-in-monchengladbach\/#primaryimage\",\"url\":\"https:\/\/www.ondernemendvenlo.nl\/wp-content\/uploads\/2025\/04\/logo-aussenwirtschaftstag-2025-data.jpg\",\"contentUrl\":\"https:\/\/www.ondernemendvenlo.nl\/wp-content\/uploads\/2025\/04\/logo-aussenwirtschaftstag-2025-data.jpg\",\"width\":1920,\"height\":1080},{\"@type\":\"BreadcrumbList\",\"@id\":\"https:\/\/www.ondernemendvenlo.nl\/25-juni-aussenwirtschaftstag-in-monchengladbach\/#breadcrumb\",\"itemListElement\":[{\"@type\":\"ListItem\",\"position\":1,\"name\":\"Ondernemend Venlo\",\"item\":\"https:\/\/www.ondernemendvenlo.nl\/\"},{\"@type\":\"ListItem\",\"position\":2,\"name\":\"Nieuws\",\"item\":\"https:\/\/www.ondernemendvenlo.nl\/categorie\/nieuws\/\"},{\"@type\":\"ListItem\",\"position\":3,\"name\":\"25 juni: Aussenwirtschaftstag in M\u00f6nchengladbach\"}]},{\"@type\":\"WebSite\",\"@id\":\"https:\/\/www.ondernemendvenlo.nl\/#website\",\"url\":\"https:\/\/www.ondernemendvenlo.nl\/\",\"name\":\"Ondernemend Venlo\",\"description\":\"Samen succesvol ondernemen\",\"publisher\":{\"@id\":\"https:\/\/www.ondernemendvenlo.nl\/#organization\"},\"potentialAction\":[{\"@type\":\"SearchAction\",\"target\":{\"@type\":\"EntryPoint\",\"urlTemplate\":\"https:\/\/www.ondernemendvenlo.nl\/?s={search_term_string}\"},\"query-input\":{\"@type\":\"PropertyValueSpecification\",\"valueRequired\":true,\"valueName\":\"search_term_string\"}}],\"inLanguage\":\"fr-FR\"},{\"@type\":\"Organization\",\"@id\":\"https:\/\/www.ondernemendvenlo.nl\/#organization\",\"name\":\"Ondernemend Venlo\",\"url\":\"https:\/\/www.ondernemendvenlo.nl\/\",\"logo\":{\"@type\":\"ImageObject\",\"inLanguage\":\"fr-FR\",\"@id\":\"https:\/\/www.ondernemendvenlo.nl\/#\/schema\/logo\/image\/\",\"url\":\"https:\/\/www.ondernemendvenlo.nl\/wp-content\/uploads\/2025\/02\/Ondernemend-Venlo-logo-scaled.webp\",\"contentUrl\":\"https:\/\/www.ondernemendvenlo.nl\/wp-content\/uploads\/2025\/02\/Ondernemend-Venlo-logo-scaled.webp\",\"width\":2560,\"height\":1010,\"caption\":\"Ondernemend Venlo\"},\"image\":{\"@id\":\"https:\/\/www.ondernemendvenlo.nl\/#\/schema\/logo\/image\/\"},\"sameAs\":[\"https:\/\/www.linkedin.com\/company\/ondernemend-venlo\/\"]},{\"@type\":\"Person\",\"@id\":\"https:\/\/www.ondernemendvenlo.nl\/#\/schema\/person\/347e935f8ad4c7030608ef74bb57aa6e\",\"name\":\"admin\",\"image\":{\"@type\":\"ImageObject\",\"inLanguage\":\"fr-FR\",\"@id\":\"https:\/\/www.ondernemendvenlo.nl\/#\/schema\/person\/image\/\",\"url\":\"https:\/\/www.ondernemendvenlo.nl\/wp-content\/litespeed\/avatar\/720af750b037aecf6e33e12833479059.jpg?ver=1777382954\",\"contentUrl\":\"https:\/\/www.ondernemendvenlo.nl\/wp-content\/litespeed\/avatar\/720af750b037aecf6e33e12833479059.jpg?ver=1777382954\",\"caption\":\"admin\"},\"sameAs\":[\"https:\/\/www.ondernemendvenlo.nl\"]}]}<\/script>\n<!-- \/ Yoast SEO plugin. -->","yoast_head_json":{"title":"25 juni: Aussenwirtschaftstag in M\u00f6nchengladbach - Ondernemend Venlo","robots":{"index":"index","follow":"follow","max-snippet":"max-snippet:-1","max-image-preview":"max-image-preview:large","max-video-preview":"max-video-preview:-1"},"canonical":"https:\/\/www.ondernemendvenlo.nl\/fr\/25-juni-aussenwirtschaftstag-in-monchengladbach\/","og_locale":"fr_FR","og_type":"article","og_title":"25 juni: Aussenwirtschaftstag in M\u00f6nchengladbach - Ondernemend Venlo","og_description":"Het event is voornamelijk gericht op Duitse ondernemers die in Nederland willen ondernemen, maar er is ook aandacht voor de Nederlandse ondernemers die in Duitsland zaken willen doen.\u00a0","og_url":"https:\/\/www.ondernemendvenlo.nl\/fr\/25-juni-aussenwirtschaftstag-in-monchengladbach\/","og_site_name":"Ondernemend Venlo","article_published_time":"2025-03-31T13:09:39+00:00","article_modified_time":"2025-04-08T16:15:24+00:00","og_image":[{"width":1920,"height":1080,"url":"https:\/\/www.ondernemendvenlo.nl\/wp-content\/uploads\/2025\/04\/logo-aussenwirtschaftstag-2025-data.jpg","type":"image\/jpeg"}],"author":"admin","twitter_card":"summary_large_image","twitter_misc":{"\u00c9crit par":"admin","Dur\u00e9e de lecture estim\u00e9e":"3 minutes"},"schema":{"@context":"https:\/\/schema.org","@graph":[{"@type":"Article","@id":"https:\/\/www.ondernemendvenlo.nl\/25-juni-aussenwirtschaftstag-in-monchengladbach\/#article","isPartOf":{"@id":"https:\/\/www.ondernemendvenlo.nl\/25-juni-aussenwirtschaftstag-in-monchengladbach\/"},"author":{"name":"admin","@id":"https:\/\/www.ondernemendvenlo.nl\/#\/schema\/person\/347e935f8ad4c7030608ef74bb57aa6e"},"headline":"25 juni: Aussenwirtschaftstag in M\u00f6nchengladbach","datePublished":"2025-03-31T13:09:39+00:00","dateModified":"2025-04-08T16:15:24+00:00","mainEntityOfPage":{"@id":"https:\/\/www.ondernemendvenlo.nl\/25-juni-aussenwirtschaftstag-in-monchengladbach\/"},"wordCount":386,"publisher":{"@id":"https:\/\/www.ondernemendvenlo.nl\/#organization"},"image":{"@id":"https:\/\/www.ondernemendvenlo.nl\/25-juni-aussenwirtschaftstag-in-monchengladbach\/#primaryimage"},"thumbnailUrl":"https:\/\/www.ondernemendvenlo.nl\/wp-content\/uploads\/2025\/04\/logo-aussenwirtschaftstag-2025-data.jpg","articleSection":["Nieuws"],"inLanguage":"fr-FR"},{"@type":"WebPage","@id":"https:\/\/www.ondernemendvenlo.nl\/25-juni-aussenwirtschaftstag-in-monchengladbach\/","url":"https:\/\/www.ondernemendvenlo.nl\/25-juni-aussenwirtschaftstag-in-monchengladbach\/","name":"25 juni: Aussenwirtschaftstag in M\u00f6nchengladbach - Ondernemend Venlo","isPartOf":{"@id":"https:\/\/www.ondernemendvenlo.nl\/#website"},"primaryImageOfPage":{"@id":"https:\/\/www.ondernemendvenlo.nl\/25-juni-aussenwirtschaftstag-in-monchengladbach\/#primaryimage"},"image":{"@id":"https:\/\/www.ondernemendvenlo.nl\/25-juni-aussenwirtschaftstag-in-monchengladbach\/#primaryimage"},"thumbnailUrl":"https:\/\/www.ondernemendvenlo.nl\/wp-content\/uploads\/2025\/04\/logo-aussenwirtschaftstag-2025-data.jpg","datePublished":"2025-03-31T13:09:39+00:00","dateModified":"2025-04-08T16:15:24+00:00","breadcrumb":{"@id":"https:\/\/www.ondernemendvenlo.nl\/25-juni-aussenwirtschaftstag-in-monchengladbach\/#breadcrumb"},"inLanguage":"fr-FR","potentialAction":[{"@type":"ReadAction","target":["https:\/\/www.ondernemendvenlo.nl\/25-juni-aussenwirtschaftstag-in-monchengladbach\/"]}]},{"@type":"ImageObject","inLanguage":"fr-FR","@id":"https:\/\/www.ondernemendvenlo.nl\/25-juni-aussenwirtschaftstag-in-monchengladbach\/#primaryimage","url":"https:\/\/www.ondernemendvenlo.nl\/wp-content\/uploads\/2025\/04\/logo-aussenwirtschaftstag-2025-data.jpg","contentUrl":"https:\/\/www.ondernemendvenlo.nl\/wp-content\/uploads\/2025\/04\/logo-aussenwirtschaftstag-2025-data.jpg","width":1920,"height":1080},{"@type":"BreadcrumbList","@id":"https:\/\/www.ondernemendvenlo.nl\/25-juni-aussenwirtschaftstag-in-monchengladbach\/#breadcrumb","itemListElement":[{"@type":"ListItem","position":1,"name":"Ondernemend Venlo","item":"https:\/\/www.ondernemendvenlo.nl\/"},{"@type":"ListItem","position":2,"name":"Nieuws","item":"https:\/\/www.ondernemendvenlo.nl\/categorie\/nieuws\/"},{"@type":"ListItem","position":3,"name":"25 juni: Aussenwirtschaftstag in M\u00f6nchengladbach"}]},{"@type":"WebSite","@id":"https:\/\/www.ondernemendvenlo.nl\/#website","url":"https:\/\/www.ondernemendvenlo.nl\/","name":"Venlo entrepreneurial","description":"Travailler ensemble avec succ\u00e8s","publisher":{"@id":"https:\/\/www.ondernemendvenlo.nl\/#organization"},"potentialAction":[{"@type":"SearchAction","target":{"@type":"EntryPoint","urlTemplate":"https:\/\/www.ondernemendvenlo.nl\/?s={search_term_string}"},"query-input":{"@type":"PropertyValueSpecification","valueRequired":true,"valueName":"search_term_string"}}],"inLanguage":"fr-FR"},{"@type":"Organization","@id":"https:\/\/www.ondernemendvenlo.nl\/#organization","name":"Venlo entrepreneurial","url":"https:\/\/www.ondernemendvenlo.nl\/","logo":{"@type":"ImageObject","inLanguage":"fr-FR","@id":"https:\/\/www.ondernemendvenlo.nl\/#\/schema\/logo\/image\/","url":"https:\/\/www.ondernemendvenlo.nl\/wp-content\/uploads\/2025\/02\/Ondernemend-Venlo-logo-scaled.webp","contentUrl":"https:\/\/www.ondernemendvenlo.nl\/wp-content\/uploads\/2025\/02\/Ondernemend-Venlo-logo-scaled.webp","width":2560,"height":1010,"caption":"Ondernemend Venlo"},"image":{"@id":"https:\/\/www.ondernemendvenlo.nl\/#\/schema\/logo\/image\/"},"sameAs":["https:\/\/www.linkedin.com\/company\/ondernemend-venlo\/"]},{"@type":"Person","@id":"https:\/\/www.ondernemendvenlo.nl\/#\/schema\/person\/347e935f8ad4c7030608ef74bb57aa6e","name":"admin","image":{"@type":"ImageObject","inLanguage":"fr-FR","@id":"https:\/\/www.ondernemendvenlo.nl\/#\/schema\/person\/image\/","url":"https:\/\/www.ondernemendvenlo.nl\/wp-content\/litespeed\/avatar\/720af750b037aecf6e33e12833479059.jpg?ver=1777382954","contentUrl":"https:\/\/www.ondernemendvenlo.nl\/wp-content\/litespeed\/avatar\/720af750b037aecf6e33e12833479059.jpg?ver=1777382954","caption":"admin"},"sameAs":["https:\/\/www.ondernemendvenlo.nl"]}]}},"_links":{"self":[{"href":"https:\/\/www.ondernemendvenlo.nl\/fr\/wp-json\/wp\/v2\/posts\/3276","targetHints":{"allow":["GET"]}}],"collection":[{"href":"https:\/\/www.ondernemendvenlo.nl\/fr\/wp-json\/wp\/v2\/posts"}],"about":[{"href":"https:\/\/www.ondernemendvenlo.nl\/fr\/wp-json\/wp\/v2\/types\/post"}],"author":[{"embeddable":true,"href":"https:\/\/www.ondernemendvenlo.nl\/fr\/wp-json\/wp\/v2\/users\/1"}],"replies":[{"embeddable":true,"href":"https:\/\/www.ondernemendvenlo.nl\/fr\/wp-json\/wp\/v2\/comments?post=3276"}],"version-history":[{"count":0,"href":"https:\/\/www.ondernemendvenlo.nl\/fr\/wp-json\/wp\/v2\/posts\/3276\/revisions"}],"wp:featuredmedia":[{"embeddable":true,"href":"https:\/\/www.ondernemendvenlo.nl\/fr\/wp-json\/wp\/v2\/media\/3277"}],"wp:attachment":[{"href":"https:\/\/www.ondernemendvenlo.nl\/fr\/wp-json\/wp\/v2\/media?parent=3276"}],"wp:term":[{"taxonomy":"category","embeddable":true,"href":"https:\/\/www.ondernemendvenlo.nl\/fr\/wp-json\/wp\/v2\/categories?post=3276"},{"taxonomy":"post_tag","embeddable":true,"href":"https:\/\/www.ondernemendvenlo.nl\/fr\/wp-json\/wp\/v2\/tags?post=3276"}],"curies":[{"name":"wp","href":"https:\/\/api.w.org\/{rel}","templated":true}]}}