{"id":3341,"date":"2024-04-07T19:13:46","date_gmt":"2024-04-07T17:13:46","guid":{"rendered":"https:\/\/www.ondernemendvenlo.nl\/kies-techniek-wie-nu-niet-aanhaakt-staat-over-vijf-jaar-buiten-de-maatschappij\/"},"modified":"2025-04-07T19:27:05","modified_gmt":"2025-04-07T17:27:05","slug":"kies-techniek-wie-nu-niet-aanhaakt-staat-over-vijf-jaar-buiten-de-maatschappij","status":"publish","type":"post","link":"https:\/\/www.ondernemendvenlo.nl\/fr\/kies-techniek-wie-nu-niet-aanhaakt-staat-over-vijf-jaar-buiten-de-maatschappij\/","title":{"rendered":"Choose Technology : \"Ceux qui n'adh\u00e8rent pas maintenant seront en dehors de la soci\u00e9t\u00e9 dans cinq ans\"."},"content":{"rendered":"<p><strong>Le 8 juillet, le Smart Mobility Event, organis\u00e9 par Kies Techniek, s'est d\u00e9roul\u00e9 au Maasboulevard \u00e0 Venlo. Rian Dings et Frank Niessen ont particip\u00e9 \u00e0 l'organisation.\u00a0<span class=\"afbreken-einde-zin\">Elle\u00a0<\/span>Les participants ont parl\u00e9 de la journ\u00e9e, de l'avenir de l'ing\u00e9nierie et de la technologie, mais ils ont \u00e9galement exprim\u00e9 leur inqui\u00e9tude quant au fait que de nombreuses personnes ne r\u00e9alisent pas encore la rapidit\u00e9 des d\u00e9veloppements.<\/strong><\/p>\n<p class=\"Platte-tekst\">Pour Rian Dings, directrice de Techkicks, il \u00e9tait logique d'organiser cet \u00e9v\u00e9nement dans sa propre ville.\u00a0<span class=\"afbreken-einde-zin\">\"En\u00a0<\/span>Dans une grande partie des Pays-Bas, la population n'est pas encore consciente des possibilit\u00e9s offertes par l'\u00e9volution rapide des technologies.\u00a0<span class=\"afbreken-einde-zin\">Nous\u00a0<\/span>Nous consid\u00e9rons qu'il est de notre devoir de mettre la technologie sous les feux de la rampe, en commen\u00e7ant par Venlo\".<\/p>\n<p class=\"Tussenkopje\"><strong>\u00catre actif et performant<br \/>\n<\/strong>Dings et Niessen constatent que notre soci\u00e9t\u00e9 est confront\u00e9e \u00e0 la fois au vieillissement et \u00e0 l'\u00e9cologisation \u00e0 une vitesse fulgurante.\u00a0<span class=\"afbreken-einde-zin\">Le\u00a0<\/span>les d\u00e9veloppements technologiques ont un impact positif sur tous les secteurs : les soins de sant\u00e9, l'\u00e9ducation, la logistique, l'industrie, l'agriculture, le commerce de d\u00e9tail. Dings : \"Pour rester actif et r\u00e9ussir sur le march\u00e9 du travail, il faut savoir ce qui se passe sur le plan technologique.\u00a0<span class=\"afbreken-einde-zin\">Le\u00a0<\/span>Les progr\u00e8s de l'intelligence artificielle sont rapides.\u00a0<span class=\"afbreken-einde-zin\">Qui\u00a0<\/span>Les personnes qui n'en sont pas conscientes se retrouveront en dehors de la soci\u00e9t\u00e9 dans cinq ans. Comparez cela \u00e0 la compr\u00e9hension de la lecture : si vous avez manqu\u00e9 les bases, il est difficile de les rattraper et de rester dans le coup.\u00a0<span class=\"afbreken-einde-zin\">Le\u00a0<\/span>n'est pas une question d'\u00e9ducation pratique ou th\u00e9orique, mais de suivi des \u00e9volutions technologiques.\u00a0<span class=\"afbreken-einde-zin\">Le\u00a0<\/span>touche tout le monde. C'est la raison pour laquelle nous voulons mettre en valeur ces merveilleuses \u00e9volutions. Permettre aux gens de d\u00e9couvrir \u00e0 quel point le monde de la tech(nique) est amusant et quels sont les d\u00e9veloppements fantastiques en cours.\u00a0<span class=\"afbreken-einde-zin\">Le pr\u00e9sent\u00a0<\/span>sont des activit\u00e9s dans les espaces publics, dans les \u00e9coles ou des d\u00e9monstrations et des conf\u00e9rences dans les entreprises et les organisations\".<\/p>\n<p class=\"Platte-tekst\">Les participants \u00e0 l'\u00e9v\u00e9nement Smart Mobility ont pu s'informer sur les d\u00e9veloppements dans le domaine de la mobilit\u00e9 intelligente gr\u00e2ce \u00e0 diverses activit\u00e9s pratiques. Pensez aux v\u00e9hicules autonomes, aux robots, aux voitures \u00e0 hydrog\u00e8ne, aux rouleaux de donn\u00e9es et \u00e0 d'autres applications intelligentes pour am\u00e9liorer la mobilit\u00e9. Frank Niessen, directeur des op\u00e9rations chez ProfCore (sp\u00e9cialiste des questions de personnel et de production dans le domaine de l'ing\u00e9nierie des proc\u00e9d\u00e9s et de la logistique), a expliqu\u00e9 la raison d'\u00eatre de l'\u00e9v\u00e9nement.\u00a0<span class=\"afbreken-einde-zin\">\"Nous\u00a0<\/span>organiser des \u00e9v\u00e9nements technologiques physiques pour donner \u00e0 chacun l'occasion de d\u00e9couvrir la technologie.\u00a0<span class=\"afbreken-einde-zin\">Le\u00a0<\/span>Le monde est en pleine r\u00e9volution technologique et notre objectif est d'informer les gens, mais surtout de les enthousiasmer. Parce que tout le monde est concern\u00e9.\u00a0<span class=\"afbreken-einde-zin\">Le\u00a0<\/span>La nouvelle g\u00e9n\u00e9ration comprend rapidement ces \u00e9volutions, mais les parents et les personnes \u00e2g\u00e9es en sont tr\u00e8s \u00e9loign\u00e9s.\u00a0<span class=\"afbreken-einde-zin\">Elle\u00a0<\/span>influencent toutefois les choix d'\u00e9tudes de leurs enfants\".<\/p>\n<p class=\"Tussenkopje\"><strong>Dichotomie de l'avenir<\/strong><br \/>\nLes d\u00e9veloppements technologiques ont d\u00e9j\u00e0 envahi nos vies de multiples fa\u00e7ons : domotique, voiture, chatbots, intelligence artificielle, etc. Rian Dings.\u00a0<span class=\"afbreken-einde-zin\">\"Il\u00a0<\/span>Pour de nombreuses personnes, le monde de la technologie n'est pas aussi beau et inspirant que nous le voyons.\u00a0<span class=\"afbreken-einde-zin\">Le\u00a0<\/span>est vague, difficile, trop intello et trop loin de mon lit. Pour beaucoup, l'intelligence artificielle est consid\u00e9r\u00e9e comme une comp\u00e9tence num\u00e9rique et le ChatGPT comme un programme. Il s'agit pourtant du d\u00e9but d'un nouveau changement technologique, similaire \u00e0 l'av\u00e8nement de l'internet, mais \u00e0 une vitesse de d\u00e9veloppement beaucoup plus rapide.\u00a0<span class=\"afbreken-einde-zin\">Il y a\u00a0<\/span>est la conviction que la technologie va nous aider \u00e0 r\u00e9soudre des probl\u00e8mes difficiles.\u00a0<span class=\"afbreken-einde-zin\">Au\u00a0<\/span>essentiellement, il y a aussi un probl\u00e8me social parce qu'il va toucher tout le monde.\u00a0<span class=\"afbreken-einde-zin\">Nous\u00a0<\/span>Nous en avons tous les jours des exemples dans les journaux.\u00a0<span class=\"afbreken-einde-zin\">Le pr\u00e9sent\u00a0<\/span>pourrait facilement cr\u00e9er une fracture future dans la soci\u00e9t\u00e9, parce que le secteur technologique se d\u00e9veloppe tr\u00e8s rapidement et qu'il y a un groupe qui ne veut pas ou ne peut pas suivre. La technologie et la r\u00e9volution technologique sont encore trop souvent laiss\u00e9es de c\u00f4t\u00e9. C'est pourquoi nos \u00e9v\u00e9nements visent \u00e0 montrer que c'est amusant et engageant\". Dings et Niessen consid\u00e8rent qu'il s'agit d'un travail de mission.\u00a0<span class=\"afbreken-einde-zin\">Apr\u00e8s\u00a0<\/span>Apr\u00e8s l'\u00e9v\u00e9nement Smart Mobility de l'\u00e9t\u00e9 dernier, un autre \u00e9v\u00e9nement aura lieu en d\u00e9cembre.\u00a0<span class=\"afbreken-einde-zin\">Dan\u00a0<\/span>se concentrera sur le th\u00e8me de la lumi\u00e8re. Une fois de plus, le centre ville de Venlo a \u00e9t\u00e9 choisi comme lieu d'exposition, bien que l'on ne sache pas encore tout sur le contenu concret.\u00a0<span class=\"afbreken-einde-zin\">\"En\u00a0<\/span>D'autres \u00e9v\u00e9nements suivront \u00e0 l'avenir\", a d\u00e9clar\u00e9 M. Niessen.\u00a0<span class=\"afbreken-einde-zin\">\"Nous\u00a0<\/span>Nous voulons amener les gens \u00e0 s'impliquer et \u00e0 s'enthousiasmer. Sur leur lieu de travail et dans la vie de tous les jours\".<\/p>\n<p class=\"Tussenkopje\"><strong>Exemples<br \/>\n<\/strong>L'\u00e9v\u00e9nement Smart Mobility de l'\u00e9t\u00e9 dernier portait principalement sur les applications dans l'industrie de la mobilit\u00e9.\u00a0<span class=\"afbreken-einde-zin\">Le\u00a0<\/span>Les d\u00e9veloppements technologiques vont bien plus loin. Pensez \u00e0 la robotique pour le secteur agricole, aux robots comme assistants de classe dans l'enseignement ou aux robots de soins pour la maison. Cette \u00e9volution offre de nombreuses possibilit\u00e9s, surtout dans le contexte de la p\u00e9nurie croissante de personnel.\u00a0<span class=\"afbreken-einde-zin\">Donc\u00a0<\/span>Gr\u00e2ce \u00e0 des cam\u00e9ras et \u00e0 des syst\u00e8mes de d\u00e9tection, la technologie de la maison de retraite peut voir si un pensionnaire reste assis trop longtemps ou s'il est tomb\u00e9. Rian Dings : \"Cette technologie est reli\u00e9e \u00e0 un robot qui pose des questions au client et appelle de l'aide pendant ce temps. Il est \u00e9galement possible d'associer d'autres technologies pour aider les personnes \u00e0 vieillir confortablement chez elles.\u00a0<span class=\"afbreken-einde-zin\">Le\u00a0<\/span>D'ici cinq ans, les soins de sant\u00e9 devraient pouvoir \u00eatre assur\u00e9s par un robot ambulant. Gr\u00e2ce \u00e0 l'internet des objets et \u00e0 l'intelligence artificielle, il fonctionnera en partie de mani\u00e8re autonome. Utiliser la technologie pour rendre le monde plus beau et plus agr\u00e9able, c'est cool\".<\/p>\n<p class=\"Tussenkopje\"><strong>Nouvelles opportunit\u00e9s<\/strong><br \/>\nL'\u00e9quipe de Kies Techniek aime se rapprocher de la communaut\u00e9 des affaires. Selon Dings et Niessen, la Supply Chain Valley, en tant que partenariat entre les entreprises, les institutions de la connaissance, les pouvoirs publics et l'environnement, en est un excellent exemple.\u00a0<span class=\"afbreken-einde-zin\">\"Ils\u00a0<\/span>montrer ce qu'ils peuvent faire pour la r\u00e9gion\", a d\u00e9clar\u00e9 M. Niessen.\u00a0<span class=\"afbreken-einde-zin\">\"Il\u00a0<\/span>Il s'agit d'inclure les employ\u00e9s dans le d\u00e9veloppement. En ce qui concerne les r\u00e9sistances que cela pourrait susciter chez les gens, Dings d\u00e9clare : \"D'ici cinq ans, la technologie aura un impact sur tous les emplois ordinaires. De nombreux emplois changeront \u00e0 jamais. Des robots arm\u00e9s cueilleront des pommes, d\u00e9placeront des cartons, travailleront dans la restauration et livreront des colis.\u00a0<span class=\"afbreken-einde-zin\">Qui\u00a0<\/span>choisir la technologie, c'est s'ouvrir de nouvelles perspectives. Les d\u00e9cisions cl\u00e9s pour l'avenir sont entre les mains des entreprises technologiques, et non des dirigeants mondiaux.\u00a0<span class=\"afbreken-einde-zin\">Le\u00a0<\/span>est un d\u00e9veloppement pionnier qui n'est pas assez visible.\u00a0<span class=\"afbreken-einde-zin\">Nous\u00a0<\/span>veulent montrer ce qui se passe et sont heureux de participer \u00e0 la conversation\".<\/p>\n<p class=\"Tussenkopje\"><strong>techkicks.co.uk - profcore.co.uk<\/strong><\/p>","protected":false},"excerpt":{"rendered":"<p>Op 8 juli vond aan de Maasboulevard in Venlo het Smart Mobility Event plaats, georganiseerd door Kies Techniek. Rian Dings en Frank Niessen waren bij de organisatie betrokken.\u00a0Zij\u00a0vertellen over deze dag, de toekomst van techniek en technologie, maar uitten ook hun zorgen over het feit dat veel mensen de snelle ontwikkelingen nog steeds niet inzien. [&hellip;]<\/p>","protected":false},"author":1,"featured_media":3342,"comment_status":"closed","ping_status":"closed","sticky":false,"template":"","format":"standard","meta":{"_acf_changed":false,"footnotes":""},"categories":[21],"tags":[],"class_list":["post-3341","post","type-post","status-publish","format-standard","has-post-thumbnail","hentry","category-magazine"],"acf":[],"yoast_head":"<!-- This site is optimized with the Yoast SEO plugin v26.3 - https:\/\/yoast.com\/wordpress\/plugins\/seo\/ -->\n<title>Kies Techniek: \u2018Wie nu niet aanhaakt, staat over vijf jaar buiten de maatschappij\u2019 - Ondernemend Venlo<\/title>\n<meta name=\"robots\" content=\"index, follow, max-snippet:-1, max-image-preview:large, max-video-preview:-1\" \/>\n<link rel=\"canonical\" href=\"https:\/\/www.ondernemendvenlo.nl\/fr\/kies-techniek-wie-nu-niet-aanhaakt-staat-over-vijf-jaar-buiten-de-maatschappij\/\" \/>\n<meta property=\"og:locale\" content=\"fr_FR\" \/>\n<meta property=\"og:type\" content=\"article\" \/>\n<meta property=\"og:title\" content=\"Kies Techniek: \u2018Wie nu niet aanhaakt, staat over vijf jaar buiten de maatschappij\u2019 - Ondernemend Venlo\" \/>\n<meta property=\"og:description\" content=\"Op 8 juli vond aan de Maasboulevard in Venlo het Smart Mobility Event plaats, georganiseerd door Kies Techniek. Rian Dings en Frank Niessen waren bij de organisatie betrokken.\u00a0Zij\u00a0vertellen over deze dag, de toekomst van techniek en technologie, maar uitten ook hun zorgen over het feit dat veel mensen de snelle ontwikkelingen nog steeds niet inzien. [&hellip;]\" \/>\n<meta property=\"og:url\" content=\"https:\/\/www.ondernemendvenlo.nl\/fr\/kies-techniek-wie-nu-niet-aanhaakt-staat-over-vijf-jaar-buiten-de-maatschappij\/\" \/>\n<meta property=\"og:site_name\" content=\"Ondernemend Venlo\" \/>\n<meta property=\"article:published_time\" content=\"2024-04-07T17:13:46+00:00\" \/>\n<meta property=\"article:modified_time\" content=\"2025-04-07T17:27:05+00:00\" \/>\n<meta property=\"og:image\" content=\"https:\/\/www.ondernemendvenlo.nl\/wp-content\/uploads\/2025\/04\/KiesTechniek_00003_1920x1080.jpg\" \/>\n\t<meta property=\"og:image:width\" content=\"1920\" \/>\n\t<meta property=\"og:image:height\" content=\"1080\" \/>\n\t<meta property=\"og:image:type\" content=\"image\/jpeg\" \/>\n<meta name=\"author\" content=\"admin\" \/>\n<meta name=\"twitter:card\" content=\"summary_large_image\" \/>\n<meta name=\"twitter:label1\" content=\"\u00c9crit par\" \/>\n\t<meta name=\"twitter:data1\" content=\"admin\" \/>\n\t<meta name=\"twitter:label2\" content=\"Dur\u00e9e de lecture estim\u00e9e\" \/>\n\t<meta name=\"twitter:data2\" content=\"5 minutes\" \/>\n<script type=\"application\/ld+json\" class=\"yoast-schema-graph\">{\"@context\":\"https:\/\/schema.org\",\"@graph\":[{\"@type\":\"Article\",\"@id\":\"https:\/\/www.ondernemendvenlo.nl\/kies-techniek-wie-nu-niet-aanhaakt-staat-over-vijf-jaar-buiten-de-maatschappij\/#article\",\"isPartOf\":{\"@id\":\"https:\/\/www.ondernemendvenlo.nl\/kies-techniek-wie-nu-niet-aanhaakt-staat-over-vijf-jaar-buiten-de-maatschappij\/\"},\"author\":{\"name\":\"admin\",\"@id\":\"https:\/\/www.ondernemendvenlo.nl\/#\/schema\/person\/347e935f8ad4c7030608ef74bb57aa6e\"},\"headline\":\"Kies Techniek: \u2018Wie nu niet aanhaakt, staat over vijf jaar buiten de maatschappij\u2019\",\"datePublished\":\"2024-04-07T17:13:46+00:00\",\"dateModified\":\"2025-04-07T17:27:05+00:00\",\"mainEntityOfPage\":{\"@id\":\"https:\/\/www.ondernemendvenlo.nl\/kies-techniek-wie-nu-niet-aanhaakt-staat-over-vijf-jaar-buiten-de-maatschappij\/\"},\"wordCount\":967,\"publisher\":{\"@id\":\"https:\/\/www.ondernemendvenlo.nl\/#organization\"},\"image\":{\"@id\":\"https:\/\/www.ondernemendvenlo.nl\/kies-techniek-wie-nu-niet-aanhaakt-staat-over-vijf-jaar-buiten-de-maatschappij\/#primaryimage\"},\"thumbnailUrl\":\"https:\/\/www.ondernemendvenlo.nl\/wp-content\/uploads\/2025\/04\/KiesTechniek_00003_1920x1080.jpg\",\"articleSection\":[\"Magazine Ondernemend Venlo\"],\"inLanguage\":\"fr-FR\"},{\"@type\":\"WebPage\",\"@id\":\"https:\/\/www.ondernemendvenlo.nl\/kies-techniek-wie-nu-niet-aanhaakt-staat-over-vijf-jaar-buiten-de-maatschappij\/\",\"url\":\"https:\/\/www.ondernemendvenlo.nl\/kies-techniek-wie-nu-niet-aanhaakt-staat-over-vijf-jaar-buiten-de-maatschappij\/\",\"name\":\"Kies Techniek: \u2018Wie nu niet aanhaakt, staat over vijf jaar buiten de maatschappij\u2019 - Ondernemend Venlo\",\"isPartOf\":{\"@id\":\"https:\/\/www.ondernemendvenlo.nl\/#website\"},\"primaryImageOfPage\":{\"@id\":\"https:\/\/www.ondernemendvenlo.nl\/kies-techniek-wie-nu-niet-aanhaakt-staat-over-vijf-jaar-buiten-de-maatschappij\/#primaryimage\"},\"image\":{\"@id\":\"https:\/\/www.ondernemendvenlo.nl\/kies-techniek-wie-nu-niet-aanhaakt-staat-over-vijf-jaar-buiten-de-maatschappij\/#primaryimage\"},\"thumbnailUrl\":\"https:\/\/www.ondernemendvenlo.nl\/wp-content\/uploads\/2025\/04\/KiesTechniek_00003_1920x1080.jpg\",\"datePublished\":\"2024-04-07T17:13:46+00:00\",\"dateModified\":\"2025-04-07T17:27:05+00:00\",\"breadcrumb\":{\"@id\":\"https:\/\/www.ondernemendvenlo.nl\/kies-techniek-wie-nu-niet-aanhaakt-staat-over-vijf-jaar-buiten-de-maatschappij\/#breadcrumb\"},\"inLanguage\":\"fr-FR\",\"potentialAction\":[{\"@type\":\"ReadAction\",\"target\":[\"https:\/\/www.ondernemendvenlo.nl\/kies-techniek-wie-nu-niet-aanhaakt-staat-over-vijf-jaar-buiten-de-maatschappij\/\"]}]},{\"@type\":\"ImageObject\",\"inLanguage\":\"fr-FR\",\"@id\":\"https:\/\/www.ondernemendvenlo.nl\/kies-techniek-wie-nu-niet-aanhaakt-staat-over-vijf-jaar-buiten-de-maatschappij\/#primaryimage\",\"url\":\"https:\/\/www.ondernemendvenlo.nl\/wp-content\/uploads\/2025\/04\/KiesTechniek_00003_1920x1080.jpg\",\"contentUrl\":\"https:\/\/www.ondernemendvenlo.nl\/wp-content\/uploads\/2025\/04\/KiesTechniek_00003_1920x1080.jpg\",\"width\":1920,\"height\":1080},{\"@type\":\"BreadcrumbList\",\"@id\":\"https:\/\/www.ondernemendvenlo.nl\/kies-techniek-wie-nu-niet-aanhaakt-staat-over-vijf-jaar-buiten-de-maatschappij\/#breadcrumb\",\"itemListElement\":[{\"@type\":\"ListItem\",\"position\":1,\"name\":\"Ondernemend Venlo\",\"item\":\"https:\/\/www.ondernemendvenlo.nl\/\"},{\"@type\":\"ListItem\",\"position\":2,\"name\":\"Magazine Ondernemend Venlo\",\"item\":\"https:\/\/www.ondernemendvenlo.nl\/categorie\/magazine\/\"},{\"@type\":\"ListItem\",\"position\":3,\"name\":\"Kies Techniek: \u2018Wie nu niet aanhaakt, staat over vijf jaar buiten de maatschappij\u2019\"}]},{\"@type\":\"WebSite\",\"@id\":\"https:\/\/www.ondernemendvenlo.nl\/#website\",\"url\":\"https:\/\/www.ondernemendvenlo.nl\/\",\"name\":\"Ondernemend Venlo\",\"description\":\"Samen succesvol ondernemen\",\"publisher\":{\"@id\":\"https:\/\/www.ondernemendvenlo.nl\/#organization\"},\"potentialAction\":[{\"@type\":\"SearchAction\",\"target\":{\"@type\":\"EntryPoint\",\"urlTemplate\":\"https:\/\/www.ondernemendvenlo.nl\/?s={search_term_string}\"},\"query-input\":{\"@type\":\"PropertyValueSpecification\",\"valueRequired\":true,\"valueName\":\"search_term_string\"}}],\"inLanguage\":\"fr-FR\"},{\"@type\":\"Organization\",\"@id\":\"https:\/\/www.ondernemendvenlo.nl\/#organization\",\"name\":\"Ondernemend Venlo\",\"url\":\"https:\/\/www.ondernemendvenlo.nl\/\",\"logo\":{\"@type\":\"ImageObject\",\"inLanguage\":\"fr-FR\",\"@id\":\"https:\/\/www.ondernemendvenlo.nl\/#\/schema\/logo\/image\/\",\"url\":\"https:\/\/www.ondernemendvenlo.nl\/wp-content\/uploads\/2025\/02\/Ondernemend-Venlo-logo-scaled.webp\",\"contentUrl\":\"https:\/\/www.ondernemendvenlo.nl\/wp-content\/uploads\/2025\/02\/Ondernemend-Venlo-logo-scaled.webp\",\"width\":2560,\"height\":1010,\"caption\":\"Ondernemend Venlo\"},\"image\":{\"@id\":\"https:\/\/www.ondernemendvenlo.nl\/#\/schema\/logo\/image\/\"},\"sameAs\":[\"https:\/\/www.linkedin.com\/company\/ondernemend-venlo\/\"]},{\"@type\":\"Person\",\"@id\":\"https:\/\/www.ondernemendvenlo.nl\/#\/schema\/person\/347e935f8ad4c7030608ef74bb57aa6e\",\"name\":\"admin\",\"image\":{\"@type\":\"ImageObject\",\"inLanguage\":\"fr-FR\",\"@id\":\"https:\/\/www.ondernemendvenlo.nl\/#\/schema\/person\/image\/\",\"url\":\"https:\/\/www.ondernemendvenlo.nl\/wp-content\/litespeed\/avatar\/720af750b037aecf6e33e12833479059.jpg?ver=1777382954\",\"contentUrl\":\"https:\/\/www.ondernemendvenlo.nl\/wp-content\/litespeed\/avatar\/720af750b037aecf6e33e12833479059.jpg?ver=1777382954\",\"caption\":\"admin\"},\"sameAs\":[\"https:\/\/www.ondernemendvenlo.nl\"]}]}<\/script>\n<!-- \/ Yoast SEO plugin. -->","yoast_head_json":{"title":"Kies Techniek: \u2018Wie nu niet aanhaakt, staat over vijf jaar buiten de maatschappij\u2019 - Ondernemend Venlo","robots":{"index":"index","follow":"follow","max-snippet":"max-snippet:-1","max-image-preview":"max-image-preview:large","max-video-preview":"max-video-preview:-1"},"canonical":"https:\/\/www.ondernemendvenlo.nl\/fr\/kies-techniek-wie-nu-niet-aanhaakt-staat-over-vijf-jaar-buiten-de-maatschappij\/","og_locale":"fr_FR","og_type":"article","og_title":"Kies Techniek: \u2018Wie nu niet aanhaakt, staat over vijf jaar buiten de maatschappij\u2019 - Ondernemend Venlo","og_description":"Op 8 juli vond aan de Maasboulevard in Venlo het Smart Mobility Event plaats, georganiseerd door Kies Techniek. Rian Dings en Frank Niessen waren bij de organisatie betrokken.\u00a0Zij\u00a0vertellen over deze dag, de toekomst van techniek en technologie, maar uitten ook hun zorgen over het feit dat veel mensen de snelle ontwikkelingen nog steeds niet inzien. [&hellip;]","og_url":"https:\/\/www.ondernemendvenlo.nl\/fr\/kies-techniek-wie-nu-niet-aanhaakt-staat-over-vijf-jaar-buiten-de-maatschappij\/","og_site_name":"Ondernemend Venlo","article_published_time":"2024-04-07T17:13:46+00:00","article_modified_time":"2025-04-07T17:27:05+00:00","og_image":[{"width":1920,"height":1080,"url":"https:\/\/www.ondernemendvenlo.nl\/wp-content\/uploads\/2025\/04\/KiesTechniek_00003_1920x1080.jpg","type":"image\/jpeg"}],"author":"admin","twitter_card":"summary_large_image","twitter_misc":{"\u00c9crit par":"admin","Dur\u00e9e de lecture estim\u00e9e":"5 minutes"},"schema":{"@context":"https:\/\/schema.org","@graph":[{"@type":"Article","@id":"https:\/\/www.ondernemendvenlo.nl\/kies-techniek-wie-nu-niet-aanhaakt-staat-over-vijf-jaar-buiten-de-maatschappij\/#article","isPartOf":{"@id":"https:\/\/www.ondernemendvenlo.nl\/kies-techniek-wie-nu-niet-aanhaakt-staat-over-vijf-jaar-buiten-de-maatschappij\/"},"author":{"name":"admin","@id":"https:\/\/www.ondernemendvenlo.nl\/#\/schema\/person\/347e935f8ad4c7030608ef74bb57aa6e"},"headline":"Kies Techniek: \u2018Wie nu niet aanhaakt, staat over vijf jaar buiten de maatschappij\u2019","datePublished":"2024-04-07T17:13:46+00:00","dateModified":"2025-04-07T17:27:05+00:00","mainEntityOfPage":{"@id":"https:\/\/www.ondernemendvenlo.nl\/kies-techniek-wie-nu-niet-aanhaakt-staat-over-vijf-jaar-buiten-de-maatschappij\/"},"wordCount":967,"publisher":{"@id":"https:\/\/www.ondernemendvenlo.nl\/#organization"},"image":{"@id":"https:\/\/www.ondernemendvenlo.nl\/kies-techniek-wie-nu-niet-aanhaakt-staat-over-vijf-jaar-buiten-de-maatschappij\/#primaryimage"},"thumbnailUrl":"https:\/\/www.ondernemendvenlo.nl\/wp-content\/uploads\/2025\/04\/KiesTechniek_00003_1920x1080.jpg","articleSection":["Magazine Ondernemend Venlo"],"inLanguage":"fr-FR"},{"@type":"WebPage","@id":"https:\/\/www.ondernemendvenlo.nl\/kies-techniek-wie-nu-niet-aanhaakt-staat-over-vijf-jaar-buiten-de-maatschappij\/","url":"https:\/\/www.ondernemendvenlo.nl\/kies-techniek-wie-nu-niet-aanhaakt-staat-over-vijf-jaar-buiten-de-maatschappij\/","name":"Kies Techniek: \u2018Wie nu niet aanhaakt, staat over vijf jaar buiten de maatschappij\u2019 - Ondernemend Venlo","isPartOf":{"@id":"https:\/\/www.ondernemendvenlo.nl\/#website"},"primaryImageOfPage":{"@id":"https:\/\/www.ondernemendvenlo.nl\/kies-techniek-wie-nu-niet-aanhaakt-staat-over-vijf-jaar-buiten-de-maatschappij\/#primaryimage"},"image":{"@id":"https:\/\/www.ondernemendvenlo.nl\/kies-techniek-wie-nu-niet-aanhaakt-staat-over-vijf-jaar-buiten-de-maatschappij\/#primaryimage"},"thumbnailUrl":"https:\/\/www.ondernemendvenlo.nl\/wp-content\/uploads\/2025\/04\/KiesTechniek_00003_1920x1080.jpg","datePublished":"2024-04-07T17:13:46+00:00","dateModified":"2025-04-07T17:27:05+00:00","breadcrumb":{"@id":"https:\/\/www.ondernemendvenlo.nl\/kies-techniek-wie-nu-niet-aanhaakt-staat-over-vijf-jaar-buiten-de-maatschappij\/#breadcrumb"},"inLanguage":"fr-FR","potentialAction":[{"@type":"ReadAction","target":["https:\/\/www.ondernemendvenlo.nl\/kies-techniek-wie-nu-niet-aanhaakt-staat-over-vijf-jaar-buiten-de-maatschappij\/"]}]},{"@type":"ImageObject","inLanguage":"fr-FR","@id":"https:\/\/www.ondernemendvenlo.nl\/kies-techniek-wie-nu-niet-aanhaakt-staat-over-vijf-jaar-buiten-de-maatschappij\/#primaryimage","url":"https:\/\/www.ondernemendvenlo.nl\/wp-content\/uploads\/2025\/04\/KiesTechniek_00003_1920x1080.jpg","contentUrl":"https:\/\/www.ondernemendvenlo.nl\/wp-content\/uploads\/2025\/04\/KiesTechniek_00003_1920x1080.jpg","width":1920,"height":1080},{"@type":"BreadcrumbList","@id":"https:\/\/www.ondernemendvenlo.nl\/kies-techniek-wie-nu-niet-aanhaakt-staat-over-vijf-jaar-buiten-de-maatschappij\/#breadcrumb","itemListElement":[{"@type":"ListItem","position":1,"name":"Ondernemend Venlo","item":"https:\/\/www.ondernemendvenlo.nl\/"},{"@type":"ListItem","position":2,"name":"Magazine Ondernemend Venlo","item":"https:\/\/www.ondernemendvenlo.nl\/categorie\/magazine\/"},{"@type":"ListItem","position":3,"name":"Kies Techniek: \u2018Wie nu niet aanhaakt, staat over vijf jaar buiten de maatschappij\u2019"}]},{"@type":"WebSite","@id":"https:\/\/www.ondernemendvenlo.nl\/#website","url":"https:\/\/www.ondernemendvenlo.nl\/","name":"Venlo entrepreneurial","description":"Travailler ensemble avec succ\u00e8s","publisher":{"@id":"https:\/\/www.ondernemendvenlo.nl\/#organization"},"potentialAction":[{"@type":"SearchAction","target":{"@type":"EntryPoint","urlTemplate":"https:\/\/www.ondernemendvenlo.nl\/?s={search_term_string}"},"query-input":{"@type":"PropertyValueSpecification","valueRequired":true,"valueName":"search_term_string"}}],"inLanguage":"fr-FR"},{"@type":"Organization","@id":"https:\/\/www.ondernemendvenlo.nl\/#organization","name":"Venlo entrepreneurial","url":"https:\/\/www.ondernemendvenlo.nl\/","logo":{"@type":"ImageObject","inLanguage":"fr-FR","@id":"https:\/\/www.ondernemendvenlo.nl\/#\/schema\/logo\/image\/","url":"https:\/\/www.ondernemendvenlo.nl\/wp-content\/uploads\/2025\/02\/Ondernemend-Venlo-logo-scaled.webp","contentUrl":"https:\/\/www.ondernemendvenlo.nl\/wp-content\/uploads\/2025\/02\/Ondernemend-Venlo-logo-scaled.webp","width":2560,"height":1010,"caption":"Ondernemend Venlo"},"image":{"@id":"https:\/\/www.ondernemendvenlo.nl\/#\/schema\/logo\/image\/"},"sameAs":["https:\/\/www.linkedin.com\/company\/ondernemend-venlo\/"]},{"@type":"Person","@id":"https:\/\/www.ondernemendvenlo.nl\/#\/schema\/person\/347e935f8ad4c7030608ef74bb57aa6e","name":"admin","image":{"@type":"ImageObject","inLanguage":"fr-FR","@id":"https:\/\/www.ondernemendvenlo.nl\/#\/schema\/person\/image\/","url":"https:\/\/www.ondernemendvenlo.nl\/wp-content\/litespeed\/avatar\/720af750b037aecf6e33e12833479059.jpg?ver=1777382954","contentUrl":"https:\/\/www.ondernemendvenlo.nl\/wp-content\/litespeed\/avatar\/720af750b037aecf6e33e12833479059.jpg?ver=1777382954","caption":"admin"},"sameAs":["https:\/\/www.ondernemendvenlo.nl"]}]}},"_links":{"self":[{"href":"https:\/\/www.ondernemendvenlo.nl\/fr\/wp-json\/wp\/v2\/posts\/3341","targetHints":{"allow":["GET"]}}],"collection":[{"href":"https:\/\/www.ondernemendvenlo.nl\/fr\/wp-json\/wp\/v2\/posts"}],"about":[{"href":"https:\/\/www.ondernemendvenlo.nl\/fr\/wp-json\/wp\/v2\/types\/post"}],"author":[{"embeddable":true,"href":"https:\/\/www.ondernemendvenlo.nl\/fr\/wp-json\/wp\/v2\/users\/1"}],"replies":[{"embeddable":true,"href":"https:\/\/www.ondernemendvenlo.nl\/fr\/wp-json\/wp\/v2\/comments?post=3341"}],"version-history":[{"count":0,"href":"https:\/\/www.ondernemendvenlo.nl\/fr\/wp-json\/wp\/v2\/posts\/3341\/revisions"}],"wp:featuredmedia":[{"embeddable":true,"href":"https:\/\/www.ondernemendvenlo.nl\/fr\/wp-json\/wp\/v2\/media\/3342"}],"wp:attachment":[{"href":"https:\/\/www.ondernemendvenlo.nl\/fr\/wp-json\/wp\/v2\/media?parent=3341"}],"wp:term":[{"taxonomy":"category","embeddable":true,"href":"https:\/\/www.ondernemendvenlo.nl\/fr\/wp-json\/wp\/v2\/categories?post=3341"},{"taxonomy":"post_tag","embeddable":true,"href":"https:\/\/www.ondernemendvenlo.nl\/fr\/wp-json\/wp\/v2\/tags?post=3341"}],"curies":[{"name":"wp","href":"https:\/\/api.w.org\/{rel}","templated":true}]}}