{"id":3377,"date":"2024-04-07T19:13:55","date_gmt":"2024-04-07T17:13:55","guid":{"rendered":"https:\/\/www.ondernemendvenlo.nl\/winnaars-lodewijk-van-de-grinten-prijs-en-talent-award\/"},"modified":"2025-04-07T19:26:00","modified_gmt":"2025-04-07T17:26:00","slug":"winnaars-lodewijk-van-de-grinten-prijs-en-talent-award","status":"publish","type":"post","link":"https:\/\/www.ondernemendvenlo.nl\/fr\/winnaars-lodewijk-van-de-grinten-prijs-en-talent-award\/","title":{"rendered":"Laur\u00e9ats du prix Lodewijk van de Grinten et du prix du talent"},"content":{"rendered":"<h2 id=\"_idContainer142\" class=\"Basistekstkader\">Winnaars Marco Baetsen en Jan Houwen<\/h2>\n<div id=\"_idContainer145\" class=\"_idGenObjectStyleOverride-1\">\n<p class=\"Intro-zwart ParaOverride-3\"><strong>Zakelijk Venlo verzamelde zich op dinsdag 12 december in de Maaspoort voor een inspirerend en feestelijk programma waar Jan Houwen van Volantis winnaar werd van de Lodewijk van der Grinten Prijs 2023 en Marco Baetsen van Stadsbouwers de trofee als winnaar Talent Award 2023 mee naar huis mocht nemen.<\/strong><\/p>\n<\/div>\n<div id=\"_idContainer146\" class=\"Basistekstkader\">\n<p class=\"Platte-tekst\">De Lodewijk van der Grinten Prijs is een initiatief van de Stichting Lodewijk van der Grinten Prijs, waarin LLTB, MKB Noord-Limburg, Ondernemend Venlo en de Gemeente Venlo samenwerken. <span class=\"afbreken-einde-zin\">Le <\/span>feit dat veertig bedrijven en organisaties dit jaar de Lodewijk van der Grinten Prijs ondersteunen, getuigt van een groot draagvlak om ondernemerschap in de Gemeente Venlo te stimuleren. Deze partners en sponsoren maken de organisatie van het evenement ieder jaar weer mogelijk.<\/p>\n<p class=\"Tussenkopje\"><strong>Winnaar Lodewijk van der Grinten Prijs<br \/>\n<\/strong>De jury selecteerde Houwen na een zorgvuldige beoordeling van de pitches en bedrijfsbezoeken van de drie genomineerden. <span class=\"afbreken-einde-zin\">Il <\/span>streed dit jaar samen met Anouk Hendrikx Afonso van maatwerk HRM en Giselle Vluggen van Forta4U om deze prestigieuze prijs. Houwen maakte de meeste indruk op de juryleden met zijn visie en aanpak op het gebied van het thema van dit jaar \u2018personeel &amp; ontwikkeling\u2019.<\/p>\n<p class=\"Platte-tekst\">Sedert 2000 is Jan Houwen algemeen directeur\/CEO bij Volantis Groep B.V. en alle bedrijven die daar onder vallen. Volantis is een snelgroeiende ingenieurs-, architectuur- en consultancyorganisatie met 115 medewerkers. Over het thema personeel &amp; ontwikkeling zegt Houwen: \u201cEr is ten tijde van de economische crisis van 2009-2012 een stip aan de horizon gezet om de beste werkgever van de regio te worden. Vanuit die ambitie hebben we een plan ontwikkeld en in 2020, 2021 \u00e9n 2022 waren we \u2018de aantrekkelijkste werkgever van Limburg\u2019, categorie MKB.\u201d<\/p>\n<p class=\"Tussenkopje\"><strong>Winnaar Talent Award<br \/>\n<\/strong>De jury en het publiek waren het erover eens dat de Talent Award, de prijs voor de meest toonaangevende Young Professional onder de 35 jaar binnen de gemeente Venlo, dit jaar toekwam aan Marco Baetsen. Naast het kunstwerk krijgt Marco een studievoucher die wordt aangeboden door UMIO Maastricht University en de Gemeente Venlo.<\/p>\n<p class=\"Platte-tekst\">In 2015, direct na het afronden van zijn studie, schreef Marco Baetsen zijn onderneming Stadsbouwers in bij de Kamer van Koophandel. <span class=\"afbreken-einde-zin\">Avec <\/span>Stadsbouwers geeft hij advies over de ontwikkeling en herbestemming van vastgoed. Zijn passie ligt in projecten die voor een grote groep mensen een bijzondere betekenis hebben en plekken die onderdeel zijn van de identiteit van de stad.<\/p>\n<p>&nbsp;<\/p>\n<div id=\"_idContainer148\" class=\"_idGenObjectStyleOverride-1\">\n<h2 class=\"Platte-tekst\"><em><span class=\"CharOverride-20\">Bijzonder initiatief van de genomineerden<\/span><\/em><\/h2>\n<p class=\"Platte-tekst\"><em><span class=\"CharOverride-17\">Heel bijzonder dit jaar is het gezamenlijke initiatief van alle zes de genomineerden. Niet alleen streden ze als individu voor de prijs, ze hebben hun krachten gebundeld voor een bijzonder doel. Samen met OGVO, Fontys en Gemeente Venlo gaan ze zich inzetten om ondernemers en leerlingen van het regionale middelbaar onderwijs te verbinden. <\/span><span class=\"afbreken-einde-zin CharOverride-17\">Le <\/span><span class=\"CharOverride-17\">idee hierachter is dat opleiding en praktijk hand in hand gaan, waarbij zowel het onderwijs als de praktijkgerichte ontwikkeling worden bevorderd. <\/span><span class=\"afbreken-einde-zin CharOverride-17\">Votre <\/span><span class=\"CharOverride-17\">kunt er meer over lezen op pagina 34.<\/span><\/em><\/p>\n<\/div>\n<p class=\"Tussenkopje\"><em><a href=\"http:\/\/www.lvdgprijs.nl\"><strong>lvdgprice.co.uk<\/strong><\/a><\/em><\/p>\n<\/div>\n<div class=\"_idGenObjectLayout-1\">\n<div id=\"_idContainer147\" class=\"_idGenObjectStyleOverride-8\"><\/div>\n<\/div>","protected":false},"excerpt":{"rendered":"<p>Winnaars Marco Baetsen en Jan Houwen Zakelijk Venlo verzamelde zich op dinsdag 12 december in de Maaspoort voor een inspirerend en feestelijk programma waar Jan Houwen van Volantis winnaar werd van de Lodewijk van der Grinten Prijs 2023 en Marco Baetsen van Stadsbouwers de trofee als winnaar Talent Award 2023 mee naar huis mocht nemen. [&hellip;]<\/p>","protected":false},"author":1,"featured_media":3378,"comment_status":"closed","ping_status":"closed","sticky":false,"template":"","format":"standard","meta":{"_acf_changed":false,"footnotes":""},"categories":[21],"tags":[],"class_list":["post-3377","post","type-post","status-publish","format-standard","has-post-thumbnail","hentry","category-magazine"],"acf":[],"yoast_head":"<!-- This site is optimized with the Yoast SEO plugin v26.3 - https:\/\/yoast.com\/wordpress\/plugins\/seo\/ -->\n<title>Winnaars Lodewijk van de Grinten Prijs en Talent Award - Ondernemend Venlo<\/title>\n<meta name=\"robots\" content=\"index, follow, max-snippet:-1, max-image-preview:large, max-video-preview:-1\" \/>\n<link rel=\"canonical\" href=\"https:\/\/www.ondernemendvenlo.nl\/fr\/winnaars-lodewijk-van-de-grinten-prijs-en-talent-award\/\" \/>\n<meta property=\"og:locale\" content=\"fr_FR\" \/>\n<meta property=\"og:type\" content=\"article\" \/>\n<meta property=\"og:title\" content=\"Winnaars Lodewijk van de Grinten Prijs en Talent Award - Ondernemend Venlo\" \/>\n<meta property=\"og:description\" content=\"Winnaars Marco Baetsen en Jan Houwen Zakelijk Venlo verzamelde zich op dinsdag 12 december in de Maaspoort voor een inspirerend en feestelijk programma waar Jan Houwen van Volantis winnaar werd van de Lodewijk van der Grinten Prijs 2023 en Marco Baetsen van Stadsbouwers de trofee als winnaar Talent Award 2023 mee naar huis mocht nemen. [&hellip;]\" \/>\n<meta property=\"og:url\" content=\"https:\/\/www.ondernemendvenlo.nl\/fr\/winnaars-lodewijk-van-de-grinten-prijs-en-talent-award\/\" \/>\n<meta property=\"og:site_name\" content=\"Ondernemend Venlo\" \/>\n<meta property=\"article:published_time\" content=\"2024-04-07T17:13:55+00:00\" \/>\n<meta property=\"article:modified_time\" content=\"2025-04-07T17:26:00+00:00\" \/>\n<meta property=\"og:image\" content=\"https:\/\/www.ondernemendvenlo.nl\/wp-content\/uploads\/2025\/04\/LvdGPrijs2023_1920x1080.jpg\" \/>\n\t<meta property=\"og:image:width\" content=\"1920\" \/>\n\t<meta property=\"og:image:height\" content=\"1080\" \/>\n\t<meta property=\"og:image:type\" content=\"image\/jpeg\" \/>\n<meta name=\"author\" content=\"admin\" \/>\n<meta name=\"twitter:card\" content=\"summary_large_image\" \/>\n<meta name=\"twitter:label1\" content=\"\u00c9crit par\" \/>\n\t<meta name=\"twitter:data1\" content=\"admin\" \/>\n\t<meta name=\"twitter:label2\" content=\"Dur\u00e9e de lecture estim\u00e9e\" \/>\n\t<meta name=\"twitter:data2\" content=\"2 minutes\" \/>\n<script type=\"application\/ld+json\" class=\"yoast-schema-graph\">{\"@context\":\"https:\/\/schema.org\",\"@graph\":[{\"@type\":\"Article\",\"@id\":\"https:\/\/www.ondernemendvenlo.nl\/winnaars-lodewijk-van-de-grinten-prijs-en-talent-award\/#article\",\"isPartOf\":{\"@id\":\"https:\/\/www.ondernemendvenlo.nl\/winnaars-lodewijk-van-de-grinten-prijs-en-talent-award\/\"},\"author\":{\"name\":\"admin\",\"@id\":\"https:\/\/www.ondernemendvenlo.nl\/#\/schema\/person\/347e935f8ad4c7030608ef74bb57aa6e\"},\"headline\":\"Winnaars Lodewijk van de Grinten Prijs en Talent Award\",\"datePublished\":\"2024-04-07T17:13:55+00:00\",\"dateModified\":\"2025-04-07T17:26:00+00:00\",\"mainEntityOfPage\":{\"@id\":\"https:\/\/www.ondernemendvenlo.nl\/winnaars-lodewijk-van-de-grinten-prijs-en-talent-award\/\"},\"wordCount\":488,\"publisher\":{\"@id\":\"https:\/\/www.ondernemendvenlo.nl\/#organization\"},\"image\":{\"@id\":\"https:\/\/www.ondernemendvenlo.nl\/winnaars-lodewijk-van-de-grinten-prijs-en-talent-award\/#primaryimage\"},\"thumbnailUrl\":\"https:\/\/www.ondernemendvenlo.nl\/wp-content\/uploads\/2025\/04\/LvdGPrijs2023_1920x1080.jpg\",\"articleSection\":[\"Magazine Ondernemend Venlo\"],\"inLanguage\":\"fr-FR\"},{\"@type\":\"WebPage\",\"@id\":\"https:\/\/www.ondernemendvenlo.nl\/winnaars-lodewijk-van-de-grinten-prijs-en-talent-award\/\",\"url\":\"https:\/\/www.ondernemendvenlo.nl\/winnaars-lodewijk-van-de-grinten-prijs-en-talent-award\/\",\"name\":\"Winnaars Lodewijk van de Grinten Prijs en Talent Award - Ondernemend Venlo\",\"isPartOf\":{\"@id\":\"https:\/\/www.ondernemendvenlo.nl\/#website\"},\"primaryImageOfPage\":{\"@id\":\"https:\/\/www.ondernemendvenlo.nl\/winnaars-lodewijk-van-de-grinten-prijs-en-talent-award\/#primaryimage\"},\"image\":{\"@id\":\"https:\/\/www.ondernemendvenlo.nl\/winnaars-lodewijk-van-de-grinten-prijs-en-talent-award\/#primaryimage\"},\"thumbnailUrl\":\"https:\/\/www.ondernemendvenlo.nl\/wp-content\/uploads\/2025\/04\/LvdGPrijs2023_1920x1080.jpg\",\"datePublished\":\"2024-04-07T17:13:55+00:00\",\"dateModified\":\"2025-04-07T17:26:00+00:00\",\"breadcrumb\":{\"@id\":\"https:\/\/www.ondernemendvenlo.nl\/winnaars-lodewijk-van-de-grinten-prijs-en-talent-award\/#breadcrumb\"},\"inLanguage\":\"fr-FR\",\"potentialAction\":[{\"@type\":\"ReadAction\",\"target\":[\"https:\/\/www.ondernemendvenlo.nl\/winnaars-lodewijk-van-de-grinten-prijs-en-talent-award\/\"]}]},{\"@type\":\"ImageObject\",\"inLanguage\":\"fr-FR\",\"@id\":\"https:\/\/www.ondernemendvenlo.nl\/winnaars-lodewijk-van-de-grinten-prijs-en-talent-award\/#primaryimage\",\"url\":\"https:\/\/www.ondernemendvenlo.nl\/wp-content\/uploads\/2025\/04\/LvdGPrijs2023_1920x1080.jpg\",\"contentUrl\":\"https:\/\/www.ondernemendvenlo.nl\/wp-content\/uploads\/2025\/04\/LvdGPrijs2023_1920x1080.jpg\",\"width\":1920,\"height\":1080},{\"@type\":\"BreadcrumbList\",\"@id\":\"https:\/\/www.ondernemendvenlo.nl\/winnaars-lodewijk-van-de-grinten-prijs-en-talent-award\/#breadcrumb\",\"itemListElement\":[{\"@type\":\"ListItem\",\"position\":1,\"name\":\"Ondernemend Venlo\",\"item\":\"https:\/\/www.ondernemendvenlo.nl\/\"},{\"@type\":\"ListItem\",\"position\":2,\"name\":\"Magazine Ondernemend Venlo\",\"item\":\"https:\/\/www.ondernemendvenlo.nl\/categorie\/magazine\/\"},{\"@type\":\"ListItem\",\"position\":3,\"name\":\"Winnaars Lodewijk van de Grinten Prijs en Talent Award\"}]},{\"@type\":\"WebSite\",\"@id\":\"https:\/\/www.ondernemendvenlo.nl\/#website\",\"url\":\"https:\/\/www.ondernemendvenlo.nl\/\",\"name\":\"Ondernemend Venlo\",\"description\":\"Samen succesvol ondernemen\",\"publisher\":{\"@id\":\"https:\/\/www.ondernemendvenlo.nl\/#organization\"},\"potentialAction\":[{\"@type\":\"SearchAction\",\"target\":{\"@type\":\"EntryPoint\",\"urlTemplate\":\"https:\/\/www.ondernemendvenlo.nl\/?s={search_term_string}\"},\"query-input\":{\"@type\":\"PropertyValueSpecification\",\"valueRequired\":true,\"valueName\":\"search_term_string\"}}],\"inLanguage\":\"fr-FR\"},{\"@type\":\"Organization\",\"@id\":\"https:\/\/www.ondernemendvenlo.nl\/#organization\",\"name\":\"Ondernemend Venlo\",\"url\":\"https:\/\/www.ondernemendvenlo.nl\/\",\"logo\":{\"@type\":\"ImageObject\",\"inLanguage\":\"fr-FR\",\"@id\":\"https:\/\/www.ondernemendvenlo.nl\/#\/schema\/logo\/image\/\",\"url\":\"https:\/\/www.ondernemendvenlo.nl\/wp-content\/uploads\/2025\/02\/Ondernemend-Venlo-logo-scaled.webp\",\"contentUrl\":\"https:\/\/www.ondernemendvenlo.nl\/wp-content\/uploads\/2025\/02\/Ondernemend-Venlo-logo-scaled.webp\",\"width\":2560,\"height\":1010,\"caption\":\"Ondernemend Venlo\"},\"image\":{\"@id\":\"https:\/\/www.ondernemendvenlo.nl\/#\/schema\/logo\/image\/\"},\"sameAs\":[\"https:\/\/www.linkedin.com\/company\/ondernemend-venlo\/\"]},{\"@type\":\"Person\",\"@id\":\"https:\/\/www.ondernemendvenlo.nl\/#\/schema\/person\/347e935f8ad4c7030608ef74bb57aa6e\",\"name\":\"admin\",\"image\":{\"@type\":\"ImageObject\",\"inLanguage\":\"fr-FR\",\"@id\":\"https:\/\/www.ondernemendvenlo.nl\/#\/schema\/person\/image\/\",\"url\":\"https:\/\/www.ondernemendvenlo.nl\/wp-content\/litespeed\/avatar\/720af750b037aecf6e33e12833479059.jpg?ver=1777382954\",\"contentUrl\":\"https:\/\/www.ondernemendvenlo.nl\/wp-content\/litespeed\/avatar\/720af750b037aecf6e33e12833479059.jpg?ver=1777382954\",\"caption\":\"admin\"},\"sameAs\":[\"https:\/\/www.ondernemendvenlo.nl\"]}]}<\/script>\n<!-- \/ Yoast SEO plugin. -->","yoast_head_json":{"title":"Winnaars Lodewijk van de Grinten Prijs en Talent Award - Ondernemend Venlo","robots":{"index":"index","follow":"follow","max-snippet":"max-snippet:-1","max-image-preview":"max-image-preview:large","max-video-preview":"max-video-preview:-1"},"canonical":"https:\/\/www.ondernemendvenlo.nl\/fr\/winnaars-lodewijk-van-de-grinten-prijs-en-talent-award\/","og_locale":"fr_FR","og_type":"article","og_title":"Winnaars Lodewijk van de Grinten Prijs en Talent Award - Ondernemend Venlo","og_description":"Winnaars Marco Baetsen en Jan Houwen Zakelijk Venlo verzamelde zich op dinsdag 12 december in de Maaspoort voor een inspirerend en feestelijk programma waar Jan Houwen van Volantis winnaar werd van de Lodewijk van der Grinten Prijs 2023 en Marco Baetsen van Stadsbouwers de trofee als winnaar Talent Award 2023 mee naar huis mocht nemen. [&hellip;]","og_url":"https:\/\/www.ondernemendvenlo.nl\/fr\/winnaars-lodewijk-van-de-grinten-prijs-en-talent-award\/","og_site_name":"Ondernemend Venlo","article_published_time":"2024-04-07T17:13:55+00:00","article_modified_time":"2025-04-07T17:26:00+00:00","og_image":[{"width":1920,"height":1080,"url":"https:\/\/www.ondernemendvenlo.nl\/wp-content\/uploads\/2025\/04\/LvdGPrijs2023_1920x1080.jpg","type":"image\/jpeg"}],"author":"admin","twitter_card":"summary_large_image","twitter_misc":{"\u00c9crit par":"admin","Dur\u00e9e de lecture estim\u00e9e":"2 minutes"},"schema":{"@context":"https:\/\/schema.org","@graph":[{"@type":"Article","@id":"https:\/\/www.ondernemendvenlo.nl\/winnaars-lodewijk-van-de-grinten-prijs-en-talent-award\/#article","isPartOf":{"@id":"https:\/\/www.ondernemendvenlo.nl\/winnaars-lodewijk-van-de-grinten-prijs-en-talent-award\/"},"author":{"name":"admin","@id":"https:\/\/www.ondernemendvenlo.nl\/#\/schema\/person\/347e935f8ad4c7030608ef74bb57aa6e"},"headline":"Winnaars Lodewijk van de Grinten Prijs en Talent Award","datePublished":"2024-04-07T17:13:55+00:00","dateModified":"2025-04-07T17:26:00+00:00","mainEntityOfPage":{"@id":"https:\/\/www.ondernemendvenlo.nl\/winnaars-lodewijk-van-de-grinten-prijs-en-talent-award\/"},"wordCount":488,"publisher":{"@id":"https:\/\/www.ondernemendvenlo.nl\/#organization"},"image":{"@id":"https:\/\/www.ondernemendvenlo.nl\/winnaars-lodewijk-van-de-grinten-prijs-en-talent-award\/#primaryimage"},"thumbnailUrl":"https:\/\/www.ondernemendvenlo.nl\/wp-content\/uploads\/2025\/04\/LvdGPrijs2023_1920x1080.jpg","articleSection":["Magazine Ondernemend Venlo"],"inLanguage":"fr-FR"},{"@type":"WebPage","@id":"https:\/\/www.ondernemendvenlo.nl\/winnaars-lodewijk-van-de-grinten-prijs-en-talent-award\/","url":"https:\/\/www.ondernemendvenlo.nl\/winnaars-lodewijk-van-de-grinten-prijs-en-talent-award\/","name":"Winnaars Lodewijk van de Grinten Prijs en Talent Award - Ondernemend Venlo","isPartOf":{"@id":"https:\/\/www.ondernemendvenlo.nl\/#website"},"primaryImageOfPage":{"@id":"https:\/\/www.ondernemendvenlo.nl\/winnaars-lodewijk-van-de-grinten-prijs-en-talent-award\/#primaryimage"},"image":{"@id":"https:\/\/www.ondernemendvenlo.nl\/winnaars-lodewijk-van-de-grinten-prijs-en-talent-award\/#primaryimage"},"thumbnailUrl":"https:\/\/www.ondernemendvenlo.nl\/wp-content\/uploads\/2025\/04\/LvdGPrijs2023_1920x1080.jpg","datePublished":"2024-04-07T17:13:55+00:00","dateModified":"2025-04-07T17:26:00+00:00","breadcrumb":{"@id":"https:\/\/www.ondernemendvenlo.nl\/winnaars-lodewijk-van-de-grinten-prijs-en-talent-award\/#breadcrumb"},"inLanguage":"fr-FR","potentialAction":[{"@type":"ReadAction","target":["https:\/\/www.ondernemendvenlo.nl\/winnaars-lodewijk-van-de-grinten-prijs-en-talent-award\/"]}]},{"@type":"ImageObject","inLanguage":"fr-FR","@id":"https:\/\/www.ondernemendvenlo.nl\/winnaars-lodewijk-van-de-grinten-prijs-en-talent-award\/#primaryimage","url":"https:\/\/www.ondernemendvenlo.nl\/wp-content\/uploads\/2025\/04\/LvdGPrijs2023_1920x1080.jpg","contentUrl":"https:\/\/www.ondernemendvenlo.nl\/wp-content\/uploads\/2025\/04\/LvdGPrijs2023_1920x1080.jpg","width":1920,"height":1080},{"@type":"BreadcrumbList","@id":"https:\/\/www.ondernemendvenlo.nl\/winnaars-lodewijk-van-de-grinten-prijs-en-talent-award\/#breadcrumb","itemListElement":[{"@type":"ListItem","position":1,"name":"Ondernemend Venlo","item":"https:\/\/www.ondernemendvenlo.nl\/"},{"@type":"ListItem","position":2,"name":"Magazine Ondernemend Venlo","item":"https:\/\/www.ondernemendvenlo.nl\/categorie\/magazine\/"},{"@type":"ListItem","position":3,"name":"Winnaars Lodewijk van de Grinten Prijs en Talent Award"}]},{"@type":"WebSite","@id":"https:\/\/www.ondernemendvenlo.nl\/#website","url":"https:\/\/www.ondernemendvenlo.nl\/","name":"Venlo entrepreneurial","description":"Travailler ensemble avec succ\u00e8s","publisher":{"@id":"https:\/\/www.ondernemendvenlo.nl\/#organization"},"potentialAction":[{"@type":"SearchAction","target":{"@type":"EntryPoint","urlTemplate":"https:\/\/www.ondernemendvenlo.nl\/?s={search_term_string}"},"query-input":{"@type":"PropertyValueSpecification","valueRequired":true,"valueName":"search_term_string"}}],"inLanguage":"fr-FR"},{"@type":"Organization","@id":"https:\/\/www.ondernemendvenlo.nl\/#organization","name":"Venlo entrepreneurial","url":"https:\/\/www.ondernemendvenlo.nl\/","logo":{"@type":"ImageObject","inLanguage":"fr-FR","@id":"https:\/\/www.ondernemendvenlo.nl\/#\/schema\/logo\/image\/","url":"https:\/\/www.ondernemendvenlo.nl\/wp-content\/uploads\/2025\/02\/Ondernemend-Venlo-logo-scaled.webp","contentUrl":"https:\/\/www.ondernemendvenlo.nl\/wp-content\/uploads\/2025\/02\/Ondernemend-Venlo-logo-scaled.webp","width":2560,"height":1010,"caption":"Ondernemend Venlo"},"image":{"@id":"https:\/\/www.ondernemendvenlo.nl\/#\/schema\/logo\/image\/"},"sameAs":["https:\/\/www.linkedin.com\/company\/ondernemend-venlo\/"]},{"@type":"Person","@id":"https:\/\/www.ondernemendvenlo.nl\/#\/schema\/person\/347e935f8ad4c7030608ef74bb57aa6e","name":"admin","image":{"@type":"ImageObject","inLanguage":"fr-FR","@id":"https:\/\/www.ondernemendvenlo.nl\/#\/schema\/person\/image\/","url":"https:\/\/www.ondernemendvenlo.nl\/wp-content\/litespeed\/avatar\/720af750b037aecf6e33e12833479059.jpg?ver=1777382954","contentUrl":"https:\/\/www.ondernemendvenlo.nl\/wp-content\/litespeed\/avatar\/720af750b037aecf6e33e12833479059.jpg?ver=1777382954","caption":"admin"},"sameAs":["https:\/\/www.ondernemendvenlo.nl"]}]}},"_links":{"self":[{"href":"https:\/\/www.ondernemendvenlo.nl\/fr\/wp-json\/wp\/v2\/posts\/3377","targetHints":{"allow":["GET"]}}],"collection":[{"href":"https:\/\/www.ondernemendvenlo.nl\/fr\/wp-json\/wp\/v2\/posts"}],"about":[{"href":"https:\/\/www.ondernemendvenlo.nl\/fr\/wp-json\/wp\/v2\/types\/post"}],"author":[{"embeddable":true,"href":"https:\/\/www.ondernemendvenlo.nl\/fr\/wp-json\/wp\/v2\/users\/1"}],"replies":[{"embeddable":true,"href":"https:\/\/www.ondernemendvenlo.nl\/fr\/wp-json\/wp\/v2\/comments?post=3377"}],"version-history":[{"count":0,"href":"https:\/\/www.ondernemendvenlo.nl\/fr\/wp-json\/wp\/v2\/posts\/3377\/revisions"}],"wp:featuredmedia":[{"embeddable":true,"href":"https:\/\/www.ondernemendvenlo.nl\/fr\/wp-json\/wp\/v2\/media\/3378"}],"wp:attachment":[{"href":"https:\/\/www.ondernemendvenlo.nl\/fr\/wp-json\/wp\/v2\/media?parent=3377"}],"wp:term":[{"taxonomy":"category","embeddable":true,"href":"https:\/\/www.ondernemendvenlo.nl\/fr\/wp-json\/wp\/v2\/categories?post=3377"},{"taxonomy":"post_tag","embeddable":true,"href":"https:\/\/www.ondernemendvenlo.nl\/fr\/wp-json\/wp\/v2\/tags?post=3377"}],"curies":[{"name":"wp","href":"https:\/\/api.w.org\/{rel}","templated":true}]}}