{"id":3383,"date":"2024-04-07T19:14:07","date_gmt":"2024-04-07T17:14:07","guid":{"rendered":"https:\/\/www.ondernemendvenlo.nl\/particuliere-vastgoedbelegger-verkoop-uw-stenen-niet\/"},"modified":"2025-04-07T19:24:10","modified_gmt":"2025-04-07T17:24:10","slug":"particuliere-vastgoedbelegger-verkoop-uw-stenen-niet","status":"publish","type":"post","link":"https:\/\/www.ondernemendvenlo.nl\/fr\/particuliere-vastgoedbelegger-verkoop-uw-stenen-niet\/","title":{"rendered":"Investisseur priv\u00e9 : ne vendez pas vos briques !"},"content":{"rendered":"<div id=\"_idContainer246\" class=\"_idGenObjectStyleOverride-1\">\n<h2 class=\"Kop\"><span class=\"CharOverride-22\">Les mesures fiscales propos\u00e9es touchent les petits propri\u00e9taires, ainsi que les locataires et les chasseurs de maisons.<\/span><\/h2>\n<p class=\"Kop\"><strong>Huib Boissevain est PDG et fondateur de l'investisseur immobilier Annexum, qui g\u00e8re actuellement quelque 1,2 milliard d'euros. <span class=\"afbreken-einde-zin\">Il <\/span>s'exprime sur les mesures fiscales propos\u00e9es et donne des conseils clairs aux propri\u00e9taires priv\u00e9s.<\/strong><\/p>\n<\/div>\n<div id=\"_idContainer247\" class=\"Basistekstkader\"><\/div>\n<div id=\"_idContainer249\" class=\"Basistekstkader\">\n<p class=\"Tussenkopje\"><strong>Une l\u00e9gislation douloureuse<br \/>\n<\/strong>\"Une s\u00e9rie de lois douloureuses sont en cours d'\u00e9laboration\", d\u00e9clare M. Boissevain. <span class=\"afbreken-einde-zin\">\"Ces <\/span>Il en r\u00e9sulte, entre autres, une augmentation significative de la charge fiscale dans l'encadr\u00e9 3 ainsi qu'une interdiction des baux temporaires. <span class=\"afbreken-einde-zin\">Le <\/span>garder un bien immobilier devient financi\u00e8rement inint\u00e9ressant pour un grand nombre de personnes. La vente est alors la chose la plus \u00e9vidente \u00e0 faire\". Le fondateur d'Annexum s'\u00e9tonne du fait que La Haye ne semble pas comprendre combien de personnes seront l\u00e9s\u00e9es par les mesures fiscales propos\u00e9es \u00e0 l'encontre des propri\u00e9taires. <span class=\"afbreken-einde-zin\">Donc <\/span>Le groupe de d\u00e9fense Vastgoedbelang a d\u00e9j\u00e0 not\u00e9 que parmi ses nombreux membres - essentiellement des propri\u00e9taires priv\u00e9s - 92% sera contraint de vendre certaines de ses propri\u00e9t\u00e9s en raison des intentions du cabinet pr\u00e9c\u00e9dent.<\/p>\n<div id=\"_idContainer247\" class=\"Basistekstkader\">\n<blockquote>\n<p class=\"Quote ParaOverride-5\"><span class=\"CharOverride-47\">L'immobilier est un compl\u00e9ment, voire une retraite \u00e0 part enti\u00e8re pour beaucoup de gens.<\/span><\/p>\n<\/blockquote>\n<\/div>\n<p class=\"Tussenkopje\"><strong>Trempe vive<br \/>\n<\/strong>\"Vendre, c'est \u00e9vident, mais ce n'est pas judicieux\", d\u00e9clare fermement M. Boissevain. L'ancien ministre du logement, M. De Jonge, remarquablement satisfait, a mis en garde il y a quelque temps contre une \"chute brutale\" de la construction de logements, en raison des taux d'int\u00e9r\u00eat \u00e9lev\u00e9s et de l'augmentation des co\u00fbts de construction. <span class=\"afbreken-einde-zin\">Cela <\/span>Il est d'autant plus difficile de comprendre son soutien aux mesures fiscales propos\u00e9es par son coll\u00e8gue du CDA, Marnix van Rij. <span class=\"afbreken-einde-zin\">Mourir <\/span>apr\u00e8s tout, encourager la vente de biens immobiliers locatifs\".<\/p>\n<p class=\"Tussenkopje\"><strong>Pension<br \/>\n<\/strong>Boissevain : \"Les propri\u00e9taires priv\u00e9s sont souvent pr\u00e9sent\u00e9s comme des marchands de sommeil. Mais pour beaucoup de gens, l'immobilier est un compl\u00e9ment de retraite, voire une retraite compl\u00e8te. <span class=\"afbreken-einde-zin\">Le <\/span>Les mesures fiscales propos\u00e9es tirent un trait sur cette situation\". Les petits investisseurs immobiliers ne sont pas les seuls \u00e0 p\u00e2tir du projet de loi, a-t-il expliqu\u00e9. Les ventes de logements \u00e0 grande \u00e9chelle par des propri\u00e9taires priv\u00e9s aggravent consid\u00e9rablement la situation des locataires. \"Apr\u00e8s tout, tous les chasseurs de maisons ne peuvent pas s'offrir leur propre maison\", souligne M. Boissevain.<\/p>\n<p class=\"Tussenkopje\"><strong>Indignation de l'opinion publique<br \/>\n<\/strong>Selon M. Boissevain, il est remarquable que les mesures fiscales propos\u00e9es, qui touchent un groupe important de personnes - les petits propri\u00e9taires, les locataires et les N\u00e9erlandais \u00e0 la recherche d'un logement - n'aient pas encore \u00e9t\u00e9 rejet\u00e9es. \"Pourtant, le rivage semble faire lentement tourner le navire. <span class=\"afbreken-einde-zin\">Le <\/span>L'opinion publique s'insurge de plus en plus contre ces mesures et, en outre, des alternatives sont propos\u00e9es. C'est le cas de la proposition d'un nouveau Box 4, dans lequel les biens immobiliers peuvent \u00eatre 'isol\u00e9s'\". Dans les circonstances actuelles, M. Boissevain appelle les investisseurs immobiliers priv\u00e9s \u00e0 ne pas vendre leurs briques pour le moment. <span class=\"afbreken-einde-zin\">\"Le <\/span>Les intentions actuelles du cabinet sont tellement irrationnelles et peuvent faire l'objet de tant de critiques qu'il n'est certainement pas exclu qu'elles \u00e9chouent. <span class=\"afbreken-einde-zin\">Le <\/span>Il faut des nerfs d'acier, mais s'en tenir \u00e0 l'immobilier est la chose la plus raisonnable pour les investisseurs individuels \u00e0 l'heure actuelle\".<\/p>\n<p class=\"Tussenkopje\"><a href=\"http:\/\/www.annexum.nl\"><em><strong>www.annexum.nl<\/strong><\/em><\/a><\/p>\n<\/div>","protected":false},"excerpt":{"rendered":"<p>Voorgenomen belastingmaatregelen treffen kleine vastgoed-eigenaren, maar ook huurders en woningzoekenden Huib Boissevain is CEO en oprichter van vastgoedinvesteerder Annexum, dat inmiddels zo\u2019n 1,2 miljard euro onder beheer heeft. Hij spreekt zich uit over voorgenomen belastingmaatregelen \u00e9n heeft een duidelijk advies aan particuliere vastgoedeigenaren. Pijnlijke wetgeving \u201cEr is een serie pijnlijke wetgeving in de maak\u201d, zegt [&hellip;]<\/p>","protected":false},"author":1,"featured_media":3384,"comment_status":"closed","ping_status":"closed","sticky":false,"template":"","format":"standard","meta":{"_acf_changed":false,"footnotes":""},"categories":[21],"tags":[],"class_list":["post-3383","post","type-post","status-publish","format-standard","has-post-thumbnail","hentry","category-magazine"],"acf":[],"yoast_head":"<!-- This site is optimized with the Yoast SEO plugin v26.3 - https:\/\/yoast.com\/wordpress\/plugins\/seo\/ -->\n<title>Particuliere vastgoedbelegger: verkoop uw stenen niet! - Ondernemend Venlo<\/title>\n<meta name=\"robots\" content=\"index, follow, max-snippet:-1, max-image-preview:large, max-video-preview:-1\" \/>\n<link rel=\"canonical\" href=\"https:\/\/www.ondernemendvenlo.nl\/fr\/particuliere-vastgoedbelegger-verkoop-uw-stenen-niet\/\" \/>\n<meta property=\"og:locale\" content=\"fr_FR\" \/>\n<meta property=\"og:type\" content=\"article\" \/>\n<meta property=\"og:title\" content=\"Particuliere vastgoedbelegger: verkoop uw stenen niet! - Ondernemend Venlo\" \/>\n<meta property=\"og:description\" content=\"Voorgenomen belastingmaatregelen treffen kleine vastgoed-eigenaren, maar ook huurders en woningzoekenden Huib Boissevain is CEO en oprichter van vastgoedinvesteerder Annexum, dat inmiddels zo\u2019n 1,2 miljard euro onder beheer heeft. Hij spreekt zich uit over voorgenomen belastingmaatregelen \u00e9n heeft een duidelijk advies aan particuliere vastgoedeigenaren. Pijnlijke wetgeving \u201cEr is een serie pijnlijke wetgeving in de maak\u201d, zegt [&hellip;]\" \/>\n<meta property=\"og:url\" content=\"https:\/\/www.ondernemendvenlo.nl\/fr\/particuliere-vastgoedbelegger-verkoop-uw-stenen-niet\/\" \/>\n<meta property=\"og:site_name\" content=\"Ondernemend Venlo\" \/>\n<meta property=\"article:published_time\" content=\"2024-04-07T17:14:07+00:00\" \/>\n<meta property=\"article:modified_time\" content=\"2025-04-07T17:24:10+00:00\" \/>\n<meta property=\"og:image\" content=\"https:\/\/www.ondernemendvenlo.nl\/wp-content\/uploads\/2025\/04\/HuibBoissevain_1920x1080.jpg\" \/>\n\t<meta property=\"og:image:width\" content=\"1920\" \/>\n\t<meta property=\"og:image:height\" content=\"1080\" \/>\n\t<meta property=\"og:image:type\" content=\"image\/jpeg\" \/>\n<meta name=\"author\" content=\"admin\" \/>\n<meta name=\"twitter:card\" content=\"summary_large_image\" \/>\n<meta name=\"twitter:label1\" content=\"\u00c9crit par\" \/>\n\t<meta name=\"twitter:data1\" content=\"admin\" \/>\n\t<meta name=\"twitter:label2\" content=\"Dur\u00e9e de lecture estim\u00e9e\" \/>\n\t<meta name=\"twitter:data2\" content=\"2 minutes\" \/>\n<script type=\"application\/ld+json\" class=\"yoast-schema-graph\">{\"@context\":\"https:\/\/schema.org\",\"@graph\":[{\"@type\":\"Article\",\"@id\":\"https:\/\/www.ondernemendvenlo.nl\/particuliere-vastgoedbelegger-verkoop-uw-stenen-niet\/#article\",\"isPartOf\":{\"@id\":\"https:\/\/www.ondernemendvenlo.nl\/particuliere-vastgoedbelegger-verkoop-uw-stenen-niet\/\"},\"author\":{\"name\":\"admin\",\"@id\":\"https:\/\/www.ondernemendvenlo.nl\/#\/schema\/person\/347e935f8ad4c7030608ef74bb57aa6e\"},\"headline\":\"Particuliere vastgoedbelegger: verkoop uw stenen niet!\",\"datePublished\":\"2024-04-07T17:14:07+00:00\",\"dateModified\":\"2025-04-07T17:24:10+00:00\",\"mainEntityOfPage\":{\"@id\":\"https:\/\/www.ondernemendvenlo.nl\/particuliere-vastgoedbelegger-verkoop-uw-stenen-niet\/\"},\"wordCount\":453,\"publisher\":{\"@id\":\"https:\/\/www.ondernemendvenlo.nl\/#organization\"},\"image\":{\"@id\":\"https:\/\/www.ondernemendvenlo.nl\/particuliere-vastgoedbelegger-verkoop-uw-stenen-niet\/#primaryimage\"},\"thumbnailUrl\":\"https:\/\/www.ondernemendvenlo.nl\/wp-content\/uploads\/2025\/04\/HuibBoissevain_1920x1080.jpg\",\"articleSection\":[\"Magazine Ondernemend Venlo\"],\"inLanguage\":\"fr-FR\"},{\"@type\":\"WebPage\",\"@id\":\"https:\/\/www.ondernemendvenlo.nl\/particuliere-vastgoedbelegger-verkoop-uw-stenen-niet\/\",\"url\":\"https:\/\/www.ondernemendvenlo.nl\/particuliere-vastgoedbelegger-verkoop-uw-stenen-niet\/\",\"name\":\"Particuliere vastgoedbelegger: verkoop uw stenen niet! - Ondernemend Venlo\",\"isPartOf\":{\"@id\":\"https:\/\/www.ondernemendvenlo.nl\/#website\"},\"primaryImageOfPage\":{\"@id\":\"https:\/\/www.ondernemendvenlo.nl\/particuliere-vastgoedbelegger-verkoop-uw-stenen-niet\/#primaryimage\"},\"image\":{\"@id\":\"https:\/\/www.ondernemendvenlo.nl\/particuliere-vastgoedbelegger-verkoop-uw-stenen-niet\/#primaryimage\"},\"thumbnailUrl\":\"https:\/\/www.ondernemendvenlo.nl\/wp-content\/uploads\/2025\/04\/HuibBoissevain_1920x1080.jpg\",\"datePublished\":\"2024-04-07T17:14:07+00:00\",\"dateModified\":\"2025-04-07T17:24:10+00:00\",\"breadcrumb\":{\"@id\":\"https:\/\/www.ondernemendvenlo.nl\/particuliere-vastgoedbelegger-verkoop-uw-stenen-niet\/#breadcrumb\"},\"inLanguage\":\"fr-FR\",\"potentialAction\":[{\"@type\":\"ReadAction\",\"target\":[\"https:\/\/www.ondernemendvenlo.nl\/particuliere-vastgoedbelegger-verkoop-uw-stenen-niet\/\"]}]},{\"@type\":\"ImageObject\",\"inLanguage\":\"fr-FR\",\"@id\":\"https:\/\/www.ondernemendvenlo.nl\/particuliere-vastgoedbelegger-verkoop-uw-stenen-niet\/#primaryimage\",\"url\":\"https:\/\/www.ondernemendvenlo.nl\/wp-content\/uploads\/2025\/04\/HuibBoissevain_1920x1080.jpg\",\"contentUrl\":\"https:\/\/www.ondernemendvenlo.nl\/wp-content\/uploads\/2025\/04\/HuibBoissevain_1920x1080.jpg\",\"width\":1920,\"height\":1080},{\"@type\":\"BreadcrumbList\",\"@id\":\"https:\/\/www.ondernemendvenlo.nl\/particuliere-vastgoedbelegger-verkoop-uw-stenen-niet\/#breadcrumb\",\"itemListElement\":[{\"@type\":\"ListItem\",\"position\":1,\"name\":\"Ondernemend Venlo\",\"item\":\"https:\/\/www.ondernemendvenlo.nl\/\"},{\"@type\":\"ListItem\",\"position\":2,\"name\":\"Magazine Ondernemend Venlo\",\"item\":\"https:\/\/www.ondernemendvenlo.nl\/categorie\/magazine\/\"},{\"@type\":\"ListItem\",\"position\":3,\"name\":\"Particuliere vastgoedbelegger: verkoop uw stenen niet!\"}]},{\"@type\":\"WebSite\",\"@id\":\"https:\/\/www.ondernemendvenlo.nl\/#website\",\"url\":\"https:\/\/www.ondernemendvenlo.nl\/\",\"name\":\"Ondernemend Venlo\",\"description\":\"Samen succesvol ondernemen\",\"publisher\":{\"@id\":\"https:\/\/www.ondernemendvenlo.nl\/#organization\"},\"potentialAction\":[{\"@type\":\"SearchAction\",\"target\":{\"@type\":\"EntryPoint\",\"urlTemplate\":\"https:\/\/www.ondernemendvenlo.nl\/?s={search_term_string}\"},\"query-input\":{\"@type\":\"PropertyValueSpecification\",\"valueRequired\":true,\"valueName\":\"search_term_string\"}}],\"inLanguage\":\"fr-FR\"},{\"@type\":\"Organization\",\"@id\":\"https:\/\/www.ondernemendvenlo.nl\/#organization\",\"name\":\"Ondernemend Venlo\",\"url\":\"https:\/\/www.ondernemendvenlo.nl\/\",\"logo\":{\"@type\":\"ImageObject\",\"inLanguage\":\"fr-FR\",\"@id\":\"https:\/\/www.ondernemendvenlo.nl\/#\/schema\/logo\/image\/\",\"url\":\"https:\/\/www.ondernemendvenlo.nl\/wp-content\/uploads\/2025\/02\/Ondernemend-Venlo-logo-scaled.webp\",\"contentUrl\":\"https:\/\/www.ondernemendvenlo.nl\/wp-content\/uploads\/2025\/02\/Ondernemend-Venlo-logo-scaled.webp\",\"width\":2560,\"height\":1010,\"caption\":\"Ondernemend Venlo\"},\"image\":{\"@id\":\"https:\/\/www.ondernemendvenlo.nl\/#\/schema\/logo\/image\/\"},\"sameAs\":[\"https:\/\/www.linkedin.com\/company\/ondernemend-venlo\/\"]},{\"@type\":\"Person\",\"@id\":\"https:\/\/www.ondernemendvenlo.nl\/#\/schema\/person\/347e935f8ad4c7030608ef74bb57aa6e\",\"name\":\"admin\",\"image\":{\"@type\":\"ImageObject\",\"inLanguage\":\"fr-FR\",\"@id\":\"https:\/\/www.ondernemendvenlo.nl\/#\/schema\/person\/image\/\",\"url\":\"https:\/\/www.ondernemendvenlo.nl\/wp-content\/litespeed\/avatar\/720af750b037aecf6e33e12833479059.jpg?ver=1777382954\",\"contentUrl\":\"https:\/\/www.ondernemendvenlo.nl\/wp-content\/litespeed\/avatar\/720af750b037aecf6e33e12833479059.jpg?ver=1777382954\",\"caption\":\"admin\"},\"sameAs\":[\"https:\/\/www.ondernemendvenlo.nl\"]}]}<\/script>\n<!-- \/ Yoast SEO plugin. -->","yoast_head_json":{"title":"Particuliere vastgoedbelegger: verkoop uw stenen niet! - Ondernemend Venlo","robots":{"index":"index","follow":"follow","max-snippet":"max-snippet:-1","max-image-preview":"max-image-preview:large","max-video-preview":"max-video-preview:-1"},"canonical":"https:\/\/www.ondernemendvenlo.nl\/fr\/particuliere-vastgoedbelegger-verkoop-uw-stenen-niet\/","og_locale":"fr_FR","og_type":"article","og_title":"Particuliere vastgoedbelegger: verkoop uw stenen niet! - Ondernemend Venlo","og_description":"Voorgenomen belastingmaatregelen treffen kleine vastgoed-eigenaren, maar ook huurders en woningzoekenden Huib Boissevain is CEO en oprichter van vastgoedinvesteerder Annexum, dat inmiddels zo\u2019n 1,2 miljard euro onder beheer heeft. Hij spreekt zich uit over voorgenomen belastingmaatregelen \u00e9n heeft een duidelijk advies aan particuliere vastgoedeigenaren. Pijnlijke wetgeving \u201cEr is een serie pijnlijke wetgeving in de maak\u201d, zegt [&hellip;]","og_url":"https:\/\/www.ondernemendvenlo.nl\/fr\/particuliere-vastgoedbelegger-verkoop-uw-stenen-niet\/","og_site_name":"Ondernemend Venlo","article_published_time":"2024-04-07T17:14:07+00:00","article_modified_time":"2025-04-07T17:24:10+00:00","og_image":[{"width":1920,"height":1080,"url":"https:\/\/www.ondernemendvenlo.nl\/wp-content\/uploads\/2025\/04\/HuibBoissevain_1920x1080.jpg","type":"image\/jpeg"}],"author":"admin","twitter_card":"summary_large_image","twitter_misc":{"\u00c9crit par":"admin","Dur\u00e9e de lecture estim\u00e9e":"2 minutes"},"schema":{"@context":"https:\/\/schema.org","@graph":[{"@type":"Article","@id":"https:\/\/www.ondernemendvenlo.nl\/particuliere-vastgoedbelegger-verkoop-uw-stenen-niet\/#article","isPartOf":{"@id":"https:\/\/www.ondernemendvenlo.nl\/particuliere-vastgoedbelegger-verkoop-uw-stenen-niet\/"},"author":{"name":"admin","@id":"https:\/\/www.ondernemendvenlo.nl\/#\/schema\/person\/347e935f8ad4c7030608ef74bb57aa6e"},"headline":"Particuliere vastgoedbelegger: verkoop uw stenen niet!","datePublished":"2024-04-07T17:14:07+00:00","dateModified":"2025-04-07T17:24:10+00:00","mainEntityOfPage":{"@id":"https:\/\/www.ondernemendvenlo.nl\/particuliere-vastgoedbelegger-verkoop-uw-stenen-niet\/"},"wordCount":453,"publisher":{"@id":"https:\/\/www.ondernemendvenlo.nl\/#organization"},"image":{"@id":"https:\/\/www.ondernemendvenlo.nl\/particuliere-vastgoedbelegger-verkoop-uw-stenen-niet\/#primaryimage"},"thumbnailUrl":"https:\/\/www.ondernemendvenlo.nl\/wp-content\/uploads\/2025\/04\/HuibBoissevain_1920x1080.jpg","articleSection":["Magazine Ondernemend Venlo"],"inLanguage":"fr-FR"},{"@type":"WebPage","@id":"https:\/\/www.ondernemendvenlo.nl\/particuliere-vastgoedbelegger-verkoop-uw-stenen-niet\/","url":"https:\/\/www.ondernemendvenlo.nl\/particuliere-vastgoedbelegger-verkoop-uw-stenen-niet\/","name":"Particuliere vastgoedbelegger: verkoop uw stenen niet! - Ondernemend Venlo","isPartOf":{"@id":"https:\/\/www.ondernemendvenlo.nl\/#website"},"primaryImageOfPage":{"@id":"https:\/\/www.ondernemendvenlo.nl\/particuliere-vastgoedbelegger-verkoop-uw-stenen-niet\/#primaryimage"},"image":{"@id":"https:\/\/www.ondernemendvenlo.nl\/particuliere-vastgoedbelegger-verkoop-uw-stenen-niet\/#primaryimage"},"thumbnailUrl":"https:\/\/www.ondernemendvenlo.nl\/wp-content\/uploads\/2025\/04\/HuibBoissevain_1920x1080.jpg","datePublished":"2024-04-07T17:14:07+00:00","dateModified":"2025-04-07T17:24:10+00:00","breadcrumb":{"@id":"https:\/\/www.ondernemendvenlo.nl\/particuliere-vastgoedbelegger-verkoop-uw-stenen-niet\/#breadcrumb"},"inLanguage":"fr-FR","potentialAction":[{"@type":"ReadAction","target":["https:\/\/www.ondernemendvenlo.nl\/particuliere-vastgoedbelegger-verkoop-uw-stenen-niet\/"]}]},{"@type":"ImageObject","inLanguage":"fr-FR","@id":"https:\/\/www.ondernemendvenlo.nl\/particuliere-vastgoedbelegger-verkoop-uw-stenen-niet\/#primaryimage","url":"https:\/\/www.ondernemendvenlo.nl\/wp-content\/uploads\/2025\/04\/HuibBoissevain_1920x1080.jpg","contentUrl":"https:\/\/www.ondernemendvenlo.nl\/wp-content\/uploads\/2025\/04\/HuibBoissevain_1920x1080.jpg","width":1920,"height":1080},{"@type":"BreadcrumbList","@id":"https:\/\/www.ondernemendvenlo.nl\/particuliere-vastgoedbelegger-verkoop-uw-stenen-niet\/#breadcrumb","itemListElement":[{"@type":"ListItem","position":1,"name":"Ondernemend Venlo","item":"https:\/\/www.ondernemendvenlo.nl\/"},{"@type":"ListItem","position":2,"name":"Magazine Ondernemend Venlo","item":"https:\/\/www.ondernemendvenlo.nl\/categorie\/magazine\/"},{"@type":"ListItem","position":3,"name":"Particuliere vastgoedbelegger: verkoop uw stenen niet!"}]},{"@type":"WebSite","@id":"https:\/\/www.ondernemendvenlo.nl\/#website","url":"https:\/\/www.ondernemendvenlo.nl\/","name":"Venlo entrepreneurial","description":"Travailler ensemble avec succ\u00e8s","publisher":{"@id":"https:\/\/www.ondernemendvenlo.nl\/#organization"},"potentialAction":[{"@type":"SearchAction","target":{"@type":"EntryPoint","urlTemplate":"https:\/\/www.ondernemendvenlo.nl\/?s={search_term_string}"},"query-input":{"@type":"PropertyValueSpecification","valueRequired":true,"valueName":"search_term_string"}}],"inLanguage":"fr-FR"},{"@type":"Organization","@id":"https:\/\/www.ondernemendvenlo.nl\/#organization","name":"Venlo entrepreneurial","url":"https:\/\/www.ondernemendvenlo.nl\/","logo":{"@type":"ImageObject","inLanguage":"fr-FR","@id":"https:\/\/www.ondernemendvenlo.nl\/#\/schema\/logo\/image\/","url":"https:\/\/www.ondernemendvenlo.nl\/wp-content\/uploads\/2025\/02\/Ondernemend-Venlo-logo-scaled.webp","contentUrl":"https:\/\/www.ondernemendvenlo.nl\/wp-content\/uploads\/2025\/02\/Ondernemend-Venlo-logo-scaled.webp","width":2560,"height":1010,"caption":"Ondernemend Venlo"},"image":{"@id":"https:\/\/www.ondernemendvenlo.nl\/#\/schema\/logo\/image\/"},"sameAs":["https:\/\/www.linkedin.com\/company\/ondernemend-venlo\/"]},{"@type":"Person","@id":"https:\/\/www.ondernemendvenlo.nl\/#\/schema\/person\/347e935f8ad4c7030608ef74bb57aa6e","name":"admin","image":{"@type":"ImageObject","inLanguage":"fr-FR","@id":"https:\/\/www.ondernemendvenlo.nl\/#\/schema\/person\/image\/","url":"https:\/\/www.ondernemendvenlo.nl\/wp-content\/litespeed\/avatar\/720af750b037aecf6e33e12833479059.jpg?ver=1777382954","contentUrl":"https:\/\/www.ondernemendvenlo.nl\/wp-content\/litespeed\/avatar\/720af750b037aecf6e33e12833479059.jpg?ver=1777382954","caption":"admin"},"sameAs":["https:\/\/www.ondernemendvenlo.nl"]}]}},"_links":{"self":[{"href":"https:\/\/www.ondernemendvenlo.nl\/fr\/wp-json\/wp\/v2\/posts\/3383","targetHints":{"allow":["GET"]}}],"collection":[{"href":"https:\/\/www.ondernemendvenlo.nl\/fr\/wp-json\/wp\/v2\/posts"}],"about":[{"href":"https:\/\/www.ondernemendvenlo.nl\/fr\/wp-json\/wp\/v2\/types\/post"}],"author":[{"embeddable":true,"href":"https:\/\/www.ondernemendvenlo.nl\/fr\/wp-json\/wp\/v2\/users\/1"}],"replies":[{"embeddable":true,"href":"https:\/\/www.ondernemendvenlo.nl\/fr\/wp-json\/wp\/v2\/comments?post=3383"}],"version-history":[{"count":0,"href":"https:\/\/www.ondernemendvenlo.nl\/fr\/wp-json\/wp\/v2\/posts\/3383\/revisions"}],"wp:featuredmedia":[{"embeddable":true,"href":"https:\/\/www.ondernemendvenlo.nl\/fr\/wp-json\/wp\/v2\/media\/3384"}],"wp:attachment":[{"href":"https:\/\/www.ondernemendvenlo.nl\/fr\/wp-json\/wp\/v2\/media?parent=3383"}],"wp:term":[{"taxonomy":"category","embeddable":true,"href":"https:\/\/www.ondernemendvenlo.nl\/fr\/wp-json\/wp\/v2\/categories?post=3383"},{"taxonomy":"post_tag","embeddable":true,"href":"https:\/\/www.ondernemendvenlo.nl\/fr\/wp-json\/wp\/v2\/tags?post=3383"}],"curies":[{"name":"wp","href":"https:\/\/api.w.org\/{rel}","templated":true}]}}