{"id":3445,"date":"2024-04-07T19:14:21","date_gmt":"2024-04-07T17:14:21","guid":{"rendered":"https:\/\/www.ondernemendvenlo.nl\/rob-ewalds-genomineerde-voor-de-ondernemersprijs-lvdg\/"},"modified":"2025-04-07T19:24:03","modified_gmt":"2025-04-07T17:24:03","slug":"rob-ewalds-genomineerde-voor-de-ondernemersprijs-lvdg","status":"publish","type":"post","link":"https:\/\/www.ondernemendvenlo.nl\/fr\/rob-ewalds-genomineerde-voor-de-ondernemersprijs-lvdg\/","title":{"rendered":"Rob Ewalds : candidat au prix de l'esprit d'entreprise du LvdG"},"content":{"rendered":"<h2>L'entrepreneur est un penseur de l'omnipr\u00e9sence<\/h2>\n<p><strong>La nomination au prix Lodewijk van der Grinten (LvdG) a surpris Rob Ewalds. En tant que directeur et propri\u00e9taire de Gaston Schul, sp\u00e9cialiste du d\u00e9douanement et du commerce international, il est relativement peu sous les feux de la rampe. Et ce Belfeldien de 53 ans n'y voit pas d'inconv\u00e9nient.\u00a0<\/strong><\/p>\n<p>Il est n\u00e9anmoins surpris par l'impact consid\u00e9rable de ce prix. Comme le fait que la nomination ait d\u00fb rester secr\u00e8te pendant longtemps. \"Je pense que c'est le plus grand secret de la ville de Venlo apr\u00e8s le choix du Prince Carnaval\", dit-il en riant. \"Je sais qu'il s'agit d'un prix d'entrepreneuriat et non d'un prix d'affaires. Mais pour moi, il s'agit toujours de l'entreprise, pas de moi. Cela ne change rien au fait que je suis immens\u00e9ment honor\u00e9 par cette nomination\".<\/p>\n<p><strong>Gaston Schul<br \/>\n<\/strong>Apr\u00e8s avoir \u00e9tudi\u00e9 l'\u00e9conomie \u00e0 l'universit\u00e9 d'Amsterdam (UvA), Ewalds est retourn\u00e9 \u00e0 Venlo. Il a commenc\u00e9 \u00e0 travailler pour la soci\u00e9t\u00e9 de transport de fret Jacob Meijer, bas\u00e9e \u00e0 Venlo. \"Mon p\u00e8re \u00e9tait propri\u00e9taire de Jacob Meijer, une entreprise qui s'occupait principalement de la gestion et du traitement des documents douaniers\", explique-t-il. Un jour, un consultant s'est pr\u00e9sent\u00e9 et a mis en vente l'entreprise Gaston Schul. \"J'ai peut-\u00eatre eu un pressentiment sur mon avenir pendant mes \u00e9tudes, car j'\u00e9tais dipl\u00f4m\u00e9 en gestion logistique et en comptabilit\u00e9 de gestion. Je n'\u00e9tais que trop heureux de profiter de l'occasion pour voler de mes propres ailes\", explique M. Ewalds.<\/p>\n<blockquote><p>En fait, mon entreprise est pass\u00e9e du statut d'usine de documents \u00e0 celui de prestataire de services douaniers \u00e0 part enti\u00e8re.<\/p><\/blockquote>\n<p><strong>Pr\u00eat d'un million de dollars<br \/>\n<\/strong>Ewalds senior a conseill\u00e9 \u00e0 son fils de racheter l'entreprise, mais a imm\u00e9diatement fait savoir qu'il ne s'impliquerait plus lui-m\u00eame. \"J'ai donc d\u00fb chercher de l'argent. J'y suis parvenu. Le 1er octobre 1999, j'ai repris Gaston Schul. Un an et demi plus tard, mon p\u00e8re s'est d\u00e9barrass\u00e9 de Jacob Meijer. Cinquante pour cent des actions m'ont \u00e9t\u00e9 attribu\u00e9es, l'autre moiti\u00e9 l'a \u00e9t\u00e9 \u00e0 ma s\u0153ur. Six ans plus tard, j'ai repris sa part, int\u00e9gr\u00e9 les deux entreprises et choisi le nom de Gaston Schul\". \u00c0 propos de ce pr\u00eat d'un million de dollars, M. Ewalds d\u00e9clare : \"Cette question me hantait l'esprit : qu'est-ce que je fais au juste ? C'\u00e9tait un risque. Mais au bout de quelques mois, cela m'a de nouveau d\u00e9mang\u00e9 et je me suis dit : quelle est la prochaine \u00e9tape ? Quinze autres acquisitions ont suivi au cours de sa carri\u00e8re, des plus petites aux plus grandes, toutes r\u00e9alis\u00e9es par ses soins et autofinanc\u00e9es.\"<\/p>\n<p><strong>Venlo, plaque tournante de la logistique<br \/>\n<\/strong>M. Ewalds d\u00e9crit son entreprise comme un bureau administratif sp\u00e9cialis\u00e9. \"En fait, nous sommes des conseillers fiscaux. Nous sommes une soci\u00e9t\u00e9 commerciale qui fournit une d\u00e9claration en douane \u00e9lectroniquement correcte sur la base des donn\u00e9es fournies par notre client. Les douanes contr\u00f4lent ensuite notre travail. Il s'agit d'un organisme de contr\u00f4le qui v\u00e9rifie si la d\u00e9claration et les donn\u00e9es sont correctes. En fait, mon entreprise est pass\u00e9e du statut d'usine de documents \u00e0 celui de prestataire de services douaniers complets. Nous jouons \u00e9galement de plus en plus un r\u00f4le de conseiller aupr\u00e8s de nos clients\". Tout cela se fait, entre autres, \u00e0 partir de sa ville natale de Venlo. L'un des principaux centres logistiques de notre pays. \"C'est le c\u0153ur logistique de l'Europe. Du moins, l'un des plus importants. Venlo dispose d'excellentes liaisons routi\u00e8res, fluviales et ferroviaires, ainsi que de bonnes connexions avec les ports maritimes. En outre, l'arri\u00e8re-pays est immense. Cela offre aux entrepreneurs un grand nombre d'opportunit\u00e9s.<\/p>\n<p><strong>R\u00e9examen et d\u00e9fis<br \/>\n<\/strong>Des opportunit\u00e9s qu'Ewalds a toujours su saisir. Le concept de remise en question ne lui est donc pas \u00e9tranger. Un entrepreneur est un omdenker\", telle est sa philosophie. Un c\u00e9l\u00e8bre Amstellodamois a dit un jour : \"Chaque inconv\u00e9nient a son avantage\". Comparez ma d\u00e9claration \u00e0 cela. Les entrepreneurs transforment souvent les d\u00e9fis en opportunit\u00e9s. L'entrepreneuriat est une forme de sport de haut niveau. Regardez les d\u00e9fis auxquels nous sommes confront\u00e9s aujourd'hui : Les d\u00e9veloppements g\u00e9opolitiques, l'\u00e9volution rapide de l'internet et de la num\u00e9risation, ainsi que l'\u00e9norme consolidation (par le biais d'acquisitions) sur le march\u00e9 des douanes.<\/p>\n<p>Lorsque les fronti\u00e8res ont disparu en 1993, beaucoup ont pens\u00e9 que le travail de la douane \u00e9tait termin\u00e9. \"Mais ce n'\u00e9tait pas le cas. Anno 2024, les d\u00e9fis cr\u00e9ent \u00e0 nouveau de nouvelles opportunit\u00e9s. Le Brexit, par exemple, a bloqu\u00e9 un march\u00e9. Mais pour nous, cela a en fait cr\u00e9\u00e9 du travail suppl\u00e9mentaire. Nous employons \u00e9galement plusieurs d\u00e9veloppeurs. Nous voulons ainsi \u00e9viter qu'un sp\u00e9cialiste de l'IA ou de l'internet, install\u00e9 dans un grenier, ne d\u00e9veloppe un nouveau syst\u00e8me au d\u00e9triment de notre travail. Il faut suivre les \u00e9volutions, sinon on arrive trop tard. Nous consid\u00e9rons les menaces comme des opportunit\u00e9s. Le commerce mondial se poursuivra et le march\u00e9 aura toujours besoin de sp\u00e9cialistes. Je dis toujours : \"Pensez douane, pensez Gaston Schul !\".<\/p>\n<p><a href=\"http:\/\/www.gaston-schul.com\/nl\"><strong>www.gaston-schul.com\/nl<\/strong><\/a><\/p>\n<p><em>Texte : Rob Buchholz - Photographie : Bram Becks<\/em><\/p>","protected":false},"excerpt":{"rendered":"<p>\u2018Een ondernemer\u00a0is een omdenker\u2019 De nominatie voor de Lodewijk van der Grinten Prijs (LvdG) verraste Rob Ewalds.\u00a0Als\u00a0directeur en eigenaar van Gaston Schul, specialist op het gebied van douaneafhandelingen en internationale handel, staat hij relatief weinig in de spotlights.\u00a0En\u00a0dat vindt de 53-jarige geboren Belfeldenaar allesbehalve erg.\u00a0 Toch is hij wel verrast door de enorme impact van [&hellip;]<\/p>","protected":false},"author":1,"featured_media":3446,"comment_status":"closed","ping_status":"closed","sticky":false,"template":"","format":"standard","meta":{"_acf_changed":false,"footnotes":""},"categories":[21],"tags":[],"class_list":["post-3445","post","type-post","status-publish","format-standard","has-post-thumbnail","hentry","category-magazine"],"acf":[],"yoast_head":"<!-- This site is optimized with the Yoast SEO plugin v26.3 - https:\/\/yoast.com\/wordpress\/plugins\/seo\/ -->\n<title>Rob Ewalds: genomineerde voor de ondernemersprijs LvdG - Ondernemend Venlo<\/title>\n<meta name=\"robots\" content=\"index, follow, max-snippet:-1, max-image-preview:large, max-video-preview:-1\" \/>\n<link rel=\"canonical\" href=\"https:\/\/www.ondernemendvenlo.nl\/fr\/rob-ewalds-genomineerde-voor-de-ondernemersprijs-lvdg\/\" \/>\n<meta property=\"og:locale\" content=\"fr_FR\" \/>\n<meta property=\"og:type\" content=\"article\" \/>\n<meta property=\"og:title\" content=\"Rob Ewalds: genomineerde voor de ondernemersprijs LvdG - Ondernemend Venlo\" \/>\n<meta property=\"og:description\" content=\"\u2018Een ondernemer\u00a0is een omdenker\u2019 De nominatie voor de Lodewijk van der Grinten Prijs (LvdG) verraste Rob Ewalds.\u00a0Als\u00a0directeur en eigenaar van Gaston Schul, specialist op het gebied van douaneafhandelingen en internationale handel, staat hij relatief weinig in de spotlights.\u00a0En\u00a0dat vindt de 53-jarige geboren Belfeldenaar allesbehalve erg.\u00a0 Toch is hij wel verrast door de enorme impact van [&hellip;]\" \/>\n<meta property=\"og:url\" content=\"https:\/\/www.ondernemendvenlo.nl\/fr\/rob-ewalds-genomineerde-voor-de-ondernemersprijs-lvdg\/\" \/>\n<meta property=\"og:site_name\" content=\"Ondernemend Venlo\" \/>\n<meta property=\"article:published_time\" content=\"2024-04-07T17:14:21+00:00\" \/>\n<meta property=\"article:modified_time\" content=\"2025-04-07T17:24:03+00:00\" \/>\n<meta property=\"og:image\" content=\"https:\/\/www.ondernemendvenlo.nl\/wp-content\/uploads\/2025\/04\/DSC1096BB_RobEwalds_1920x1080.jpg\" \/>\n\t<meta property=\"og:image:width\" content=\"1920\" \/>\n\t<meta property=\"og:image:height\" content=\"1080\" \/>\n\t<meta property=\"og:image:type\" content=\"image\/jpeg\" \/>\n<meta name=\"author\" content=\"admin\" \/>\n<meta name=\"twitter:card\" content=\"summary_large_image\" \/>\n<meta name=\"twitter:label1\" content=\"\u00c9crit par\" \/>\n\t<meta name=\"twitter:data1\" content=\"admin\" \/>\n\t<meta name=\"twitter:label2\" content=\"Dur\u00e9e de lecture estim\u00e9e\" \/>\n\t<meta name=\"twitter:data2\" content=\"4 minutes\" \/>\n<script type=\"application\/ld+json\" class=\"yoast-schema-graph\">{\"@context\":\"https:\/\/schema.org\",\"@graph\":[{\"@type\":\"Article\",\"@id\":\"https:\/\/www.ondernemendvenlo.nl\/rob-ewalds-genomineerde-voor-de-ondernemersprijs-lvdg\/#article\",\"isPartOf\":{\"@id\":\"https:\/\/www.ondernemendvenlo.nl\/rob-ewalds-genomineerde-voor-de-ondernemersprijs-lvdg\/\"},\"author\":{\"name\":\"admin\",\"@id\":\"https:\/\/www.ondernemendvenlo.nl\/#\/schema\/person\/347e935f8ad4c7030608ef74bb57aa6e\"},\"headline\":\"Rob Ewalds: genomineerde voor de ondernemersprijs LvdG\",\"datePublished\":\"2024-04-07T17:14:21+00:00\",\"dateModified\":\"2025-04-07T17:24:03+00:00\",\"mainEntityOfPage\":{\"@id\":\"https:\/\/www.ondernemendvenlo.nl\/rob-ewalds-genomineerde-voor-de-ondernemersprijs-lvdg\/\"},\"wordCount\":750,\"publisher\":{\"@id\":\"https:\/\/www.ondernemendvenlo.nl\/#organization\"},\"image\":{\"@id\":\"https:\/\/www.ondernemendvenlo.nl\/rob-ewalds-genomineerde-voor-de-ondernemersprijs-lvdg\/#primaryimage\"},\"thumbnailUrl\":\"https:\/\/www.ondernemendvenlo.nl\/wp-content\/uploads\/2025\/04\/DSC1096BB_RobEwalds_1920x1080.jpg\",\"articleSection\":[\"Magazine Ondernemend Venlo\"],\"inLanguage\":\"fr-FR\"},{\"@type\":\"WebPage\",\"@id\":\"https:\/\/www.ondernemendvenlo.nl\/rob-ewalds-genomineerde-voor-de-ondernemersprijs-lvdg\/\",\"url\":\"https:\/\/www.ondernemendvenlo.nl\/rob-ewalds-genomineerde-voor-de-ondernemersprijs-lvdg\/\",\"name\":\"Rob Ewalds: genomineerde voor de ondernemersprijs LvdG - Ondernemend Venlo\",\"isPartOf\":{\"@id\":\"https:\/\/www.ondernemendvenlo.nl\/#website\"},\"primaryImageOfPage\":{\"@id\":\"https:\/\/www.ondernemendvenlo.nl\/rob-ewalds-genomineerde-voor-de-ondernemersprijs-lvdg\/#primaryimage\"},\"image\":{\"@id\":\"https:\/\/www.ondernemendvenlo.nl\/rob-ewalds-genomineerde-voor-de-ondernemersprijs-lvdg\/#primaryimage\"},\"thumbnailUrl\":\"https:\/\/www.ondernemendvenlo.nl\/wp-content\/uploads\/2025\/04\/DSC1096BB_RobEwalds_1920x1080.jpg\",\"datePublished\":\"2024-04-07T17:14:21+00:00\",\"dateModified\":\"2025-04-07T17:24:03+00:00\",\"breadcrumb\":{\"@id\":\"https:\/\/www.ondernemendvenlo.nl\/rob-ewalds-genomineerde-voor-de-ondernemersprijs-lvdg\/#breadcrumb\"},\"inLanguage\":\"fr-FR\",\"potentialAction\":[{\"@type\":\"ReadAction\",\"target\":[\"https:\/\/www.ondernemendvenlo.nl\/rob-ewalds-genomineerde-voor-de-ondernemersprijs-lvdg\/\"]}]},{\"@type\":\"ImageObject\",\"inLanguage\":\"fr-FR\",\"@id\":\"https:\/\/www.ondernemendvenlo.nl\/rob-ewalds-genomineerde-voor-de-ondernemersprijs-lvdg\/#primaryimage\",\"url\":\"https:\/\/www.ondernemendvenlo.nl\/wp-content\/uploads\/2025\/04\/DSC1096BB_RobEwalds_1920x1080.jpg\",\"contentUrl\":\"https:\/\/www.ondernemendvenlo.nl\/wp-content\/uploads\/2025\/04\/DSC1096BB_RobEwalds_1920x1080.jpg\",\"width\":1920,\"height\":1080},{\"@type\":\"BreadcrumbList\",\"@id\":\"https:\/\/www.ondernemendvenlo.nl\/rob-ewalds-genomineerde-voor-de-ondernemersprijs-lvdg\/#breadcrumb\",\"itemListElement\":[{\"@type\":\"ListItem\",\"position\":1,\"name\":\"Ondernemend Venlo\",\"item\":\"https:\/\/www.ondernemendvenlo.nl\/\"},{\"@type\":\"ListItem\",\"position\":2,\"name\":\"Magazine Ondernemend Venlo\",\"item\":\"https:\/\/www.ondernemendvenlo.nl\/categorie\/magazine\/\"},{\"@type\":\"ListItem\",\"position\":3,\"name\":\"Rob Ewalds: genomineerde voor de ondernemersprijs LvdG\"}]},{\"@type\":\"WebSite\",\"@id\":\"https:\/\/www.ondernemendvenlo.nl\/#website\",\"url\":\"https:\/\/www.ondernemendvenlo.nl\/\",\"name\":\"Ondernemend Venlo\",\"description\":\"Samen succesvol ondernemen\",\"publisher\":{\"@id\":\"https:\/\/www.ondernemendvenlo.nl\/#organization\"},\"potentialAction\":[{\"@type\":\"SearchAction\",\"target\":{\"@type\":\"EntryPoint\",\"urlTemplate\":\"https:\/\/www.ondernemendvenlo.nl\/?s={search_term_string}\"},\"query-input\":{\"@type\":\"PropertyValueSpecification\",\"valueRequired\":true,\"valueName\":\"search_term_string\"}}],\"inLanguage\":\"fr-FR\"},{\"@type\":\"Organization\",\"@id\":\"https:\/\/www.ondernemendvenlo.nl\/#organization\",\"name\":\"Ondernemend Venlo\",\"url\":\"https:\/\/www.ondernemendvenlo.nl\/\",\"logo\":{\"@type\":\"ImageObject\",\"inLanguage\":\"fr-FR\",\"@id\":\"https:\/\/www.ondernemendvenlo.nl\/#\/schema\/logo\/image\/\",\"url\":\"https:\/\/www.ondernemendvenlo.nl\/wp-content\/uploads\/2025\/02\/Ondernemend-Venlo-logo-scaled.webp\",\"contentUrl\":\"https:\/\/www.ondernemendvenlo.nl\/wp-content\/uploads\/2025\/02\/Ondernemend-Venlo-logo-scaled.webp\",\"width\":2560,\"height\":1010,\"caption\":\"Ondernemend Venlo\"},\"image\":{\"@id\":\"https:\/\/www.ondernemendvenlo.nl\/#\/schema\/logo\/image\/\"},\"sameAs\":[\"https:\/\/www.linkedin.com\/company\/ondernemend-venlo\/\"]},{\"@type\":\"Person\",\"@id\":\"https:\/\/www.ondernemendvenlo.nl\/#\/schema\/person\/347e935f8ad4c7030608ef74bb57aa6e\",\"name\":\"admin\",\"image\":{\"@type\":\"ImageObject\",\"inLanguage\":\"fr-FR\",\"@id\":\"https:\/\/www.ondernemendvenlo.nl\/#\/schema\/person\/image\/\",\"url\":\"https:\/\/www.ondernemendvenlo.nl\/wp-content\/litespeed\/avatar\/720af750b037aecf6e33e12833479059.jpg?ver=1777382954\",\"contentUrl\":\"https:\/\/www.ondernemendvenlo.nl\/wp-content\/litespeed\/avatar\/720af750b037aecf6e33e12833479059.jpg?ver=1777382954\",\"caption\":\"admin\"},\"sameAs\":[\"https:\/\/www.ondernemendvenlo.nl\"]}]}<\/script>\n<!-- \/ Yoast SEO plugin. -->","yoast_head_json":{"title":"Rob Ewalds: genomineerde voor de ondernemersprijs LvdG - Ondernemend Venlo","robots":{"index":"index","follow":"follow","max-snippet":"max-snippet:-1","max-image-preview":"max-image-preview:large","max-video-preview":"max-video-preview:-1"},"canonical":"https:\/\/www.ondernemendvenlo.nl\/fr\/rob-ewalds-genomineerde-voor-de-ondernemersprijs-lvdg\/","og_locale":"fr_FR","og_type":"article","og_title":"Rob Ewalds: genomineerde voor de ondernemersprijs LvdG - Ondernemend Venlo","og_description":"\u2018Een ondernemer\u00a0is een omdenker\u2019 De nominatie voor de Lodewijk van der Grinten Prijs (LvdG) verraste Rob Ewalds.\u00a0Als\u00a0directeur en eigenaar van Gaston Schul, specialist op het gebied van douaneafhandelingen en internationale handel, staat hij relatief weinig in de spotlights.\u00a0En\u00a0dat vindt de 53-jarige geboren Belfeldenaar allesbehalve erg.\u00a0 Toch is hij wel verrast door de enorme impact van [&hellip;]","og_url":"https:\/\/www.ondernemendvenlo.nl\/fr\/rob-ewalds-genomineerde-voor-de-ondernemersprijs-lvdg\/","og_site_name":"Ondernemend Venlo","article_published_time":"2024-04-07T17:14:21+00:00","article_modified_time":"2025-04-07T17:24:03+00:00","og_image":[{"width":1920,"height":1080,"url":"https:\/\/www.ondernemendvenlo.nl\/wp-content\/uploads\/2025\/04\/DSC1096BB_RobEwalds_1920x1080.jpg","type":"image\/jpeg"}],"author":"admin","twitter_card":"summary_large_image","twitter_misc":{"\u00c9crit par":"admin","Dur\u00e9e de lecture estim\u00e9e":"4 minutes"},"schema":{"@context":"https:\/\/schema.org","@graph":[{"@type":"Article","@id":"https:\/\/www.ondernemendvenlo.nl\/rob-ewalds-genomineerde-voor-de-ondernemersprijs-lvdg\/#article","isPartOf":{"@id":"https:\/\/www.ondernemendvenlo.nl\/rob-ewalds-genomineerde-voor-de-ondernemersprijs-lvdg\/"},"author":{"name":"admin","@id":"https:\/\/www.ondernemendvenlo.nl\/#\/schema\/person\/347e935f8ad4c7030608ef74bb57aa6e"},"headline":"Rob Ewalds: genomineerde voor de ondernemersprijs LvdG","datePublished":"2024-04-07T17:14:21+00:00","dateModified":"2025-04-07T17:24:03+00:00","mainEntityOfPage":{"@id":"https:\/\/www.ondernemendvenlo.nl\/rob-ewalds-genomineerde-voor-de-ondernemersprijs-lvdg\/"},"wordCount":750,"publisher":{"@id":"https:\/\/www.ondernemendvenlo.nl\/#organization"},"image":{"@id":"https:\/\/www.ondernemendvenlo.nl\/rob-ewalds-genomineerde-voor-de-ondernemersprijs-lvdg\/#primaryimage"},"thumbnailUrl":"https:\/\/www.ondernemendvenlo.nl\/wp-content\/uploads\/2025\/04\/DSC1096BB_RobEwalds_1920x1080.jpg","articleSection":["Magazine Ondernemend Venlo"],"inLanguage":"fr-FR"},{"@type":"WebPage","@id":"https:\/\/www.ondernemendvenlo.nl\/rob-ewalds-genomineerde-voor-de-ondernemersprijs-lvdg\/","url":"https:\/\/www.ondernemendvenlo.nl\/rob-ewalds-genomineerde-voor-de-ondernemersprijs-lvdg\/","name":"Rob Ewalds: genomineerde voor de ondernemersprijs LvdG - Ondernemend Venlo","isPartOf":{"@id":"https:\/\/www.ondernemendvenlo.nl\/#website"},"primaryImageOfPage":{"@id":"https:\/\/www.ondernemendvenlo.nl\/rob-ewalds-genomineerde-voor-de-ondernemersprijs-lvdg\/#primaryimage"},"image":{"@id":"https:\/\/www.ondernemendvenlo.nl\/rob-ewalds-genomineerde-voor-de-ondernemersprijs-lvdg\/#primaryimage"},"thumbnailUrl":"https:\/\/www.ondernemendvenlo.nl\/wp-content\/uploads\/2025\/04\/DSC1096BB_RobEwalds_1920x1080.jpg","datePublished":"2024-04-07T17:14:21+00:00","dateModified":"2025-04-07T17:24:03+00:00","breadcrumb":{"@id":"https:\/\/www.ondernemendvenlo.nl\/rob-ewalds-genomineerde-voor-de-ondernemersprijs-lvdg\/#breadcrumb"},"inLanguage":"fr-FR","potentialAction":[{"@type":"ReadAction","target":["https:\/\/www.ondernemendvenlo.nl\/rob-ewalds-genomineerde-voor-de-ondernemersprijs-lvdg\/"]}]},{"@type":"ImageObject","inLanguage":"fr-FR","@id":"https:\/\/www.ondernemendvenlo.nl\/rob-ewalds-genomineerde-voor-de-ondernemersprijs-lvdg\/#primaryimage","url":"https:\/\/www.ondernemendvenlo.nl\/wp-content\/uploads\/2025\/04\/DSC1096BB_RobEwalds_1920x1080.jpg","contentUrl":"https:\/\/www.ondernemendvenlo.nl\/wp-content\/uploads\/2025\/04\/DSC1096BB_RobEwalds_1920x1080.jpg","width":1920,"height":1080},{"@type":"BreadcrumbList","@id":"https:\/\/www.ondernemendvenlo.nl\/rob-ewalds-genomineerde-voor-de-ondernemersprijs-lvdg\/#breadcrumb","itemListElement":[{"@type":"ListItem","position":1,"name":"Ondernemend Venlo","item":"https:\/\/www.ondernemendvenlo.nl\/"},{"@type":"ListItem","position":2,"name":"Magazine Ondernemend Venlo","item":"https:\/\/www.ondernemendvenlo.nl\/categorie\/magazine\/"},{"@type":"ListItem","position":3,"name":"Rob Ewalds: genomineerde voor de ondernemersprijs LvdG"}]},{"@type":"WebSite","@id":"https:\/\/www.ondernemendvenlo.nl\/#website","url":"https:\/\/www.ondernemendvenlo.nl\/","name":"Venlo entrepreneurial","description":"Travailler ensemble avec succ\u00e8s","publisher":{"@id":"https:\/\/www.ondernemendvenlo.nl\/#organization"},"potentialAction":[{"@type":"SearchAction","target":{"@type":"EntryPoint","urlTemplate":"https:\/\/www.ondernemendvenlo.nl\/?s={search_term_string}"},"query-input":{"@type":"PropertyValueSpecification","valueRequired":true,"valueName":"search_term_string"}}],"inLanguage":"fr-FR"},{"@type":"Organization","@id":"https:\/\/www.ondernemendvenlo.nl\/#organization","name":"Venlo entrepreneurial","url":"https:\/\/www.ondernemendvenlo.nl\/","logo":{"@type":"ImageObject","inLanguage":"fr-FR","@id":"https:\/\/www.ondernemendvenlo.nl\/#\/schema\/logo\/image\/","url":"https:\/\/www.ondernemendvenlo.nl\/wp-content\/uploads\/2025\/02\/Ondernemend-Venlo-logo-scaled.webp","contentUrl":"https:\/\/www.ondernemendvenlo.nl\/wp-content\/uploads\/2025\/02\/Ondernemend-Venlo-logo-scaled.webp","width":2560,"height":1010,"caption":"Ondernemend Venlo"},"image":{"@id":"https:\/\/www.ondernemendvenlo.nl\/#\/schema\/logo\/image\/"},"sameAs":["https:\/\/www.linkedin.com\/company\/ondernemend-venlo\/"]},{"@type":"Person","@id":"https:\/\/www.ondernemendvenlo.nl\/#\/schema\/person\/347e935f8ad4c7030608ef74bb57aa6e","name":"admin","image":{"@type":"ImageObject","inLanguage":"fr-FR","@id":"https:\/\/www.ondernemendvenlo.nl\/#\/schema\/person\/image\/","url":"https:\/\/www.ondernemendvenlo.nl\/wp-content\/litespeed\/avatar\/720af750b037aecf6e33e12833479059.jpg?ver=1777382954","contentUrl":"https:\/\/www.ondernemendvenlo.nl\/wp-content\/litespeed\/avatar\/720af750b037aecf6e33e12833479059.jpg?ver=1777382954","caption":"admin"},"sameAs":["https:\/\/www.ondernemendvenlo.nl"]}]}},"_links":{"self":[{"href":"https:\/\/www.ondernemendvenlo.nl\/fr\/wp-json\/wp\/v2\/posts\/3445","targetHints":{"allow":["GET"]}}],"collection":[{"href":"https:\/\/www.ondernemendvenlo.nl\/fr\/wp-json\/wp\/v2\/posts"}],"about":[{"href":"https:\/\/www.ondernemendvenlo.nl\/fr\/wp-json\/wp\/v2\/types\/post"}],"author":[{"embeddable":true,"href":"https:\/\/www.ondernemendvenlo.nl\/fr\/wp-json\/wp\/v2\/users\/1"}],"replies":[{"embeddable":true,"href":"https:\/\/www.ondernemendvenlo.nl\/fr\/wp-json\/wp\/v2\/comments?post=3445"}],"version-history":[{"count":0,"href":"https:\/\/www.ondernemendvenlo.nl\/fr\/wp-json\/wp\/v2\/posts\/3445\/revisions"}],"wp:featuredmedia":[{"embeddable":true,"href":"https:\/\/www.ondernemendvenlo.nl\/fr\/wp-json\/wp\/v2\/media\/3446"}],"wp:attachment":[{"href":"https:\/\/www.ondernemendvenlo.nl\/fr\/wp-json\/wp\/v2\/media?parent=3445"}],"wp:term":[{"taxonomy":"category","embeddable":true,"href":"https:\/\/www.ondernemendvenlo.nl\/fr\/wp-json\/wp\/v2\/categories?post=3445"},{"taxonomy":"post_tag","embeddable":true,"href":"https:\/\/www.ondernemendvenlo.nl\/fr\/wp-json\/wp\/v2\/tags?post=3445"}],"curies":[{"name":"wp","href":"https:\/\/api.w.org\/{rel}","templated":true}]}}