{"id":3455,"date":"2024-04-07T19:14:21","date_gmt":"2024-04-07T17:14:21","guid":{"rendered":"https:\/\/www.ondernemendvenlo.nl\/viering-150-jaar-kloosterdorp-steyl\/"},"modified":"2025-04-07T19:23:08","modified_gmt":"2025-04-07T17:23:08","slug":"viering-150-jaar-kloosterdorp-steyl","status":"publish","type":"post","link":"https:\/\/www.ondernemendvenlo.nl\/fr\/viering-150-jaar-kloosterdorp-steyl\/","title":{"rendered":"C\u00e9l\u00e9bration des 150 ans du village monastique de Steyl"},"content":{"rendered":"<h2>\u2018Met respect voor het verleden\u00a0en een blik naar de toekomst\u2019<\/h2>\n<p><strong>In 2025 viert Steyl haar 150-jarig bestaan als kloosterdorp.\u00a0Een\u00a0jubileumjaar vol met activiteiten waarbij alle facetten van het kloosterdorp op bijzondere wijze aandacht krijgen.\u00a0Dat\u00a0gebeurt met inzet van honderden vrijwilligers en stichting Steyl Inspireert. Voorzitter Hanno Lamers, secretaris Gerard Fokkens en wethouder Erwin Boom kijken vooruit naar zowel de activiteiten tijdens dit bijzondere jaar als ook de doelstellingen voor de toekomst.<\/strong><\/p>\n<p>Toen de Duitse missionaris Arnold Janssen zich hier in 1875 vestigde was dat een belangrijk moment voor de ontwikkeling van het pittoreske kloosterdorp. Nadat steeds meer religieuze landgenoten zich bij hem aansloten, groeide de belangrijke functie die Steyl anno nu heeft.\u00a0Een\u00a0oord vol cultuurhistorische gebouwen en instellingen. Neem de drie kloosters inclusief tuinen, het Missiemuseum, het Limburgs Schutterijmuseum, de Botanische Tuin Jochumhof, het Wereldpaviljoen, de missiedrukkerij en meer. Veel van deze gebouwen hebben anno 2024 echter te maken met achteruitgang of leegstand.\u00a0Een\u00a0stevige herontwikkeling met passende investeringen is daarom hard nodig.<\/p>\n<p><strong>Toeristisch trekpleister<br \/>\n<\/strong>Bij alle jubileumactiviteiten staan niet alleen het verleden en het heden centraal, maar is het vizier tevens op de toekomst gericht, zo laat voormalig wethouder Hanno Lamers weten. \u201cBehalve het feit dat we dit jubileum op memorabele wijze willen vieren, hopen wij ook dat deze activiteiten een blijvend effect op de aantrekkelijkheid van Steyl als toeristisch trekpleister hebben.\u00a0De\u00a0eerste belangrijke stappen \u2013 zoals voorbereidingen voor restauratie van gebouwen en tuinen &#8211; zijn al gezet; er is echter meer nodig.\u00a0Wij\u00a0willen voortbouwen op de rijke geschiedenis van Steyl.\u00a0Dat\u00a0kunnen wij evenwel niet alleen. Daarvoor werken wij samen met de gemeente Venlo, de Provincie Limburg en toeristische partners, maar is ook de hulp van het bedrijfsleven noodzakelijk.\u201d<\/p>\n<blockquote><p>\u2018Wij willen voortbouwen op de rijke geschiedenis van Steyl. Dat kunnen wij echter niet alleen.\u2019<\/p><\/blockquote>\n<p><strong>Op de kaart zetten<br \/>\n<\/strong>Tijdens de activiteiten van het jubileumjaar staan kunst en cultuur, bezinning en religie, educatie, natuur en ontmoeten centraal.\u00a0Met\u00a0de hoeveelheid aan belangrijke instellingen en organisaties leek het de stichting niet logisch om slechts \u00e9\u00e9n knallend feestweekend te organiseren.\u00a0\u201cDat\u00a0past niet bij rustieke ambiance van ons fraaie kloosterdorp\u201d, aldus Gerard Fokkens. \u201cVanaf september van dit jaar tot in de herfst van 2025 organiseren we tientallen evenementen.\u201d Het gaat soms om activiteiten die al vaker op de kalender staan, maar nu intensiever en nog beter gevierd worden.\u00a0\u201cDat\u00a0is nodig om Steyl nog beter op de kaart te zetten en het erfgoed verder te ontwikkelen.\u00a0Het\u00a0hele dorp wordt hierbij betrokken en minimaal 400 vrijwilligers gaan mee die kar trekken.\u00a0Dit\u00a0gaat duidelijk ergens over. Steyl heeft over de hele wereld een uitstekende naam. Daar zijn we trots op.\u201d<\/p>\n<p><strong>Zwaan-kleef-aan<br \/>\n<\/strong>De stichting is al een aantal jaren met deze plannen bezig. Lamers: \u201cWe bespeuren inmiddels een zwaan-kleef-aan-effect.\u00a0De\u00a0jubileumagenda is zeker nog niet in beton gegoten, maar kan zich nog ontwikkelen.\u00a0De\u00a0idee\u00ebn moeten wel passen bij Steyl.\u00a0Het\u00a0gaat om eenmalige evenementen, maar ook om het opzetten van blijvende zaken, zoals een toeristisch informatiepunt.\u00a0Een\u00a0dagje Steyl kan bezoekers inspireren om in de toekomst hier terug te keren. Simpelweg omdat ze genieten van de natuur, de rust en de inspirerende omgeving.\u201d Wethouder Boom knikt bevestigend: \u201cHet is juist mooi dat al deze activiteiten zich over het hele jaar uitspreiden. Alle sterke punten die Steyl heeft, verdienen aandacht.\u00a0Met\u00a0respect voor de bewoners, bezoekers en de identiteit van het kloosterdorp.\u201d Boom noemt de nieuwe tentoonstelling van Evert Thielen als voorbeeld. \u201cMensen die Museum van Bommel van Dam bezoeken, zijn ook ge\u00efnteresseerd in Steyl.\u00a0Het\u00a0is een bewijs dat de verschillende stadsdelen elkaar kunnen versterken. Beschouw het maar als een win-win situatie.\u201d<\/p>\n<p>Fokkens voegt daar aan toe: \u201cHet organiseren van tentoonstellingen, concerten en andere activiteiten kost geld.\u00a0We\u00a0zijn blij met de medewerking van de gemeente, provincie en andere partners. Iedereen is er bij gebaat dat de unieke identiteit van Steyl voor de toekomst behouden blijft.\u201d Om toeristen bewust te maken van de vele activiteiten komen bij vakantieparken tussen Roermond en Venray flyers te liggen.\u00a0Uit\u00a0ervaring weten we dat toeristen vertier zoeken voor het hele gezin.\u00a0Dat\u00a0vinden ze hier in Steyl.\u201d<\/p>\n<blockquote><p>\u2018Het vastgoed van de zusters en paters is van onschatbare waarde voor deze streek. Dit alles biedt op toeristisch vlak enorm veel mogelijkheden voor de toekomst.\u2019<\/p><\/blockquote>\n<p><strong>Rol voor ondernemers<br \/>\n<\/strong>Behalve toeristen is het educatieve aspect van belang. Daar is Steyl Inspireert al een jaar of twee mee bezig.\u00a0De\u00a0reacties vanuit onderwijsinstellingen zijn positief en de plannen worden tijdens het jubileumjaar verder uitgebouwd.\u00a0De\u00a0nieuwste generatie leert bijvoorbeeld via de Steyler Jeugddag welke mogelijkheden Steyl heeft.\u00a0Nu\u00a0is de hoop tevens gevestigd op verdere samenwerking met het lokale en regionale bedrijfsleven. Lamers wijst onder andere op het belang van nieuwe invulling voor bestaande historische gebouwen. Aanpassingen waarvoor investeringen nodig zijn. \u201cMisschien wil een ondernemer hier wel een hotel beginnen.\u00a0Dat\u00a0zou een prima invulling zijn, maar het etablissement moet wel passen bij de omgeving.\u00a0Een\u00a0hotelketen die inspeelt op de komst van massatoerisme heeft hier geen waarde.\u00a0Wij\u00a0willen de sfeer van stiltegebied koesteren. Maar ook over bijdragen in de evenementen of op ander vlak gaan wij graag met bedrijven in gesprek.\u201d<\/p>\n<p><strong>Geen kermis<br \/>\n<\/strong>Erwin Boom is zich ervan bewust dat Steyl nog een professionaliseringsslag moet maken.\u00a0De\u00a0samenwerkingen met Toeristisch Platform Arcen, Venlo Partners en Visit Noord-Limburg zijn volgens hem belangrijk.\u00a0Net\u00a0zoals de rol van BOEi, een organisatie die werkt als aanjager bij het herbestemmen en restaureren van cultureel erfgoed.\u00a0\u201cDat\u00a0zijn allemaal partijen die zien dat hier iets gebeurt en willen hieraan meehelpen. Daarnaast is het educatieve aspect van belang.\u00a0Het\u00a0vastgoed van de zusters en paters is van onschatbare waarde voor deze streek.\u00a0Dit\u00a0alles biedt op toeristisch vlak enorm veel mogelijkheden voor de toekomst. Zoals Hanno Lamers al aangaf: het moet geen kermis worden met massa\u2019s toeristen.\u00a0Wij\u00a0willen de identiteit van Steyl behouden en klaarmaken voor de toekomst. Daarbij kan het bedrijfsleven zeker op diverse manieren een belangrijke rol spelen.\u201d<\/p>\n<hr \/>\n<p>\u201cSteyl is uniek! Een Kloosterdorp boordevol waardevol erfgoed dat we willen behouden, maar dat we ook klaar willen maken voor de toekomst\u201d, zegt wethouder Marij Pollux. Samen met erfgoedorganisatie BOEi, de kloosters en de vele partners, zoals Stichting Steyl Inspireert, werkt de gemeente Venlo aan deze opgave. Het gaat over herbestemmingen van gebouwen \u00e9n tuinen, met prachtige verhalen die verteld kunnen worden. \u201cDiverse bedrijven, stichtingen, musea en verenigingen maken gebruik van de gebouwen en de tuinen. D\u00e1t maakt de waarde van het gebied extra belangrijk\u201d, aldus Pollux. Daarnaast willen ook de gemeenschap en toeristische partners Steyl weer tot leven laten komen om deze parel aan de Maas een toekomst te geven die bij haar past. \u201cDe kloosters staan aan de oorsprong van dit bijzondere erfgoed, met als grondlegger de missiecongregatie SVD. Daarom ondersteunen wij als gemeente ook het initiatief om 150 jaar Kloosterdorp Steyl te vieren.\u201d<\/p>\n<hr \/>\n<p><a href=\"http:\/\/www.kloosterdorpsteyl.nl\"><strong>www.kloosterdorpsteyl.nl<\/strong><\/a><\/p>\n<p><em>Texte : Rob Buchholz - Photographie : Bram Becks<\/em><\/p>","protected":false},"excerpt":{"rendered":"<p>\u2018Met respect voor het verleden\u00a0en een blik naar de toekomst\u2019 In 2025 viert Steyl haar 150-jarig bestaan als kloosterdorp.\u00a0Een\u00a0jubileumjaar vol met activiteiten waarbij alle facetten van het kloosterdorp op bijzondere wijze aandacht krijgen.\u00a0Dat\u00a0gebeurt met inzet van honderden vrijwilligers en stichting Steyl Inspireert. Voorzitter Hanno Lamers, secretaris Gerard Fokkens en wethouder Erwin Boom kijken vooruit naar [&hellip;]<\/p>","protected":false},"author":1,"featured_media":3456,"comment_status":"closed","ping_status":"closed","sticky":false,"template":"","format":"standard","meta":{"_acf_changed":false,"footnotes":""},"categories":[21],"tags":[],"class_list":["post-3455","post","type-post","status-publish","format-standard","has-post-thumbnail","hentry","category-magazine"],"acf":[],"yoast_head":"<!-- This site is optimized with the Yoast SEO plugin v26.3 - https:\/\/yoast.com\/wordpress\/plugins\/seo\/ -->\n<title>Viering 150 jaar Kloosterdorp Steyl - Ondernemend Venlo<\/title>\n<meta name=\"robots\" content=\"index, follow, max-snippet:-1, max-image-preview:large, max-video-preview:-1\" \/>\n<link rel=\"canonical\" href=\"https:\/\/www.ondernemendvenlo.nl\/fr\/viering-150-jaar-kloosterdorp-steyl\/\" \/>\n<meta property=\"og:locale\" content=\"fr_FR\" \/>\n<meta property=\"og:type\" content=\"article\" \/>\n<meta property=\"og:title\" content=\"Viering 150 jaar Kloosterdorp Steyl - Ondernemend Venlo\" \/>\n<meta property=\"og:description\" content=\"\u2018Met respect voor het verleden\u00a0en een blik naar de toekomst\u2019 In 2025 viert Steyl haar 150-jarig bestaan als kloosterdorp.\u00a0Een\u00a0jubileumjaar vol met activiteiten waarbij alle facetten van het kloosterdorp op bijzondere wijze aandacht krijgen.\u00a0Dat\u00a0gebeurt met inzet van honderden vrijwilligers en stichting Steyl Inspireert. Voorzitter Hanno Lamers, secretaris Gerard Fokkens en wethouder Erwin Boom kijken vooruit naar [&hellip;]\" \/>\n<meta property=\"og:url\" content=\"https:\/\/www.ondernemendvenlo.nl\/fr\/viering-150-jaar-kloosterdorp-steyl\/\" \/>\n<meta property=\"og:site_name\" content=\"Ondernemend Venlo\" \/>\n<meta property=\"article:published_time\" content=\"2024-04-07T17:14:21+00:00\" \/>\n<meta property=\"article:modified_time\" content=\"2025-04-07T17:23:08+00:00\" \/>\n<meta property=\"og:image\" content=\"https:\/\/www.ondernemendvenlo.nl\/wp-content\/uploads\/2025\/04\/dsc2158BB_DorpSteyl_1920x1080.jpg\" \/>\n\t<meta property=\"og:image:width\" content=\"1920\" \/>\n\t<meta property=\"og:image:height\" content=\"1080\" \/>\n\t<meta property=\"og:image:type\" content=\"image\/jpeg\" \/>\n<meta name=\"author\" content=\"admin\" \/>\n<meta name=\"twitter:card\" content=\"summary_large_image\" \/>\n<meta name=\"twitter:label1\" content=\"\u00c9crit par\" \/>\n\t<meta name=\"twitter:data1\" content=\"admin\" \/>\n\t<meta name=\"twitter:label2\" content=\"Dur\u00e9e de lecture estim\u00e9e\" \/>\n\t<meta name=\"twitter:data2\" content=\"6 minutes\" \/>\n<script type=\"application\/ld+json\" class=\"yoast-schema-graph\">{\"@context\":\"https:\/\/schema.org\",\"@graph\":[{\"@type\":\"Article\",\"@id\":\"https:\/\/www.ondernemendvenlo.nl\/viering-150-jaar-kloosterdorp-steyl\/#article\",\"isPartOf\":{\"@id\":\"https:\/\/www.ondernemendvenlo.nl\/viering-150-jaar-kloosterdorp-steyl\/\"},\"author\":{\"name\":\"admin\",\"@id\":\"https:\/\/www.ondernemendvenlo.nl\/#\/schema\/person\/347e935f8ad4c7030608ef74bb57aa6e\"},\"headline\":\"Viering 150 jaar Kloosterdorp Steyl\",\"datePublished\":\"2024-04-07T17:14:21+00:00\",\"dateModified\":\"2025-04-07T17:23:08+00:00\",\"mainEntityOfPage\":{\"@id\":\"https:\/\/www.ondernemendvenlo.nl\/viering-150-jaar-kloosterdorp-steyl\/\"},\"wordCount\":1150,\"publisher\":{\"@id\":\"https:\/\/www.ondernemendvenlo.nl\/#organization\"},\"image\":{\"@id\":\"https:\/\/www.ondernemendvenlo.nl\/viering-150-jaar-kloosterdorp-steyl\/#primaryimage\"},\"thumbnailUrl\":\"https:\/\/www.ondernemendvenlo.nl\/wp-content\/uploads\/2025\/04\/dsc2158BB_DorpSteyl_1920x1080.jpg\",\"articleSection\":[\"Magazine Ondernemend Venlo\"],\"inLanguage\":\"fr-FR\"},{\"@type\":\"WebPage\",\"@id\":\"https:\/\/www.ondernemendvenlo.nl\/viering-150-jaar-kloosterdorp-steyl\/\",\"url\":\"https:\/\/www.ondernemendvenlo.nl\/viering-150-jaar-kloosterdorp-steyl\/\",\"name\":\"Viering 150 jaar Kloosterdorp Steyl - Ondernemend Venlo\",\"isPartOf\":{\"@id\":\"https:\/\/www.ondernemendvenlo.nl\/#website\"},\"primaryImageOfPage\":{\"@id\":\"https:\/\/www.ondernemendvenlo.nl\/viering-150-jaar-kloosterdorp-steyl\/#primaryimage\"},\"image\":{\"@id\":\"https:\/\/www.ondernemendvenlo.nl\/viering-150-jaar-kloosterdorp-steyl\/#primaryimage\"},\"thumbnailUrl\":\"https:\/\/www.ondernemendvenlo.nl\/wp-content\/uploads\/2025\/04\/dsc2158BB_DorpSteyl_1920x1080.jpg\",\"datePublished\":\"2024-04-07T17:14:21+00:00\",\"dateModified\":\"2025-04-07T17:23:08+00:00\",\"breadcrumb\":{\"@id\":\"https:\/\/www.ondernemendvenlo.nl\/viering-150-jaar-kloosterdorp-steyl\/#breadcrumb\"},\"inLanguage\":\"fr-FR\",\"potentialAction\":[{\"@type\":\"ReadAction\",\"target\":[\"https:\/\/www.ondernemendvenlo.nl\/viering-150-jaar-kloosterdorp-steyl\/\"]}]},{\"@type\":\"ImageObject\",\"inLanguage\":\"fr-FR\",\"@id\":\"https:\/\/www.ondernemendvenlo.nl\/viering-150-jaar-kloosterdorp-steyl\/#primaryimage\",\"url\":\"https:\/\/www.ondernemendvenlo.nl\/wp-content\/uploads\/2025\/04\/dsc2158BB_DorpSteyl_1920x1080.jpg\",\"contentUrl\":\"https:\/\/www.ondernemendvenlo.nl\/wp-content\/uploads\/2025\/04\/dsc2158BB_DorpSteyl_1920x1080.jpg\",\"width\":1920,\"height\":1080},{\"@type\":\"BreadcrumbList\",\"@id\":\"https:\/\/www.ondernemendvenlo.nl\/viering-150-jaar-kloosterdorp-steyl\/#breadcrumb\",\"itemListElement\":[{\"@type\":\"ListItem\",\"position\":1,\"name\":\"Ondernemend Venlo\",\"item\":\"https:\/\/www.ondernemendvenlo.nl\/\"},{\"@type\":\"ListItem\",\"position\":2,\"name\":\"Magazine Ondernemend Venlo\",\"item\":\"https:\/\/www.ondernemendvenlo.nl\/categorie\/magazine\/\"},{\"@type\":\"ListItem\",\"position\":3,\"name\":\"Viering 150 jaar Kloosterdorp Steyl\"}]},{\"@type\":\"WebSite\",\"@id\":\"https:\/\/www.ondernemendvenlo.nl\/#website\",\"url\":\"https:\/\/www.ondernemendvenlo.nl\/\",\"name\":\"Ondernemend Venlo\",\"description\":\"Samen succesvol ondernemen\",\"publisher\":{\"@id\":\"https:\/\/www.ondernemendvenlo.nl\/#organization\"},\"potentialAction\":[{\"@type\":\"SearchAction\",\"target\":{\"@type\":\"EntryPoint\",\"urlTemplate\":\"https:\/\/www.ondernemendvenlo.nl\/?s={search_term_string}\"},\"query-input\":{\"@type\":\"PropertyValueSpecification\",\"valueRequired\":true,\"valueName\":\"search_term_string\"}}],\"inLanguage\":\"fr-FR\"},{\"@type\":\"Organization\",\"@id\":\"https:\/\/www.ondernemendvenlo.nl\/#organization\",\"name\":\"Ondernemend Venlo\",\"url\":\"https:\/\/www.ondernemendvenlo.nl\/\",\"logo\":{\"@type\":\"ImageObject\",\"inLanguage\":\"fr-FR\",\"@id\":\"https:\/\/www.ondernemendvenlo.nl\/#\/schema\/logo\/image\/\",\"url\":\"https:\/\/www.ondernemendvenlo.nl\/wp-content\/uploads\/2025\/02\/Ondernemend-Venlo-logo-scaled.webp\",\"contentUrl\":\"https:\/\/www.ondernemendvenlo.nl\/wp-content\/uploads\/2025\/02\/Ondernemend-Venlo-logo-scaled.webp\",\"width\":2560,\"height\":1010,\"caption\":\"Ondernemend Venlo\"},\"image\":{\"@id\":\"https:\/\/www.ondernemendvenlo.nl\/#\/schema\/logo\/image\/\"},\"sameAs\":[\"https:\/\/www.linkedin.com\/company\/ondernemend-venlo\/\"]},{\"@type\":\"Person\",\"@id\":\"https:\/\/www.ondernemendvenlo.nl\/#\/schema\/person\/347e935f8ad4c7030608ef74bb57aa6e\",\"name\":\"admin\",\"image\":{\"@type\":\"ImageObject\",\"inLanguage\":\"fr-FR\",\"@id\":\"https:\/\/www.ondernemendvenlo.nl\/#\/schema\/person\/image\/\",\"url\":\"https:\/\/www.ondernemendvenlo.nl\/wp-content\/litespeed\/avatar\/720af750b037aecf6e33e12833479059.jpg?ver=1777382954\",\"contentUrl\":\"https:\/\/www.ondernemendvenlo.nl\/wp-content\/litespeed\/avatar\/720af750b037aecf6e33e12833479059.jpg?ver=1777382954\",\"caption\":\"admin\"},\"sameAs\":[\"https:\/\/www.ondernemendvenlo.nl\"]}]}<\/script>\n<!-- \/ Yoast SEO plugin. -->","yoast_head_json":{"title":"Viering 150 jaar Kloosterdorp Steyl - Ondernemend Venlo","robots":{"index":"index","follow":"follow","max-snippet":"max-snippet:-1","max-image-preview":"max-image-preview:large","max-video-preview":"max-video-preview:-1"},"canonical":"https:\/\/www.ondernemendvenlo.nl\/fr\/viering-150-jaar-kloosterdorp-steyl\/","og_locale":"fr_FR","og_type":"article","og_title":"Viering 150 jaar Kloosterdorp Steyl - Ondernemend Venlo","og_description":"\u2018Met respect voor het verleden\u00a0en een blik naar de toekomst\u2019 In 2025 viert Steyl haar 150-jarig bestaan als kloosterdorp.\u00a0Een\u00a0jubileumjaar vol met activiteiten waarbij alle facetten van het kloosterdorp op bijzondere wijze aandacht krijgen.\u00a0Dat\u00a0gebeurt met inzet van honderden vrijwilligers en stichting Steyl Inspireert. Voorzitter Hanno Lamers, secretaris Gerard Fokkens en wethouder Erwin Boom kijken vooruit naar [&hellip;]","og_url":"https:\/\/www.ondernemendvenlo.nl\/fr\/viering-150-jaar-kloosterdorp-steyl\/","og_site_name":"Ondernemend Venlo","article_published_time":"2024-04-07T17:14:21+00:00","article_modified_time":"2025-04-07T17:23:08+00:00","og_image":[{"width":1920,"height":1080,"url":"https:\/\/www.ondernemendvenlo.nl\/wp-content\/uploads\/2025\/04\/dsc2158BB_DorpSteyl_1920x1080.jpg","type":"image\/jpeg"}],"author":"admin","twitter_card":"summary_large_image","twitter_misc":{"\u00c9crit par":"admin","Dur\u00e9e de lecture estim\u00e9e":"6 minutes"},"schema":{"@context":"https:\/\/schema.org","@graph":[{"@type":"Article","@id":"https:\/\/www.ondernemendvenlo.nl\/viering-150-jaar-kloosterdorp-steyl\/#article","isPartOf":{"@id":"https:\/\/www.ondernemendvenlo.nl\/viering-150-jaar-kloosterdorp-steyl\/"},"author":{"name":"admin","@id":"https:\/\/www.ondernemendvenlo.nl\/#\/schema\/person\/347e935f8ad4c7030608ef74bb57aa6e"},"headline":"Viering 150 jaar Kloosterdorp Steyl","datePublished":"2024-04-07T17:14:21+00:00","dateModified":"2025-04-07T17:23:08+00:00","mainEntityOfPage":{"@id":"https:\/\/www.ondernemendvenlo.nl\/viering-150-jaar-kloosterdorp-steyl\/"},"wordCount":1150,"publisher":{"@id":"https:\/\/www.ondernemendvenlo.nl\/#organization"},"image":{"@id":"https:\/\/www.ondernemendvenlo.nl\/viering-150-jaar-kloosterdorp-steyl\/#primaryimage"},"thumbnailUrl":"https:\/\/www.ondernemendvenlo.nl\/wp-content\/uploads\/2025\/04\/dsc2158BB_DorpSteyl_1920x1080.jpg","articleSection":["Magazine Ondernemend Venlo"],"inLanguage":"fr-FR"},{"@type":"WebPage","@id":"https:\/\/www.ondernemendvenlo.nl\/viering-150-jaar-kloosterdorp-steyl\/","url":"https:\/\/www.ondernemendvenlo.nl\/viering-150-jaar-kloosterdorp-steyl\/","name":"Viering 150 jaar Kloosterdorp Steyl - Ondernemend Venlo","isPartOf":{"@id":"https:\/\/www.ondernemendvenlo.nl\/#website"},"primaryImageOfPage":{"@id":"https:\/\/www.ondernemendvenlo.nl\/viering-150-jaar-kloosterdorp-steyl\/#primaryimage"},"image":{"@id":"https:\/\/www.ondernemendvenlo.nl\/viering-150-jaar-kloosterdorp-steyl\/#primaryimage"},"thumbnailUrl":"https:\/\/www.ondernemendvenlo.nl\/wp-content\/uploads\/2025\/04\/dsc2158BB_DorpSteyl_1920x1080.jpg","datePublished":"2024-04-07T17:14:21+00:00","dateModified":"2025-04-07T17:23:08+00:00","breadcrumb":{"@id":"https:\/\/www.ondernemendvenlo.nl\/viering-150-jaar-kloosterdorp-steyl\/#breadcrumb"},"inLanguage":"fr-FR","potentialAction":[{"@type":"ReadAction","target":["https:\/\/www.ondernemendvenlo.nl\/viering-150-jaar-kloosterdorp-steyl\/"]}]},{"@type":"ImageObject","inLanguage":"fr-FR","@id":"https:\/\/www.ondernemendvenlo.nl\/viering-150-jaar-kloosterdorp-steyl\/#primaryimage","url":"https:\/\/www.ondernemendvenlo.nl\/wp-content\/uploads\/2025\/04\/dsc2158BB_DorpSteyl_1920x1080.jpg","contentUrl":"https:\/\/www.ondernemendvenlo.nl\/wp-content\/uploads\/2025\/04\/dsc2158BB_DorpSteyl_1920x1080.jpg","width":1920,"height":1080},{"@type":"BreadcrumbList","@id":"https:\/\/www.ondernemendvenlo.nl\/viering-150-jaar-kloosterdorp-steyl\/#breadcrumb","itemListElement":[{"@type":"ListItem","position":1,"name":"Ondernemend Venlo","item":"https:\/\/www.ondernemendvenlo.nl\/"},{"@type":"ListItem","position":2,"name":"Magazine Ondernemend Venlo","item":"https:\/\/www.ondernemendvenlo.nl\/categorie\/magazine\/"},{"@type":"ListItem","position":3,"name":"Viering 150 jaar Kloosterdorp Steyl"}]},{"@type":"WebSite","@id":"https:\/\/www.ondernemendvenlo.nl\/#website","url":"https:\/\/www.ondernemendvenlo.nl\/","name":"Venlo entrepreneurial","description":"Travailler ensemble avec succ\u00e8s","publisher":{"@id":"https:\/\/www.ondernemendvenlo.nl\/#organization"},"potentialAction":[{"@type":"SearchAction","target":{"@type":"EntryPoint","urlTemplate":"https:\/\/www.ondernemendvenlo.nl\/?s={search_term_string}"},"query-input":{"@type":"PropertyValueSpecification","valueRequired":true,"valueName":"search_term_string"}}],"inLanguage":"fr-FR"},{"@type":"Organization","@id":"https:\/\/www.ondernemendvenlo.nl\/#organization","name":"Venlo entrepreneurial","url":"https:\/\/www.ondernemendvenlo.nl\/","logo":{"@type":"ImageObject","inLanguage":"fr-FR","@id":"https:\/\/www.ondernemendvenlo.nl\/#\/schema\/logo\/image\/","url":"https:\/\/www.ondernemendvenlo.nl\/wp-content\/uploads\/2025\/02\/Ondernemend-Venlo-logo-scaled.webp","contentUrl":"https:\/\/www.ondernemendvenlo.nl\/wp-content\/uploads\/2025\/02\/Ondernemend-Venlo-logo-scaled.webp","width":2560,"height":1010,"caption":"Ondernemend Venlo"},"image":{"@id":"https:\/\/www.ondernemendvenlo.nl\/#\/schema\/logo\/image\/"},"sameAs":["https:\/\/www.linkedin.com\/company\/ondernemend-venlo\/"]},{"@type":"Person","@id":"https:\/\/www.ondernemendvenlo.nl\/#\/schema\/person\/347e935f8ad4c7030608ef74bb57aa6e","name":"admin","image":{"@type":"ImageObject","inLanguage":"fr-FR","@id":"https:\/\/www.ondernemendvenlo.nl\/#\/schema\/person\/image\/","url":"https:\/\/www.ondernemendvenlo.nl\/wp-content\/litespeed\/avatar\/720af750b037aecf6e33e12833479059.jpg?ver=1777382954","contentUrl":"https:\/\/www.ondernemendvenlo.nl\/wp-content\/litespeed\/avatar\/720af750b037aecf6e33e12833479059.jpg?ver=1777382954","caption":"admin"},"sameAs":["https:\/\/www.ondernemendvenlo.nl"]}]}},"_links":{"self":[{"href":"https:\/\/www.ondernemendvenlo.nl\/fr\/wp-json\/wp\/v2\/posts\/3455","targetHints":{"allow":["GET"]}}],"collection":[{"href":"https:\/\/www.ondernemendvenlo.nl\/fr\/wp-json\/wp\/v2\/posts"}],"about":[{"href":"https:\/\/www.ondernemendvenlo.nl\/fr\/wp-json\/wp\/v2\/types\/post"}],"author":[{"embeddable":true,"href":"https:\/\/www.ondernemendvenlo.nl\/fr\/wp-json\/wp\/v2\/users\/1"}],"replies":[{"embeddable":true,"href":"https:\/\/www.ondernemendvenlo.nl\/fr\/wp-json\/wp\/v2\/comments?post=3455"}],"version-history":[{"count":0,"href":"https:\/\/www.ondernemendvenlo.nl\/fr\/wp-json\/wp\/v2\/posts\/3455\/revisions"}],"wp:featuredmedia":[{"embeddable":true,"href":"https:\/\/www.ondernemendvenlo.nl\/fr\/wp-json\/wp\/v2\/media\/3456"}],"wp:attachment":[{"href":"https:\/\/www.ondernemendvenlo.nl\/fr\/wp-json\/wp\/v2\/media?parent=3455"}],"wp:term":[{"taxonomy":"category","embeddable":true,"href":"https:\/\/www.ondernemendvenlo.nl\/fr\/wp-json\/wp\/v2\/categories?post=3455"},{"taxonomy":"post_tag","embeddable":true,"href":"https:\/\/www.ondernemendvenlo.nl\/fr\/wp-json\/wp\/v2\/tags?post=3455"}],"curies":[{"name":"wp","href":"https:\/\/api.w.org\/{rel}","templated":true}]}}