{"id":3470,"date":"2024-04-07T19:14:32","date_gmt":"2024-04-07T17:14:32","guid":{"rendered":"https:\/\/www.ondernemendvenlo.nl\/rob-ewalds-winnaar-lvdg-prijs-en-emiel-zeevenhoven-wint-de-talent-award-2024\/"},"modified":"2025-04-07T19:22:50","modified_gmt":"2025-04-07T17:22:50","slug":"rob-ewalds-winnaar-lvdg-prijs-en-emiel-zeevenhoven-wint-de-talent-award-2024","status":"publish","type":"post","link":"https:\/\/www.ondernemendvenlo.nl\/fr\/rob-ewalds-winnaar-lvdg-prijs-en-emiel-zeevenhoven-wint-de-talent-award-2024\/","title":{"rendered":"Rob Ewalds : laur\u00e9at du prix LvdG et Emiel Zeevenhoven remporte le prix Talent 2024"},"content":{"rendered":"<div id=\"_idContainer062\" class=\"_idGenObjectStyleOverride-1\">\n<p class=\"Intro-zwart ParaOverride-4\"><strong>Lors d'une soir\u00e9e festive au Maaspoort, Rob Ewalds (Gaston Schul) a \u00e9t\u00e9 d\u00e9clar\u00e9 laur\u00e9at du Prix Lodewijk van der Grinten 2024. <span class=\"afbreken-einde-zin\">Le <\/span>Le prix du talent a \u00e9t\u00e9 d\u00e9cern\u00e9 cette ann\u00e9e \u00e0 Emiel Zeevenhoven.<\/strong><\/p>\n<\/div>\n<div id=\"_idContainer063\" class=\"Basistekstkader\">\n<p class=\"Platte-tekst\">La remise du prix Lodewijk van der Grinten est devenue un \u00e9v\u00e9nement majeur au sein de la communaut\u00e9 entrepreneuriale de la municipalit\u00e9 de Venlo. <span class=\"afbreken-einde-zin\">A <\/span>o\u00f9 les entrepreneurs et les jeunes professionnels se voient offrir une sc\u00e8ne et o\u00f9 la communaut\u00e9 d'affaires, les administrateurs et les autres parties prenantes de la r\u00e9gion se rencontrent. <span class=\"afbreken-einde-zin\">Le <\/span>Le prix Lodewijk van der Grinten souligne l'importance d'un esprit d'entreprise qui n'est pas seulement couronn\u00e9 de succ\u00e8s, mais qui apporte \u00e9galement une contribution innovante et inspirante \u00e0 la r\u00e9gion de Venlo.<\/p>\n<p class=\"Tussenkopje ParaOverride-2\"><strong>Prix Lodewijk van der Grinten<br \/>\n<\/strong>Cette ann\u00e9e, les trois entrepreneurs nomin\u00e9s \u00e9taient : Rob Beurskens (Maashof), Fred Spijksma (GEBA Trans), Rob Ewalds (Gaston Schul). Au cours des pr\u00e9sentations des candidats, des visites d'entreprises et d'un d\u00e9bat, les membres du jury ont eu un aper\u00e7u unique de l'approche et de la vision des candidats. <span class=\"afbreken-einde-zin\">Rob <\/span>Ewalds a r\u00e9ussi \u00e0 impressionner de la mani\u00e8re la plus convaincante avec ses id\u00e9es et ses strat\u00e9gies innovantes.<\/p>\n<p class=\"Tussenkopje ParaOverride-2\"><strong>Une soir\u00e9e inspirante<br \/>\n<\/strong>La pr\u00e9sentatrice Vivian Lataster, d\u00e9sormais un visage familier du prix Lodewijk van der Grinten, a guid\u00e9 le public \u00e0 travers un programme vari\u00e9 et inspirant. <span class=\"afbreken-einde-zin\">Le <\/span>La soir\u00e9e a commenc\u00e9 par des pr\u00e9sentations des talents nomin\u00e9s, apr\u00e8s quoi le public a aid\u00e9 \u00e0 d\u00e9terminer le gagnant final de ces talents par le biais d'un vote num\u00e9rique. <span class=\"afbreken-einde-zin\">Le <\/span>Le programme a \u00e9t\u00e9 visuellement enrichi par d'impressionnants spectacles laser, des pr\u00e9sentations vid\u00e9o et des interviews, avec l'accompagnement musical de Scarcity. <span class=\"afbreken-einde-zin\">Le <\/span>Le point culminant de la soir\u00e9e a \u00e9t\u00e9 la remise du prestigieux prix de l'entrepreneur par le maire de Venlo, M. Scholten.<\/p>\n<blockquote><p><span class=\"CharOverride-16\">Un leader visionnaire et d\u00e9cisif qui a r\u00e9alis\u00e9 une transformation impressionnante au sein de son entreprise.<\/span><\/p><\/blockquote>\n<p class=\"Platte-tekst\">L'\u0153uvre d'art du laur\u00e9at, une cr\u00e9ation de l'artiste renomm\u00e9e Suzanne Berkers, bas\u00e9e \u00e0 Venlo, est un souvenir durable de cette reconnaissance sp\u00e9ciale. En outre, les deux laur\u00e9ats ont re\u00e7u un bon d'\u00e9tudes de l'universit\u00e9 UMIO de Maastricht pour les encourager \u00e0 poursuivre leur d\u00e9veloppement personnel et professionnel.<\/p>\n<p class=\"Tussenkopje ParaOverride-2\"><strong>Gagnant Rob Ewalds<br \/>\n<\/strong>Extrait du rapport du jury : \"L'entrepreneur en question s'est r\u00e9v\u00e9l\u00e9 \u00eatre un leader visionnaire et d\u00e9cisif, qui a r\u00e9alis\u00e9 une transformation impressionnante au sein de son entreprise. <span class=\"afbreken-einde-zin\">A <\/span>Son point fort est sa capacit\u00e9 \u00e0 rendre un secteur apparemment \"ennuyeux\" attrayant et pertinent. <span class=\"afbreken-einde-zin\">Avec <\/span>Gr\u00e2ce \u00e0 une perspective nouvelle et \u00e0 des investissements strat\u00e9giques dans l'IA et la num\u00e9risation, entre autres, il parvient \u00e0 positionner son entreprise de mani\u00e8re distinctive.<\/p>\n<p class=\"Platte-tekst\">Le th\u00e8me \"Repenser\" est le fil conducteur de son histoire : de la r\u00e9ponse cr\u00e9ative \u00e0 l'impact du Brexit \u00e0 l'\u00e9laboration de nouvelles strat\u00e9gies qui aident ses clients \u00e0 prendre une longueur d'avance.<\/p>\n<p class=\"Tussenkopje ParaOverride-2\"><strong>Le prix du talent d\u00e9cern\u00e9 \u00e0 Emiel Zeevenhoven<br \/>\n<\/strong>Cette ann\u00e9e, Emiel Zeevenhoven (IJsco Fantastico), Joni Sloesen (Restaurant Sober et Wijndomein Zavel) et Saar Gansner (Kloosterbrouwerij Steijl) ont concouru pour le Talent Award, qui r\u00e9compense le meilleur jeune professionnel de moins de 35 ans de la municipalit\u00e9 de Venlo.<\/p>\n<blockquote><p>Son d\u00e9vouement, son ambition et son sens aigu des affaires ont fait de lui un mod\u00e8le d'ind\u00e9pendant.<\/p><\/blockquote>\n<p class=\"Platte-tekst\">La course s'est d\u00e9roul\u00e9e au coude \u00e0 coude, mais c'est le vote du public qui a finalement d\u00e9sign\u00e9 le vainqueur : Emiel Zeevenhoven.<\/p>\n<p class=\"Platte-tekst\">Extrait du rapport du jury : \"Ce jeune entrepreneur est une figure \u00e9tablie dans son domaine et a connu une trajectoire impressionnante depuis qu'il a cr\u00e9\u00e9 son entreprise \u00e0 l'\u00e2ge de 18 ans. Aujourd'hui, 14 ans plus tard, il dispose d'une entreprise solide et prosp\u00e8re qu'il a enti\u00e8rement b\u00e2tie avec ses propres ressources. Son d\u00e9vouement, son ambition et son sens aigu des affaires ont fait de lui un mod\u00e8le de travail ind\u00e9pendant\".<\/p>\n<p class=\"Tussenkopje ParaOverride-2\"><strong>Partenaires et sponsors<br \/>\n<\/strong>Au cours des derni\u00e8res ann\u00e9es, la Fondation du Prix Lodewijk van der Grinten a d\u00e9velopp\u00e9 un r\u00e9seau pr\u00e9cieux compos\u00e9 d'un grand nombre de partenaires, de fondateurs et de sponsors. Gr\u00e2ce \u00e0 cette coop\u00e9ration intensive et au large soutien de la communaut\u00e9 des affaires de Venlo, la fondation est en mesure d'organiser chaque ann\u00e9e une soir\u00e9e professionnelle et inspirante.<\/p>\n<p class=\"Platte-tekst\">Le prix est une initiative de la Fondation du prix Lodewijk van der Grinten, \u00e0 laquelle collaborent LLTB, MKB Noord-Limburg, Ondernemend Venlo et la municipalit\u00e9 de Venlo. Le prix porte le nom de Lodewijk van der Grinten (1831 - 1895), fondateur de l'ancienne soci\u00e9t\u00e9 Oc\u00e9, aujourd'hui Canon Production Printing. <span class=\"afbreken-einde-zin\">Le pr\u00e9sent <\/span>est devenue l'une des principales forces \u00e9conomiques de Venlo.<\/p>\n<p class=\"Tussenkopje ParaOverride-2\"><a href=\"http:\/\/www.lvdgprijs.nl\"><strong>www.lvdgprijs.nl<\/strong><\/a><img decoding=\"async\" class=\"_idGenObjectAttribute-1\" src=\"OVenlo_nr4_2024_Binnenwerk-web-resources\/image\/BB20241212_dsc_7713.jpg\" alt=\"\" \/><\/p>\n<p><em>Photographie : Bram Becks<\/em><\/p>\n<\/div>","protected":false},"excerpt":{"rendered":"<p>Tijdens een feestelijke avond in de Maaspoort werd Rob Ewalds (Gaston Schul) uitgeroepen als winnaar van de Lodewijk van der Grinten Prijs 2024. De Talent Award ging dit jaar naar Emiel Zeevenhoven. De uitreiking van de Lodewijk van der Grinten Prijs is uitgegroeid tot een toonaangevend evenement binnen de ondernemersgemeenschap van gemeente Venlo. Een evenement [&hellip;]<\/p>","protected":false},"author":1,"featured_media":3249,"comment_status":"closed","ping_status":"closed","sticky":false,"template":"","format":"standard","meta":{"_acf_changed":false,"footnotes":""},"categories":[21],"tags":[],"class_list":["post-3470","post","type-post","status-publish","format-standard","has-post-thumbnail","hentry","category-magazine"],"acf":[],"yoast_head":"<!-- This site is optimized with the Yoast SEO plugin v26.3 - https:\/\/yoast.com\/wordpress\/plugins\/seo\/ -->\n<title>Rob Ewalds: winnaar LvdG Prijs en Emiel Zeevenhoven wint de Talent Award 2024 - Ondernemend Venlo<\/title>\n<meta name=\"robots\" content=\"index, follow, max-snippet:-1, max-image-preview:large, max-video-preview:-1\" \/>\n<link rel=\"canonical\" href=\"https:\/\/www.ondernemendvenlo.nl\/fr\/rob-ewalds-winnaar-lvdg-prijs-en-emiel-zeevenhoven-wint-de-talent-award-2024\/\" \/>\n<meta property=\"og:locale\" content=\"fr_FR\" \/>\n<meta property=\"og:type\" content=\"article\" \/>\n<meta property=\"og:title\" content=\"Rob Ewalds: winnaar LvdG Prijs en Emiel Zeevenhoven wint de Talent Award 2024 - Ondernemend Venlo\" \/>\n<meta property=\"og:description\" content=\"Tijdens een feestelijke avond in de Maaspoort werd Rob Ewalds (Gaston Schul) uitgeroepen als winnaar van de Lodewijk van der Grinten Prijs 2024. De Talent Award ging dit jaar naar Emiel Zeevenhoven. De uitreiking van de Lodewijk van der Grinten Prijs is uitgegroeid tot een toonaangevend evenement binnen de ondernemersgemeenschap van gemeente Venlo. Een evenement [&hellip;]\" \/>\n<meta property=\"og:url\" content=\"https:\/\/www.ondernemendvenlo.nl\/fr\/rob-ewalds-winnaar-lvdg-prijs-en-emiel-zeevenhoven-wint-de-talent-award-2024\/\" \/>\n<meta property=\"og:site_name\" content=\"Ondernemend Venlo\" \/>\n<meta property=\"article:published_time\" content=\"2024-04-07T17:14:32+00:00\" \/>\n<meta property=\"article:modified_time\" content=\"2025-04-07T17:22:50+00:00\" \/>\n<meta property=\"og:image\" content=\"https:\/\/www.ondernemendvenlo.nl\/wp-content\/uploads\/2025\/04\/Winnaars_LvdGPrijs_2024.jpg\" \/>\n\t<meta property=\"og:image:width\" content=\"1920\" \/>\n\t<meta property=\"og:image:height\" content=\"1080\" \/>\n\t<meta property=\"og:image:type\" content=\"image\/jpeg\" \/>\n<meta name=\"author\" content=\"admin\" \/>\n<meta name=\"twitter:card\" content=\"summary_large_image\" \/>\n<meta name=\"twitter:label1\" content=\"\u00c9crit par\" \/>\n\t<meta name=\"twitter:data1\" content=\"admin\" \/>\n\t<meta name=\"twitter:label2\" content=\"Dur\u00e9e de lecture estim\u00e9e\" \/>\n\t<meta name=\"twitter:data2\" content=\"3 minutes\" \/>\n<script type=\"application\/ld+json\" class=\"yoast-schema-graph\">{\"@context\":\"https:\/\/schema.org\",\"@graph\":[{\"@type\":\"Article\",\"@id\":\"https:\/\/www.ondernemendvenlo.nl\/rob-ewalds-winnaar-lvdg-prijs-en-emiel-zeevenhoven-wint-de-talent-award-2024\/#article\",\"isPartOf\":{\"@id\":\"https:\/\/www.ondernemendvenlo.nl\/rob-ewalds-winnaar-lvdg-prijs-en-emiel-zeevenhoven-wint-de-talent-award-2024\/\"},\"author\":{\"name\":\"admin\",\"@id\":\"https:\/\/www.ondernemendvenlo.nl\/#\/schema\/person\/347e935f8ad4c7030608ef74bb57aa6e\"},\"headline\":\"Rob Ewalds: winnaar LvdG Prijs en Emiel Zeevenhoven wint de Talent Award 2024\",\"datePublished\":\"2024-04-07T17:14:32+00:00\",\"dateModified\":\"2025-04-07T17:22:50+00:00\",\"mainEntityOfPage\":{\"@id\":\"https:\/\/www.ondernemendvenlo.nl\/rob-ewalds-winnaar-lvdg-prijs-en-emiel-zeevenhoven-wint-de-talent-award-2024\/\"},\"wordCount\":674,\"publisher\":{\"@id\":\"https:\/\/www.ondernemendvenlo.nl\/#organization\"},\"image\":{\"@id\":\"https:\/\/www.ondernemendvenlo.nl\/rob-ewalds-winnaar-lvdg-prijs-en-emiel-zeevenhoven-wint-de-talent-award-2024\/#primaryimage\"},\"thumbnailUrl\":\"https:\/\/www.ondernemendvenlo.nl\/wp-content\/uploads\/2025\/04\/Winnaars_LvdGPrijs_2024.jpg\",\"articleSection\":[\"Magazine Ondernemend Venlo\"],\"inLanguage\":\"fr-FR\"},{\"@type\":\"WebPage\",\"@id\":\"https:\/\/www.ondernemendvenlo.nl\/rob-ewalds-winnaar-lvdg-prijs-en-emiel-zeevenhoven-wint-de-talent-award-2024\/\",\"url\":\"https:\/\/www.ondernemendvenlo.nl\/rob-ewalds-winnaar-lvdg-prijs-en-emiel-zeevenhoven-wint-de-talent-award-2024\/\",\"name\":\"Rob Ewalds: winnaar LvdG Prijs en Emiel Zeevenhoven wint de Talent Award 2024 - Ondernemend Venlo\",\"isPartOf\":{\"@id\":\"https:\/\/www.ondernemendvenlo.nl\/#website\"},\"primaryImageOfPage\":{\"@id\":\"https:\/\/www.ondernemendvenlo.nl\/rob-ewalds-winnaar-lvdg-prijs-en-emiel-zeevenhoven-wint-de-talent-award-2024\/#primaryimage\"},\"image\":{\"@id\":\"https:\/\/www.ondernemendvenlo.nl\/rob-ewalds-winnaar-lvdg-prijs-en-emiel-zeevenhoven-wint-de-talent-award-2024\/#primaryimage\"},\"thumbnailUrl\":\"https:\/\/www.ondernemendvenlo.nl\/wp-content\/uploads\/2025\/04\/Winnaars_LvdGPrijs_2024.jpg\",\"datePublished\":\"2024-04-07T17:14:32+00:00\",\"dateModified\":\"2025-04-07T17:22:50+00:00\",\"breadcrumb\":{\"@id\":\"https:\/\/www.ondernemendvenlo.nl\/rob-ewalds-winnaar-lvdg-prijs-en-emiel-zeevenhoven-wint-de-talent-award-2024\/#breadcrumb\"},\"inLanguage\":\"fr-FR\",\"potentialAction\":[{\"@type\":\"ReadAction\",\"target\":[\"https:\/\/www.ondernemendvenlo.nl\/rob-ewalds-winnaar-lvdg-prijs-en-emiel-zeevenhoven-wint-de-talent-award-2024\/\"]}]},{\"@type\":\"ImageObject\",\"inLanguage\":\"fr-FR\",\"@id\":\"https:\/\/www.ondernemendvenlo.nl\/rob-ewalds-winnaar-lvdg-prijs-en-emiel-zeevenhoven-wint-de-talent-award-2024\/#primaryimage\",\"url\":\"https:\/\/www.ondernemendvenlo.nl\/wp-content\/uploads\/2025\/04\/Winnaars_LvdGPrijs_2024.jpg\",\"contentUrl\":\"https:\/\/www.ondernemendvenlo.nl\/wp-content\/uploads\/2025\/04\/Winnaars_LvdGPrijs_2024.jpg\",\"width\":1920,\"height\":1080},{\"@type\":\"BreadcrumbList\",\"@id\":\"https:\/\/www.ondernemendvenlo.nl\/rob-ewalds-winnaar-lvdg-prijs-en-emiel-zeevenhoven-wint-de-talent-award-2024\/#breadcrumb\",\"itemListElement\":[{\"@type\":\"ListItem\",\"position\":1,\"name\":\"Ondernemend Venlo\",\"item\":\"https:\/\/www.ondernemendvenlo.nl\/\"},{\"@type\":\"ListItem\",\"position\":2,\"name\":\"Magazine Ondernemend Venlo\",\"item\":\"https:\/\/www.ondernemendvenlo.nl\/categorie\/magazine\/\"},{\"@type\":\"ListItem\",\"position\":3,\"name\":\"Rob Ewalds: winnaar LvdG Prijs en Emiel Zeevenhoven wint de Talent Award 2024\"}]},{\"@type\":\"WebSite\",\"@id\":\"https:\/\/www.ondernemendvenlo.nl\/#website\",\"url\":\"https:\/\/www.ondernemendvenlo.nl\/\",\"name\":\"Ondernemend Venlo\",\"description\":\"Samen succesvol ondernemen\",\"publisher\":{\"@id\":\"https:\/\/www.ondernemendvenlo.nl\/#organization\"},\"potentialAction\":[{\"@type\":\"SearchAction\",\"target\":{\"@type\":\"EntryPoint\",\"urlTemplate\":\"https:\/\/www.ondernemendvenlo.nl\/?s={search_term_string}\"},\"query-input\":{\"@type\":\"PropertyValueSpecification\",\"valueRequired\":true,\"valueName\":\"search_term_string\"}}],\"inLanguage\":\"fr-FR\"},{\"@type\":\"Organization\",\"@id\":\"https:\/\/www.ondernemendvenlo.nl\/#organization\",\"name\":\"Ondernemend Venlo\",\"url\":\"https:\/\/www.ondernemendvenlo.nl\/\",\"logo\":{\"@type\":\"ImageObject\",\"inLanguage\":\"fr-FR\",\"@id\":\"https:\/\/www.ondernemendvenlo.nl\/#\/schema\/logo\/image\/\",\"url\":\"https:\/\/www.ondernemendvenlo.nl\/wp-content\/uploads\/2025\/02\/Ondernemend-Venlo-logo-scaled.webp\",\"contentUrl\":\"https:\/\/www.ondernemendvenlo.nl\/wp-content\/uploads\/2025\/02\/Ondernemend-Venlo-logo-scaled.webp\",\"width\":2560,\"height\":1010,\"caption\":\"Ondernemend Venlo\"},\"image\":{\"@id\":\"https:\/\/www.ondernemendvenlo.nl\/#\/schema\/logo\/image\/\"},\"sameAs\":[\"https:\/\/www.linkedin.com\/company\/ondernemend-venlo\/\"]},{\"@type\":\"Person\",\"@id\":\"https:\/\/www.ondernemendvenlo.nl\/#\/schema\/person\/347e935f8ad4c7030608ef74bb57aa6e\",\"name\":\"admin\",\"image\":{\"@type\":\"ImageObject\",\"inLanguage\":\"fr-FR\",\"@id\":\"https:\/\/www.ondernemendvenlo.nl\/#\/schema\/person\/image\/\",\"url\":\"https:\/\/www.ondernemendvenlo.nl\/wp-content\/litespeed\/avatar\/720af750b037aecf6e33e12833479059.jpg?ver=1777382954\",\"contentUrl\":\"https:\/\/www.ondernemendvenlo.nl\/wp-content\/litespeed\/avatar\/720af750b037aecf6e33e12833479059.jpg?ver=1777382954\",\"caption\":\"admin\"},\"sameAs\":[\"https:\/\/www.ondernemendvenlo.nl\"]}]}<\/script>\n<!-- \/ Yoast SEO plugin. -->","yoast_head_json":{"title":"Rob Ewalds: winnaar LvdG Prijs en Emiel Zeevenhoven wint de Talent Award 2024 - Ondernemend Venlo","robots":{"index":"index","follow":"follow","max-snippet":"max-snippet:-1","max-image-preview":"max-image-preview:large","max-video-preview":"max-video-preview:-1"},"canonical":"https:\/\/www.ondernemendvenlo.nl\/fr\/rob-ewalds-winnaar-lvdg-prijs-en-emiel-zeevenhoven-wint-de-talent-award-2024\/","og_locale":"fr_FR","og_type":"article","og_title":"Rob Ewalds: winnaar LvdG Prijs en Emiel Zeevenhoven wint de Talent Award 2024 - Ondernemend Venlo","og_description":"Tijdens een feestelijke avond in de Maaspoort werd Rob Ewalds (Gaston Schul) uitgeroepen als winnaar van de Lodewijk van der Grinten Prijs 2024. De Talent Award ging dit jaar naar Emiel Zeevenhoven. De uitreiking van de Lodewijk van der Grinten Prijs is uitgegroeid tot een toonaangevend evenement binnen de ondernemersgemeenschap van gemeente Venlo. Een evenement [&hellip;]","og_url":"https:\/\/www.ondernemendvenlo.nl\/fr\/rob-ewalds-winnaar-lvdg-prijs-en-emiel-zeevenhoven-wint-de-talent-award-2024\/","og_site_name":"Ondernemend Venlo","article_published_time":"2024-04-07T17:14:32+00:00","article_modified_time":"2025-04-07T17:22:50+00:00","og_image":[{"width":1920,"height":1080,"url":"https:\/\/www.ondernemendvenlo.nl\/wp-content\/uploads\/2025\/04\/Winnaars_LvdGPrijs_2024.jpg","type":"image\/jpeg"}],"author":"admin","twitter_card":"summary_large_image","twitter_misc":{"\u00c9crit par":"admin","Dur\u00e9e de lecture estim\u00e9e":"3 minutes"},"schema":{"@context":"https:\/\/schema.org","@graph":[{"@type":"Article","@id":"https:\/\/www.ondernemendvenlo.nl\/rob-ewalds-winnaar-lvdg-prijs-en-emiel-zeevenhoven-wint-de-talent-award-2024\/#article","isPartOf":{"@id":"https:\/\/www.ondernemendvenlo.nl\/rob-ewalds-winnaar-lvdg-prijs-en-emiel-zeevenhoven-wint-de-talent-award-2024\/"},"author":{"name":"admin","@id":"https:\/\/www.ondernemendvenlo.nl\/#\/schema\/person\/347e935f8ad4c7030608ef74bb57aa6e"},"headline":"Rob Ewalds: winnaar LvdG Prijs en Emiel Zeevenhoven wint de Talent Award 2024","datePublished":"2024-04-07T17:14:32+00:00","dateModified":"2025-04-07T17:22:50+00:00","mainEntityOfPage":{"@id":"https:\/\/www.ondernemendvenlo.nl\/rob-ewalds-winnaar-lvdg-prijs-en-emiel-zeevenhoven-wint-de-talent-award-2024\/"},"wordCount":674,"publisher":{"@id":"https:\/\/www.ondernemendvenlo.nl\/#organization"},"image":{"@id":"https:\/\/www.ondernemendvenlo.nl\/rob-ewalds-winnaar-lvdg-prijs-en-emiel-zeevenhoven-wint-de-talent-award-2024\/#primaryimage"},"thumbnailUrl":"https:\/\/www.ondernemendvenlo.nl\/wp-content\/uploads\/2025\/04\/Winnaars_LvdGPrijs_2024.jpg","articleSection":["Magazine Ondernemend Venlo"],"inLanguage":"fr-FR"},{"@type":"WebPage","@id":"https:\/\/www.ondernemendvenlo.nl\/rob-ewalds-winnaar-lvdg-prijs-en-emiel-zeevenhoven-wint-de-talent-award-2024\/","url":"https:\/\/www.ondernemendvenlo.nl\/rob-ewalds-winnaar-lvdg-prijs-en-emiel-zeevenhoven-wint-de-talent-award-2024\/","name":"Rob Ewalds: winnaar LvdG Prijs en Emiel Zeevenhoven wint de Talent Award 2024 - Ondernemend Venlo","isPartOf":{"@id":"https:\/\/www.ondernemendvenlo.nl\/#website"},"primaryImageOfPage":{"@id":"https:\/\/www.ondernemendvenlo.nl\/rob-ewalds-winnaar-lvdg-prijs-en-emiel-zeevenhoven-wint-de-talent-award-2024\/#primaryimage"},"image":{"@id":"https:\/\/www.ondernemendvenlo.nl\/rob-ewalds-winnaar-lvdg-prijs-en-emiel-zeevenhoven-wint-de-talent-award-2024\/#primaryimage"},"thumbnailUrl":"https:\/\/www.ondernemendvenlo.nl\/wp-content\/uploads\/2025\/04\/Winnaars_LvdGPrijs_2024.jpg","datePublished":"2024-04-07T17:14:32+00:00","dateModified":"2025-04-07T17:22:50+00:00","breadcrumb":{"@id":"https:\/\/www.ondernemendvenlo.nl\/rob-ewalds-winnaar-lvdg-prijs-en-emiel-zeevenhoven-wint-de-talent-award-2024\/#breadcrumb"},"inLanguage":"fr-FR","potentialAction":[{"@type":"ReadAction","target":["https:\/\/www.ondernemendvenlo.nl\/rob-ewalds-winnaar-lvdg-prijs-en-emiel-zeevenhoven-wint-de-talent-award-2024\/"]}]},{"@type":"ImageObject","inLanguage":"fr-FR","@id":"https:\/\/www.ondernemendvenlo.nl\/rob-ewalds-winnaar-lvdg-prijs-en-emiel-zeevenhoven-wint-de-talent-award-2024\/#primaryimage","url":"https:\/\/www.ondernemendvenlo.nl\/wp-content\/uploads\/2025\/04\/Winnaars_LvdGPrijs_2024.jpg","contentUrl":"https:\/\/www.ondernemendvenlo.nl\/wp-content\/uploads\/2025\/04\/Winnaars_LvdGPrijs_2024.jpg","width":1920,"height":1080},{"@type":"BreadcrumbList","@id":"https:\/\/www.ondernemendvenlo.nl\/rob-ewalds-winnaar-lvdg-prijs-en-emiel-zeevenhoven-wint-de-talent-award-2024\/#breadcrumb","itemListElement":[{"@type":"ListItem","position":1,"name":"Ondernemend Venlo","item":"https:\/\/www.ondernemendvenlo.nl\/"},{"@type":"ListItem","position":2,"name":"Magazine Ondernemend Venlo","item":"https:\/\/www.ondernemendvenlo.nl\/categorie\/magazine\/"},{"@type":"ListItem","position":3,"name":"Rob Ewalds: winnaar LvdG Prijs en Emiel Zeevenhoven wint de Talent Award 2024"}]},{"@type":"WebSite","@id":"https:\/\/www.ondernemendvenlo.nl\/#website","url":"https:\/\/www.ondernemendvenlo.nl\/","name":"Venlo entrepreneurial","description":"Travailler ensemble avec succ\u00e8s","publisher":{"@id":"https:\/\/www.ondernemendvenlo.nl\/#organization"},"potentialAction":[{"@type":"SearchAction","target":{"@type":"EntryPoint","urlTemplate":"https:\/\/www.ondernemendvenlo.nl\/?s={search_term_string}"},"query-input":{"@type":"PropertyValueSpecification","valueRequired":true,"valueName":"search_term_string"}}],"inLanguage":"fr-FR"},{"@type":"Organization","@id":"https:\/\/www.ondernemendvenlo.nl\/#organization","name":"Venlo entrepreneurial","url":"https:\/\/www.ondernemendvenlo.nl\/","logo":{"@type":"ImageObject","inLanguage":"fr-FR","@id":"https:\/\/www.ondernemendvenlo.nl\/#\/schema\/logo\/image\/","url":"https:\/\/www.ondernemendvenlo.nl\/wp-content\/uploads\/2025\/02\/Ondernemend-Venlo-logo-scaled.webp","contentUrl":"https:\/\/www.ondernemendvenlo.nl\/wp-content\/uploads\/2025\/02\/Ondernemend-Venlo-logo-scaled.webp","width":2560,"height":1010,"caption":"Ondernemend Venlo"},"image":{"@id":"https:\/\/www.ondernemendvenlo.nl\/#\/schema\/logo\/image\/"},"sameAs":["https:\/\/www.linkedin.com\/company\/ondernemend-venlo\/"]},{"@type":"Person","@id":"https:\/\/www.ondernemendvenlo.nl\/#\/schema\/person\/347e935f8ad4c7030608ef74bb57aa6e","name":"admin","image":{"@type":"ImageObject","inLanguage":"fr-FR","@id":"https:\/\/www.ondernemendvenlo.nl\/#\/schema\/person\/image\/","url":"https:\/\/www.ondernemendvenlo.nl\/wp-content\/litespeed\/avatar\/720af750b037aecf6e33e12833479059.jpg?ver=1777382954","contentUrl":"https:\/\/www.ondernemendvenlo.nl\/wp-content\/litespeed\/avatar\/720af750b037aecf6e33e12833479059.jpg?ver=1777382954","caption":"admin"},"sameAs":["https:\/\/www.ondernemendvenlo.nl"]}]}},"_links":{"self":[{"href":"https:\/\/www.ondernemendvenlo.nl\/fr\/wp-json\/wp\/v2\/posts\/3470","targetHints":{"allow":["GET"]}}],"collection":[{"href":"https:\/\/www.ondernemendvenlo.nl\/fr\/wp-json\/wp\/v2\/posts"}],"about":[{"href":"https:\/\/www.ondernemendvenlo.nl\/fr\/wp-json\/wp\/v2\/types\/post"}],"author":[{"embeddable":true,"href":"https:\/\/www.ondernemendvenlo.nl\/fr\/wp-json\/wp\/v2\/users\/1"}],"replies":[{"embeddable":true,"href":"https:\/\/www.ondernemendvenlo.nl\/fr\/wp-json\/wp\/v2\/comments?post=3470"}],"version-history":[{"count":0,"href":"https:\/\/www.ondernemendvenlo.nl\/fr\/wp-json\/wp\/v2\/posts\/3470\/revisions"}],"wp:featuredmedia":[{"embeddable":true,"href":"https:\/\/www.ondernemendvenlo.nl\/fr\/wp-json\/wp\/v2\/media\/3249"}],"wp:attachment":[{"href":"https:\/\/www.ondernemendvenlo.nl\/fr\/wp-json\/wp\/v2\/media?parent=3470"}],"wp:term":[{"taxonomy":"category","embeddable":true,"href":"https:\/\/www.ondernemendvenlo.nl\/fr\/wp-json\/wp\/v2\/categories?post=3470"},{"taxonomy":"post_tag","embeddable":true,"href":"https:\/\/www.ondernemendvenlo.nl\/fr\/wp-json\/wp\/v2\/tags?post=3470"}],"curies":[{"name":"wp","href":"https:\/\/api.w.org\/{rel}","templated":true}]}}